{"id":331908,"date":"2024-08-09T13:51:42","date_gmt":"2024-08-09T18:51:42","guid":{"rendered":"https:\/\/www.medellin.gov.co\/es\/?p=331908"},"modified":"2024-08-09T13:58:26","modified_gmt":"2024-08-09T18:58:26","slug":"atencion-a-los-cierres-de-vias-en-santa-elena-para-este-fin-de-semana-por-eventos-de-la-feria-de-las-flores","status":"publish","type":"post","link":"https:\/\/www.medellin.gov.co\/es\/sala-de-prensa\/noticias\/atencion-a-los-cierres-de-vias-en-santa-elena-para-este-fin-de-semana-por-eventos-de-la-feria-de-las-flores\/","title":{"rendered":"Atenci\u00f3n a los cierres de v\u00edas en Santa Elena para este fin de semana por eventos de la Feria de las Flores"},"content":{"rendered":"<div class=\"page\" title=\"Page 1\">\n<div class=\"section\">\n<div class=\"layoutArea\">\n<div class=\"column\">\n<!--[if lt IE 9]><script>document.createElement('audio');<\/script><![endif]-->\n\t<div class=\"wp-playlist wp-audio-playlist wp-playlist-light\">\n\t\t\t<div class=\"wp-playlist-current-item\"><\/div>\n\t\t<audio controls=\"controls\" preload=\"none\" width=\"640\"\n\t\t\t><\/audio>\n\t<div class=\"wp-playlist-next\"><\/div>\n\t<div class=\"wp-playlist-prev\"><\/div>\n\t<noscript>\n\t<ol>\n\t\t<li><a href='https:\/\/www.medellin.gov.co\/es\/wp-content\/uploads\/2024\/08\/Cierres-viales-santa-elena-feria-de-las-flores-01.mp3'>Palabras de Mateo Gonz\u00e1lez Ben\u00edtez, secretario de Movilidad<\/a><\/li>\t<\/ol>\n\t<\/noscript>\n\t<script type=\"application\/json\" class=\"wp-playlist-script\">{\"type\":\"audio\",\"tracklist\":true,\"tracknumbers\":true,\"images\":true,\"artists\":true,\"tracks\":[{\"src\":\"https:\\\/\\\/www.medellin.gov.co\\\/es\\\/wp-content\\\/uploads\\\/2024\\\/08\\\/Cierres-viales-santa-elena-feria-de-las-flores-01.mp3\",\"type\":\"audio\\\/mpeg\",\"title\":\"Palabras de Mateo Gonz\\u00e1lez Ben\\u00edtez, secretario de Movilidad\",\"caption\":\"\",\"description\":\"\\u00abPalabras de Mateo Gonz\\u00e1lez Ben\\u00edtez, secretario de Movilidad\\u00bb.\",\"meta\":{\"length_formatted\":\"1:52\"},\"image\":{\"src\":\"https:\\\/\\\/www.medellin.gov.co\\\/es\\\/wp-includes\\\/images\\\/media\\\/audio.png\",\"width\":48,\"height\":64},\"thumb\":{\"src\":\"https:\\\/\\\/www.medellin.gov.co\\\/es\\\/wp-includes\\\/images\\\/media\\\/audio.png\",\"width\":48,\"height\":64}}]}<\/script>\n<\/div>\n\t\n<p>En el prea\u0301mbulo del Desfile de Silleteros y para la Noche Silletera, las vi\u0301as en el corregimiento Santa Elena tendra\u0301n cierres a partir de este sa\u0301bado 10 de agosto, desde las 12:00 del mediodi\u0301a y hasta las 9:00 a. m. del domingo 11.<\/p>\n<div id=\"attachment_331915\" style=\"width: 710px\" class=\"wp-caption alignnone\"><a href=\"https:\/\/www.medellin.gov.co\/es\/wp-content\/uploads\/2024\/08\/Cierres-viales-santa-elena-feria-de-las-flores-2.jpg\" target=\"_blank\" rel=\"noopener\"><img aria-describedby=\"caption-attachment-331915\" loading=\"lazy\" class=\"wp-image-331915\" title=\"Atenci\u00f3n a los cierres de v\u00edas en Santa Elena para este fin de semana por eventos de la Feria de las Flores\" src=\"https:\/\/www.medellin.gov.co\/es\/wp-content\/uploads\/2024\/08\/Cierres-viales-santa-elena-feria-de-las-flores-2.jpg\" alt=\"Atenci\u00f3n a los cierres de v\u00edas en Santa Elena para este fin de semana por eventos de la Feria de las Flores\" width=\"700\" height=\"1244\" srcset=\"https:\/\/www.medellin.gov.co\/es\/wp-content\/uploads\/2024\/08\/Cierres-viales-santa-elena-feria-de-las-flores-2.jpg 900w, https:\/\/www.medellin.gov.co\/es\/wp-content\/uploads\/2024\/08\/Cierres-viales-santa-elena-feria-de-las-flores-2-169x300.jpg 169w, https:\/\/www.medellin.gov.co\/es\/wp-content\/uploads\/2024\/08\/Cierres-viales-santa-elena-feria-de-las-flores-2-576x1024.jpg 576w, https:\/\/www.medellin.gov.co\/es\/wp-content\/uploads\/2024\/08\/Cierres-viales-santa-elena-feria-de-las-flores-2-84x150.jpg 84w, https:\/\/www.medellin.gov.co\/es\/wp-content\/uploads\/2024\/08\/Cierres-viales-santa-elena-feria-de-las-flores-2-768x1365.jpg 768w, https:\/\/www.medellin.gov.co\/es\/wp-content\/uploads\/2024\/08\/Cierres-viales-santa-elena-feria-de-las-flores-2-864x1536.jpg 864w\" sizes=\"(max-width: 700px) 100vw, 700px\" \/><\/a><p id=\"caption-attachment-331915\" class=\"wp-caption-text\">Atenci\u00f3n a los cierres de v\u00edas en Santa Elena para este fin de semana por eventos de la Feria de las Flores &#8211; Foto alcaldia de Medell\u00edn<\/p><\/div>\n<p>En este horario solamente podra\u0301n ingresar los vehi\u0301culos autorizados como las chivas tradicionales, vehi\u0301culos de transporte especial y medios de comunicacio\u0301n.<\/p>\n<p>En cuanto a los residentes, desde la Alcaldi\u0301a de Medelli\u0301n se expidio\u0301 un permiso para que puedan circular durante La Noche Silletera y para el tra\u0301nsito en los eventos programados en el corregimiento.<\/p>\n<div id=\"attachment_331910\" style=\"width: 710px\" class=\"wp-caption alignnone\"><a href=\"https:\/\/www.medellin.gov.co\/es\/wp-content\/uploads\/2024\/08\/Cierres-viales-santa-elena-feria-de-las-flores-1.jpg\" target=\"_blank\" rel=\"noopener\"><img aria-describedby=\"caption-attachment-331910\" loading=\"lazy\" class=\"wp-image-331910\" title=\"Atenci\u00f3n a los cierres de v\u00edas en Santa Elena para este fin de semana por eventos de la Feria de las Flores\" src=\"https:\/\/www.medellin.gov.co\/es\/wp-content\/uploads\/2024\/08\/Cierres-viales-santa-elena-feria-de-las-flores-1.jpg\" alt=\"Atenci\u00f3n a los cierres de v\u00edas en Santa Elena para este fin de semana por eventos de la Feria de las Flores\" width=\"700\" height=\"1244\" srcset=\"https:\/\/www.medellin.gov.co\/es\/wp-content\/uploads\/2024\/08\/Cierres-viales-santa-elena-feria-de-las-flores-1.jpg 900w, https:\/\/www.medellin.gov.co\/es\/wp-content\/uploads\/2024\/08\/Cierres-viales-santa-elena-feria-de-las-flores-1-169x300.jpg 169w, https:\/\/www.medellin.gov.co\/es\/wp-content\/uploads\/2024\/08\/Cierres-viales-santa-elena-feria-de-las-flores-1-576x1024.jpg 576w, https:\/\/www.medellin.gov.co\/es\/wp-content\/uploads\/2024\/08\/Cierres-viales-santa-elena-feria-de-las-flores-1-84x150.jpg 84w, https:\/\/www.medellin.gov.co\/es\/wp-content\/uploads\/2024\/08\/Cierres-viales-santa-elena-feria-de-las-flores-1-768x1365.jpg 768w, https:\/\/www.medellin.gov.co\/es\/wp-content\/uploads\/2024\/08\/Cierres-viales-santa-elena-feria-de-las-flores-1-864x1536.jpg 864w\" sizes=\"(max-width: 700px) 100vw, 700px\" \/><\/a><p id=\"caption-attachment-331910\" class=\"wp-caption-text\">Atenci\u00f3n a los cierres de v\u00edas en Santa Elena para este fin de semana por eventos de la Feria de las Flores &#8211; Foto alcaldia de Medell\u00edn<\/p><\/div>\n<p>El parqueo tambie\u0301n tendra\u0301 restricciones en zonas aledan\u0303as, pues solo se contara\u0301 con dos puntos autorizados: la estacio\u0301n de gasolina y el parqueadero Los Grajales. Sin embargo, se recomienda a los visitantes llegar en transporte pu\u0301blico, el cual tendra\u0301 horarios especiales en los principales eventos.<\/p>\n<div id=\"attachment_331918\" style=\"width: 710px\" class=\"wp-caption alignnone\"><a href=\"https:\/\/www.medellin.gov.co\/es\/wp-content\/uploads\/2024\/08\/Cierres-viales-santa-elena-feria-de-las-flores-3.jpg\" target=\"_blank\" rel=\"noopener\"><img aria-describedby=\"caption-attachment-331918\" loading=\"lazy\" class=\"wp-image-331918\" title=\"Atenci\u00f3n a los cierres de v\u00edas en Santa Elena para este fin de semana por eventos de la Feria de las Flores\" src=\"https:\/\/www.medellin.gov.co\/es\/wp-content\/uploads\/2024\/08\/Cierres-viales-santa-elena-feria-de-las-flores-3.jpg\" alt=\"Atenci\u00f3n a los cierres de v\u00edas en Santa Elena para este fin de semana por eventos de la Feria de las Flores\" width=\"700\" height=\"1244\" srcset=\"https:\/\/www.medellin.gov.co\/es\/wp-content\/uploads\/2024\/08\/Cierres-viales-santa-elena-feria-de-las-flores-3.jpg 900w, https:\/\/www.medellin.gov.co\/es\/wp-content\/uploads\/2024\/08\/Cierres-viales-santa-elena-feria-de-las-flores-3-169x300.jpg 169w, https:\/\/www.medellin.gov.co\/es\/wp-content\/uploads\/2024\/08\/Cierres-viales-santa-elena-feria-de-las-flores-3-576x1024.jpg 576w, https:\/\/www.medellin.gov.co\/es\/wp-content\/uploads\/2024\/08\/Cierres-viales-santa-elena-feria-de-las-flores-3-84x150.jpg 84w, https:\/\/www.medellin.gov.co\/es\/wp-content\/uploads\/2024\/08\/Cierres-viales-santa-elena-feria-de-las-flores-3-768x1365.jpg 768w, https:\/\/www.medellin.gov.co\/es\/wp-content\/uploads\/2024\/08\/Cierres-viales-santa-elena-feria-de-las-flores-3-864x1536.jpg 864w\" sizes=\"(max-width: 700px) 100vw, 700px\" \/><\/a><p id=\"caption-attachment-331918\" class=\"wp-caption-text\">Atenci\u00f3n a los cierres de v\u00edas en Santa Elena para este fin de semana por eventos de la Feria de las Flores &#8211; Foto alcaldia de Medell\u00edn<\/p><\/div>\n<p>Se recuerda que para llegar a Santa Elena esta\u0301 la li\u0301nea K del metrocable que conecta con el Parque Arvi\u0301, adema\u0301s de las rutas de buses, las que se pueden abordar en el Centro de Medelli\u0301n, sobre la carrera 42 entre las calles 50 y 51, desde las 5:00 a. m. y hasta las 10:30 p. m.<\/p>\n<\/div>\n<\/div>\n<\/div>\n<\/div>\n","protected":false},"excerpt":{"rendered":"<p>En el prea\u0301mbulo del Desfile de Silleteros y para la Noche Silletera, las vi\u0301as en el corregimiento Santa Elena tendra\u0301n cierres a partir de este sa\u0301bado 10 de agosto, desde las 12:00 del mediodi\u0301a y &#8230;<\/p>\n","protected":false},"author":84,"featured_media":226403,"comment_status":"open","ping_status":"open","sticky":false,"template":"","format":"standard","meta":[],"categories":[14],"tags":[634,429,447],"formato_nota":[],"programas_tax":[],"acf":[],"_links":{"self":[{"href":"https:\/\/www.medellin.gov.co\/es\/wp-json\/wp\/v2\/posts\/331908"}],"collection":[{"href":"https:\/\/www.medellin.gov.co\/es\/wp-json\/wp\/v2\/posts"}],"about":[{"href":"https:\/\/www.medellin.gov.co\/es\/wp-json\/wp\/v2\/types\/post"}],"author":[{"embeddable":true,"href":"https:\/\/www.medellin.gov.co\/es\/wp-json\/wp\/v2\/users\/84"}],"replies":[{"embeddable":true,"href":"https:\/\/www.medellin.gov.co\/es\/wp-json\/wp\/v2\/comments?post=331908"}],"version-history":[{"count":2,"href":"https:\/\/www.medellin.gov.co\/es\/wp-json\/wp\/v2\/posts\/331908\/revisions"}],"predecessor-version":[{"id":331923,"href":"https:\/\/www.medellin.gov.co\/es\/wp-json\/wp\/v2\/posts\/331908\/revisions\/331923"}],"wp:featuredmedia":[{"embeddable":true,"href":"https:\/\/www.medellin.gov.co\/es\/wp-json\/wp\/v2\/media\/226403"}],"wp:attachment":[{"href":"https:\/\/www.medellin.gov.co\/es\/wp-json\/wp\/v2\/media?parent=331908"}],"wp:term":[{"taxonomy":"category","embeddable":true,"href":"https:\/\/www.medellin.gov.co\/es\/wp-json\/wp\/v2\/categories?post=331908"},{"taxonomy":"post_tag","embeddable":true,"href":"https:\/\/www.medellin.gov.co\/es\/wp-json\/wp\/v2\/tags?post=331908"},{"taxonomy":"formato_nota","embeddable":true,"href":"https:\/\/www.medellin.gov.co\/es\/wp-json\/wp\/v2\/formato_nota?post=331908"},{"taxonomy":"programas_tax","embeddable":true,"href":"https:\/\/www.medellin.gov.co\/es\/wp-json\/wp\/v2\/programas_tax?post=331908"}],"curies":[{"name":"wp","href":"https:\/\/api.w.org\/{rel}","templated":true}]}}