{"id":332749,"date":"2024-08-12T14:12:37","date_gmt":"2024-08-12T19:12:37","guid":{"rendered":"https:\/\/www.medellin.gov.co\/es\/?p=332749"},"modified":"2024-09-14T13:22:36","modified_gmt":"2024-09-14T18:22:36","slug":"la-mision-de-verificacion-de-la-onu-reconocio-avances-del-distrito-en-favor-de-la-justicia-restaurativa","status":"publish","type":"post","link":"https:\/\/www.medellin.gov.co\/es\/sala-de-prensa\/noticias\/la-mision-de-verificacion-de-la-onu-reconocio-avances-del-distrito-en-favor-de-la-justicia-restaurativa\/","title":{"rendered":"La Misi\u00f3n de Verificaci\u00f3n de la ONU reconoci\u00f3 avances del Distrito en favor de la justicia restaurativa"},"content":{"rendered":"<div class=\"page\" title=\"Page 1\">\n<div class=\"layoutArea\">\n<div class=\"column\">\n<!--[if lt IE 9]><script>document.createElement('audio');<\/script><![endif]-->\n\t<div class=\"wp-playlist wp-audio-playlist wp-playlist-light\">\n\t\t\t<div class=\"wp-playlist-current-item\"><\/div>\n\t\t<audio controls=\"controls\" preload=\"none\" width=\"640\"\n\t\t\t><\/audio>\n\t<div class=\"wp-playlist-next\"><\/div>\n\t<div class=\"wp-playlist-prev\"><\/div>\n\t<noscript>\n\t<ol>\n\t\t<li><a href='https:\/\/www.medellin.gov.co\/es\/wp-content\/uploads\/2024\/08\/Mision-de-verificacion-ONU-Reconoce-justicia-reparativa-01.mp3'>Palabras de Richard Clarke, jefe adjunto de la Oficina Regional Misi\u00f3n ONU<\/a><\/li><li><a href='https:\/\/www.medellin.gov.co\/es\/wp-content\/uploads\/2024\/08\/Mision-de-verificacion-ONU-Reconoce-justicia-reparativa-02.mp3'>Palabras de Carlos Alberto Arcila Valencia, secretario de Paz y Derechos Humanos<\/a><\/li>\t<\/ol>\n\t<\/noscript>\n\t<script type=\"application\/json\" class=\"wp-playlist-script\">{\"type\":\"audio\",\"tracklist\":true,\"tracknumbers\":true,\"images\":true,\"artists\":true,\"tracks\":[{\"src\":\"https:\\\/\\\/www.medellin.gov.co\\\/es\\\/wp-content\\\/uploads\\\/2024\\\/08\\\/Mision-de-verificacion-ONU-Reconoce-justicia-reparativa-01.mp3\",\"type\":\"audio\\\/mpeg\",\"title\":\"Palabras de Richard Clarke, jefe adjunto de la Oficina Regional Misi\\u00f3n ONU\",\"caption\":\"\",\"description\":\"\\u00abPalabras de Richard Clarke, jefe adjunto de la Oficina Regional Misi\\u00f3n ONU\\u00bb.\",\"meta\":{\"length_formatted\":\"0:24\"},\"image\":{\"src\":\"https:\\\/\\\/www.medellin.gov.co\\\/es\\\/wp-includes\\\/images\\\/media\\\/audio.png\",\"width\":48,\"height\":64},\"thumb\":{\"src\":\"https:\\\/\\\/www.medellin.gov.co\\\/es\\\/wp-includes\\\/images\\\/media\\\/audio.png\",\"width\":48,\"height\":64}},{\"src\":\"https:\\\/\\\/www.medellin.gov.co\\\/es\\\/wp-content\\\/uploads\\\/2024\\\/08\\\/Mision-de-verificacion-ONU-Reconoce-justicia-reparativa-02.mp3\",\"type\":\"audio\\\/mpeg\",\"title\":\"Palabras de Carlos Alberto Arcila Valencia, secretario de Paz y Derechos Humanos\",\"caption\":\"\",\"description\":\"\\u00abPalabras de Carlos Alberto Arcila Valencia, secretario de Paz y Derechos Humanos\\u00bb.\",\"meta\":{\"year\":\"2024\",\"length_formatted\":\"0:54\"},\"image\":{\"src\":\"https:\\\/\\\/www.medellin.gov.co\\\/es\\\/wp-includes\\\/images\\\/media\\\/audio.png\",\"width\":48,\"height\":64},\"thumb\":{\"src\":\"https:\\\/\\\/www.medellin.gov.co\\\/es\\\/wp-includes\\\/images\\\/media\\\/audio.png\",\"width\":48,\"height\":64}}]}<\/script>\n<\/div>\n\t\n<p>La Alcaldi\u0301a de Medelli\u0301n recibio\u0301 reconocimiento por parte de la Misio\u0301n de Verificacio\u0301n de la ONU por su labor en pro de la justicia restaurativa. Tambie\u0301n, se resalto\u0301 la tarea de la Gobernacio\u0301n de Antioquia y de la Jurisdiccio\u0301n Especial para la Paz (JEP). La ONU destaco\u0301 la importancia de las entidades gubernamentales en los procesos de reconciliacio\u0301n.<\/p>\n<div id=\"attachment_332750\" style=\"width: 1210px\" class=\"wp-caption alignnone\"><a href=\"https:\/\/www.medellin.gov.co\/es\/wp-content\/uploads\/2024\/08\/Mision-de-verificacion-ONU-Reconoce-justicia-reparativa-1.jpg\" target=\"_blank\" rel=\"noopener\"><img aria-describedby=\"caption-attachment-332750\" loading=\"lazy\" class=\"wp-image-332750 size-full\" title=\"La Misi\u00f3n de Verificaci\u00f3n de la ONU reconoci\u00f3 avances del Distrito en favor de la justicia restaurativa\" src=\"https:\/\/www.medellin.gov.co\/es\/wp-content\/uploads\/2024\/08\/Mision-de-verificacion-ONU-Reconoce-justicia-reparativa-1.jpg\" alt=\"La Misi\u00f3n de Verificaci\u00f3n de la ONU reconoci\u00f3 avances del Distrito en favor de la justicia restaurativa\" width=\"1200\" height=\"802\" srcset=\"https:\/\/www.medellin.gov.co\/es\/wp-content\/uploads\/2024\/08\/Mision-de-verificacion-ONU-Reconoce-justicia-reparativa-1.jpg 1200w, https:\/\/www.medellin.gov.co\/es\/wp-content\/uploads\/2024\/08\/Mision-de-verificacion-ONU-Reconoce-justicia-reparativa-1-300x201.jpg 300w, https:\/\/www.medellin.gov.co\/es\/wp-content\/uploads\/2024\/08\/Mision-de-verificacion-ONU-Reconoce-justicia-reparativa-1-1024x684.jpg 1024w, https:\/\/www.medellin.gov.co\/es\/wp-content\/uploads\/2024\/08\/Mision-de-verificacion-ONU-Reconoce-justicia-reparativa-1-150x100.jpg 150w, https:\/\/www.medellin.gov.co\/es\/wp-content\/uploads\/2024\/08\/Mision-de-verificacion-ONU-Reconoce-justicia-reparativa-1-768x513.jpg 768w\" sizes=\"(max-width: 1200px) 100vw, 1200px\" \/><\/a><p id=\"caption-attachment-332750\" class=\"wp-caption-text\">La Misi\u00f3n de Verificaci\u00f3n de la ONU reconoci\u00f3 avances del Distrito en favor de la justicia restaurativa &#8211; Foto alcaldia de Medell\u00edn<\/p><\/div>\n<p>El jefe adjunto de la Oficina Regional Misio\u0301n ONU, Richard Clarke, dijo: \u201c<em>En el u\u0301ltimo informe trimestral de la Secretari\u0301a General sobre la situacio\u0301n en Colombia, destaca particularmente la alianza en colaboracio\u0301n entre la Alcaldi\u0301a de Medelli\u0301n, la Gobernacio\u0301n de Antioquia y la JEP a favor de la implementacio\u0301n de las medidas de la Justicia Especial para la Paz, incluyendo las medidas cautelares en La Escombrera<\/em>\u201d.<\/p>\n<div id=\"attachment_332759\" style=\"width: 1210px\" class=\"wp-caption alignnone\"><a href=\"https:\/\/www.medellin.gov.co\/es\/wp-content\/uploads\/2024\/08\/Mision-de-verificacion-ONU-Reconoce-justicia-reparativa-4.jpg\" target=\"_blank\" rel=\"noopener\"><img aria-describedby=\"caption-attachment-332759\" loading=\"lazy\" class=\"wp-image-332759 size-full\" title=\"La Misi\u00f3n de Verificaci\u00f3n de la ONU reconoci\u00f3 avances del Distrito en favor de la justicia restaurativa\" src=\"https:\/\/www.medellin.gov.co\/es\/wp-content\/uploads\/2024\/08\/Mision-de-verificacion-ONU-Reconoce-justicia-reparativa-4.jpg\" alt=\"La Misi\u00f3n de Verificaci\u00f3n de la ONU reconoci\u00f3 avances del Distrito en favor de la justicia restaurativa\" width=\"1200\" height=\"799\" srcset=\"https:\/\/www.medellin.gov.co\/es\/wp-content\/uploads\/2024\/08\/Mision-de-verificacion-ONU-Reconoce-justicia-reparativa-4.jpg 1200w, https:\/\/www.medellin.gov.co\/es\/wp-content\/uploads\/2024\/08\/Mision-de-verificacion-ONU-Reconoce-justicia-reparativa-4-300x200.jpg 300w, https:\/\/www.medellin.gov.co\/es\/wp-content\/uploads\/2024\/08\/Mision-de-verificacion-ONU-Reconoce-justicia-reparativa-4-1024x682.jpg 1024w, https:\/\/www.medellin.gov.co\/es\/wp-content\/uploads\/2024\/08\/Mision-de-verificacion-ONU-Reconoce-justicia-reparativa-4-150x100.jpg 150w, https:\/\/www.medellin.gov.co\/es\/wp-content\/uploads\/2024\/08\/Mision-de-verificacion-ONU-Reconoce-justicia-reparativa-4-768x511.jpg 768w\" sizes=\"(max-width: 1200px) 100vw, 1200px\" \/><\/a><p id=\"caption-attachment-332759\" class=\"wp-caption-text\">La Misi\u00f3n de Verificaci\u00f3n de la ONU reconoci\u00f3 avances del Distrito en favor de la justicia restaurativa &#8211; Foto alcaldia de Medell\u00edn<\/p><\/div>\n<p>En el acuerdo firmado el 20 de marzo de 2024, el Distrito se comprometio\u0301 a realizar acciones reparadoras y acompan\u0303amiento integral a las vi\u0301ctimas, pospenados y reincorporados. Entre estas se destaca el esclarecimiento de la verdad, la memoria y la reparacio\u0301n.<\/p>\n<p>El secretario de Paz y Derechos Humanos, Carlos Alberto Arcila Valencia, manifesto\u0301: \u201c<em>Es trascendental que el Consejo de Seguridad, que sesiona en Nueva York, haga seguimiento a estos procesos y resalte la importancia de este acuerdo de voluntad firmado por el alcalde Federico Gutie\u0301rrez, el gobernador de Antioquia y la Jurisdiccio\u0301n Especial para la Paz. Gracias a todos por este reconocimiento tan importante. La paz se construye entre todos<\/em>\u201d.<\/p>\n<\/div>\n<\/div>\n<\/div>\n","protected":false},"excerpt":{"rendered":"<p>La Alcaldi\u0301a de Medelli\u0301n recibio\u0301 reconocimiento por parte de la Misio\u0301n de Verificacio\u0301n de la ONU por su labor en pro de la justicia restaurativa. Tambie\u0301n, se resalto\u0301 la tarea de la Gobernacio\u0301n de Antioquia &#8230;<\/p>\n","protected":false},"author":84,"featured_media":332756,"comment_status":"open","ping_status":"open","sticky":false,"template":"","format":"standard","meta":[],"categories":[701],"tags":[437,455],"formato_nota":[],"programas_tax":[],"acf":[],"_links":{"self":[{"href":"https:\/\/www.medellin.gov.co\/es\/wp-json\/wp\/v2\/posts\/332749"}],"collection":[{"href":"https:\/\/www.medellin.gov.co\/es\/wp-json\/wp\/v2\/posts"}],"about":[{"href":"https:\/\/www.medellin.gov.co\/es\/wp-json\/wp\/v2\/types\/post"}],"author":[{"embeddable":true,"href":"https:\/\/www.medellin.gov.co\/es\/wp-json\/wp\/v2\/users\/84"}],"replies":[{"embeddable":true,"href":"https:\/\/www.medellin.gov.co\/es\/wp-json\/wp\/v2\/comments?post=332749"}],"version-history":[{"count":2,"href":"https:\/\/www.medellin.gov.co\/es\/wp-json\/wp\/v2\/posts\/332749\/revisions"}],"predecessor-version":[{"id":332792,"href":"https:\/\/www.medellin.gov.co\/es\/wp-json\/wp\/v2\/posts\/332749\/revisions\/332792"}],"wp:featuredmedia":[{"embeddable":true,"href":"https:\/\/www.medellin.gov.co\/es\/wp-json\/wp\/v2\/media\/332756"}],"wp:attachment":[{"href":"https:\/\/www.medellin.gov.co\/es\/wp-json\/wp\/v2\/media?parent=332749"}],"wp:term":[{"taxonomy":"category","embeddable":true,"href":"https:\/\/www.medellin.gov.co\/es\/wp-json\/wp\/v2\/categories?post=332749"},{"taxonomy":"post_tag","embeddable":true,"href":"https:\/\/www.medellin.gov.co\/es\/wp-json\/wp\/v2\/tags?post=332749"},{"taxonomy":"formato_nota","embeddable":true,"href":"https:\/\/www.medellin.gov.co\/es\/wp-json\/wp\/v2\/formato_nota?post=332749"},{"taxonomy":"programas_tax","embeddable":true,"href":"https:\/\/www.medellin.gov.co\/es\/wp-json\/wp\/v2\/programas_tax?post=332749"}],"curies":[{"name":"wp","href":"https:\/\/api.w.org\/{rel}","templated":true}]}}