{"id":332780,"date":"2024-08-12T14:27:48","date_gmt":"2024-08-12T19:27:48","guid":{"rendered":"https:\/\/www.medellin.gov.co\/es\/?p=332780"},"modified":"2024-08-12T22:27:56","modified_gmt":"2024-08-13T03:27:56","slug":"como-y-quienes-pueden-acceder-en-medellin-al-programa-minimo-vital-de-agua-potable","status":"publish","type":"post","link":"https:\/\/www.medellin.gov.co\/es\/sala-de-prensa\/noticias\/como-y-quienes-pueden-acceder-en-medellin-al-programa-minimo-vital-de-agua-potable\/","title":{"rendered":"\u00bfC\u00f3mo y qui\u00e9nes pueden acceder en Medell\u00edn al programa M\u00ednimo Vital de Agua Potable?"},"content":{"rendered":"<blockquote><p><em>El agua, m\u00e1s que un l\u00edquido vital, es una cuesti\u00f3n de derechos. La <a href=\"https:\/\/www.medellin.gov.co\/\" target=\"_blank\" rel=\"noopener\">Alcald\u00eda de Medell\u00edn<\/a>, en su apuesta por mejorar la calidad de vida de las familias m\u00e1s vulnerables, implement\u00f3 desde el 2009 el programa <a href=\"https:\/\/www.medellin.gov.co\/irj\/go\/km\/docs\/pccdesign\/medellin\/Temas\/AtencionCiudadana\/Preguntasfrecuentes\/Shared%20Content\/Documentos\/Preguntas%20Frecuentes%20Secretar%C3%ADa%20de%20Gesti%C3%B3n%20y%20Control%20Territorial.pdf\" target=\"_blank\" rel=\"noopener\">M\u00ednimo Vital de Agua Potable<\/a> para que m\u00e1s familias de la ciudad tengan acceso a este servicio.<\/em><\/p><\/blockquote>\n<p>Abrir una llave y poderse duchar, lavarse las manos o tomar un vaso de agua en cualquier momento son acciones cotidianas que se convierten en un privilegio de muchos, pero tambi\u00e9n en una gran privaci\u00f3n para un porcentaje de la poblaci\u00f3n en el mundo.<\/p>\n<p>2200 millones de personas carecen de acceso a servicios de agua potable gestionados de forma segura. Unas mejores condiciones de agua, saneamiento e higiene podr\u00edan evitar unas 400 000 muertes al a\u00f1o por enfermedades diarreicas entre ni\u00f1os menores de cinco a\u00f1os, seg\u00fan datos de la <a href=\"https:\/\/www.who.int\/es\" target=\"_blank\" rel=\"noopener\">Organizaci\u00f3n Mundial de la Salud (OMS)<\/a> y <a href=\"https:\/\/www.googleadservices.com\/pagead\/aclk?sa=L&amp;ai=DChcSEwjXz4ilkfCHAxV3o1oFHW_7KgYYABAAGgJ2dQ&amp;co=1&amp;ase=2&amp;gclid=Cj0KCQjw5ea1BhC6ARIsAEOG5pwYi80SsKG_otUou2ghzI8QrFk6DxAwm6cXxwILfSOTEyfoRz1KOKQaAkHNEALw_wcB&amp;ohost=www.google.com&amp;cid=CAESV-D29oJ9RbRaMalW5X2VbXaSQbfXaiq1lS8Ad3sqDOgJlyO0RyphCfaX9zlEtYJKsbH6VsOxQNN5x6B-BGmSfYGBc67mXq2UCokBrAymMNMCXnbW-PJJXQ&amp;sig=AOD64_2uKxPSwSwsbOPs3pY_bDtKpJfOcQ&amp;q&amp;nis=4&amp;adurl&amp;ved=2ahUKEwiht4OlkfCHAxXuRTABHQ7bEScQ0Qx6BAgIEAE\" target=\"_blank\" rel=\"noopener\">UNICEF<\/a> 2023.<\/p>\n<p><a href=\"https:\/\/www.medellin.gov.co\/es\/wp-content\/uploads\/2022\/03\/20210420-Minimo-vital-2.jpg\" target=\"_blank\" rel=\"noopener\"><img loading=\"lazy\" class=\"alignnone wp-image-60272 size-full\" src=\"https:\/\/www.medellin.gov.co\/es\/wp-content\/uploads\/2022\/03\/20210420-Minimo-vital-2.jpg\" alt=\"\" width=\"1000\" height=\"450\" srcset=\"https:\/\/www.medellin.gov.co\/es\/wp-content\/uploads\/2022\/03\/20210420-Minimo-vital-2.jpg 1000w, https:\/\/www.medellin.gov.co\/es\/wp-content\/uploads\/2022\/03\/20210420-Minimo-vital-2-300x135.jpg 300w, https:\/\/www.medellin.gov.co\/es\/wp-content\/uploads\/2022\/03\/20210420-Minimo-vital-2-150x68.jpg 150w, https:\/\/www.medellin.gov.co\/es\/wp-content\/uploads\/2022\/03\/20210420-Minimo-vital-2-768x346.jpg 768w\" sizes=\"(max-width: 1000px) 100vw, 1000px\" \/><\/a><\/p>\n<p><strong>El programa <a href=\"https:\/\/www.medellin.gov.co\/irj\/go\/km\/docs\/pccdesign\/medellin\/Temas\/AtencionCiudadana\/Preguntasfrecuentes\/Shared%20Content\/Documentos\/Preguntas%20Frecuentes%20Secretar%C3%ADa%20de%20Gesti%C3%B3n%20y%20Control%20Territorial.pdf\" target=\"_blank\" rel=\"noopener\">M\u00ednimo Vital de Agua Potable<\/a><\/strong><\/p>\n<p>El agua, adem\u00e1s de ser un l\u00edquido vital, es una cuesti\u00f3n de derechos. La <a href=\"https:\/\/www.medellin.gov.co\/\" target=\"_blank\" rel=\"noopener\">Alcald\u00eda de Medell\u00edn<\/a>, fiel al principio de trabajar para garantizar la calidad de vida de la ciudadan\u00eda, en abril del a\u00f1o 2009 implement\u00f3 el programa <a href=\"https:\/\/www.medellin.gov.co\/irj\/go\/km\/docs\/pccdesign\/medellin\/Temas\/AtencionCiudadana\/Preguntasfrecuentes\/Shared%20Content\/Documentos\/Preguntas%20Frecuentes%20Secretar%C3%ADa%20de%20Gesti%C3%B3n%20y%20Control%20Territorial.pdf\" target=\"_blank\" rel=\"noopener\">M\u00ednimo Vital de Agua Potable<\/a>, una iniciativa que auspicia determinados metros c\u00fabicos de agua por ciudadano en cada hogar, que tuvo su primera aplicaci\u00f3n en 7179 hogares de la ciudad y que este a\u00f1o cumpli\u00f3 15 a\u00f1os con 54 513 familias beneficiadas (cifra con corte al 30 de abril).<\/p>\n<p>La mejor forma de celebrar los tres lustros de vigencia del programa es darlo a conocer para que las personas comprendan la importancia, sus beneficios y c\u00f3mo acceder a \u00e9l. Hablamos con Diana Yulieth L\u00f3pez Quirama, <strong>(D.Y.L.Q.<\/strong>) coordinadora de Operaci\u00f3n y Equipo del programa <a href=\"https:\/\/www.medellin.gov.co\/irj\/go\/km\/docs\/pccdesign\/medellin\/Temas\/AtencionCiudadana\/Preguntasfrecuentes\/Shared%20Content\/Documentos\/Preguntas%20Frecuentes%20Secretar%C3%ADa%20de%20Gesti%C3%B3n%20y%20Control%20Territorial.pdf\" target=\"_blank\" rel=\"noopener\">M\u00ednimo Vital de Agua Potable<\/a> quien nos dio la informaci\u00f3n detallada al respecto.<\/p>\n<blockquote><p>Te puede interesar:\u00a0<a href=\"https:\/\/www.medellin.gov.co\/es\/sala-de-prensa\/noticias\/salia-el-chorro-bendito-sea-dios\/\" target=\"_blank\" rel=\"noopener\">Sal\u00eda el chorro \u00a1Bendito sea Dios!<\/a><\/p><\/blockquote>\n<div id=\"attachment_332787\" style=\"width: 1034px\" class=\"wp-caption alignnone\"><a href=\"https:\/\/www.medellin.gov.co\/es\/wp-content\/uploads\/2024\/08\/Yuliet_Lopez.jpg\" target=\"_blank\" rel=\"noopener\"><img aria-describedby=\"caption-attachment-332787\" loading=\"lazy\" class=\"wp-image-332787 size-large\" src=\"https:\/\/www.medellin.gov.co\/es\/wp-content\/uploads\/2024\/08\/Yuliet_Lopez-1024x680.jpg\" alt=\"\" width=\"1024\" height=\"680\" srcset=\"https:\/\/www.medellin.gov.co\/es\/wp-content\/uploads\/2024\/08\/Yuliet_Lopez-1024x680.jpg 1024w, https:\/\/www.medellin.gov.co\/es\/wp-content\/uploads\/2024\/08\/Yuliet_Lopez-300x199.jpg 300w, https:\/\/www.medellin.gov.co\/es\/wp-content\/uploads\/2024\/08\/Yuliet_Lopez-150x100.jpg 150w, https:\/\/www.medellin.gov.co\/es\/wp-content\/uploads\/2024\/08\/Yuliet_Lopez-768x510.jpg 768w, https:\/\/www.medellin.gov.co\/es\/wp-content\/uploads\/2024\/08\/Yuliet_Lopez.jpg 1280w\" sizes=\"(max-width: 1024px) 100vw, 1024px\" \/><\/a><p id=\"caption-attachment-332787\" class=\"wp-caption-text\">Diana Yulieth L\u00f3pez Quirama<\/p><\/div>\n<p><strong>\u00bfQu\u00e9 es el <a href=\"https:\/\/www.medellin.gov.co\/irj\/go\/km\/docs\/pccdesign\/medellin\/Temas\/AtencionCiudadana\/Preguntasfrecuentes\/Shared%20Content\/Documentos\/Preguntas%20Frecuentes%20Secretar%C3%ADa%20de%20Gesti%C3%B3n%20y%20Control%20Territorial.pdf\" target=\"_blank\" rel=\"noopener\">M\u00ednimo Vital de Agua Potable<\/a>?<\/strong><\/p>\n<p><strong>R\/ <\/strong><strong>D.Y.L.Q.:<\/strong> <em>\u201cEs un programa de la <a href=\"https:\/\/www.medellin.gov.co\/\" target=\"_blank\" rel=\"noopener\">Alcald\u00eda de Medell\u00edn<\/a> que ofrece cada mes unos consumos m\u00ednimos de litros de agua potable por cada integrante del hogar, para atender sus necesidades b\u00e1sicas\u201d.<\/em><\/p>\n<p><strong>\u00bfPor qu\u00e9 suministrar el <a href=\"https:\/\/www.medellin.gov.co\/irj\/go\/km\/docs\/pccdesign\/medellin\/Temas\/AtencionCiudadana\/Preguntasfrecuentes\/Shared%20Content\/Documentos\/Preguntas%20Frecuentes%20Secretar%C3%ADa%20de%20Gesti%C3%B3n%20y%20Control%20Territorial.pdf\" target=\"_blank\" rel=\"noopener\">M\u00ednimo Vital de Agua Potable<\/a>?<\/strong><\/p>\n<p><strong>R\/<\/strong> <strong>(D.Y.L.Q.<\/strong>) <em>\u201cEl agua es un l\u00edquido esencial para todos los seres vivos. Por lo tanto, el garantizar el acceso al agua a los hogares m\u00e1s vulnerables repercute en el mejoramiento de las condiciones de salud, econom\u00eda, desarrollo social y cultural de las familias\u201d.<\/em><\/p>\n<p><a href=\"https:\/\/www.medellin.gov.co\/es\/wp-content\/uploads\/2022\/03\/20200728_MinimoVitalAgua2.jpg\" target=\"_blank\" rel=\"noopener\"><img loading=\"lazy\" class=\"alignnone wp-image-58048 size-full\" src=\"https:\/\/www.medellin.gov.co\/es\/wp-content\/uploads\/2022\/03\/20200728_MinimoVitalAgua2.jpg\" alt=\"\" width=\"1000\" height=\"450\" srcset=\"https:\/\/www.medellin.gov.co\/es\/wp-content\/uploads\/2022\/03\/20200728_MinimoVitalAgua2.jpg 1000w, https:\/\/www.medellin.gov.co\/es\/wp-content\/uploads\/2022\/03\/20200728_MinimoVitalAgua2-300x135.jpg 300w, https:\/\/www.medellin.gov.co\/es\/wp-content\/uploads\/2022\/03\/20200728_MinimoVitalAgua2-150x68.jpg 150w, https:\/\/www.medellin.gov.co\/es\/wp-content\/uploads\/2022\/03\/20200728_MinimoVitalAgua2-768x346.jpg 768w\" sizes=\"(max-width: 1000px) 100vw, 1000px\" \/><\/a><\/p>\n<p><strong>\u00bfEn qu\u00e9 consiste el programa <a href=\"https:\/\/www.medellin.gov.co\/irj\/go\/km\/docs\/pccdesign\/medellin\/Temas\/AtencionCiudadana\/Preguntasfrecuentes\/Shared%20Content\/Documentos\/Preguntas%20Frecuentes%20Secretar%C3%ADa%20de%20Gesti%C3%B3n%20y%20Control%20Territorial.pdf\" target=\"_blank\" rel=\"noopener\">M\u00ednimo Vital de Agua Potable<\/a>?<\/strong><\/p>\n<p><strong>R\/<\/strong> <strong>(D.Y.L.Q.<\/strong>) <em>\u201cEs un auspicio que la <a href=\"https:\/\/www.medellin.gov.co\/\" target=\"_blank\" rel=\"noopener\">Alcald\u00eda de Medell\u00edn<\/a> otorga a los hogares m\u00e1s vulnerables de la ciudad con metros c\u00fabicos de agua por persona. Estos se descuentan en el valor de la factura de servicios p\u00fablicos, de acueducto y alcantarillado y cubre tanto el valor del cargo fijo, como el consumo, permitiendo que las familias que hacen uso racional del servicio y consumen solo la cantidad de metros c\u00fabicos que les otorga el programa reciban su factura en cero pesos a pagar\u201d.<\/em><\/p>\n<p><strong>\u00bfQu\u00e9 significa hacer uso racional del agua?<\/strong><strong>\u00a0<\/strong><\/p>\n<p><strong>R\/<\/strong> <strong>(D.Y.L.Q.<\/strong>) <em>\u201c<\/em><em>Un hogar hace un uso racional del agua es porque la alcald\u00eda por cada persona en el hogar le auspicia esos m\u00ednimos vitales. Eso quiere decir que si una familia tiene cuatro integrantes, a cada uno de ellos\u00a0 le ofrecen esa cantidad m\u00ednima de agua para satisfacer sus necesidades\u201d.<\/em><em>\u00a0<\/em><\/p>\n\n\t\t<style type=\"text\/css\">\n\t\t\t#gallery-1 {\n\t\t\t\tmargin: auto;\n\t\t\t}\n\t\t\t#gallery-1 .gallery-item {\n\t\t\t\tfloat: left;\n\t\t\t\tmargin-top: 10px;\n\t\t\t\ttext-align: center;\n\t\t\t\twidth: 50%;\n\t\t\t}\n\t\t\t#gallery-1 img {\n\t\t\t\tborder: 2px solid #cfcfcf;\n\t\t\t}\n\t\t\t#gallery-1 .gallery-caption {\n\t\t\t\tmargin-left: 0;\n\t\t\t}\n\t\t\t\/* see gallery_shortcode() in wp-includes\/media.php *\/\n\t\t<\/style>\n\t\t<div id='gallery-1' class='gallery galleryid-332780 gallery-columns-2 gallery-size-large'><dl class='gallery-item'>\n\t\t\t<dt class='gallery-icon landscape'>\n\t\t\t\t<a href='https:\/\/www.medellin.gov.co\/es\/sala-de-prensa\/noticias\/salia-el-chorro-bendito-sea-dios\/llave-de-agua\/'><img width=\"1024\" height=\"682\" src=\"https:\/\/www.medellin.gov.co\/es\/wp-content\/uploads\/2024\/07\/Llave-de-agua-1024x682.jpg\" class=\"attachment-large size-large\" alt=\"imagen Llave de agua\" loading=\"lazy\" srcset=\"https:\/\/www.medellin.gov.co\/es\/wp-content\/uploads\/2024\/07\/Llave-de-agua-1024x682.jpg 1024w, https:\/\/www.medellin.gov.co\/es\/wp-content\/uploads\/2024\/07\/Llave-de-agua-300x200.jpg 300w, https:\/\/www.medellin.gov.co\/es\/wp-content\/uploads\/2024\/07\/Llave-de-agua-150x100.jpg 150w, https:\/\/www.medellin.gov.co\/es\/wp-content\/uploads\/2024\/07\/Llave-de-agua-768x512.jpg 768w, https:\/\/www.medellin.gov.co\/es\/wp-content\/uploads\/2024\/07\/Llave-de-agua.jpg 1280w\" sizes=\"(max-width: 1024px) 100vw, 1024px\" \/><\/a>\n\t\t\t<\/dt><\/dl><dl class='gallery-item'>\n\t\t\t<dt class='gallery-icon landscape'>\n\t\t\t\t<a href='https:\/\/www.medellin.gov.co\/es\/sala-de-prensa\/noticias\/salia-el-chorro-bendito-sea-dios\/general1\/'><img width=\"1024\" height=\"682\" src=\"https:\/\/www.medellin.gov.co\/es\/wp-content\/uploads\/2024\/07\/General1-1024x682.jpg\" class=\"attachment-large size-large\" alt=\"\" loading=\"lazy\" srcset=\"https:\/\/www.medellin.gov.co\/es\/wp-content\/uploads\/2024\/07\/General1-1024x682.jpg 1024w, https:\/\/www.medellin.gov.co\/es\/wp-content\/uploads\/2024\/07\/General1-300x200.jpg 300w, https:\/\/www.medellin.gov.co\/es\/wp-content\/uploads\/2024\/07\/General1-150x100.jpg 150w, https:\/\/www.medellin.gov.co\/es\/wp-content\/uploads\/2024\/07\/General1-768x512.jpg 768w, https:\/\/www.medellin.gov.co\/es\/wp-content\/uploads\/2024\/07\/General1.jpg 1280w\" sizes=\"(max-width: 1024px) 100vw, 1024px\" \/><\/a>\n\t\t\t<\/dt><\/dl><br style=\"clear: both\" \/>\n\t\t<\/div>\n\n<p><em>\u201cSi el ciudadano consume menos de esos m\u00ednimos o incluso el tope establecido, su factura de acueducto y alcantarillado le llega en cero pesos, pero si no hace un uso adecuado y se pasa del consumo m\u00ednimo, deber\u00e1 pagar el excedente\u201d. \u00a0<\/em><\/p>\n<p><strong>\u00bfQu\u00e9 reglamenta el programa <a href=\"https:\/\/www.medellin.gov.co\/irj\/go\/km\/docs\/pccdesign\/medellin\/Temas\/AtencionCiudadana\/Preguntasfrecuentes\/Shared%20Content\/Documentos\/Preguntas%20Frecuentes%20Secretar%C3%ADa%20de%20Gesti%C3%B3n%20y%20Control%20Territorial.pdf\" target=\"_blank\" rel=\"noopener\">M\u00ednimo Vital de Agua Potable<\/a>?<\/strong><\/p>\n<p><strong>R\/<\/strong> <strong>(D.Y.L.Q.<\/strong>) <em>\u201cEste programa se institucionaliz\u00f3 en la Alcald\u00eda de Medell\u00edn mediante <a href=\"https:\/\/www.medellin.gov.co\/normograma\/docs\/index.html\" target=\"_blank\" rel=\"noopener\">Acuerdo 06 de 2011 y se reglament\u00f3 en el Decreto 1889 de 2011, modificado por el Decreto 013 de 2014<\/a>\u201d.<\/em><\/p>\n<p><a href=\"https:\/\/www.medellin.gov.co\/es\/wp-content\/uploads\/2022\/03\/20210523-MinimoVitalAguaPotable-2.jpg\" target=\"_blank\" rel=\"noopener\"><img loading=\"lazy\" class=\"alignnone wp-image-60462 size-full\" src=\"https:\/\/www.medellin.gov.co\/es\/wp-content\/uploads\/2022\/03\/20210523-MinimoVitalAguaPotable-2.jpg\" alt=\"\" width=\"1000\" height=\"450\" srcset=\"https:\/\/www.medellin.gov.co\/es\/wp-content\/uploads\/2022\/03\/20210523-MinimoVitalAguaPotable-2.jpg 1000w, https:\/\/www.medellin.gov.co\/es\/wp-content\/uploads\/2022\/03\/20210523-MinimoVitalAguaPotable-2-300x135.jpg 300w, https:\/\/www.medellin.gov.co\/es\/wp-content\/uploads\/2022\/03\/20210523-MinimoVitalAguaPotable-2-150x68.jpg 150w, https:\/\/www.medellin.gov.co\/es\/wp-content\/uploads\/2022\/03\/20210523-MinimoVitalAguaPotable-2-768x346.jpg 768w\" sizes=\"(max-width: 1000px) 100vw, 1000px\" \/><\/a><\/p>\n<p><strong>\u00bfQu\u00e9 requisitos deben cumplir las personas para acceder a este programa?<\/strong><\/p>\n<p><strong>R\/<\/strong> <strong>(D.Y.L.Q.<\/strong>)\u00a0 <em>\u201cLos hogares que pueden recibir el auspicio del MVAP son aquellos que cumplen con los requisitos, estipulados en el <a href=\"https:\/\/www.medellin.gov.co\/normograma\/docs\/index.html\" target=\"_blank\" rel=\"noopener\">Decreto Municipal 1889 de 2011 y Decreto modificatorio 013 de 2014<\/a>, los cuales son:\u00a0 <\/em><\/p>\n<ul>\n<li><em>No superar un puntaje de 47,99 del <a href=\"https:\/\/www.sisben.gov.co\/\" target=\"_blank\" rel=\"noopener\">SISB\u00c9N<\/a> versi\u00f3n tres.<\/em><\/li>\n<li><em>Tener conexi\u00f3n activa a los servicios de acueducto y\/o alcantarillado de alguna de las empresas que tienen convenio o contrato con la Alcald\u00eda para el <a href=\"https:\/\/www.medellin.gov.co\/irj\/go\/km\/docs\/pccdesign\/medellin\/Temas\/AtencionCiudadana\/Preguntasfrecuentes\/Shared%20Content\/Documentos\/Preguntas%20Frecuentes%20Secretar%C3%ADa%20de%20Gesti%C3%B3n%20y%20Control%20Territorial.pdf\" target=\"_blank\" rel=\"noopener\">M\u00ednimo Vital de Agua Potable<\/a> (MVAP) y estar al d\u00eda en los pagos.<\/em><\/li>\n<li><em>Estar vinculado a cualquier programa de acompa\u00f1amiento familiar de la <a href=\"https:\/\/www.medellin.gov.co\/\" target=\"_blank\" rel=\"noopener\">Alcald\u00eda de Medell\u00edn<\/a>\u201d.<\/em><\/li>\n<\/ul>\n<p><strong>\u00bfDespu\u00e9s de la inscripci\u00f3n cu\u00e1ndo se hace efectivo el beneficio?<\/strong><\/p>\n<p><strong>R\/<\/strong> <strong>(D.Y.L.Q.<\/strong>) <em>\u201c<\/em><em>Una vez se inscriban comienzan a recibir el beneficio en los dos meses posteriores\u201d.<\/em><\/p>\n\n\t\t<style type=\"text\/css\">\n\t\t\t#gallery-2 {\n\t\t\t\tmargin: auto;\n\t\t\t}\n\t\t\t#gallery-2 .gallery-item {\n\t\t\t\tfloat: left;\n\t\t\t\tmargin-top: 10px;\n\t\t\t\ttext-align: center;\n\t\t\t\twidth: 50%;\n\t\t\t}\n\t\t\t#gallery-2 img {\n\t\t\t\tborder: 2px solid #cfcfcf;\n\t\t\t}\n\t\t\t#gallery-2 .gallery-caption {\n\t\t\t\tmargin-left: 0;\n\t\t\t}\n\t\t\t\/* see gallery_shortcode() in wp-includes\/media.php *\/\n\t\t<\/style>\n\t\t<div id='gallery-2' class='gallery galleryid-332780 gallery-columns-2 gallery-size-large'><dl class='gallery-item'>\n\t\t\t<dt class='gallery-icon landscape'>\n\t\t\t\t<a href='https:\/\/www.medellin.gov.co\/es\/sala-de-prensa\/noticias\/salia-el-chorro-bendito-sea-dios\/general2\/'><img width=\"1024\" height=\"682\" src=\"https:\/\/www.medellin.gov.co\/es\/wp-content\/uploads\/2024\/07\/General2-1024x682.jpg\" class=\"attachment-large size-large\" alt=\"\" loading=\"lazy\" srcset=\"https:\/\/www.medellin.gov.co\/es\/wp-content\/uploads\/2024\/07\/General2-1024x682.jpg 1024w, https:\/\/www.medellin.gov.co\/es\/wp-content\/uploads\/2024\/07\/General2-300x200.jpg 300w, https:\/\/www.medellin.gov.co\/es\/wp-content\/uploads\/2024\/07\/General2-150x100.jpg 150w, https:\/\/www.medellin.gov.co\/es\/wp-content\/uploads\/2024\/07\/General2-768x512.jpg 768w, https:\/\/www.medellin.gov.co\/es\/wp-content\/uploads\/2024\/07\/General2.jpg 1280w\" sizes=\"(max-width: 1024px) 100vw, 1024px\" \/><\/a>\n\t\t\t<\/dt><\/dl><dl class='gallery-item'>\n\t\t\t<dt class='gallery-icon landscape'>\n\t\t\t\t<a href='https:\/\/www.medellin.gov.co\/es\/sala-de-prensa\/noticias\/salia-el-chorro-bendito-sea-dios\/general\/'><img width=\"1024\" height=\"682\" src=\"https:\/\/www.medellin.gov.co\/es\/wp-content\/uploads\/2024\/07\/General-1024x682.jpg\" class=\"attachment-large size-large\" alt=\"\" loading=\"lazy\" srcset=\"https:\/\/www.medellin.gov.co\/es\/wp-content\/uploads\/2024\/07\/General-1024x682.jpg 1024w, https:\/\/www.medellin.gov.co\/es\/wp-content\/uploads\/2024\/07\/General-300x200.jpg 300w, https:\/\/www.medellin.gov.co\/es\/wp-content\/uploads\/2024\/07\/General-150x100.jpg 150w, https:\/\/www.medellin.gov.co\/es\/wp-content\/uploads\/2024\/07\/General-768x512.jpg 768w, https:\/\/www.medellin.gov.co\/es\/wp-content\/uploads\/2024\/07\/General.jpg 1280w\" sizes=\"(max-width: 1024px) 100vw, 1024px\" \/><\/a>\n\t\t\t<\/dt><\/dl><br style=\"clear: both\" \/>\n\t\t<\/div>\n\n<p><strong>\u00bfQu\u00e9 obligaciones adquieren las personas con el programa?<\/strong><\/p>\n<p><strong>R\/ <\/strong><strong>(D.Y.L.Q.<\/strong>) <em>\u00a0\u201cEste programa tiene dos objetivos principales: el primero es garantizar el acceso a los servicios de agua potable y alcantarillado a los hogares m\u00e1s vulnerables de la ciudad y el segundo es promocionar el uso racional y eficiente de los servicios p\u00fablicos domiciliarios. En esta medida el beneficiario adquiere tres obligaciones con el programa al momento de inscribirse: la primera es atender la visita de los t\u00e9cnicos de campo para la actualizaci\u00f3n de datos, verificaci\u00f3n de requisitos y motivaci\u00f3n al uso racional del agua. La segunda es acercarse a cualquiera de los puntos de atenci\u00f3n del programa para actualizar los datos en el momento de presentarse un cambio de direcci\u00f3n o modificaci\u00f3n en el n\u00famero de personas que conforman el hogar y por \u00faltimo, hacer uso racional y eficiente del servicio\u201d.<\/em><\/p>\n<p><a href=\"https:\/\/www.medellin.gov.co\/es\/wp-content\/uploads\/2022\/03\/20210212-Minimo-Vital-1.jpg\" target=\"_blank\" rel=\"noopener\"><img loading=\"lazy\" class=\"alignnone wp-image-59908 size-full\" src=\"https:\/\/www.medellin.gov.co\/es\/wp-content\/uploads\/2022\/03\/20210212-Minimo-Vital-1.jpg\" alt=\"\" width=\"1000\" height=\"450\" srcset=\"https:\/\/www.medellin.gov.co\/es\/wp-content\/uploads\/2022\/03\/20210212-Minimo-Vital-1.jpg 1000w, https:\/\/www.medellin.gov.co\/es\/wp-content\/uploads\/2022\/03\/20210212-Minimo-Vital-1-300x135.jpg 300w, https:\/\/www.medellin.gov.co\/es\/wp-content\/uploads\/2022\/03\/20210212-Minimo-Vital-1-150x68.jpg 150w, https:\/\/www.medellin.gov.co\/es\/wp-content\/uploads\/2022\/03\/20210212-Minimo-Vital-1-768x346.jpg 768w\" sizes=\"(max-width: 1000px) 100vw, 1000px\" \/><\/a><\/p>\n<p><strong>\u00bfCu\u00e1l es la mejor forma de celebrar los 15 a\u00f1os de vigencia del programa?<\/strong><\/p>\n<p><strong>R\/<\/strong> <strong>(D.Y.L.Q.<\/strong>) <em>\u201c<\/em><em>Lograr que la ciudadan\u00eda lo conozca, que se entere de que el programa cumpli\u00f3 15 a\u00f1os de existencia y que por medio del <a href=\"https:\/\/www.medellin.gov.co\/irj\/go\/km\/docs\/pccdesign\/medellin\/Temas\/AtencionCiudadana\/Preguntasfrecuentes\/Shared%20Content\/Documentos\/Preguntas%20Frecuentes%20Secretar%C3%ADa%20de%20Gesti%C3%B3n%20y%20Control%20Territorial.pdf\" target=\"_blank\" rel=\"noopener\">M\u00ednimo Vital de Agua Potable<\/a> muchos hogares han logrado mejorar su calidad de vida, porque el dinero que dejan de pagar en acueducto y alcantarillado, lo pueden emplear en atender otras necesidades b\u00e1sicas. Es muy importante que las personas conozcan el programa y tengan claro cu\u00e1l es la ruta para acceder a \u00e9l\u201d. <\/em><\/p>\n<p><strong>Direcciones y lugares de atenci\u00f3n del programa <a href=\"https:\/\/www.medellin.gov.co\/irj\/go\/km\/docs\/pccdesign\/medellin\/Temas\/AtencionCiudadana\/Preguntasfrecuentes\/Shared%20Content\/Documentos\/Preguntas%20Frecuentes%20Secretar%C3%ADa%20de%20Gesti%C3%B3n%20y%20Control%20Territorial.pdf\" target=\"_blank\" rel=\"noopener\">M\u00ednimo Vital de Agua Potable<\/a> (MVAP)<\/strong><\/p>\n<p><a href=\"https:\/\/www.medellin.gov.co\/es\/wp-content\/uploads\/2024\/07\/Visita-tecnicos.jpg\" target=\"_blank\" rel=\"noopener\"><img loading=\"lazy\" class=\"alignnone wp-image-327321 size-large\" src=\"https:\/\/www.medellin.gov.co\/es\/wp-content\/uploads\/2024\/07\/Visita-tecnicos-1024x768.jpg\" alt=\"\" width=\"1024\" height=\"768\" srcset=\"https:\/\/www.medellin.gov.co\/es\/wp-content\/uploads\/2024\/07\/Visita-tecnicos-1024x768.jpg 1024w, https:\/\/www.medellin.gov.co\/es\/wp-content\/uploads\/2024\/07\/Visita-tecnicos-300x225.jpg 300w, https:\/\/www.medellin.gov.co\/es\/wp-content\/uploads\/2024\/07\/Visita-tecnicos-150x113.jpg 150w, https:\/\/www.medellin.gov.co\/es\/wp-content\/uploads\/2024\/07\/Visita-tecnicos-768x576.jpg 768w, https:\/\/www.medellin.gov.co\/es\/wp-content\/uploads\/2024\/07\/Visita-tecnicos.jpg 1280w\" sizes=\"(max-width: 1024px) 100vw, 1024px\" \/><\/a><\/p>\n<p><strong>Fotos sitios Alcald\u00eda:<\/strong><\/p>\n<ul>\n<li>Taquillas 8 y 9 del Centro de Atenci\u00f3n a la Ciudadan\u00eda, La Alpujarra \u2013 S\u00f3tano \/ Cl. 44 # 52 &#8211; 165<\/li>\n<li>20 de Julio \/ Casa de Justicia \/ Cl. 39 C # 109-24.<\/li>\n<li>La Ladera \/ Parque Biblioteca Le\u00f3n de Greiff \/ Cl. 59 A # 36-30.<\/li>\n<li>Bel\u00e9n \/ Mascerca de Bel\u00e9n \/ Cra. 76 # 32-74.<\/li>\n<li>Santo Domingo \/ Casa de Gobierno \/ Cra. 32 # 102 B &#8211; 45.<\/li>\n<li>Bosque \/ Unidad Permanente de Justicia (UPJ) \/ Cra. 52 # 71-84.<\/li>\n<li>Nuevo Occidente- Lusitania \/ Centro de Servicio a la Ciudadan\u00eda \/ Cl. 63 # 108 BB- 06, interior 120.<\/li>\n<li>Manrique \/ Centro de Servicio a la Ciudadan\u00eda \/ Cra. 43 # 66 E- 41, local 1.<\/li>\n<li>Doce de Octubre \/ Centro de Servicio a la Ciudadan\u00eda \/ Cl. 103 # 77 B &#8211; 56.<\/li>\n<li>Corregimiento Altavista \/ Casa de Gobierno \/ 18 # 105- 69.<\/li>\n<li>Villa del Socorro \/ Casa de Justicia \/ Cl. 104 B # 48 &#8211; 60.<\/li>\n<li>Castilla \/ Mascerca de Castilla \/ Cra. 65 # 100-123.<\/li>\n<li>Corregimiento San Antonio de Prado \/ Casa de Gobierno \/ Cra. 79 # 41 Sur &#8211; 36.<\/li>\n<li>Corregimiento San Sebasti\u00e1n de Palmitas \/ Casa de Gobierno \/ Cl. 20 # 35-114.<\/li>\n<li>Corregimiento San Crist\u00f3bal \/ Casa de Gobierno \/ Cra. 131 # 60-59.<\/li>\n<li>Robledo \/ Centro de Servicio a la Ciudadan\u00eda\/ Cl. 64 A # 85-19.<\/li>\n<li>Corregimiento Santa Elena \/ Casa de Gobierno \/ V\u00eda Santa Elena, km. 15.<\/li>\n<li>Estadio \/ Centro de Servicio a la Ciudadan\u00eda \/ Cl. 48 # 73- 10.<\/li>\n<li>La Floresta \/ Mascerca de la Floresta\/ Cra. 89 B # 48 A-37.<\/li>\n<li>Guayabal \/ Mascerca de Guayabal\/ Cra. 52 # 9 Sur-42.<\/li>\n<li>El Poblado \/ Mascerca de El Poblado \/ Cra. 43 D # 11-02.<\/li>\n<\/ul>\n","protected":false},"excerpt":{"rendered":"<p>El agua, m\u00e1s que un l\u00edquido vital, es una cuesti\u00f3n de derechos. La Alcald\u00eda de Medell\u00edn, en su apuesta por mejorar la calidad de vida de las familias m\u00e1s vulnerables, implement\u00f3 desde el 2009 el &#8230;<\/p>\n","protected":false},"author":17,"featured_media":327279,"comment_status":"open","ping_status":"open","sticky":false,"template":"","format":"standard","meta":[],"categories":[531,7],"tags":[451],"formato_nota":[],"programas_tax":[],"acf":[],"_links":{"self":[{"href":"https:\/\/www.medellin.gov.co\/es\/wp-json\/wp\/v2\/posts\/332780"}],"collection":[{"href":"https:\/\/www.medellin.gov.co\/es\/wp-json\/wp\/v2\/posts"}],"about":[{"href":"https:\/\/www.medellin.gov.co\/es\/wp-json\/wp\/v2\/types\/post"}],"author":[{"embeddable":true,"href":"https:\/\/www.medellin.gov.co\/es\/wp-json\/wp\/v2\/users\/17"}],"replies":[{"embeddable":true,"href":"https:\/\/www.medellin.gov.co\/es\/wp-json\/wp\/v2\/comments?post=332780"}],"version-history":[{"count":4,"href":"https:\/\/www.medellin.gov.co\/es\/wp-json\/wp\/v2\/posts\/332780\/revisions"}],"predecessor-version":[{"id":332848,"href":"https:\/\/www.medellin.gov.co\/es\/wp-json\/wp\/v2\/posts\/332780\/revisions\/332848"}],"wp:featuredmedia":[{"embeddable":true,"href":"https:\/\/www.medellin.gov.co\/es\/wp-json\/wp\/v2\/media\/327279"}],"wp:attachment":[{"href":"https:\/\/www.medellin.gov.co\/es\/wp-json\/wp\/v2\/media?parent=332780"}],"wp:term":[{"taxonomy":"category","embeddable":true,"href":"https:\/\/www.medellin.gov.co\/es\/wp-json\/wp\/v2\/categories?post=332780"},{"taxonomy":"post_tag","embeddable":true,"href":"https:\/\/www.medellin.gov.co\/es\/wp-json\/wp\/v2\/tags?post=332780"},{"taxonomy":"formato_nota","embeddable":true,"href":"https:\/\/www.medellin.gov.co\/es\/wp-json\/wp\/v2\/formato_nota?post=332780"},{"taxonomy":"programas_tax","embeddable":true,"href":"https:\/\/www.medellin.gov.co\/es\/wp-json\/wp\/v2\/programas_tax?post=332780"}],"curies":[{"name":"wp","href":"https:\/\/api.w.org\/{rel}","templated":true}]}}