{"id":332794,"date":"2024-08-12T14:17:58","date_gmt":"2024-08-12T19:17:58","guid":{"rendered":"https:\/\/www.medellin.gov.co\/es\/?p=332794"},"modified":"2024-08-12T14:17:58","modified_gmt":"2024-08-12T19:17:58","slug":"avanzan-los-encuentros-zonales-para-la-actualizacion-de-la-politica-publica-lgbti-de-medellin","status":"publish","type":"post","link":"https:\/\/www.medellin.gov.co\/es\/sala-de-prensa\/noticias\/avanzan-los-encuentros-zonales-para-la-actualizacion-de-la-politica-publica-lgbti-de-medellin\/","title":{"rendered":"Avanzan los encuentros zonales para la actualizaci\u00f3n de la Pol\u00edtica P\u00fablica LGBTI de Medell\u00edn"},"content":{"rendered":"<div class=\"page\" title=\"Page 1\">\n<div class=\"layoutArea\">\n<div class=\"column\">\n<!--[if lt IE 9]><script>document.createElement('audio');<\/script><![endif]-->\n\t<div class=\"wp-playlist wp-audio-playlist wp-playlist-light\">\n\t\t\t<div class=\"wp-playlist-current-item\"><\/div>\n\t\t<audio controls=\"controls\" preload=\"none\" width=\"640\"\n\t\t\t><\/audio>\n\t<div class=\"wp-playlist-next\"><\/div>\n\t<div class=\"wp-playlist-prev\"><\/div>\n\t<noscript>\n\t<ol>\n\t\t<li><a href='https:\/\/www.medellin.gov.co\/es\/wp-content\/uploads\/2024\/08\/Encuentros-zonales-politica-publica-LGBTI-01.mp3'>Palabras de Edgar Yepes Londo\u00f1o, gerente de Diversidades Sexuales e Identidades de G\u00e9nero<\/a><\/li><li><a href='https:\/\/www.medellin.gov.co\/es\/wp-content\/uploads\/2024\/08\/Encuentros-zonales-politica-publica-LGBTI-02.mp3'>Palabras de Alejandro Agudelo, coordinador de Disonantes, Mesa Diversa de la comuna 15-Guayabal<\/a><\/li>\t<\/ol>\n\t<\/noscript>\n\t<script type=\"application\/json\" class=\"wp-playlist-script\">{\"type\":\"audio\",\"tracklist\":true,\"tracknumbers\":true,\"images\":true,\"artists\":true,\"tracks\":[{\"src\":\"https:\\\/\\\/www.medellin.gov.co\\\/es\\\/wp-content\\\/uploads\\\/2024\\\/08\\\/Encuentros-zonales-politica-publica-LGBTI-01.mp3\",\"type\":\"audio\\\/mpeg\",\"title\":\"Palabras de Edgar Yepes Londo\\u00f1o, gerente de Diversidades Sexuales e Identidades de G\\u00e9nero\",\"caption\":\"\",\"description\":\"\\u00abPalabras de Edgar Yepes Londo\\u00f1o, gerente de Diversidades Sexuales e Identidades de G\\u00e9nero\\u00bb.\",\"meta\":{\"year\":\"2024\",\"length_formatted\":\"0:50\"},\"image\":{\"src\":\"https:\\\/\\\/www.medellin.gov.co\\\/es\\\/wp-includes\\\/images\\\/media\\\/audio.png\",\"width\":48,\"height\":64},\"thumb\":{\"src\":\"https:\\\/\\\/www.medellin.gov.co\\\/es\\\/wp-includes\\\/images\\\/media\\\/audio.png\",\"width\":48,\"height\":64}},{\"src\":\"https:\\\/\\\/www.medellin.gov.co\\\/es\\\/wp-content\\\/uploads\\\/2024\\\/08\\\/Encuentros-zonales-politica-publica-LGBTI-02.mp3\",\"type\":\"audio\\\/mpeg\",\"title\":\"Palabras de Alejandro Agudelo, coordinador de Disonantes, Mesa Diversa de la comuna 15-Guayabal\",\"caption\":\"\",\"description\":\"\\u00abEPalabras de Alejandro Agudelo, coordinador de Disonantes, Mesa Diversa de la comuna 15-Guayabal\\u00bb.\",\"meta\":{\"year\":\"2024\",\"length_formatted\":\"1:10\"},\"image\":{\"src\":\"https:\\\/\\\/www.medellin.gov.co\\\/es\\\/wp-includes\\\/images\\\/media\\\/audio.png\",\"width\":48,\"height\":64},\"thumb\":{\"src\":\"https:\\\/\\\/www.medellin.gov.co\\\/es\\\/wp-includes\\\/images\\\/media\\\/audio.png\",\"width\":48,\"height\":64}}]}<\/script>\n<\/div>\n\t\n<p>A trave\u0301s de encuentros por las diferentes comunas de Medelli\u0301n, continu\u0301a la actualizacio\u0301n de la Poli\u0301tica Pu\u0301blica LGBTI para garantizar los derechos y la dignidad de las personas con orientaciones sexuales, identidades y expresiones de ge\u0301nero (OSIEG) diversas.<\/p>\n<p>Se trata de espacios de participacio\u0301n ciudadana, que permiten conocer las necesidades concretas de la poblacio\u0301n y proponer alternativas de solucio\u0301n para disfrutar plenamente de sus derechos y acceder a ellos.<\/p>\n<div id=\"attachment_332810\" style=\"width: 1210px\" class=\"wp-caption alignnone\"><a href=\"https:\/\/www.medellin.gov.co\/es\/wp-content\/uploads\/2024\/08\/Encuentros-zonales-politica-publica-LGBTI-5.jpg\" target=\"_blank\" rel=\"noopener\"><img aria-describedby=\"caption-attachment-332810\" loading=\"lazy\" class=\"wp-image-332810 size-full\" title=\"Avanzan los encuentros zonales para la actualizaci\u00f3n de la Pol\u00edtica P\u00fablica LGBTI de Medell\u00edn\" src=\"https:\/\/www.medellin.gov.co\/es\/wp-content\/uploads\/2024\/08\/Encuentros-zonales-politica-publica-LGBTI-5.jpg\" alt=\"Avanzan los encuentros zonales para la actualizaci\u00f3n de la Pol\u00edtica P\u00fablica LGBTI de Medell\u00edn\" width=\"1200\" height=\"799\" srcset=\"https:\/\/www.medellin.gov.co\/es\/wp-content\/uploads\/2024\/08\/Encuentros-zonales-politica-publica-LGBTI-5.jpg 1200w, https:\/\/www.medellin.gov.co\/es\/wp-content\/uploads\/2024\/08\/Encuentros-zonales-politica-publica-LGBTI-5-300x200.jpg 300w, https:\/\/www.medellin.gov.co\/es\/wp-content\/uploads\/2024\/08\/Encuentros-zonales-politica-publica-LGBTI-5-1024x682.jpg 1024w, https:\/\/www.medellin.gov.co\/es\/wp-content\/uploads\/2024\/08\/Encuentros-zonales-politica-publica-LGBTI-5-150x100.jpg 150w, https:\/\/www.medellin.gov.co\/es\/wp-content\/uploads\/2024\/08\/Encuentros-zonales-politica-publica-LGBTI-5-768x511.jpg 768w\" sizes=\"(max-width: 1200px) 100vw, 1200px\" \/><\/a><p id=\"caption-attachment-332810\" class=\"wp-caption-text\">Avanzan los encuentros zonales para la actualizaci\u00f3n de la Pol\u00edtica P\u00fablica LGBTI de Medell\u00edn &#8211; Foto alcaldia de Medell\u00edn<\/p><\/div>\n<p>\u201c<em>Este proceso nos permitira\u0301 continuar con las recomendaciones del Departamento Administrativo de Planeacio\u0301n, como la socializacio\u0301n de las necesidades identificadas el an\u0303o anterior y avanzar en la construccio\u0301n del Sistema Distrital de Diversidades. Adema\u0301s, nos ayudara\u0301 a pensar en estrategias institucionales que respondan a las necesidades y contextos reales y actuales de las personas LGBTIQ+ del Distrito<\/em>\u201d, dijo el gerente de Diversidades Sexuales e Identidades de Ge\u0301nero, Edgar Yepes London\u0303o.<\/p>\n<div id=\"attachment_332806\" style=\"width: 1210px\" class=\"wp-caption alignnone\"><a href=\"https:\/\/www.medellin.gov.co\/es\/wp-content\/uploads\/2024\/08\/Encuentros-zonales-politica-publica-LGBTI-3.jpg\" target=\"_blank\" rel=\"noopener\"><img aria-describedby=\"caption-attachment-332806\" loading=\"lazy\" class=\"wp-image-332806 size-full\" title=\"Avanzan los encuentros zonales para la actualizaci\u00f3n de la Pol\u00edtica P\u00fablica LGBTI de Medell\u00edn\" src=\"https:\/\/www.medellin.gov.co\/es\/wp-content\/uploads\/2024\/08\/Encuentros-zonales-politica-publica-LGBTI-3.jpg\" alt=\"Avanzan los encuentros zonales para la actualizaci\u00f3n de la Pol\u00edtica P\u00fablica LGBTI de Medell\u00edn\" width=\"1200\" height=\"799\" srcset=\"https:\/\/www.medellin.gov.co\/es\/wp-content\/uploads\/2024\/08\/Encuentros-zonales-politica-publica-LGBTI-3.jpg 1200w, https:\/\/www.medellin.gov.co\/es\/wp-content\/uploads\/2024\/08\/Encuentros-zonales-politica-publica-LGBTI-3-300x200.jpg 300w, https:\/\/www.medellin.gov.co\/es\/wp-content\/uploads\/2024\/08\/Encuentros-zonales-politica-publica-LGBTI-3-1024x682.jpg 1024w, https:\/\/www.medellin.gov.co\/es\/wp-content\/uploads\/2024\/08\/Encuentros-zonales-politica-publica-LGBTI-3-150x100.jpg 150w, https:\/\/www.medellin.gov.co\/es\/wp-content\/uploads\/2024\/08\/Encuentros-zonales-politica-publica-LGBTI-3-768x511.jpg 768w\" sizes=\"(max-width: 1200px) 100vw, 1200px\" \/><\/a><p id=\"caption-attachment-332806\" class=\"wp-caption-text\">Avanzan los encuentros zonales para la actualizaci\u00f3n de la Pol\u00edtica P\u00fablica LGBTI de Medell\u00edn &#8211; Foto alcaldia de Medell\u00edn<\/p><\/div>\n<p>Los encuentros abarcan las 16 comunas del Distrito. El martes 13 de agosto, a las 5:00 p.m., en el Parque Biblioteca Presbi\u0301tero Jose\u0301 Luis Arroyave en San Javier, sera\u0301 el turno para las comunas 11 (Laureles &#8211; Estadio), 12 (La Ame\u0301rica) y 13 (San Javier). El 14, a las 5:00 p. m., se reunira\u0301n las comunas 5 (Castilla), 6 (Doce de Octubre) y 7 (Robledo) en la UVA Sin Fronteras (Castilla). El u\u0301ltimo encuentro, el 15, sera\u0301 para las comunas 8 (Villa Hermosa), 9 (Buenos Aires) y 10 (La Candelaria) en la Gerencia E\u0301tnica.<\/p>\n<\/div>\n<\/div>\n<\/div>\n","protected":false},"excerpt":{"rendered":"<p>A trave\u0301s de encuentros por las diferentes comunas de Medelli\u0301n, continu\u0301a la actualizacio\u0301n de la Poli\u0301tica Pu\u0301blica LGBTI para garantizar los derechos y la dignidad de las personas con orientaciones sexuales, identidades y expresiones de &#8230;<\/p>\n","protected":false},"author":84,"featured_media":332808,"comment_status":"open","ping_status":"open","sticky":false,"template":"","format":"standard","meta":[],"categories":[534],"tags":[634,438],"formato_nota":[],"programas_tax":[],"acf":[],"_links":{"self":[{"href":"https:\/\/www.medellin.gov.co\/es\/wp-json\/wp\/v2\/posts\/332794"}],"collection":[{"href":"https:\/\/www.medellin.gov.co\/es\/wp-json\/wp\/v2\/posts"}],"about":[{"href":"https:\/\/www.medellin.gov.co\/es\/wp-json\/wp\/v2\/types\/post"}],"author":[{"embeddable":true,"href":"https:\/\/www.medellin.gov.co\/es\/wp-json\/wp\/v2\/users\/84"}],"replies":[{"embeddable":true,"href":"https:\/\/www.medellin.gov.co\/es\/wp-json\/wp\/v2\/comments?post=332794"}],"version-history":[{"count":1,"href":"https:\/\/www.medellin.gov.co\/es\/wp-json\/wp\/v2\/posts\/332794\/revisions"}],"predecessor-version":[{"id":332822,"href":"https:\/\/www.medellin.gov.co\/es\/wp-json\/wp\/v2\/posts\/332794\/revisions\/332822"}],"wp:featuredmedia":[{"embeddable":true,"href":"https:\/\/www.medellin.gov.co\/es\/wp-json\/wp\/v2\/media\/332808"}],"wp:attachment":[{"href":"https:\/\/www.medellin.gov.co\/es\/wp-json\/wp\/v2\/media?parent=332794"}],"wp:term":[{"taxonomy":"category","embeddable":true,"href":"https:\/\/www.medellin.gov.co\/es\/wp-json\/wp\/v2\/categories?post=332794"},{"taxonomy":"post_tag","embeddable":true,"href":"https:\/\/www.medellin.gov.co\/es\/wp-json\/wp\/v2\/tags?post=332794"},{"taxonomy":"formato_nota","embeddable":true,"href":"https:\/\/www.medellin.gov.co\/es\/wp-json\/wp\/v2\/formato_nota?post=332794"},{"taxonomy":"programas_tax","embeddable":true,"href":"https:\/\/www.medellin.gov.co\/es\/wp-json\/wp\/v2\/programas_tax?post=332794"}],"curies":[{"name":"wp","href":"https:\/\/api.w.org\/{rel}","templated":true}]}}