{"id":332824,"date":"2024-08-12T14:23:45","date_gmt":"2024-08-12T19:23:45","guid":{"rendered":"https:\/\/www.medellin.gov.co\/es\/?p=332824"},"modified":"2024-08-12T14:23:45","modified_gmt":"2024-08-12T19:23:45","slug":"cerca-de-3-000-personas-se-formaran-en-tecnologia-gracias-a-alianza-con-mintic-y-la-organizacion-internacional-del-trabajo","status":"publish","type":"post","link":"https:\/\/www.medellin.gov.co\/es\/sala-de-prensa\/noticias\/cerca-de-3-000-personas-se-formaran-en-tecnologia-gracias-a-alianza-con-mintic-y-la-organizacion-internacional-del-trabajo\/","title":{"rendered":"Cerca de 3.000 personas se formar\u00e1n en tecnolog\u00eda, gracias a alianza con MinTIC y la Organizaci\u00f3n Internacional del Trabajo"},"content":{"rendered":"<div class=\"page\" title=\"Page 1\">\n<div class=\"layoutArea\">\n<div class=\"column\">\n<p><em><strong>Se ofrecera\u0301n cursos cortos en desarrollo, lenguajes de programacio\u0301n, tecnologi\u0301as emergentes, experiencia digital y gestio\u0301n de proyectos.<\/strong><\/em><\/p>\n<p><em><strong>Los interesados pueden inscribirse en <a href=\"https:\/\/info.rutanmedellin.org\/formacionsenatec\" target=\"_blank\" rel=\"noopener\">https:\/\/info.rutanmedellin.org\/formacionsenatec<\/a>, del 6 al 27 de agosto.<\/strong><\/em><\/p>\n<!--[if lt IE 9]><script>document.createElement('audio');<\/script><![endif]-->\n\t<div class=\"wp-playlist wp-audio-playlist wp-playlist-light\">\n\t\t\t<div class=\"wp-playlist-current-item\"><\/div>\n\t\t<audio controls=\"controls\" preload=\"none\" width=\"640\"\n\t\t\t><\/audio>\n\t<div class=\"wp-playlist-next\"><\/div>\n\t<div class=\"wp-playlist-prev\"><\/div>\n\t<noscript>\n\t<ol>\n\t\t<li><a href='https:\/\/www.medellin.gov.co\/es\/wp-content\/uploads\/2024\/08\/Formacion-en-tecnologia-MinTic-OIT-01.mp3'>Palabras de Carolina Londo\u00f1o, directora ejecutiva de Ruta N<\/a><\/li>\t<\/ol>\n\t<\/noscript>\n\t<script type=\"application\/json\" class=\"wp-playlist-script\">{\"type\":\"audio\",\"tracklist\":true,\"tracknumbers\":true,\"images\":true,\"artists\":true,\"tracks\":[{\"src\":\"https:\\\/\\\/www.medellin.gov.co\\\/es\\\/wp-content\\\/uploads\\\/2024\\\/08\\\/Formacion-en-tecnologia-MinTic-OIT-01.mp3\",\"type\":\"audio\\\/mpeg\",\"title\":\"Palabras de Carolina Londo\\u00f1o, directora ejecutiva de Ruta N\",\"caption\":\"\",\"description\":\"\\u00abPalabras de Carolina Londo\\u00f1o, directora ejecutiva de Ruta N\\u00bb.\",\"meta\":{\"length_formatted\":\"0:33\"},\"image\":{\"src\":\"https:\\\/\\\/www.medellin.gov.co\\\/es\\\/wp-includes\\\/images\\\/media\\\/audio.png\",\"width\":48,\"height\":64},\"thumb\":{\"src\":\"https:\\\/\\\/www.medellin.gov.co\\\/es\\\/wp-includes\\\/images\\\/media\\\/audio.png\",\"width\":48,\"height\":64}}]}<\/script>\n<\/div>\n\t\n<p>En una apuesta por fortalecer las competencias tecnolo\u0301gicas de los ciudadanos, la Alcaldi\u0301a de Medelli\u0301n, por medio de Ruta N, en alianza con el Ministerio de Tecnologi\u0301as de la Informacio\u0301n y las Comunicaciones (MinTIC) y la Organizacio\u0301n Internacional del Trabajo (OIT) realizara\u0301n el programa de formacio\u0301n Senatec, que beneficiara\u0301 a cerca de 3.000 personas. Los interesados pueden inscribirse del 6 al 27 de agosto a trave\u0301s de <a href=\"https:\/\/info.rutanmedellin.org\/formacionsenatec\">https:\/\/info.rutanmedellin.org\/formacionsenatec<\/a>.<\/p>\n<div id=\"attachment_332838\" style=\"width: 1210px\" class=\"wp-caption alignnone\"><a href=\"https:\/\/www.medellin.gov.co\/es\/wp-content\/uploads\/2024\/08\/Formacion-en-tecnologia-MinTic-OIT-3.jpg\" target=\"_blank\" rel=\"noopener\"><img aria-describedby=\"caption-attachment-332838\" loading=\"lazy\" class=\"wp-image-332838 size-full\" title=\"Cerca de 3.000 personas se formar\u00e1n en tecnolog\u00eda, gracias a alianza con MinTIC y la Organizaci\u00f3n Internacional del Trabajo\" src=\"https:\/\/www.medellin.gov.co\/es\/wp-content\/uploads\/2024\/08\/Formacion-en-tecnologia-MinTic-OIT-3.jpg\" alt=\"Cerca de 3.000 personas se formar\u00e1n en tecnolog\u00eda, gracias a alianza con MinTIC y la Organizaci\u00f3n Internacional del Trabajo\" width=\"1200\" height=\"702\" srcset=\"https:\/\/www.medellin.gov.co\/es\/wp-content\/uploads\/2024\/08\/Formacion-en-tecnologia-MinTic-OIT-3.jpg 1200w, https:\/\/www.medellin.gov.co\/es\/wp-content\/uploads\/2024\/08\/Formacion-en-tecnologia-MinTic-OIT-3-300x176.jpg 300w, https:\/\/www.medellin.gov.co\/es\/wp-content\/uploads\/2024\/08\/Formacion-en-tecnologia-MinTic-OIT-3-1024x599.jpg 1024w, https:\/\/www.medellin.gov.co\/es\/wp-content\/uploads\/2024\/08\/Formacion-en-tecnologia-MinTic-OIT-3-150x88.jpg 150w, https:\/\/www.medellin.gov.co\/es\/wp-content\/uploads\/2024\/08\/Formacion-en-tecnologia-MinTic-OIT-3-768x449.jpg 768w\" sizes=\"(max-width: 1200px) 100vw, 1200px\" \/><\/a><p id=\"caption-attachment-332838\" class=\"wp-caption-text\">Cerca de 3.000 personas se formar\u00e1n en tecnolog\u00eda, gracias a alianza con MinTIC y la Organizaci\u00f3n Internacional del Trabajo &#8211; Foto alcaldia de Medell\u00edn<\/p><\/div>\n<p>\u00ab<em>Esta es una iniciativa que refleja nuestro compromiso con el fortalecimiento de las competencias tecnolo\u0301gicas en Medelli\u0301n y Colombia. No solo estamos potenciando el talento TI local, sino tambie\u0301n ofreciendo una formacio\u0301n ajustada a la demanda de las empresas nacionales e internacionales y certificada por li\u0301deres globales del sector<\/em>\u00ab, afirmo\u0301 la directora ejecutiva de Ruta N, Carolina London\u0303o.<\/p>\n<p>Para participar es necesario tener ma\u0301s de 14 an\u0303os, documento de identificacio\u0301n va\u0301lido, una direccio\u0301n de correo electro\u0301nico propia y ser ciudadano colombiano. Adicionalmente, un nu\u0301mero celular activo, disponibilidad de 10 horas semanales, acceso a un computador y conexio\u0301n estable a internet.<\/p>\n<div id=\"attachment_332830\" style=\"width: 1210px\" class=\"wp-caption alignnone\"><a href=\"https:\/\/www.medellin.gov.co\/es\/wp-content\/uploads\/2024\/08\/Formacion-en-tecnologia-MinTic-OIT-1.jpg\" target=\"_blank\" rel=\"noopener\"><img aria-describedby=\"caption-attachment-332830\" loading=\"lazy\" class=\"wp-image-332830 size-full\" title=\"Cerca de 3.000 personas se formar\u00e1n en tecnolog\u00eda, gracias a alianza con MinTIC y la Organizaci\u00f3n Internacional del Trabajo\" src=\"https:\/\/www.medellin.gov.co\/es\/wp-content\/uploads\/2024\/08\/Formacion-en-tecnologia-MinTic-OIT-1.jpg\" alt=\"Cerca de 3.000 personas se formar\u00e1n en tecnolog\u00eda, gracias a alianza con MinTIC y la Organizaci\u00f3n Internacional del Trabajo\" width=\"1200\" height=\"948\" srcset=\"https:\/\/www.medellin.gov.co\/es\/wp-content\/uploads\/2024\/08\/Formacion-en-tecnologia-MinTic-OIT-1.jpg 1200w, https:\/\/www.medellin.gov.co\/es\/wp-content\/uploads\/2024\/08\/Formacion-en-tecnologia-MinTic-OIT-1-300x237.jpg 300w, https:\/\/www.medellin.gov.co\/es\/wp-content\/uploads\/2024\/08\/Formacion-en-tecnologia-MinTic-OIT-1-1024x809.jpg 1024w, https:\/\/www.medellin.gov.co\/es\/wp-content\/uploads\/2024\/08\/Formacion-en-tecnologia-MinTic-OIT-1-150x119.jpg 150w, https:\/\/www.medellin.gov.co\/es\/wp-content\/uploads\/2024\/08\/Formacion-en-tecnologia-MinTic-OIT-1-768x607.jpg 768w\" sizes=\"(max-width: 1200px) 100vw, 1200px\" \/><\/a><p id=\"caption-attachment-332830\" class=\"wp-caption-text\">Cerca de 3.000 personas se formar\u00e1n en tecnolog\u00eda, gracias a alianza con MinTIC y la Organizaci\u00f3n Internacional del Trabajo<\/p><\/div>\n<p>Las personas aprendera\u0301n de desarrollo, lenguajes de programacio\u0301n, tecnologi\u0301as emergentes, experiencia digital, gestio\u0301n de proyectos, blockchain, inteligencia artificial (IA) y manejo de datos, entre otros. Adema\u0301s, la formacio\u0301n sera\u0301 certificada por organizaciones como Google, Microsoft, Meta e IBM.<\/p>\n<\/div>\n<\/div>\n<\/div>\n","protected":false},"excerpt":{"rendered":"<p>Se ofrecera\u0301n cursos cortos en desarrollo, lenguajes de programacio\u0301n, tecnologi\u0301as emergentes, experiencia digital y gestio\u0301n de proyectos. Los interesados pueden inscribirse en https:\/\/info.rutanmedellin.org\/formacionsenatec, del 6 al 27 de agosto. En una apuesta por fortalecer las &#8230;<\/p>\n","protected":false},"author":84,"featured_media":332840,"comment_status":"open","ping_status":"open","sticky":false,"template":"","format":"standard","meta":[],"categories":[17],"tags":[455,692],"formato_nota":[],"programas_tax":[],"acf":[],"_links":{"self":[{"href":"https:\/\/www.medellin.gov.co\/es\/wp-json\/wp\/v2\/posts\/332824"}],"collection":[{"href":"https:\/\/www.medellin.gov.co\/es\/wp-json\/wp\/v2\/posts"}],"about":[{"href":"https:\/\/www.medellin.gov.co\/es\/wp-json\/wp\/v2\/types\/post"}],"author":[{"embeddable":true,"href":"https:\/\/www.medellin.gov.co\/es\/wp-json\/wp\/v2\/users\/84"}],"replies":[{"embeddable":true,"href":"https:\/\/www.medellin.gov.co\/es\/wp-json\/wp\/v2\/comments?post=332824"}],"version-history":[{"count":2,"href":"https:\/\/www.medellin.gov.co\/es\/wp-json\/wp\/v2\/posts\/332824\/revisions"}],"predecessor-version":[{"id":332845,"href":"https:\/\/www.medellin.gov.co\/es\/wp-json\/wp\/v2\/posts\/332824\/revisions\/332845"}],"wp:featuredmedia":[{"embeddable":true,"href":"https:\/\/www.medellin.gov.co\/es\/wp-json\/wp\/v2\/media\/332840"}],"wp:attachment":[{"href":"https:\/\/www.medellin.gov.co\/es\/wp-json\/wp\/v2\/media?parent=332824"}],"wp:term":[{"taxonomy":"category","embeddable":true,"href":"https:\/\/www.medellin.gov.co\/es\/wp-json\/wp\/v2\/categories?post=332824"},{"taxonomy":"post_tag","embeddable":true,"href":"https:\/\/www.medellin.gov.co\/es\/wp-json\/wp\/v2\/tags?post=332824"},{"taxonomy":"formato_nota","embeddable":true,"href":"https:\/\/www.medellin.gov.co\/es\/wp-json\/wp\/v2\/formato_nota?post=332824"},{"taxonomy":"programas_tax","embeddable":true,"href":"https:\/\/www.medellin.gov.co\/es\/wp-json\/wp\/v2\/programas_tax?post=332824"}],"curies":[{"name":"wp","href":"https:\/\/api.w.org\/{rel}","templated":true}]}}