{"id":332865,"date":"2024-08-12T17:52:16","date_gmt":"2024-08-12T22:52:16","guid":{"rendered":"https:\/\/www.medellin.gov.co\/es\/?p=332865"},"modified":"2024-08-12T17:52:16","modified_gmt":"2024-08-12T22:52:16","slug":"la-feria-de-las-flores-volvio-a-ser-de-la-gente","status":"publish","type":"post","link":"https:\/\/www.medellin.gov.co\/es\/sala-de-prensa\/noticias\/la-feria-de-las-flores-volvio-a-ser-de-la-gente\/","title":{"rendered":"La Feria de las Flores volvi\u00f3 a ser de la gente"},"content":{"rendered":"<ul>\n<li class=\"p1\"><b>Alrededor de 2.100.000 personas disfrutaron de m\u00e1s de 100 eventos con <\/b><b>entrada libre.<\/b><\/li>\n<li class=\"p1\"><b>La feria dej\u00f3 una derrama econ\u00f3mica superior a 42.1 millones de d\u00f3lares y <\/b><b>una ocupaci\u00f3n hotelera de 77.6 %.<\/b><\/li>\n<li class=\"p1\"><b>M\u00e1s de 3.200 artistas estuvieron en los escenarios en barrios y <\/b><b>corregimientos.<\/b><\/li>\n<li class=\"p1\"><b>En cuanto a la seguridad, una de las cifras m\u00e1s positivas fue la reducci\u00f3n <\/b><b>de 70 % en el n\u00famero de homicidios.<\/b><\/li>\n<\/ul>\n<!--[if lt IE 9]><script>document.createElement('audio');<\/script><![endif]-->\n\t<div class=\"wp-playlist wp-audio-playlist wp-playlist-light\">\n\t\t\t<div class=\"wp-playlist-current-item\"><\/div>\n\t\t<audio controls=\"controls\" preload=\"none\" width=\"640\"\n\t\t\t><\/audio>\n\t<div class=\"wp-playlist-next\"><\/div>\n\t<div class=\"wp-playlist-prev\"><\/div>\n\t<noscript>\n\t<ol>\n\t\t<li><a href='https:\/\/www.medellin.gov.co\/es\/wp-content\/uploads\/2024\/08\/La-feria-de-las-flores-volvio-a-ser-de-la-gente-01.mp3'>Palabras de Federico Guti\u00e9rrez Zuluaga, alcalde de Medell\u00edn (Intervenci\u00f3n 1)<\/a><\/li><li><a href='https:\/\/www.medellin.gov.co\/es\/wp-content\/uploads\/2024\/08\/La-feria-de-las-flores-volvio-a-ser-de-la-gente-02.mp3'>Palabras de Federico Guti\u00e9rrez Zuluaga, alcalde de Medell\u00edn (Intervenci\u00f3n 2)<\/a><\/li><li><a href='https:\/\/www.medellin.gov.co\/es\/wp-content\/uploads\/2024\/08\/La-feria-de-las-flores-volvio-a-ser-de-la-gente-03.mp3'>Palabras de Federico Guti\u00e9rrez Zuluaga, alcalde de Medell\u00edn (Intervenci\u00f3n 3)<\/a><\/li><li><a href='https:\/\/www.medellin.gov.co\/es\/wp-content\/uploads\/2024\/08\/La-feria-de-las-flores-volvio-a-ser-de-la-gente-04.mp3'>Palabras de Federico Guti\u00e9rrez Zuluaga, alcalde de Medell\u00edn (Intervenci\u00f3n 4)<\/a><\/li>\t<\/ol>\n\t<\/noscript>\n\t<script type=\"application\/json\" class=\"wp-playlist-script\">{\"type\":\"audio\",\"tracklist\":true,\"tracknumbers\":true,\"images\":true,\"artists\":true,\"tracks\":[{\"src\":\"https:\\\/\\\/www.medellin.gov.co\\\/es\\\/wp-content\\\/uploads\\\/2024\\\/08\\\/La-feria-de-las-flores-volvio-a-ser-de-la-gente-01.mp3\",\"type\":\"audio\\\/mpeg\",\"title\":\"Palabras de Federico Guti\\u00e9rrez Zuluaga, alcalde de Medell\\u00edn (Intervenci\\u00f3n 1)\",\"caption\":\"\",\"description\":\"\\u00abPalabras de Federico Guti\\u00e9rrez Zuluaga, alcalde de Medell\\u00edn (Intervenci\\u00f3n 1)\\u00bb.\",\"meta\":{\"length_formatted\":\"7:11\"},\"image\":{\"src\":\"https:\\\/\\\/www.medellin.gov.co\\\/es\\\/wp-includes\\\/images\\\/media\\\/audio.png\",\"width\":48,\"height\":64},\"thumb\":{\"src\":\"https:\\\/\\\/www.medellin.gov.co\\\/es\\\/wp-includes\\\/images\\\/media\\\/audio.png\",\"width\":48,\"height\":64}},{\"src\":\"https:\\\/\\\/www.medellin.gov.co\\\/es\\\/wp-content\\\/uploads\\\/2024\\\/08\\\/La-feria-de-las-flores-volvio-a-ser-de-la-gente-02.mp3\",\"type\":\"audio\\\/mpeg\",\"title\":\"Palabras de Federico Guti\\u00e9rrez Zuluaga, alcalde de Medell\\u00edn (Intervenci\\u00f3n 2)\",\"caption\":\"\",\"description\":\"\\u00abPalabras de Federico Guti\\u00e9rrez Zuluaga, alcalde de Medell\\u00edn (Intervenci\\u00f3n 2)\\u00bb.\",\"meta\":{\"length_formatted\":\"3:23\"},\"image\":{\"src\":\"https:\\\/\\\/www.medellin.gov.co\\\/es\\\/wp-includes\\\/images\\\/media\\\/audio.png\",\"width\":48,\"height\":64},\"thumb\":{\"src\":\"https:\\\/\\\/www.medellin.gov.co\\\/es\\\/wp-includes\\\/images\\\/media\\\/audio.png\",\"width\":48,\"height\":64}},{\"src\":\"https:\\\/\\\/www.medellin.gov.co\\\/es\\\/wp-content\\\/uploads\\\/2024\\\/08\\\/La-feria-de-las-flores-volvio-a-ser-de-la-gente-03.mp3\",\"type\":\"audio\\\/mpeg\",\"title\":\"Palabras de Federico Guti\\u00e9rrez Zuluaga, alcalde de Medell\\u00edn (Intervenci\\u00f3n 3)\",\"caption\":\"\",\"description\":\"\\u00abPalabras de Federico Guti\\u00e9rrez Zuluaga, alcalde de Medell\\u00edn (Intervenci\\u00f3n 3)\\u00bb.\",\"meta\":{\"length_formatted\":\"7:15\"},\"image\":{\"src\":\"https:\\\/\\\/www.medellin.gov.co\\\/es\\\/wp-includes\\\/images\\\/media\\\/audio.png\",\"width\":48,\"height\":64},\"thumb\":{\"src\":\"https:\\\/\\\/www.medellin.gov.co\\\/es\\\/wp-includes\\\/images\\\/media\\\/audio.png\",\"width\":48,\"height\":64}},{\"src\":\"https:\\\/\\\/www.medellin.gov.co\\\/es\\\/wp-content\\\/uploads\\\/2024\\\/08\\\/La-feria-de-las-flores-volvio-a-ser-de-la-gente-04.mp3\",\"type\":\"audio\\\/mpeg\",\"title\":\"Palabras de Federico Guti\\u00e9rrez Zuluaga, alcalde de Medell\\u00edn (Intervenci\\u00f3n 4)\",\"caption\":\"\",\"description\":\"\\u00abPalabras de Federico Guti\\u00e9rrez Zuluaga, alcalde de Medell\\u00edn (Intervenci\\u00f3n 4)\\u00bb.\",\"meta\":{\"length_formatted\":\"2:01\"},\"image\":{\"src\":\"https:\\\/\\\/www.medellin.gov.co\\\/es\\\/wp-includes\\\/images\\\/media\\\/audio.png\",\"width\":48,\"height\":64},\"thumb\":{\"src\":\"https:\\\/\\\/www.medellin.gov.co\\\/es\\\/wp-includes\\\/images\\\/media\\\/audio.png\",\"width\":48,\"height\":64}}]}<\/script>\n<\/div>\n\t\n<p class=\"p1\">En la Feria de las Flores Medell\u00edn Te Quiere 2024, a lo largo de 10 d\u00edas,\u00a02.100.000 personas disfrutaron de m\u00e1s de 100 eventos con entrada libre, en los\u00a0que se presentaron unos 3.200 artistas. Cerca de 40.000 personas estuvieron en\u00a0el concierto inaugural en el sector Obelisco. La feria culmin\u00f3 con el Desfile de\u00a0Silleteros, con m\u00e1s de 1.300.000 participantes, entre residentes y turistas.<\/p>\n<p class=\"p1\">En los tablados de San Antonio de Prado, Altavista, San Sebasti\u00e1n de Palmitas,\u00a0Santa Elena, Aranjuez, la Feria de Ganado, Bel\u00e9n, La Floresta y La Milagrosa se\u00a0cont\u00f3 con m\u00e1s de 83.000 asistentes.<\/p>\n<div id=\"attachment_332869\" style=\"width: 1210px\" class=\"wp-caption alignnone\"><a href=\"https:\/\/www.medellin.gov.co\/es\/wp-content\/uploads\/2024\/08\/La-feria-de-las-flores-volvio-a-ser-de-la-gente-1.jpg\" target=\"_blank\" rel=\"noopener\"><img aria-describedby=\"caption-attachment-332869\" loading=\"lazy\" class=\"wp-image-332869 size-full\" title=\"La Feria de las Flores volvi\u00f3 a ser de la gente\" src=\"https:\/\/www.medellin.gov.co\/es\/wp-content\/uploads\/2024\/08\/La-feria-de-las-flores-volvio-a-ser-de-la-gente-1.jpg\" alt=\"La Feria de las Flores volvi\u00f3 a ser de la gente\" width=\"1200\" height=\"801\" srcset=\"https:\/\/www.medellin.gov.co\/es\/wp-content\/uploads\/2024\/08\/La-feria-de-las-flores-volvio-a-ser-de-la-gente-1.jpg 1200w, https:\/\/www.medellin.gov.co\/es\/wp-content\/uploads\/2024\/08\/La-feria-de-las-flores-volvio-a-ser-de-la-gente-1-300x200.jpg 300w, https:\/\/www.medellin.gov.co\/es\/wp-content\/uploads\/2024\/08\/La-feria-de-las-flores-volvio-a-ser-de-la-gente-1-1024x684.jpg 1024w, https:\/\/www.medellin.gov.co\/es\/wp-content\/uploads\/2024\/08\/La-feria-de-las-flores-volvio-a-ser-de-la-gente-1-150x100.jpg 150w, https:\/\/www.medellin.gov.co\/es\/wp-content\/uploads\/2024\/08\/La-feria-de-las-flores-volvio-a-ser-de-la-gente-1-768x513.jpg 768w\" sizes=\"(max-width: 1200px) 100vw, 1200px\" \/><\/a><p id=\"caption-attachment-332869\" class=\"wp-caption-text\">La Feria de las Flores volvi\u00f3 a ser de la gente &#8211; Foto alcaldia de Medell\u00edn<\/p><\/div>\n<p class=\"p1\">En las cinco noches del Parque Cultural Nocturno, en la Plaza Gardel del\u00a0aeropuerto Olaya Herrera, 34.700 personas disfrutaron de 29 artistas y sus\u00a0agrupaciones. Mientras que las Plazas de Flores de Parque Norte, Parques del\u00a0R\u00edo, aeroparque Juan Pablo II, Miraflores y Ciudad del R\u00edo albergaron a 103.250\u00a0personas.<\/p>\n<p class=\"p1\">El Festival Nacional de la Trova Ciudad de Medell\u00edn cumpli\u00f3 20 a\u00f1os y en sus\u00a0dos jornadas (semifinal y final) reuni\u00f3 a 26.000 amantes del repentismo y la\u00a0cultura antioque\u00f1a.<\/p>\n<p class=\"p1\">A la Caminata Canina llegaron 50.000 personas y 15.000 mascotas, a Chivas y\u00a0Flores 30.000 personas y al Desfile de Autos Cl\u00e1sicos y Antiguos otras 80.000.<\/p>\n<div id=\"attachment_332882\" style=\"width: 1210px\" class=\"wp-caption alignnone\"><a href=\"https:\/\/www.medellin.gov.co\/es\/wp-content\/uploads\/2024\/08\/La-feria-de-las-flores-volvio-a-ser-de-la-gente-4.jpg\" target=\"_blank\" rel=\"noopener\"><img aria-describedby=\"caption-attachment-332882\" loading=\"lazy\" class=\"wp-image-332882 size-full\" title=\"La Feria de las Flores volvi\u00f3 a ser de la gente\" src=\"https:\/\/www.medellin.gov.co\/es\/wp-content\/uploads\/2024\/08\/La-feria-de-las-flores-volvio-a-ser-de-la-gente-4.jpg\" alt=\"La Feria de las Flores volvi\u00f3 a ser de la gente\" width=\"1200\" height=\"801\" srcset=\"https:\/\/www.medellin.gov.co\/es\/wp-content\/uploads\/2024\/08\/La-feria-de-las-flores-volvio-a-ser-de-la-gente-4.jpg 1200w, https:\/\/www.medellin.gov.co\/es\/wp-content\/uploads\/2024\/08\/La-feria-de-las-flores-volvio-a-ser-de-la-gente-4-300x200.jpg 300w, https:\/\/www.medellin.gov.co\/es\/wp-content\/uploads\/2024\/08\/La-feria-de-las-flores-volvio-a-ser-de-la-gente-4-1024x684.jpg 1024w, https:\/\/www.medellin.gov.co\/es\/wp-content\/uploads\/2024\/08\/La-feria-de-las-flores-volvio-a-ser-de-la-gente-4-150x100.jpg 150w, https:\/\/www.medellin.gov.co\/es\/wp-content\/uploads\/2024\/08\/La-feria-de-las-flores-volvio-a-ser-de-la-gente-4-768x513.jpg 768w\" sizes=\"(max-width: 1200px) 100vw, 1200px\" \/><\/a><p id=\"caption-attachment-332882\" class=\"wp-caption-text\">La Feria de las Flores volvi\u00f3 a ser de la gente<\/p><\/div>\n<p class=\"p1\">Entre las novedades estuvo el desfile de carrozas y comparsas \u2018Avenida\u00a0Primavera: Calles, Ritmos y Flores\u2019, un homenaje a los g\u00e9neros musicales que le\u00a0han dejado un legado a Medell\u00edn como el tropical, la salsa, el vallenato, el\u00a0popular y el urbano, con un p\u00fablico superior a las 200.000 personas a lo largo\u00a0del recorrido.<\/p>\n<p class=\"p1\">Calle de los Artistas, Feria al Ritmo de Bici, Zona que Suena, Cultura Parque,\u00a0Mercado de Sanalejo y Museo de la Calle, entre otros, reunieron a m\u00e1s de\u00a020.000 personas.<\/p>\n<p class=\"p1\"><i>\u201cQuiero agradecerle a toda la ciudadan\u00eda por su buen comportamiento. Esta fue\u00a0<\/i><i>una Feria de las Flores que volvi\u00f3 a ser para la gente, en la que volvimos a\u00a0<\/i><i>poner a los silleteros en lo m\u00e1s alto del pedestal, que es lo que nosotros\u00a0<\/i><i>quer\u00edamos. Esta fue una feria que volvi\u00f3 a las calles, a los barrios, que recuper\u00f3\u00a0<\/i><i>la esencia; volvi\u00f3 lo nuestro. En cuanto a derrama econ\u00f3mica y participaci\u00f3n de\u00a0<\/i><i>la gente, el balance es muy positivo, as\u00ed como en lo que tiene que ver con la\u00a0<\/i><i>seguridad\u201d,<\/i> dijo el alcalde Federico Guti\u00e9rrez Zuluaga.<\/p>\n<p class=\"p1\">A la ciudad llegaron 291.110 visitantes, as\u00ed: por punto migratorio del Aeropuerto\u00a0Jos\u00e9 Mar\u00eda C\u00f3rdova el reporte fue de 51.558 pasajeros, de los cuales 21.605\u00a0fueron nacionales y 29.953 internacionales. Es decir, un incremento de 6.2 %\u00a0comparado con el a\u00f1o anterior. Otros 239.552 llegaron por las dos terminales de\u00a0transporte terrestre.<\/p>\n<p class=\"p1\">Se destaca el crecimiento de los visitantes extranjeros en 9.5 % m\u00e1s en\u00a0comparaci\u00f3n con el a\u00f1o anterior.<\/p>\n<p class=\"p1\">Seg\u00fan el informe preliminar de Cotelco Antioquia, se hospedaron 10.359 turistas\u00a0nacionales y, de acuerdo con las encuestas realizadas por el Sistema de\u00a0Inteligencia Tur\u00edstica de Medell\u00edn (SIT), el 37.6 % manifest\u00f3 haberse alojado en\u00a0vivienda tur\u00edstica.<\/p>\n<p class=\"p1\">Conforme con los datos de gasto promedio arrojados por las encuestas, la\u00a0estad\u00eda promedio y la cantidad de visitantes que asistieron al evento, se calcula\u00a0un gasto tur\u00edstico cercano a los 42.1 millones de d\u00f3lares y una ocupaci\u00f3n\u00a0hotelera preliminar de 77.6 %.<\/p>\n<p class=\"p1\">Durante los d\u00edas de feria, la Secretar\u00eda de Movilidad dispuso 440 agentes de\u00a0tr\u00e1nsito para cubrir 86 eventos con cierres viales o acompa\u00f1amiento. Se\u00a0desarrollaron 268 intervenciones programadas, 33 de ellas con participaci\u00f3n de\u00a0otras dependencias del Distrito, y cinco operativos de embriaguez. Se\u00a0impusieron 2.775 comparendos y se inmovilizaron 833 veh\u00edculos.<\/p>\n<div id=\"attachment_332876\" style=\"width: 1210px\" class=\"wp-caption alignnone\"><a href=\"https:\/\/www.medellin.gov.co\/es\/wp-content\/uploads\/2024\/08\/La-feria-de-las-flores-volvio-a-ser-de-la-gente-3.jpg\" target=\"_blank\" rel=\"noopener\"><img aria-describedby=\"caption-attachment-332876\" loading=\"lazy\" class=\"wp-image-332876 size-full\" title=\"La Feria de las Flores volvi\u00f3 a ser de la gente\" src=\"https:\/\/www.medellin.gov.co\/es\/wp-content\/uploads\/2024\/08\/La-feria-de-las-flores-volvio-a-ser-de-la-gente-3.jpg\" alt=\"La Feria de las Flores volvi\u00f3 a ser de la gente\" width=\"1200\" height=\"801\" srcset=\"https:\/\/www.medellin.gov.co\/es\/wp-content\/uploads\/2024\/08\/La-feria-de-las-flores-volvio-a-ser-de-la-gente-3.jpg 1200w, https:\/\/www.medellin.gov.co\/es\/wp-content\/uploads\/2024\/08\/La-feria-de-las-flores-volvio-a-ser-de-la-gente-3-300x200.jpg 300w, https:\/\/www.medellin.gov.co\/es\/wp-content\/uploads\/2024\/08\/La-feria-de-las-flores-volvio-a-ser-de-la-gente-3-1024x684.jpg 1024w, https:\/\/www.medellin.gov.co\/es\/wp-content\/uploads\/2024\/08\/La-feria-de-las-flores-volvio-a-ser-de-la-gente-3-150x100.jpg 150w, https:\/\/www.medellin.gov.co\/es\/wp-content\/uploads\/2024\/08\/La-feria-de-las-flores-volvio-a-ser-de-la-gente-3-768x513.jpg 768w\" sizes=\"(max-width: 1200px) 100vw, 1200px\" \/><\/a><p id=\"caption-attachment-332876\" class=\"wp-caption-text\">La Feria de las Flores volvi\u00f3 a ser de la gente<\/p><\/div>\n<p class=\"p1\">Una de las cifras m\u00e1s positivas fue la reducci\u00f3n de 70 % en el n\u00famero de homicidios, con 11 casos menos con respecto a la feria de 2023, cuando se\u00a0presentaron 14.<\/p>\n<p class=\"p1\">En cuanto a hurtos, durante estos 10 d\u00edas se registraron 575 casos menos en\u00a0comparaci\u00f3n con el mismo periodo pasado, lo que se traduce en una reducci\u00f3n\u00a0de 74 %.<\/p>\n<p class=\"p1\">Con m\u00e1s de 1.600 hombres y mujeres en servicio, entre personal operativo,\u00a0administrativo, supervisi\u00f3n y voluntarios, Emvarias Grupo EPM estuvo presente\u00a0antes, durante y despu\u00e9s en m\u00e1s de 40 eventos. Se recolectaron 75 toneladas\u00a0de residuos ordinarios y, para promover una feria sostenible, se captaron 15\u00a0toneladas de material aprovechable, entre latas, botellas pl\u00e1sticas, cart\u00f3n, papel\u00a0y vidrio, lo que gener\u00f3 un 20 % de reciclaje con respecto a la totalidad de\u00a0residuos s\u00f3lidos contabilizados.<\/p>\n<p class=\"p1\">La pr\u00f3xima edici\u00f3n de la feria, que se realizar\u00e1 del 1 al 10 de agosto de 2025,\u00a0espera superar las expectativas y cifras alcanzadas esta vez, las cuales\u00a0demostraron que a Medell\u00edn regres\u00f3 la confianza y que la capital antioque\u00f1a\u00a0volvi\u00f3 a florecer junto a su gente.<\/p>\n","protected":false},"excerpt":{"rendered":"<p>Alrededor de 2.100.000 personas disfrutaron de m\u00e1s de 100 eventos con entrada libre. La feria dej\u00f3 una derrama econ\u00f3mica superior a 42.1 millones de d\u00f3lares y una ocupaci\u00f3n hotelera de 77.6 %. M\u00e1s de 3.200 &#8230;<\/p>\n","protected":false},"author":84,"featured_media":332873,"comment_status":"open","ping_status":"open","sticky":false,"template":"","format":"standard","meta":[],"categories":[31],"tags":[634,444,429],"formato_nota":[],"programas_tax":[],"acf":[],"_links":{"self":[{"href":"https:\/\/www.medellin.gov.co\/es\/wp-json\/wp\/v2\/posts\/332865"}],"collection":[{"href":"https:\/\/www.medellin.gov.co\/es\/wp-json\/wp\/v2\/posts"}],"about":[{"href":"https:\/\/www.medellin.gov.co\/es\/wp-json\/wp\/v2\/types\/post"}],"author":[{"embeddable":true,"href":"https:\/\/www.medellin.gov.co\/es\/wp-json\/wp\/v2\/users\/84"}],"replies":[{"embeddable":true,"href":"https:\/\/www.medellin.gov.co\/es\/wp-json\/wp\/v2\/comments?post=332865"}],"version-history":[{"count":3,"href":"https:\/\/www.medellin.gov.co\/es\/wp-json\/wp\/v2\/posts\/332865\/revisions"}],"predecessor-version":[{"id":332889,"href":"https:\/\/www.medellin.gov.co\/es\/wp-json\/wp\/v2\/posts\/332865\/revisions\/332889"}],"wp:featuredmedia":[{"embeddable":true,"href":"https:\/\/www.medellin.gov.co\/es\/wp-json\/wp\/v2\/media\/332873"}],"wp:attachment":[{"href":"https:\/\/www.medellin.gov.co\/es\/wp-json\/wp\/v2\/media?parent=332865"}],"wp:term":[{"taxonomy":"category","embeddable":true,"href":"https:\/\/www.medellin.gov.co\/es\/wp-json\/wp\/v2\/categories?post=332865"},{"taxonomy":"post_tag","embeddable":true,"href":"https:\/\/www.medellin.gov.co\/es\/wp-json\/wp\/v2\/tags?post=332865"},{"taxonomy":"formato_nota","embeddable":true,"href":"https:\/\/www.medellin.gov.co\/es\/wp-json\/wp\/v2\/formato_nota?post=332865"},{"taxonomy":"programas_tax","embeddable":true,"href":"https:\/\/www.medellin.gov.co\/es\/wp-json\/wp\/v2\/programas_tax?post=332865"}],"curies":[{"name":"wp","href":"https:\/\/api.w.org\/{rel}","templated":true}]}}