{"id":332897,"date":"2024-08-12T18:13:33","date_gmt":"2024-08-12T23:13:33","guid":{"rendered":"https:\/\/www.medellin.gov.co\/es\/?p=332897"},"modified":"2024-08-12T18:13:33","modified_gmt":"2024-08-12T23:13:33","slug":"medayoung-la-ciudad-joven-del-mundo-llega-a-la-semana-de-la-juventud-2024","status":"publish","type":"post","link":"https:\/\/www.medellin.gov.co\/es\/sala-de-prensa\/noticias\/medayoung-la-ciudad-joven-del-mundo-llega-a-la-semana-de-la-juventud-2024\/","title":{"rendered":"MedaYoung, la ciudad joven del mundo, llega a la Semana de la Juventud 2024"},"content":{"rendered":"<ul>\n<li class=\"p1\"><b>Las jornadas congregar\u00e1n a 44 artistas nacionales y locales.<\/b><\/li>\n<li class=\"p1\"><b>Se programaron 47 talleres de oficios, seis recorridos para callejear y tres <\/b><b>cicladas, as\u00ed como una variedad de parches y actividades culturales durante\u00a0<\/b><b>el 30 y 31 de agosto en el Parque Norte.<\/b><\/li>\n<li class=\"p1\"><b>MedaYoung es la apuesta para posicionar a Medell\u00edn como la ciudad joven <\/b><b>del mundo y su programaci\u00f3n puede consultarse en\u00a0<\/b><a href=\"https:\/\/semana.medellinjoven.com\/\" target=\"_blank\" rel=\"noopener\"><b>semana.medellinjoven.com<\/b><\/a><span class=\"s1\"><b>.<\/b><\/span><\/li>\n<\/ul>\n<!--[if lt IE 9]><script>document.createElement('audio');<\/script><![endif]-->\n\t<div class=\"wp-playlist wp-audio-playlist wp-playlist-light\">\n\t\t\t<div class=\"wp-playlist-current-item\"><\/div>\n\t\t<audio controls=\"controls\" preload=\"none\" width=\"640\"\n\t\t\t><\/audio>\n\t<div class=\"wp-playlist-next\"><\/div>\n\t<div class=\"wp-playlist-prev\"><\/div>\n\t<noscript>\n\t<ol>\n\t\t<li><a href='https:\/\/www.medellin.gov.co\/es\/wp-content\/uploads\/2024\/08\/MedaYoung-ciudad-joven-semana-de-la-juventud-2024-01.mp3'>Palabras de Federico Guti\u00e9rrez Zuluaga, alcalde de Medell\u00edn<\/a><\/li><li><a href='https:\/\/www.medellin.gov.co\/es\/wp-content\/uploads\/2024\/08\/MedaYoung-ciudad-joven-semana-de-la-juventud-2024-02.mp3'>Palabras de Ricardo Jaramillo V\u00e9lez, secretario de la Juventud<\/a><\/li>\t<\/ol>\n\t<\/noscript>\n\t<script type=\"application\/json\" class=\"wp-playlist-script\">{\"type\":\"audio\",\"tracklist\":true,\"tracknumbers\":true,\"images\":true,\"artists\":true,\"tracks\":[{\"src\":\"https:\\\/\\\/www.medellin.gov.co\\\/es\\\/wp-content\\\/uploads\\\/2024\\\/08\\\/MedaYoung-ciudad-joven-semana-de-la-juventud-2024-01.mp3\",\"type\":\"audio\\\/mpeg\",\"title\":\"Palabras de Federico Guti\\u00e9rrez Zuluaga, alcalde de Medell\\u00edn\",\"caption\":\"\",\"description\":\"\\u00abPalabras de Federico Guti\\u00e9rrez Zuluaga, alcalde de Medell\\u00edn\\u00bb.\",\"meta\":{\"length_formatted\":\"1:40\"},\"image\":{\"src\":\"https:\\\/\\\/www.medellin.gov.co\\\/es\\\/wp-includes\\\/images\\\/media\\\/audio.png\",\"width\":48,\"height\":64},\"thumb\":{\"src\":\"https:\\\/\\\/www.medellin.gov.co\\\/es\\\/wp-includes\\\/images\\\/media\\\/audio.png\",\"width\":48,\"height\":64}},{\"src\":\"https:\\\/\\\/www.medellin.gov.co\\\/es\\\/wp-content\\\/uploads\\\/2024\\\/08\\\/MedaYoung-ciudad-joven-semana-de-la-juventud-2024-02.mp3\",\"type\":\"audio\\\/mpeg\",\"title\":\"Palabras de Ricardo Jaramillo V\\u00e9lez, secretario de la Juventud\",\"caption\":\"\",\"description\":\"\\u00abPalabras de Ricardo Jaramillo V\\u00e9lez, secretario de la Juventud\\u00bb.\",\"meta\":{\"length_formatted\":\"1:51\"},\"image\":{\"src\":\"https:\\\/\\\/www.medellin.gov.co\\\/es\\\/wp-includes\\\/images\\\/media\\\/audio.png\",\"width\":48,\"height\":64},\"thumb\":{\"src\":\"https:\\\/\\\/www.medellin.gov.co\\\/es\\\/wp-includes\\\/images\\\/media\\\/audio.png\",\"width\":48,\"height\":64}}]}<\/script>\n<\/div>\n\t\n<p class=\"p1\">El alcalde de Medell\u00edn, Federico Guti\u00e9rrez Zuluaga, anunci\u00f3 hoy, en el D\u00eda\u00a0Internacional de la Juventud, las actividades que celebrar\u00e1n la vida de la cuarta\u00a0parte de la poblaci\u00f3n de la ciudad: 622.000 personas entre los 14 y 28 a\u00f1os.<\/p>\n<p class=\"p1\">El 30 y 31 de agosto, Medell\u00edn se transformar\u00e1 en la ciudad joven del mundo con la\u00a0Semana de la Juventud. Por dos d\u00edas, MedaYoung vibrar\u00e1 al ritmo de conciertos,\u00a0talleres, arte urbano y biling\u00fcismo.<\/p>\n<p class=\"p1\"><i>\u201cAspiramos que estos dos d\u00edas sean de encuentros juveniles, de discusi\u00f3n\u00a0<\/i><i>alrededor de las prioridades de nuestros j\u00f3venes en t\u00e9rminos de oportunidades,\u00a0<\/i><i>educaci\u00f3n y sue\u00f1os. Vamos a tener talleres de oficios para j\u00f3venes en barismo,\u00a0<\/i><i>barber\u00eda, cocteler\u00eda, meditaci\u00f3n, entre otros, para disminuir el desempleo juvenil\u201d<\/i>,\u00a0afirm\u00f3 el alcalde Federico Guti\u00e9rrez Zuluaga.<\/p>\n<p class=\"p1\">Este a\u00f1o, la semana llega con novedades: se celebrar\u00e1n los 30 a\u00f1os de Clubes\u00a0Juveniles, un hito que resalta el compromiso con la historia de los colectivos y\u00a0organizaciones juveniles. Adem\u00e1s, los ganadores de Medell\u00edn Music Lab\u00a0presentar\u00e1n ante el p\u00fablico su talento musical, como muestra del potencial art\u00edstico\u00a0de las nuevas generaciones.<\/p>\n\n\t\t<style type=\"text\/css\">\n\t\t\t#gallery-1 {\n\t\t\t\tmargin: auto;\n\t\t\t}\n\t\t\t#gallery-1 .gallery-item {\n\t\t\t\tfloat: left;\n\t\t\t\tmargin-top: 10px;\n\t\t\t\ttext-align: center;\n\t\t\t\twidth: 50%;\n\t\t\t}\n\t\t\t#gallery-1 img {\n\t\t\t\tborder: 2px solid #cfcfcf;\n\t\t\t}\n\t\t\t#gallery-1 .gallery-caption {\n\t\t\t\tmargin-left: 0;\n\t\t\t}\n\t\t\t\/* see gallery_shortcode() in wp-includes\/media.php *\/\n\t\t<\/style>\n\t\t<div id='gallery-1' class='gallery galleryid-332897 gallery-columns-2 gallery-size-large'><dl class='gallery-item'>\n\t\t\t<dt class='gallery-icon portrait'>\n\t\t\t\t<a href='https:\/\/www.medellin.gov.co\/es\/sala-de-prensa\/noticias\/medayoung-la-ciudad-joven-del-mundo-llega-a-la-semana-de-la-juventud-2024\/medayoung-ciudad-joven-semana-de-la-juventud-2024-1\/'><img width=\"575\" height=\"1024\" src=\"https:\/\/www.medellin.gov.co\/es\/wp-content\/uploads\/2024\/08\/MedaYoung-ciudad-joven-semana-de-la-juventud-2024-1-575x1024.jpg\" class=\"attachment-large size-large\" alt=\"\" loading=\"lazy\" srcset=\"https:\/\/www.medellin.gov.co\/es\/wp-content\/uploads\/2024\/08\/MedaYoung-ciudad-joven-semana-de-la-juventud-2024-1-575x1024.jpg 575w, https:\/\/www.medellin.gov.co\/es\/wp-content\/uploads\/2024\/08\/MedaYoung-ciudad-joven-semana-de-la-juventud-2024-1-168x300.jpg 168w, https:\/\/www.medellin.gov.co\/es\/wp-content\/uploads\/2024\/08\/MedaYoung-ciudad-joven-semana-de-la-juventud-2024-1-84x150.jpg 84w, https:\/\/www.medellin.gov.co\/es\/wp-content\/uploads\/2024\/08\/MedaYoung-ciudad-joven-semana-de-la-juventud-2024-1-768x1368.jpg 768w, https:\/\/www.medellin.gov.co\/es\/wp-content\/uploads\/2024\/08\/MedaYoung-ciudad-joven-semana-de-la-juventud-2024-1-862x1536.jpg 862w, https:\/\/www.medellin.gov.co\/es\/wp-content\/uploads\/2024\/08\/MedaYoung-ciudad-joven-semana-de-la-juventud-2024-1.jpg 898w\" sizes=\"(max-width: 575px) 100vw, 575px\" \/><\/a>\n\t\t\t<\/dt><\/dl><dl class='gallery-item'>\n\t\t\t<dt class='gallery-icon portrait'>\n\t\t\t\t<a href='https:\/\/www.medellin.gov.co\/es\/sala-de-prensa\/noticias\/medayoung-la-ciudad-joven-del-mundo-llega-a-la-semana-de-la-juventud-2024\/medayoung-ciudad-joven-semana-de-la-juventud-2024-2\/'><img width=\"576\" height=\"1024\" src=\"https:\/\/www.medellin.gov.co\/es\/wp-content\/uploads\/2024\/08\/MedaYoung-ciudad-joven-semana-de-la-juventud-2024-2-576x1024.jpg\" class=\"attachment-large size-large\" alt=\"\" loading=\"lazy\" srcset=\"https:\/\/www.medellin.gov.co\/es\/wp-content\/uploads\/2024\/08\/MedaYoung-ciudad-joven-semana-de-la-juventud-2024-2-576x1024.jpg 576w, https:\/\/www.medellin.gov.co\/es\/wp-content\/uploads\/2024\/08\/MedaYoung-ciudad-joven-semana-de-la-juventud-2024-2-169x300.jpg 169w, https:\/\/www.medellin.gov.co\/es\/wp-content\/uploads\/2024\/08\/MedaYoung-ciudad-joven-semana-de-la-juventud-2024-2-84x150.jpg 84w, https:\/\/www.medellin.gov.co\/es\/wp-content\/uploads\/2024\/08\/MedaYoung-ciudad-joven-semana-de-la-juventud-2024-2-768x1365.jpg 768w, https:\/\/www.medellin.gov.co\/es\/wp-content\/uploads\/2024\/08\/MedaYoung-ciudad-joven-semana-de-la-juventud-2024-2-864x1536.jpg 864w, https:\/\/www.medellin.gov.co\/es\/wp-content\/uploads\/2024\/08\/MedaYoung-ciudad-joven-semana-de-la-juventud-2024-2.jpg 900w\" sizes=\"(max-width: 576px) 100vw, 576px\" \/><\/a>\n\t\t\t<\/dt><\/dl><br style=\"clear: both\" \/>\n\t\t<\/div>\n\n<p class=\"p1\">Durante dos d\u00edas, el Parque Norte ser\u00e1 el lugar de encuentro de los j\u00f3venes que\u00a0disfrutar\u00e1n de una programaci\u00f3n diversa y de conciertos para todos los gustos.\u00a0Luis Alfonso, Puerto Candelaria, I.R.A, Margarita Siempre Viva, La Banda del\u00a0Bisonte y Juan Duque ser\u00e1n algunos de los artistas que pondr\u00e1n a cantar a las\u00a0juventudes.<\/p>\n<p class=\"p1\">Este evento tendr\u00e1 conciertos con la participaci\u00f3n de 44 artistas nacionales y\u00a0locales, 47 talleres de oficios, seis recorridos para \u2018<i>callejear por la city\u2019<\/i>, tres\u00a0cicladas y una variedad de \u2018<i>parches<\/i>\u2019 y actividades culturales para reflexionar\u00a0sobre los retos de las ciudades globales.<\/p>\n<p class=\"p1\"><i>\u201cCreemos en el poder de la juventud y, sobre todo, democratizamos el ocio, el arte,\u00a0<\/i><i>la cultura y la recreaci\u00f3n de nuestros j\u00f3venes. En esta Semana de la Juventud\u00a0<\/i><i>vamos a pasarla muy bien, a visibilizar esos talentos y, de forma responsable,\u00a0<\/i><i>disfrutar bastante\u201d<\/i>, expres\u00f3 el secretario de la Juventud, Ricardo Jaramillo V\u00e9lez.<\/p>\n<p class=\"p1\">MedaYoung quiere posicionarse como la ciudad joven del mundo, un espacio\u00a0donde los j\u00f3venes pueden expresarse y crear sus proyectos de vida en las nuevas\u00a0din\u00e1micas de la globalizaci\u00f3n.<\/p>\n<p class=\"p1\">De esta manera, Medell\u00edn abre sus monta\u00f1as para convertirse en una ciudad\u00a0global y de amplios horizontes. Esta es una oportunidad para celebrar el poder de\u00a0la juventud.<\/p>\n<p class=\"p1\">La programaci\u00f3n se puede consultar en <a href=\"https:\/\/semana.medellinjoven.com\/\" target=\"_blank\" rel=\"noopener\"><span class=\"s1\">semana.medellinjoven.com<\/span><\/a>.<\/p>\n","protected":false},"excerpt":{"rendered":"<p>Las jornadas congregar\u00e1n a 44 artistas nacionales y locales. Se programaron 47 talleres de oficios, seis recorridos para callejear y tres cicladas, as\u00ed como una variedad de parches y actividades culturales durante\u00a0el 30 y 31 &#8230;<\/p>\n","protected":false},"author":84,"featured_media":255533,"comment_status":"open","ping_status":"open","sticky":false,"template":"","format":"standard","meta":[],"categories":[12],"tags":[634,444,455],"formato_nota":[],"programas_tax":[],"acf":[],"_links":{"self":[{"href":"https:\/\/www.medellin.gov.co\/es\/wp-json\/wp\/v2\/posts\/332897"}],"collection":[{"href":"https:\/\/www.medellin.gov.co\/es\/wp-json\/wp\/v2\/posts"}],"about":[{"href":"https:\/\/www.medellin.gov.co\/es\/wp-json\/wp\/v2\/types\/post"}],"author":[{"embeddable":true,"href":"https:\/\/www.medellin.gov.co\/es\/wp-json\/wp\/v2\/users\/84"}],"replies":[{"embeddable":true,"href":"https:\/\/www.medellin.gov.co\/es\/wp-json\/wp\/v2\/comments?post=332897"}],"version-history":[{"count":2,"href":"https:\/\/www.medellin.gov.co\/es\/wp-json\/wp\/v2\/posts\/332897\/revisions"}],"predecessor-version":[{"id":332930,"href":"https:\/\/www.medellin.gov.co\/es\/wp-json\/wp\/v2\/posts\/332897\/revisions\/332930"}],"wp:featuredmedia":[{"embeddable":true,"href":"https:\/\/www.medellin.gov.co\/es\/wp-json\/wp\/v2\/media\/255533"}],"wp:attachment":[{"href":"https:\/\/www.medellin.gov.co\/es\/wp-json\/wp\/v2\/media?parent=332897"}],"wp:term":[{"taxonomy":"category","embeddable":true,"href":"https:\/\/www.medellin.gov.co\/es\/wp-json\/wp\/v2\/categories?post=332897"},{"taxonomy":"post_tag","embeddable":true,"href":"https:\/\/www.medellin.gov.co\/es\/wp-json\/wp\/v2\/tags?post=332897"},{"taxonomy":"formato_nota","embeddable":true,"href":"https:\/\/www.medellin.gov.co\/es\/wp-json\/wp\/v2\/formato_nota?post=332897"},{"taxonomy":"programas_tax","embeddable":true,"href":"https:\/\/www.medellin.gov.co\/es\/wp-json\/wp\/v2\/programas_tax?post=332897"}],"curies":[{"name":"wp","href":"https:\/\/api.w.org\/{rel}","templated":true}]}}