{"id":332932,"date":"2024-08-12T18:22:15","date_gmt":"2024-08-12T23:22:15","guid":{"rendered":"https:\/\/www.medellin.gov.co\/es\/?p=332932"},"modified":"2024-08-12T18:22:15","modified_gmt":"2024-08-12T23:22:15","slug":"en-el-colegio-contamos-con-vos-ha-recuperado-22-000-estudiantes-que-estaban-por-fuera-de-las-aulas-de-clase-y-ya-tiene-ruta-de-permanencia-escolar","status":"publish","type":"post","link":"https:\/\/www.medellin.gov.co\/es\/sala-de-prensa\/noticias\/en-el-colegio-contamos-con-vos-ha-recuperado-22-000-estudiantes-que-estaban-por-fuera-de-las-aulas-de-clase-y-ya-tiene-ruta-de-permanencia-escolar\/","title":{"rendered":"\u00abEn el Colegio Contamos con Vos\u00bb ha recuperado 22.000 estudiantes que estaban por fuera de las aulas de clase y ya tiene ruta de permanencia escolar"},"content":{"rendered":"<ul>\n<li class=\"p1\"><b>La Administraci\u00f3n Distrital present\u00f3 los avances del programa ante 700\u00a0 <\/b><b>l\u00edderes estudiantiles.<\/b><\/li>\n<\/ul>\n<!--[if lt IE 9]><script>document.createElement('audio');<\/script><![endif]-->\n\t<div class=\"wp-playlist wp-audio-playlist wp-playlist-light\">\n\t\t\t<div class=\"wp-playlist-current-item\"><\/div>\n\t\t<audio controls=\"controls\" preload=\"none\" width=\"640\"\n\t\t\t><\/audio>\n\t<div class=\"wp-playlist-next\"><\/div>\n\t<div class=\"wp-playlist-prev\"><\/div>\n\t<noscript>\n\t<ol>\n\t\t<li><a href='https:\/\/www.medellin.gov.co\/es\/wp-content\/uploads\/2024\/08\/En-el-colegio-contamos-con-vos-01.mp3'>Palabras de Federico Guti\u00e9rrez Zuluaga, alcalde de Medell\u00edn<\/a><\/li>\t<\/ol>\n\t<\/noscript>\n\t<script type=\"application\/json\" class=\"wp-playlist-script\">{\"type\":\"audio\",\"tracklist\":true,\"tracknumbers\":true,\"images\":true,\"artists\":true,\"tracks\":[{\"src\":\"https:\\\/\\\/www.medellin.gov.co\\\/es\\\/wp-content\\\/uploads\\\/2024\\\/08\\\/En-el-colegio-contamos-con-vos-01.mp3\",\"type\":\"audio\\\/mpeg\",\"title\":\"Palabras de Federico Guti\\u00e9rrez Zuluaga, alcalde de Medell\\u00edn\",\"caption\":\"\",\"description\":\"\\u00abPalabras de Federico Guti\\u00e9rrez Zuluaga, alcalde de Medell\\u00edn\\u00bb.\",\"meta\":{\"length_formatted\":\"8:14\"},\"image\":{\"src\":\"https:\\\/\\\/www.medellin.gov.co\\\/es\\\/wp-includes\\\/images\\\/media\\\/audio.png\",\"width\":48,\"height\":64},\"thumb\":{\"src\":\"https:\\\/\\\/www.medellin.gov.co\\\/es\\\/wp-includes\\\/images\\\/media\\\/audio.png\",\"width\":48,\"height\":64}}]}<\/script>\n<\/div>\n\t\n<p class=\"p1\">El alcalde Federico Guti\u00e9rrez Zuluaga present\u00f3 los avances del programa \u00abEn el\u00a0Colegio Contamos con Vos\u00bb ante m\u00e1s de 700 asistentes quienes se congregaron\u00a0en el teatro Pablo Tob\u00f3n Uribe, entre ellos l\u00edderes estudiantiles, directivos\u00a0docentes de instituciones oficiales y servidores. Adem\u00e1s, comparti\u00f3 la ruta de\u00a0permanencia escolar para inspirar a directivos y alumnos a contribuir con la\u00a0reducci\u00f3n de la deserci\u00f3n y fomentar la continuidad en los entornos educativos.<\/p>\n<p class=\"p1\">Gracias a m\u00e1s de 50 recorridos de b\u00fasqueda activa realizados en todas las\u00a0comunas, incluyendo sitios como centros comerciales, parques, escenarios\u00a0deportivos y zonas rosas, este a\u00f1o se han recuperado 22.000 ni\u00f1as, ni\u00f1os y\u00a0j\u00f3venes que estaban por fuera del sistema educativo en Medell\u00edn. De enero a\u00a0abril, la matr\u00edcula pas\u00f3 de 272.299 a 295.131 alumnos.<\/p>\n<div id=\"attachment_332946\" style=\"width: 1210px\" class=\"wp-caption alignnone\"><a href=\"https:\/\/www.medellin.gov.co\/es\/wp-content\/uploads\/2024\/08\/En-el-colegio-contamos-con-vos-6.jpg\" target=\"_blank\" rel=\"noopener\"><img aria-describedby=\"caption-attachment-332946\" loading=\"lazy\" class=\"wp-image-332946 size-full\" title=\"&quot;En el Colegio Contamos con Vos&quot; ha recuperado 22.000 estudiantes que estaban por fuera de las aulas de clase y ya tiene ruta de permanencia escolar\" src=\"https:\/\/www.medellin.gov.co\/es\/wp-content\/uploads\/2024\/08\/En-el-colegio-contamos-con-vos-6.jpg\" alt=\"&quot;En el Colegio Contamos con Vos&quot; ha recuperado 22.000 estudiantes que estaban por fuera de las aulas de clase y ya tiene ruta de permanencia escolar\" width=\"1200\" height=\"809\" srcset=\"https:\/\/www.medellin.gov.co\/es\/wp-content\/uploads\/2024\/08\/En-el-colegio-contamos-con-vos-6.jpg 1200w, https:\/\/www.medellin.gov.co\/es\/wp-content\/uploads\/2024\/08\/En-el-colegio-contamos-con-vos-6-300x202.jpg 300w, https:\/\/www.medellin.gov.co\/es\/wp-content\/uploads\/2024\/08\/En-el-colegio-contamos-con-vos-6-1024x690.jpg 1024w, https:\/\/www.medellin.gov.co\/es\/wp-content\/uploads\/2024\/08\/En-el-colegio-contamos-con-vos-6-150x101.jpg 150w, https:\/\/www.medellin.gov.co\/es\/wp-content\/uploads\/2024\/08\/En-el-colegio-contamos-con-vos-6-768x518.jpg 768w\" sizes=\"(max-width: 1200px) 100vw, 1200px\" \/><\/a><p id=\"caption-attachment-332946\" class=\"wp-caption-text\">\u00abEn el Colegio Contamos con Vos\u00bb ha recuperado 22.000 estudiantes que estaban por fuera de las aulas de clase y ya tiene ruta de permanencia escolar &#8211; Foto alcaldia de Medell\u00edn<\/p><\/div>\n<p class=\"p1\"><i>\u201cEsta es una responsabilidad de todos. Hoy estamos presentando la ruta de\u00a0<\/i><i>permanencia a trav\u00e9s de los l\u00edderes estudiantiles, porque ellos se quieren\u00a0<\/i><i>comprometer para que las ni\u00f1as y ni\u00f1os que estaban por fuera del sistema\u00a0<\/i><i>escolar no se vuelvan a salir y tambi\u00e9n para que nos ayuden a buscar a sus\u00a0<\/i><i>compa\u00f1eros que se salieron y que no han vuelto. Vamos a seguirlos buscando, y\u00a0<\/i><i>esto es prioridad\u201d,<\/i> expres\u00f3 el alcalde de Medell\u00edn.<\/p>\n<p class=\"p1\">\u00abEn el Colegio Contamos con Vos\u00bb es un esfuerzo coordinado entre diversas entidades para crear condiciones favorables que les permitan a los alumnos\u00a0continuar sus estudios.<\/p>\n<div id=\"attachment_332941\" style=\"width: 1210px\" class=\"wp-caption alignnone\"><a href=\"https:\/\/www.medellin.gov.co\/es\/wp-content\/uploads\/2024\/08\/En-el-colegio-contamos-con-vos-3.jpg\" target=\"_blank\" rel=\"noopener\"><img aria-describedby=\"caption-attachment-332941\" loading=\"lazy\" class=\"wp-image-332941 size-full\" title=\"&quot;En el Colegio Contamos con Vos&quot; ha recuperado 22.000 estudiantes que estaban por fuera de las aulas de clase y ya tiene ruta de permanencia escolar\" src=\"https:\/\/www.medellin.gov.co\/es\/wp-content\/uploads\/2024\/08\/En-el-colegio-contamos-con-vos-3.jpg\" alt=\"&quot;En el Colegio Contamos con Vos&quot; ha recuperado 22.000 estudiantes que estaban por fuera de las aulas de clase y ya tiene ruta de permanencia escolar\" width=\"1200\" height=\"799\" srcset=\"https:\/\/www.medellin.gov.co\/es\/wp-content\/uploads\/2024\/08\/En-el-colegio-contamos-con-vos-3.jpg 1200w, https:\/\/www.medellin.gov.co\/es\/wp-content\/uploads\/2024\/08\/En-el-colegio-contamos-con-vos-3-300x200.jpg 300w, https:\/\/www.medellin.gov.co\/es\/wp-content\/uploads\/2024\/08\/En-el-colegio-contamos-con-vos-3-1024x682.jpg 1024w, https:\/\/www.medellin.gov.co\/es\/wp-content\/uploads\/2024\/08\/En-el-colegio-contamos-con-vos-3-150x100.jpg 150w, https:\/\/www.medellin.gov.co\/es\/wp-content\/uploads\/2024\/08\/En-el-colegio-contamos-con-vos-3-768x511.jpg 768w\" sizes=\"(max-width: 1200px) 100vw, 1200px\" \/><\/a><p id=\"caption-attachment-332941\" class=\"wp-caption-text\">\u00abEn el Colegio Contamos con Vos\u00bb ha recuperado 22.000 estudiantes que estaban por fuera de las aulas de clase y ya tiene ruta de permanencia escolar &#8211; Foto alcaldia de Medell\u00edn<\/p><\/div>\n<p class=\"p1\">Adicionalmente, con estrategias como Transporte Escolar, Plan de Alimentaci\u00f3n\u00a0Escolar (PAE), Escuela Entorno Protector, El L\u00edder Sos Vos, Modelos Educativos\u00a0Flexibles y Educaci\u00f3n Complementaria se ha logrado que las ni\u00f1as, ni\u00f1os y\u00a0j\u00f3venes que est\u00e1n en las instituciones educativas oficiales accedan a educaci\u00f3n\u00a0de calidad.<\/p>\n<p class=\"p1\">Gracias a alianzas p\u00fablico-privadas, la Administraci\u00f3n Distrital ha entregado kits\u00a0escolares y uniformes a los alumnos en condiciones m\u00e1s desfavorables, para\u00a0que puedan permanecer en su entorno protector, que es el colegio.<\/p>\n<p class=\"p1\">Asimismo, la inversi\u00f3n hist\u00f3rica de $1.2 billones para mejorar la infraestructura y\u00a0dotar de dispositivos tecnol\u00f3gicos a los establecimientos ser\u00e1 un aporte\u00a0significativo que permitir\u00e1 que los estudiantes disfruten de espacios propicios\u00a0para su aprendizaje.<\/p>\n\n\t\t<style type=\"text\/css\">\n\t\t\t#gallery-1 {\n\t\t\t\tmargin: auto;\n\t\t\t}\n\t\t\t#gallery-1 .gallery-item {\n\t\t\t\tfloat: left;\n\t\t\t\tmargin-top: 10px;\n\t\t\t\ttext-align: center;\n\t\t\t\twidth: 50%;\n\t\t\t}\n\t\t\t#gallery-1 img {\n\t\t\t\tborder: 2px solid #cfcfcf;\n\t\t\t}\n\t\t\t#gallery-1 .gallery-caption {\n\t\t\t\tmargin-left: 0;\n\t\t\t}\n\t\t\t\/* see gallery_shortcode() in wp-includes\/media.php *\/\n\t\t<\/style>\n\t\t<div id='gallery-1' class='gallery galleryid-332932 gallery-columns-2 gallery-size-large'><dl class='gallery-item'>\n\t\t\t<dt class='gallery-icon landscape'>\n\t\t\t\t<a href='https:\/\/www.medellin.gov.co\/es\/sala-de-prensa\/noticias\/en-el-colegio-contamos-con-vos-ha-recuperado-22-000-estudiantes-que-estaban-por-fuera-de-las-aulas-de-clase-y-ya-tiene-ruta-de-permanencia-escolar\/en-el-colegio-contamos-con-vos-8-2\/'><img width=\"1024\" height=\"682\" src=\"https:\/\/www.medellin.gov.co\/es\/wp-content\/uploads\/2024\/08\/En-el-colegio-contamos-con-vos-8-1024x682.jpg\" class=\"attachment-large size-large\" alt=\"\" loading=\"lazy\" srcset=\"https:\/\/www.medellin.gov.co\/es\/wp-content\/uploads\/2024\/08\/En-el-colegio-contamos-con-vos-8-1024x682.jpg 1024w, https:\/\/www.medellin.gov.co\/es\/wp-content\/uploads\/2024\/08\/En-el-colegio-contamos-con-vos-8-300x200.jpg 300w, https:\/\/www.medellin.gov.co\/es\/wp-content\/uploads\/2024\/08\/En-el-colegio-contamos-con-vos-8-150x100.jpg 150w, https:\/\/www.medellin.gov.co\/es\/wp-content\/uploads\/2024\/08\/En-el-colegio-contamos-con-vos-8-768x511.jpg 768w, https:\/\/www.medellin.gov.co\/es\/wp-content\/uploads\/2024\/08\/En-el-colegio-contamos-con-vos-8.jpg 1200w\" sizes=\"(max-width: 1024px) 100vw, 1024px\" \/><\/a>\n\t\t\t<\/dt><\/dl><dl class='gallery-item'>\n\t\t\t<dt class='gallery-icon landscape'>\n\t\t\t\t<a href='https:\/\/www.medellin.gov.co\/es\/sala-de-prensa\/noticias\/en-el-colegio-contamos-con-vos-ha-recuperado-22-000-estudiantes-que-estaban-por-fuera-de-las-aulas-de-clase-y-ya-tiene-ruta-de-permanencia-escolar\/en-el-colegio-contamos-con-vos-7-2\/'><img width=\"1024\" height=\"682\" src=\"https:\/\/www.medellin.gov.co\/es\/wp-content\/uploads\/2024\/08\/En-el-colegio-contamos-con-vos-7-1024x682.jpg\" class=\"attachment-large size-large\" alt=\"\" loading=\"lazy\" srcset=\"https:\/\/www.medellin.gov.co\/es\/wp-content\/uploads\/2024\/08\/En-el-colegio-contamos-con-vos-7-1024x682.jpg 1024w, https:\/\/www.medellin.gov.co\/es\/wp-content\/uploads\/2024\/08\/En-el-colegio-contamos-con-vos-7-300x200.jpg 300w, https:\/\/www.medellin.gov.co\/es\/wp-content\/uploads\/2024\/08\/En-el-colegio-contamos-con-vos-7-150x100.jpg 150w, https:\/\/www.medellin.gov.co\/es\/wp-content\/uploads\/2024\/08\/En-el-colegio-contamos-con-vos-7-768x511.jpg 768w, https:\/\/www.medellin.gov.co\/es\/wp-content\/uploads\/2024\/08\/En-el-colegio-contamos-con-vos-7.jpg 1200w\" sizes=\"(max-width: 1024px) 100vw, 1024px\" \/><\/a>\n\t\t\t<\/dt><\/dl><br style=\"clear: both\" \/>\n\t\t<\/div>\n\n<p class=\"p1\"><i>\u201cNo hay golpe m\u00e1s duro contra la criminalidad y la desigualdad que invertir en\u00a0<\/i><i>educaci\u00f3n, y garantizar los derechos de nuestras ni\u00f1as, ni\u00f1os y j\u00f3venes. No hay\u00a0<\/i><i>golpe m\u00e1s duro para las estructuras criminales que les arrebatemos los ni\u00f1os\u00a0<\/i><i>que ellos han sacado del sistema escolar para llevarlos a hacer cosas negativas\u00a0<\/i><i>y malas. Aqu\u00ed necesitamos que los ni\u00f1os y los j\u00f3venes est\u00e9n estudiando\u201d,\u00a0<\/i>agreg\u00f3 el mandatario local.<\/p>\n<p class=\"p1\">La Alcald\u00eda de Medell\u00edn reafirma su compromiso con la educaci\u00f3n y la\u00a0permanencia escolar, y resalta el esfuerzo conjunto con las comunidades para\u00a0enfrentar los desaf\u00edos actuales.<\/p>\n","protected":false},"excerpt":{"rendered":"<p>La Administraci\u00f3n Distrital present\u00f3 los avances del programa ante 700\u00a0 l\u00edderes estudiantiles. El alcalde Federico Guti\u00e9rrez Zuluaga present\u00f3 los avances del programa \u00abEn el\u00a0Colegio Contamos con Vos\u00bb ante m\u00e1s de 700 asistentes quienes se congregaron\u00a0en &#8230;<\/p>\n","protected":false},"author":84,"featured_media":332944,"comment_status":"open","ping_status":"open","sticky":false,"template":"","format":"standard","meta":[],"categories":[4],"tags":[431,455],"formato_nota":[],"programas_tax":[],"acf":[],"_links":{"self":[{"href":"https:\/\/www.medellin.gov.co\/es\/wp-json\/wp\/v2\/posts\/332932"}],"collection":[{"href":"https:\/\/www.medellin.gov.co\/es\/wp-json\/wp\/v2\/posts"}],"about":[{"href":"https:\/\/www.medellin.gov.co\/es\/wp-json\/wp\/v2\/types\/post"}],"author":[{"embeddable":true,"href":"https:\/\/www.medellin.gov.co\/es\/wp-json\/wp\/v2\/users\/84"}],"replies":[{"embeddable":true,"href":"https:\/\/www.medellin.gov.co\/es\/wp-json\/wp\/v2\/comments?post=332932"}],"version-history":[{"count":2,"href":"https:\/\/www.medellin.gov.co\/es\/wp-json\/wp\/v2\/posts\/332932\/revisions"}],"predecessor-version":[{"id":332955,"href":"https:\/\/www.medellin.gov.co\/es\/wp-json\/wp\/v2\/posts\/332932\/revisions\/332955"}],"wp:featuredmedia":[{"embeddable":true,"href":"https:\/\/www.medellin.gov.co\/es\/wp-json\/wp\/v2\/media\/332944"}],"wp:attachment":[{"href":"https:\/\/www.medellin.gov.co\/es\/wp-json\/wp\/v2\/media?parent=332932"}],"wp:term":[{"taxonomy":"category","embeddable":true,"href":"https:\/\/www.medellin.gov.co\/es\/wp-json\/wp\/v2\/categories?post=332932"},{"taxonomy":"post_tag","embeddable":true,"href":"https:\/\/www.medellin.gov.co\/es\/wp-json\/wp\/v2\/tags?post=332932"},{"taxonomy":"formato_nota","embeddable":true,"href":"https:\/\/www.medellin.gov.co\/es\/wp-json\/wp\/v2\/formato_nota?post=332932"},{"taxonomy":"programas_tax","embeddable":true,"href":"https:\/\/www.medellin.gov.co\/es\/wp-json\/wp\/v2\/programas_tax?post=332932"}],"curies":[{"name":"wp","href":"https:\/\/api.w.org\/{rel}","templated":true}]}}