{"id":33473,"date":"2020-09-05T00:00:00","date_gmt":"2020-09-05T05:00:00","guid":{"rendered":"https:\/\/www.medellin.gov.co\/es\/saladeprensa\/noticias\/con-la-apertura-del-centro-comercial-medellin-se-impulsa-la-reactivacion-economica-en-el-centro-de-la-ciudad\/"},"modified":"2022-03-27T22:10:00","modified_gmt":"2022-03-28T03:10:00","slug":"con-la-apertura-del-centro-comercial-medellin-se-impulsa-la-reactivacion-economica-en-el-centro-de-la-ciudad","status":"publish","type":"post","link":"https:\/\/www.medellin.gov.co\/es\/sala-de-prensa\/noticias\/con-la-apertura-del-centro-comercial-medellin-se-impulsa-la-reactivacion-economica-en-el-centro-de-la-ciudad\/","title":{"rendered":"Con la apertura del centro comercial Medell\u00edn se impulsa la reactivaci\u00f3n econ\u00f3mica en el Centro de la ciudad"},"content":{"rendered":"<div class=\"wrap contenido\">\n<div class=\"noticia\">\n<div class=\"imagen\">\n<div class=\"divContImageNoticia input_plantilla input_background\" data-input=\"fotografia\" ruta=\"\/galerias\/Imagenes\/Centro de Medell\u00edn\/28.03.2017_CentrodeMedellin (15).jpg\" fotografo=\"Carlos Vidal\" descripcion=\"Centro de Medell\u00edn\" style=\"background-image:url('\/irj\/go\/km\/docs\/galerias\/Imagenes\/Centro de Medell\u00edn\/28.03.2017_CentrodeMedellin (15).jpg')\"><\/div>\n<p class=\"pMetaDesc\">Foto: Centro de Medell\u00edn<\/p>\n<p class=\"pMetaFotografo\">Fot\u00f3grafo: Carlos Vidal<\/p>\n<\/div>\n<p class=\"fecha\"><span class=\"input_plantilla input_text\" data-input=\"fecha\">2020-09-05<\/span><\/p>\n<p itemprop=\"name\" class=\"input_plantilla input_text\" data-input=\"titulo\">Con la apertura del centro comercial Medell\u00edn se impulsa la reactivaci\u00f3n econ\u00f3mica en el Centro de la ciudad<\/p>\n<p class=\"input_plantilla input_text\" data-input=\"autor\">Por Alejandra Mej\u00eda Bedoya<\/p>\n<div class=\"cuerpo input_plantilla input_area\" data-input=\"contenido\">\n<p>.: La atenci\u00f3n ser\u00e1 de 9:00 a. m. a 7:00 p. m. de lunes a domingo con las correspondientes medidas para garantizar el distanciamiento social y evitar las aglomeraciones.<br \/>.: Los comerciantes realizaron sus protocolos de bioseguridad con el acompa\u00f1amiento de las secretar\u00edas de Suministros y Servicios y Salud.<br \/>.: Con esta reapertura se pretende seguir apoyando la reactivaci\u00f3n econ\u00f3mica en el centro de la ciudad, beneficiando a m\u00e1s de 300 comerciantes que dependen de su actividad econ\u00f3mica en este centro comercial.<\/p>\n<p><strong><a title=\"|| Audio || Palabras de Andr\u00e9s Benavides Corrales, subsecretario de Gesti\u00f3n de Bienes\" href=\"\/irj\/go\/km\/docs\/pccdesign\/medellin\/Temas\/AtencionCiudadana\/Noticias\/Shared Content\/Documentos\/2020\/20200905-Reactivacion-Comercial-Centro.mp3\" target=\"_blank\" rel=\"noopener\"><span style=\"color: #3366ff;\">|| Audio || Palabras de Andr\u00e9s Benavides Corrales, subsecretario de Gesti\u00f3n de Bienes<\/span><\/a><\/strong><\/p>\n<p>El Centro Comercial Medell\u00edn, ubicado en la Avenida Ferrocarril al lado de la Plaza Minorista, reabre sus puertas hoy despu\u00e9s de la aprobaci\u00f3n de los protocolos de bioseguridad y adecuaci\u00f3n de sus espacios. En el horario de 9:00 a.m. a 7:00 p.m. se tendr\u00e1 atenci\u00f3n al p\u00fablico.<\/p>\n<p>Con esta reapertura se busca seguir reactivando la econom\u00eda del centro de la ciudad. Son cerca de 300 comerciantes que se dedican al comercio al detal, con ventas de calzado, ropa, elementos para el hogar, entre otros y que benefician a m\u00e1s de 800 personas que dependen de su actividad econ\u00f3mica en este centro comercial.<\/p>\n<p>Todo esto fue posible gracias al acompa\u00f1amiento de las secretar\u00edas de Suministros y Servicios y Salud, que en inspecciones previas revisaron la limpieza y desinfecci\u00f3n del lugar (debe realizarse cada tres horas), el manejo de residuos incluyendo tapabocas, insumos y productos necesarios para el cumplimiento de protocolos, el aforo, los horarios de apertura y cierre.<\/p>\n<p>Tambi\u00e9n se verificaron los formatos de control para la ejecuci\u00f3n de medidas de bioseguridad, zonas de circulaci\u00f3n, se\u00f1al\u00e9tica explicativa del coronavirus y elementos de protecci\u00f3n personal, adem\u00e1s de la inscripci\u00f3n en Medell\u00edn Me Cuida.<\/p>\n<p>\u201cEl centro comercial Medell\u00edn se prepar\u00f3 realizando limpieza de escombros, definiendo rutas de evacuaci\u00f3n, arreglando el espacio p\u00fablico y poni\u00e9ndose a punto para abrir nuevamente sus puertas\u201d. expres\u00f3: Andr\u00e9s Benavides Corrales &#8211; Subsecretario de Gesti\u00f3n de Bienes.<\/p>\n<p>En caso de que se registre un contagio, se deber\u00e1 aislar la persona en un local del tercer piso, comunicarse con las l\u00edneas de atenci\u00f3n de emergencias de la ciudad y con la l\u00ednea de la EPS o IPS que lo atiende. Igualmente, se informar\u00e1 a la Administraci\u00f3n Municipal para realizar los cercos epidemiol\u00f3gicos necesarios.<\/p>\n<\/div>\n<div class=\"compartir\">Compartir en:<a title=\"\" href=\"http:\/\/www.facebook.com\/share.php?u=\" class=\"btCompartirFacebook btCompartir\" target=\"_blank\" rel=\"noopener\"><\/a><a title=\"\" href=\"http:\/\/twitter.com\/home?status=Haz%20clic%20para%20ver%20esta%20noticia%20en%20\" class=\"btCompartirTwitter btCompartir\"><\/a><a title=\"\" href=\"whatsapp:\/\/send?text=Haz%20clic%20para%20ver%20esta%20noticia%20en%20\" class=\"btCompartirWa btCompartir\"><\/a><\/div>\n<\/div>\n<p><script>try{comprobarImagen();fixBtnRedes();hitsMedellin();}catch(e){}<\/script><\/div>\n","protected":false},"excerpt":{"rendered":"<p>Foto: Centro de Medell\u00edn Fot\u00f3grafo: Carlos Vidal 2020-09-05 Con la apertura del centro comercial Medell\u00edn se impulsa la reactivaci\u00f3n econ\u00f3mica en el Centro de la ciudad Por Alejandra Mej\u00eda Bedoya .: La atenci\u00f3n ser\u00e1 de &#8230;<\/p>\n","protected":false},"author":1,"featured_media":57282,"comment_status":"open","ping_status":"open","sticky":false,"template":"","format":"standard","meta":[],"categories":[3,2],"tags":[433,453],"formato_nota":[],"programas_tax":[],"acf":[],"_links":{"self":[{"href":"https:\/\/www.medellin.gov.co\/es\/wp-json\/wp\/v2\/posts\/33473"}],"collection":[{"href":"https:\/\/www.medellin.gov.co\/es\/wp-json\/wp\/v2\/posts"}],"about":[{"href":"https:\/\/www.medellin.gov.co\/es\/wp-json\/wp\/v2\/types\/post"}],"author":[{"embeddable":true,"href":"https:\/\/www.medellin.gov.co\/es\/wp-json\/wp\/v2\/users\/1"}],"replies":[{"embeddable":true,"href":"https:\/\/www.medellin.gov.co\/es\/wp-json\/wp\/v2\/comments?post=33473"}],"version-history":[{"count":1,"href":"https:\/\/www.medellin.gov.co\/es\/wp-json\/wp\/v2\/posts\/33473\/revisions"}],"predecessor-version":[{"id":36501,"href":"https:\/\/www.medellin.gov.co\/es\/wp-json\/wp\/v2\/posts\/33473\/revisions\/36501"}],"wp:featuredmedia":[{"embeddable":true,"href":"https:\/\/www.medellin.gov.co\/es\/wp-json\/wp\/v2\/media\/57282"}],"wp:attachment":[{"href":"https:\/\/www.medellin.gov.co\/es\/wp-json\/wp\/v2\/media?parent=33473"}],"wp:term":[{"taxonomy":"category","embeddable":true,"href":"https:\/\/www.medellin.gov.co\/es\/wp-json\/wp\/v2\/categories?post=33473"},{"taxonomy":"post_tag","embeddable":true,"href":"https:\/\/www.medellin.gov.co\/es\/wp-json\/wp\/v2\/tags?post=33473"},{"taxonomy":"formato_nota","embeddable":true,"href":"https:\/\/www.medellin.gov.co\/es\/wp-json\/wp\/v2\/formato_nota?post=33473"},{"taxonomy":"programas_tax","embeddable":true,"href":"https:\/\/www.medellin.gov.co\/es\/wp-json\/wp\/v2\/programas_tax?post=33473"}],"curies":[{"name":"wp","href":"https:\/\/api.w.org\/{rel}","templated":true}]}}