{"id":335568,"date":"2024-08-24T08:15:23","date_gmt":"2024-08-24T13:15:23","guid":{"rendered":"https:\/\/www.medellin.gov.co\/es\/?p=335568"},"modified":"2024-08-24T08:16:52","modified_gmt":"2024-08-24T13:16:52","slug":"este-domingo-habra-cierres-viales-en-el-centro-por-la-marcha-pro-adulto-mayor","status":"publish","type":"post","link":"https:\/\/www.medellin.gov.co\/es\/sala-de-prensa\/noticias\/este-domingo-habra-cierres-viales-en-el-centro-por-la-marcha-pro-adulto-mayor\/","title":{"rendered":"Este domingo habr\u00e1 cierres viales en el Centro por la \u201cMarcha Pro Adulto Mayor\u201d"},"content":{"rendered":"<p>La Administraci\u00f3n Distrital, a trav\u00e9s de la Secretar\u00eda de Movilidad, acompa\u00f1a y monitorea la marcha \u201cPro Adulto Mayor\u201d, que se llevar\u00e1 a cabo este domingo 25 de agosto por las comunas La Candelaria y Laureles-Estadio, entre las 8:00 a. m. y las 11:00 a. m. Por lo anterior, se realizar\u00e1n cierres viales escalonados con inicio de recorrido en la carrera 70 con calle 49, Instituci\u00f3n Educativa Marco Fidel Su\u00e1rez.<\/p>\n<p>Habr\u00e1 cierres viales durante el recorrido por la carrera 70 hasta San Juan (calle 44), por donde se desplazar\u00e1n los participantes hasta la Avenida del Ferrocarril (carrera 55) e ingresar hacia Parques del R\u00edo por la v\u00eda interior a un costado del Edificio Inteligente de EPM.<\/p>\n<p>Se recomienda tener en cuenta las indicaciones de los agentes de tr\u00e1nsito, conducir con precauci\u00f3n, atender las se\u00f1ales y los mensajes de los paneles ubicados en los corredores principales y consultar los canales oficiales @sttmed para conocer el estado de las v\u00edas en tiempo real.<\/p>\n","protected":false},"excerpt":{"rendered":"<p>La Administraci\u00f3n Distrital, a trav\u00e9s de la Secretar\u00eda de Movilidad, acompa\u00f1a y monitorea la marcha \u201cPro Adulto Mayor\u201d, que se llevar\u00e1 a cabo este domingo 25 de agosto por las comunas La Candelaria y Laureles-Estadio, &#8230;<\/p>\n","protected":false},"author":17,"featured_media":334250,"comment_status":"open","ping_status":"open","sticky":false,"template":"","format":"standard","meta":[],"categories":[14],"tags":[447],"formato_nota":[],"programas_tax":[],"acf":[],"_links":{"self":[{"href":"https:\/\/www.medellin.gov.co\/es\/wp-json\/wp\/v2\/posts\/335568"}],"collection":[{"href":"https:\/\/www.medellin.gov.co\/es\/wp-json\/wp\/v2\/posts"}],"about":[{"href":"https:\/\/www.medellin.gov.co\/es\/wp-json\/wp\/v2\/types\/post"}],"author":[{"embeddable":true,"href":"https:\/\/www.medellin.gov.co\/es\/wp-json\/wp\/v2\/users\/17"}],"replies":[{"embeddable":true,"href":"https:\/\/www.medellin.gov.co\/es\/wp-json\/wp\/v2\/comments?post=335568"}],"version-history":[{"count":1,"href":"https:\/\/www.medellin.gov.co\/es\/wp-json\/wp\/v2\/posts\/335568\/revisions"}],"predecessor-version":[{"id":335569,"href":"https:\/\/www.medellin.gov.co\/es\/wp-json\/wp\/v2\/posts\/335568\/revisions\/335569"}],"wp:featuredmedia":[{"embeddable":true,"href":"https:\/\/www.medellin.gov.co\/es\/wp-json\/wp\/v2\/media\/334250"}],"wp:attachment":[{"href":"https:\/\/www.medellin.gov.co\/es\/wp-json\/wp\/v2\/media?parent=335568"}],"wp:term":[{"taxonomy":"category","embeddable":true,"href":"https:\/\/www.medellin.gov.co\/es\/wp-json\/wp\/v2\/categories?post=335568"},{"taxonomy":"post_tag","embeddable":true,"href":"https:\/\/www.medellin.gov.co\/es\/wp-json\/wp\/v2\/tags?post=335568"},{"taxonomy":"formato_nota","embeddable":true,"href":"https:\/\/www.medellin.gov.co\/es\/wp-json\/wp\/v2\/formato_nota?post=335568"},{"taxonomy":"programas_tax","embeddable":true,"href":"https:\/\/www.medellin.gov.co\/es\/wp-json\/wp\/v2\/programas_tax?post=335568"}],"curies":[{"name":"wp","href":"https:\/\/api.w.org\/{rel}","templated":true}]}}