{"id":335646,"date":"2024-08-24T12:02:20","date_gmt":"2024-08-24T17:02:20","guid":{"rendered":"https:\/\/www.medellin.gov.co\/es\/?p=335646"},"modified":"2024-08-24T12:10:06","modified_gmt":"2024-08-24T17:10:06","slug":"bienvenidas-brasil-y-francia-primeras-selecciones-que-llegan-a-medellin-para-jugar-el-mundial-femenino-sub-20-de-la-fifa","status":"publish","type":"post","link":"https:\/\/www.medellin.gov.co\/es\/sala-de-prensa\/noticias\/bienvenidas-brasil-y-francia-primeras-selecciones-que-llegan-a-medellin-para-jugar-el-mundial-femenino-sub-20-de-la-fifa\/","title":{"rendered":"Bienvenidas, Brasil y Francia, primeras selecciones que llegan a Medell\u00edn para jugar el Mundial Femenino Sub-20 de la FIFA"},"content":{"rendered":"<ul>\n<li><a href=\"https:\/\/www.medellin.gov.co\/es\/conoce-algunos-datos-generales-de-la-ciudad\/\" target=\"_blank\" rel=\"noopener\">Medell\u00edn<\/a> es una de las tres ciudades sedes del <a href=\"https:\/\/www.medellin.gov.co\/es\/mundial-femenino-sub20\/\" target=\"_blank\" rel=\"noopener\">Mundial<\/a>, previsto para desarrollarse desde el 31 de agosto hasta el 22 de septiembre en Colombia. Las otras dos son Bogot\u00e1 y Cali.<\/li>\n<li>El martes, 27 de agosto, llegar\u00edan a la capital antioque\u00f1a las selecciones de <a href=\"https:\/\/es.wikipedia.org\/wiki\/Selecci%C3%B3n_femenina_de_f%C3%BAtbol_de_Canad%C3%A1\" target=\"_blank\" rel=\"noopener\">Canad\u00e1<\/a> y <a href=\"https:\/\/inside.fifa.com\/es\/about-fifa\/associations\/FIJ\" target=\"_blank\" rel=\"noopener\">Fiyi<\/a>, con las que se completar\u00e1 el <a href=\"https:\/\/www.medellin.gov.co\/es\/mundial-femenino-sub20\/\" target=\"_blank\" rel=\"noopener\">grupo B del Mundial<\/a>.<\/li>\n<\/ul>\n<p>Las delegaciones de <a href=\"https:\/\/www.conmebol.com\/cbf\/\" target=\"_blank\" rel=\"noopener\">Brasil<\/a> y <a href=\"https:\/\/www.fff.fr\/\" target=\"_blank\" rel=\"noopener\">Francia<\/a> ya se encuentran en <a href=\"https:\/\/www.medellin.gov.co\/es\/conoce-algunos-datos-generales-de-la-ciudad\/\" target=\"_blank\" rel=\"noopener\">Medell\u00edn<\/a> para participar en el <a href=\"https:\/\/www.medellin.gov.co\/es\/mundial-femenino-sub20\/\" target=\"_blank\" rel=\"noopener\">Mundial Femenino Sub-20 de la FIFA, que se desarrollar\u00e1 en Colombia desde el 31 de agosto hasta el 22 de septiembre de 2024<\/a>.<\/p>\n\n\t\t<style type=\"text\/css\">\n\t\t\t#gallery-1 {\n\t\t\t\tmargin: auto;\n\t\t\t}\n\t\t\t#gallery-1 .gallery-item {\n\t\t\t\tfloat: left;\n\t\t\t\tmargin-top: 10px;\n\t\t\t\ttext-align: center;\n\t\t\t\twidth: 50%;\n\t\t\t}\n\t\t\t#gallery-1 img {\n\t\t\t\tborder: 2px solid #cfcfcf;\n\t\t\t}\n\t\t\t#gallery-1 .gallery-caption {\n\t\t\t\tmargin-left: 0;\n\t\t\t}\n\t\t\t\/* see gallery_shortcode() in wp-includes\/media.php *\/\n\t\t<\/style>\n\t\t<div id='gallery-1' class='gallery galleryid-335646 gallery-columns-2 gallery-size-large'><dl class='gallery-item'>\n\t\t\t<dt class='gallery-icon landscape'>\n\t\t\t\t<a href='https:\/\/www.medellin.gov.co\/es\/sala-de-prensa\/noticias\/bienvenidas-brasil-y-francia-primeras-selecciones-que-llegan-a-medellin-para-jugar-el-mundial-femenino-sub-20-de-la-fifa\/brasil_medellin_mundialfemeninosub20_fifa-2\/'><img width=\"1024\" height=\"768\" src=\"https:\/\/www.medellin.gov.co\/es\/wp-content\/uploads\/2024\/08\/Brasil_Medellin_MundialFemeninoSub20_Fifa-2-1024x768.jpg\" class=\"attachment-large size-large\" alt=\"\" loading=\"lazy\" srcset=\"https:\/\/www.medellin.gov.co\/es\/wp-content\/uploads\/2024\/08\/Brasil_Medellin_MundialFemeninoSub20_Fifa-2-1024x768.jpg 1024w, https:\/\/www.medellin.gov.co\/es\/wp-content\/uploads\/2024\/08\/Brasil_Medellin_MundialFemeninoSub20_Fifa-2-300x225.jpg 300w, https:\/\/www.medellin.gov.co\/es\/wp-content\/uploads\/2024\/08\/Brasil_Medellin_MundialFemeninoSub20_Fifa-2-150x113.jpg 150w, https:\/\/www.medellin.gov.co\/es\/wp-content\/uploads\/2024\/08\/Brasil_Medellin_MundialFemeninoSub20_Fifa-2-768x576.jpg 768w, https:\/\/www.medellin.gov.co\/es\/wp-content\/uploads\/2024\/08\/Brasil_Medellin_MundialFemeninoSub20_Fifa-2.jpg 1137w\" sizes=\"(max-width: 1024px) 100vw, 1024px\" \/><\/a>\n\t\t\t<\/dt><\/dl><dl class='gallery-item'>\n\t\t\t<dt class='gallery-icon landscape'>\n\t\t\t\t<a href='https:\/\/www.medellin.gov.co\/es\/sala-de-prensa\/noticias\/bienvenidas-brasil-y-francia-primeras-selecciones-que-llegan-a-medellin-para-jugar-el-mundial-femenino-sub-20-de-la-fifa\/brasil_medellin_mundialfemeninosub20_fifa-4\/'><img width=\"1024\" height=\"768\" src=\"https:\/\/www.medellin.gov.co\/es\/wp-content\/uploads\/2024\/08\/Brasil_Medellin_MundialFemeninoSub20_Fifa-4-1024x768.jpg\" class=\"attachment-large size-large\" alt=\"\" loading=\"lazy\" srcset=\"https:\/\/www.medellin.gov.co\/es\/wp-content\/uploads\/2024\/08\/Brasil_Medellin_MundialFemeninoSub20_Fifa-4-1024x768.jpg 1024w, https:\/\/www.medellin.gov.co\/es\/wp-content\/uploads\/2024\/08\/Brasil_Medellin_MundialFemeninoSub20_Fifa-4-300x225.jpg 300w, https:\/\/www.medellin.gov.co\/es\/wp-content\/uploads\/2024\/08\/Brasil_Medellin_MundialFemeninoSub20_Fifa-4-150x113.jpg 150w, https:\/\/www.medellin.gov.co\/es\/wp-content\/uploads\/2024\/08\/Brasil_Medellin_MundialFemeninoSub20_Fifa-4-768x576.jpg 768w, https:\/\/www.medellin.gov.co\/es\/wp-content\/uploads\/2024\/08\/Brasil_Medellin_MundialFemeninoSub20_Fifa-4.jpg 1137w\" sizes=\"(max-width: 1024px) 100vw, 1024px\" \/><\/a>\n\t\t\t<\/dt><\/dl><br style=\"clear: both\" \/><dl class='gallery-item'>\n\t\t\t<dt class='gallery-icon landscape'>\n\t\t\t\t<a href='https:\/\/www.medellin.gov.co\/es\/sala-de-prensa\/noticias\/bienvenidas-brasil-y-francia-primeras-selecciones-que-llegan-a-medellin-para-jugar-el-mundial-femenino-sub-20-de-la-fifa\/brasil_medellin_mundialfemeninosub20_fifa-1\/'><img width=\"1024\" height=\"768\" src=\"https:\/\/www.medellin.gov.co\/es\/wp-content\/uploads\/2024\/08\/Brasil_Medellin_MundialFemeninoSub20_Fifa-1-1024x768.jpg\" class=\"attachment-large size-large\" alt=\"\" loading=\"lazy\" srcset=\"https:\/\/www.medellin.gov.co\/es\/wp-content\/uploads\/2024\/08\/Brasil_Medellin_MundialFemeninoSub20_Fifa-1-1024x768.jpg 1024w, https:\/\/www.medellin.gov.co\/es\/wp-content\/uploads\/2024\/08\/Brasil_Medellin_MundialFemeninoSub20_Fifa-1-300x225.jpg 300w, https:\/\/www.medellin.gov.co\/es\/wp-content\/uploads\/2024\/08\/Brasil_Medellin_MundialFemeninoSub20_Fifa-1-150x113.jpg 150w, https:\/\/www.medellin.gov.co\/es\/wp-content\/uploads\/2024\/08\/Brasil_Medellin_MundialFemeninoSub20_Fifa-1-768x576.jpg 768w, https:\/\/www.medellin.gov.co\/es\/wp-content\/uploads\/2024\/08\/Brasil_Medellin_MundialFemeninoSub20_Fifa-1.jpg 1137w\" sizes=\"(max-width: 1024px) 100vw, 1024px\" \/><\/a>\n\t\t\t<\/dt><\/dl><dl class='gallery-item'>\n\t\t\t<dt class='gallery-icon landscape'>\n\t\t\t\t<a href='https:\/\/www.medellin.gov.co\/es\/sala-de-prensa\/noticias\/bienvenidas-brasil-y-francia-primeras-selecciones-que-llegan-a-medellin-para-jugar-el-mundial-femenino-sub-20-de-la-fifa\/brasil_medellin_mundialfemeninosub20_fifa-6\/'><img width=\"1024\" height=\"768\" src=\"https:\/\/www.medellin.gov.co\/es\/wp-content\/uploads\/2024\/08\/Brasil_Medellin_MundialFemeninoSub20_Fifa-6-1024x768.jpg\" class=\"attachment-large size-large\" alt=\"\" loading=\"lazy\" srcset=\"https:\/\/www.medellin.gov.co\/es\/wp-content\/uploads\/2024\/08\/Brasil_Medellin_MundialFemeninoSub20_Fifa-6-1024x768.jpg 1024w, https:\/\/www.medellin.gov.co\/es\/wp-content\/uploads\/2024\/08\/Brasil_Medellin_MundialFemeninoSub20_Fifa-6-300x225.jpg 300w, https:\/\/www.medellin.gov.co\/es\/wp-content\/uploads\/2024\/08\/Brasil_Medellin_MundialFemeninoSub20_Fifa-6-150x113.jpg 150w, https:\/\/www.medellin.gov.co\/es\/wp-content\/uploads\/2024\/08\/Brasil_Medellin_MundialFemeninoSub20_Fifa-6-768x576.jpg 768w, https:\/\/www.medellin.gov.co\/es\/wp-content\/uploads\/2024\/08\/Brasil_Medellin_MundialFemeninoSub20_Fifa-6.jpg 1137w\" sizes=\"(max-width: 1024px) 100vw, 1024px\" \/><\/a>\n\t\t\t<\/dt><\/dl><br style=\"clear: both\" \/>\n\t\t<\/div>\n\n<p>Fueron las primeras que arribaron a la capital antioque\u00f1a, una de las tres ciudades sedes del certamen, junto a Bogot\u00e1 y Cali. Para este martes, 27 de agosto, se espera la llegada de las selecciones de <a href=\"https:\/\/es.wikipedia.org\/wiki\/Selecci%C3%B3n_femenina_de_f%C3%BAtbol_de_Canad%C3%A1\" target=\"_blank\" rel=\"noopener\">Canad\u00e1<\/a> y <a href=\"https:\/\/inside.fifa.com\/es\/about-fifa\/associations\/FIJ\" target=\"_blank\" rel=\"noopener\">Fiyi<\/a>, con las que se completar\u00e1 el grupo B.<\/p>\n<p><a href=\"https:\/\/www.medellin.gov.co\/es\/wp-content\/uploads\/2024\/08\/Brasil_Medellin_MundialFemeninoSub20_Fifa-9.jpg\" target=\"_blank\" rel=\"noopener\"><img loading=\"lazy\" class=\"alignnone wp-image-335659 size-large\" src=\"https:\/\/www.medellin.gov.co\/es\/wp-content\/uploads\/2024\/08\/Brasil_Medellin_MundialFemeninoSub20_Fifa-9-1024x768.jpg\" alt=\"\" width=\"1024\" height=\"768\" srcset=\"https:\/\/www.medellin.gov.co\/es\/wp-content\/uploads\/2024\/08\/Brasil_Medellin_MundialFemeninoSub20_Fifa-9-1024x768.jpg 1024w, https:\/\/www.medellin.gov.co\/es\/wp-content\/uploads\/2024\/08\/Brasil_Medellin_MundialFemeninoSub20_Fifa-9-300x225.jpg 300w, https:\/\/www.medellin.gov.co\/es\/wp-content\/uploads\/2024\/08\/Brasil_Medellin_MundialFemeninoSub20_Fifa-9-150x113.jpg 150w, https:\/\/www.medellin.gov.co\/es\/wp-content\/uploads\/2024\/08\/Brasil_Medellin_MundialFemeninoSub20_Fifa-9-768x576.jpg 768w, https:\/\/www.medellin.gov.co\/es\/wp-content\/uploads\/2024\/08\/Brasil_Medellin_MundialFemeninoSub20_Fifa-9.jpg 1137w\" sizes=\"(max-width: 1024px) 100vw, 1024px\" \/><\/a><\/p>\n<p>Este viernes, 23 de agosto, con m\u00fasica, flores y danzas de la <a href=\"http:\/\/www.policia.gov.co\/\" target=\"_blank\" rel=\"noopener\">Polic\u00eda Nacional<\/a> y un gran mensaje de bienvenida, la <a href=\"https:\/\/www.medellin.gov.co\/\" target=\"_blank\" rel=\"noopener\">Alcald\u00eda de Medell\u00edn<\/a> y la <a href=\"http:\/\/www.policia.gov.co\/\" target=\"_blank\" rel=\"noopener\">Polic\u00eda<\/a> recibieron a las delegaciones en el <a href=\"https:\/\/www.aeropuertorionegro.co\/\" target=\"_blank\" rel=\"noopener\">Aeropuerto Jos\u00e9 Mar\u00eda C\u00f3rdova de Rionegro<\/a>. Aterrizaron unas 40 personas de cada pa\u00eds.<\/p>\n\n\t\t<style type=\"text\/css\">\n\t\t\t#gallery-2 {\n\t\t\t\tmargin: auto;\n\t\t\t}\n\t\t\t#gallery-2 .gallery-item {\n\t\t\t\tfloat: left;\n\t\t\t\tmargin-top: 10px;\n\t\t\t\ttext-align: center;\n\t\t\t\twidth: 50%;\n\t\t\t}\n\t\t\t#gallery-2 img {\n\t\t\t\tborder: 2px solid #cfcfcf;\n\t\t\t}\n\t\t\t#gallery-2 .gallery-caption {\n\t\t\t\tmargin-left: 0;\n\t\t\t}\n\t\t\t\/* see gallery_shortcode() in wp-includes\/media.php *\/\n\t\t<\/style>\n\t\t<div id='gallery-2' class='gallery galleryid-335646 gallery-columns-2 gallery-size-large'><dl class='gallery-item'>\n\t\t\t<dt class='gallery-icon landscape'>\n\t\t\t\t<a href='https:\/\/www.medellin.gov.co\/es\/sala-de-prensa\/noticias\/bienvenidas-brasil-y-francia-primeras-selecciones-que-llegan-a-medellin-para-jugar-el-mundial-femenino-sub-20-de-la-fifa\/brasil_medellin_mundialfemeninosub20_fifa-12\/'><img width=\"1024\" height=\"768\" src=\"https:\/\/www.medellin.gov.co\/es\/wp-content\/uploads\/2024\/08\/Brasil_Medellin_MundialFemeninoSub20_Fifa-12-1024x768.jpg\" class=\"attachment-large size-large\" alt=\"\" loading=\"lazy\" srcset=\"https:\/\/www.medellin.gov.co\/es\/wp-content\/uploads\/2024\/08\/Brasil_Medellin_MundialFemeninoSub20_Fifa-12-1024x768.jpg 1024w, https:\/\/www.medellin.gov.co\/es\/wp-content\/uploads\/2024\/08\/Brasil_Medellin_MundialFemeninoSub20_Fifa-12-300x225.jpg 300w, https:\/\/www.medellin.gov.co\/es\/wp-content\/uploads\/2024\/08\/Brasil_Medellin_MundialFemeninoSub20_Fifa-12-150x113.jpg 150w, https:\/\/www.medellin.gov.co\/es\/wp-content\/uploads\/2024\/08\/Brasil_Medellin_MundialFemeninoSub20_Fifa-12-768x576.jpg 768w, https:\/\/www.medellin.gov.co\/es\/wp-content\/uploads\/2024\/08\/Brasil_Medellin_MundialFemeninoSub20_Fifa-12.jpg 1137w\" sizes=\"(max-width: 1024px) 100vw, 1024px\" \/><\/a>\n\t\t\t<\/dt><\/dl><dl class='gallery-item'>\n\t\t\t<dt class='gallery-icon landscape'>\n\t\t\t\t<a href='https:\/\/www.medellin.gov.co\/es\/sala-de-prensa\/noticias\/bienvenidas-brasil-y-francia-primeras-selecciones-que-llegan-a-medellin-para-jugar-el-mundial-femenino-sub-20-de-la-fifa\/brasil_medellin_mundialfemeninosub20_fifa-10\/'><img width=\"1024\" height=\"768\" src=\"https:\/\/www.medellin.gov.co\/es\/wp-content\/uploads\/2024\/08\/Brasil_Medellin_MundialFemeninoSub20_Fifa-10-1024x768.jpg\" class=\"attachment-large size-large\" alt=\"\" loading=\"lazy\" srcset=\"https:\/\/www.medellin.gov.co\/es\/wp-content\/uploads\/2024\/08\/Brasil_Medellin_MundialFemeninoSub20_Fifa-10-1024x768.jpg 1024w, https:\/\/www.medellin.gov.co\/es\/wp-content\/uploads\/2024\/08\/Brasil_Medellin_MundialFemeninoSub20_Fifa-10-300x225.jpg 300w, https:\/\/www.medellin.gov.co\/es\/wp-content\/uploads\/2024\/08\/Brasil_Medellin_MundialFemeninoSub20_Fifa-10-150x113.jpg 150w, https:\/\/www.medellin.gov.co\/es\/wp-content\/uploads\/2024\/08\/Brasil_Medellin_MundialFemeninoSub20_Fifa-10-768x576.jpg 768w, https:\/\/www.medellin.gov.co\/es\/wp-content\/uploads\/2024\/08\/Brasil_Medellin_MundialFemeninoSub20_Fifa-10.jpg 1137w\" sizes=\"(max-width: 1024px) 100vw, 1024px\" \/><\/a>\n\t\t\t<\/dt><\/dl><br style=\"clear: both\" \/><dl class='gallery-item'>\n\t\t\t<dt class='gallery-icon landscape'>\n\t\t\t\t<a href='https:\/\/www.medellin.gov.co\/es\/sala-de-prensa\/noticias\/bienvenidas-brasil-y-francia-primeras-selecciones-que-llegan-a-medellin-para-jugar-el-mundial-femenino-sub-20-de-la-fifa\/brasil_medellin_mundialfemeninosub20_fifa-11\/'><img width=\"1024\" height=\"768\" src=\"https:\/\/www.medellin.gov.co\/es\/wp-content\/uploads\/2024\/08\/Brasil_Medellin_MundialFemeninoSub20_Fifa-11-1024x768.jpg\" class=\"attachment-large size-large\" alt=\"\" loading=\"lazy\" srcset=\"https:\/\/www.medellin.gov.co\/es\/wp-content\/uploads\/2024\/08\/Brasil_Medellin_MundialFemeninoSub20_Fifa-11-1024x768.jpg 1024w, https:\/\/www.medellin.gov.co\/es\/wp-content\/uploads\/2024\/08\/Brasil_Medellin_MundialFemeninoSub20_Fifa-11-300x225.jpg 300w, https:\/\/www.medellin.gov.co\/es\/wp-content\/uploads\/2024\/08\/Brasil_Medellin_MundialFemeninoSub20_Fifa-11-150x113.jpg 150w, https:\/\/www.medellin.gov.co\/es\/wp-content\/uploads\/2024\/08\/Brasil_Medellin_MundialFemeninoSub20_Fifa-11-768x576.jpg 768w, https:\/\/www.medellin.gov.co\/es\/wp-content\/uploads\/2024\/08\/Brasil_Medellin_MundialFemeninoSub20_Fifa-11.jpg 1137w\" sizes=\"(max-width: 1024px) 100vw, 1024px\" \/><\/a>\n\t\t\t<\/dt><\/dl><dl class='gallery-item'>\n\t\t\t<dt class='gallery-icon landscape'>\n\t\t\t\t<a href='https:\/\/www.medellin.gov.co\/es\/sala-de-prensa\/noticias\/bienvenidas-brasil-y-francia-primeras-selecciones-que-llegan-a-medellin-para-jugar-el-mundial-femenino-sub-20-de-la-fifa\/brasil_medellin_mundialfemeninosub20_fifa-3\/'><img width=\"1024\" height=\"768\" src=\"https:\/\/www.medellin.gov.co\/es\/wp-content\/uploads\/2024\/08\/Brasil_Medellin_MundialFemeninoSub20_Fifa-3-1024x768.jpg\" class=\"attachment-large size-large\" alt=\"\" loading=\"lazy\" srcset=\"https:\/\/www.medellin.gov.co\/es\/wp-content\/uploads\/2024\/08\/Brasil_Medellin_MundialFemeninoSub20_Fifa-3-1024x768.jpg 1024w, https:\/\/www.medellin.gov.co\/es\/wp-content\/uploads\/2024\/08\/Brasil_Medellin_MundialFemeninoSub20_Fifa-3-300x225.jpg 300w, https:\/\/www.medellin.gov.co\/es\/wp-content\/uploads\/2024\/08\/Brasil_Medellin_MundialFemeninoSub20_Fifa-3-150x113.jpg 150w, https:\/\/www.medellin.gov.co\/es\/wp-content\/uploads\/2024\/08\/Brasil_Medellin_MundialFemeninoSub20_Fifa-3-768x576.jpg 768w, https:\/\/www.medellin.gov.co\/es\/wp-content\/uploads\/2024\/08\/Brasil_Medellin_MundialFemeninoSub20_Fifa-3.jpg 1137w\" sizes=\"(max-width: 1024px) 100vw, 1024px\" \/><\/a>\n\t\t\t<\/dt><\/dl><br style=\"clear: both\" \/>\n\t\t<\/div>\n\n<p>Giovanna Fernandes, lateral de <a href=\"https:\/\/www.conmebol.com\/cbf\/\" target=\"_blank\" rel=\"noopener\">Brasil<\/a>, coment\u00f3: \u201cEs mi primera vez en Colombia, es un pa\u00eds muy bonito, rico en su cultura. Los rivales (del grupo B: <a href=\"https:\/\/inside.fifa.com\/es\/about-fifa\/associations\/FIJ\" target=\"_blank\" rel=\"noopener\">Fiyi,<\/a> <a href=\"https:\/\/es.wikipedia.org\/wiki\/Selecci%C3%B3n_femenina_de_f%C3%BAtbol_de_Canad%C3%A1\" target=\"_blank\" rel=\"noopener\">Canad\u00e1<\/a> y <a href=\"https:\/\/www.fff.fr\/\" target=\"_blank\" rel=\"noopener\">Francia<\/a>) son equipos muy buenos, han trabajado para poder dar lo mejor. El f\u00fatbol femenino se juega cada vez m\u00e1s\u201d.<\/p>\n<h6><div class=\"iframe-container\"><iframe title=\"YouTube video player\" src=\"https:\/\/www.youtube.com\/embed\/1oPMI1OUfLs?si=vBL2Dv8oamU1pygs\" width=\"100%\" height=\"350\" frameborder=\"0\" allowfullscreen=\"allowfullscreen\"><\/iframe><\/div>Declaraciones de la lateral de Brasil, Giovanna Fernandes.<\/h6>\n<p>Diez partidos se jugar\u00e1n en el estadio Atanasio Girardot: seis de fase de grupos, dos de octavos de final y dos de cuartos de final. Entre ellos estar\u00e1 uno de Colombia, programado para el 6 de septiembre.<\/p>\n<p>Por su parte, Romeu Carvalho de Castro, asesor de la Presidencia de la <a href=\"https:\/\/www.conmebol.com\/cbf\/\" target=\"_blank\" rel=\"noopener\">Confederaci\u00f3n Brasile\u00f1a de F\u00fatbol para las Selecciones Femeninas<\/a>, se refiri\u00f3 a <a href=\"https:\/\/www.medellin.gov.co\/es\/conoce-algunos-datos-generales-de-la-ciudad\/\" target=\"_blank\" rel=\"noopener\">Medell\u00edn<\/a>: \u201cEs una ciudad incre\u00edble, yo he estado aqu\u00ed otras veces\u201d. Y agreg\u00f3 sobre Colombia: \u201cEs un pa\u00eds que respira f\u00fatbol. En f\u00fatbol masculino ha firmado su lugar entre las grandes potencias del mundo y ahora muestra un crecimiento<br \/>\nfant\u00e1stico en el f\u00fatbol de mujeres. Los corazones de los colombianos y los brasile\u00f1os siempre han estado juntos por la pasi\u00f3n del f\u00fatbol\u201d.<\/p>\n<h6><div class=\"iframe-container\"><iframe title=\"YouTube video player\" src=\"https:\/\/www.youtube.com\/embed\/3YAgqc12Lo8?si=NLC5iYQWTxS9H1A3\" width=\"100%\" height=\"350\" frameborder=\"0\" allowfullscreen=\"allowfullscreen\"><\/iframe><\/div>Romeu Carvalho de Castro, asesor de la Presidencia de la Confederaci\u00f3n Brasile\u00f1a de F\u00fatbol para las Selecciones Femeninas<\/h6>\n","protected":false},"excerpt":{"rendered":"<p>Medell\u00edn es una de las tres ciudades sedes del Mundial, previsto para desarrollarse desde el 31 de agosto hasta el 22 de septiembre en Colombia. Las otras dos son Bogot\u00e1 y Cali. El martes, 27 &#8230;<\/p>\n","protected":false},"author":17,"featured_media":335656,"comment_status":"open","ping_status":"open","sticky":false,"template":"","format":"standard","meta":[],"categories":[17],"tags":[689,430],"formato_nota":[],"programas_tax":[],"acf":[],"_links":{"self":[{"href":"https:\/\/www.medellin.gov.co\/es\/wp-json\/wp\/v2\/posts\/335646"}],"collection":[{"href":"https:\/\/www.medellin.gov.co\/es\/wp-json\/wp\/v2\/posts"}],"about":[{"href":"https:\/\/www.medellin.gov.co\/es\/wp-json\/wp\/v2\/types\/post"}],"author":[{"embeddable":true,"href":"https:\/\/www.medellin.gov.co\/es\/wp-json\/wp\/v2\/users\/17"}],"replies":[{"embeddable":true,"href":"https:\/\/www.medellin.gov.co\/es\/wp-json\/wp\/v2\/comments?post=335646"}],"version-history":[{"count":3,"href":"https:\/\/www.medellin.gov.co\/es\/wp-json\/wp\/v2\/posts\/335646\/revisions"}],"predecessor-version":[{"id":335668,"href":"https:\/\/www.medellin.gov.co\/es\/wp-json\/wp\/v2\/posts\/335646\/revisions\/335668"}],"wp:featuredmedia":[{"embeddable":true,"href":"https:\/\/www.medellin.gov.co\/es\/wp-json\/wp\/v2\/media\/335656"}],"wp:attachment":[{"href":"https:\/\/www.medellin.gov.co\/es\/wp-json\/wp\/v2\/media?parent=335646"}],"wp:term":[{"taxonomy":"category","embeddable":true,"href":"https:\/\/www.medellin.gov.co\/es\/wp-json\/wp\/v2\/categories?post=335646"},{"taxonomy":"post_tag","embeddable":true,"href":"https:\/\/www.medellin.gov.co\/es\/wp-json\/wp\/v2\/tags?post=335646"},{"taxonomy":"formato_nota","embeddable":true,"href":"https:\/\/www.medellin.gov.co\/es\/wp-json\/wp\/v2\/formato_nota?post=335646"},{"taxonomy":"programas_tax","embeddable":true,"href":"https:\/\/www.medellin.gov.co\/es\/wp-json\/wp\/v2\/programas_tax?post=335646"}],"curies":[{"name":"wp","href":"https:\/\/api.w.org\/{rel}","templated":true}]}}