{"id":335755,"date":"2024-08-26T11:43:54","date_gmt":"2024-08-26T16:43:54","guid":{"rendered":"https:\/\/www.medellin.gov.co\/es\/?p=335755"},"modified":"2024-08-26T11:50:06","modified_gmt":"2024-08-26T16:50:06","slug":"el-martes-27-de-agosto-se-realizara-la-inscripcion-para-las-100-plazas-vacantes-de-la-planta-temporal-de-agentes-de-transito-en-medellin","status":"publish","type":"post","link":"https:\/\/www.medellin.gov.co\/es\/sala-de-prensa\/noticias\/el-martes-27-de-agosto-se-realizara-la-inscripcion-para-las-100-plazas-vacantes-de-la-planta-temporal-de-agentes-de-transito-en-medellin\/","title":{"rendered":"El martes 27 de agosto se realizar\u00e1 la inscripci\u00f3n para las 100 plazas vacantes de la planta temporal de Agentes de Tr\u00e1nsito en Medell\u00edn."},"content":{"rendered":"<ul>\n<li><em>Las citas para entrega de documentos se asignar\u00e1n este 27 de agosto de manera virtual, a partir de las 8:00 a. m. a trav\u00e9s del sistema de turnos de la Alcald\u00eda de Medell\u00edn.<\/em><em>\u00a0<\/em><\/li>\n<\/ul>\n<ul>\n<li><em>La recepci\u00f3n de documentos f\u00edsicos de los 200 aspirantes que agendaron la cita se realizar\u00e1 el mismo martes 27 de agosto, de manera presencial, en las taquillas del s\u00f3tano A de La Alpujarra. No se recibir\u00e1n documentos si no tiene cita asignada previamente.<\/em><\/li>\n<li><strong><a href=\"https:\/\/distritodemedellinvirtual.sistemasentry.com.co\/visionweb\/solicitarcita\" target=\"_blank\" rel=\"noopener\">Acceso directo al sistema de ficho digital<\/a><\/strong><\/li>\n<\/ul>\n<p>La Secretar\u00eda de Gesti\u00f3n Humana y Servicio a la Ciudadan\u00eda de la Alcald\u00eda de Medell\u00edn, entrega indicaciones que buscan garantizar agilidad y transparencia en la asignaci\u00f3n de cupos para la recepci\u00f3n de los documentos de quienes se postular\u00e1n a las vacantes de la planta temporal de Agentes de Tr\u00e1nsito en la ciudad de Medell\u00edn.<\/p>\n<p>El proceso se realizar\u00e1 en dos fases. <strong><a href=\"https:\/\/distritodemedellinvirtual.sistemasentry.com.co\/visionweb\/solicitarcita\" target=\"_blank\" rel=\"noopener\">La primera se llevar\u00e1 a cabo de manera virtual y corresponde a la asignaci\u00f3n de la cita para la entrega de documentos<\/a><\/strong>. La segunda corresponde a la entrega f\u00edsica de la documentaci\u00f3n solicitada en los par\u00e1metros de la convocatoria y se realizar\u00e1 de manera presencial en el s\u00f3tano A del Centro Administrativo La Alpujarra.<\/p>\n<p>Se habilitar\u00e1n 200 cupos para aspirantes y as\u00ed elegir en todas las fases del proceso 100 agentes temporales de movilidad. Para asignaci\u00f3n de citas, estas se habilitar\u00e1n a partir de \u00a0las 8:00 a. m. de este 27 de agosto, a trav\u00e9s del <strong><a href=\"https:\/\/distritodemedellinvirtual.sistemasentry.com.co\/visionweb\/solicitarcita\" target=\"_blank\" rel=\"noopener\">ficho digital<\/a><\/strong> ubicado en la p\u00e1gina de la Alcald\u00eda de Medell\u00edn <a href=\"http:\/\/www.medellin.gov.co\"><strong>www.medellin.gov.co<\/strong><\/a>, donde debe seleccionar, en la opci\u00f3n sede de atenci\u00f3n, el s\u00f3tano La Alpujarra y posteriormente en servicio, proceso agentes temporales. Para la asignaci\u00f3n de esta cita no es necesario asistir al Centro Administrativo La Alpujarra; se reitera que se hace de manera virtual.<\/p>\n<p>Una vez ingresado a este sitio, debe seleccionar como fecha el d\u00eda martes 27 de agosto y posteriormente la hora en la que se debe presentar personalmente en el s\u00f3tano de La Alpujarra para la entrega de la documentaci\u00f3n correspondiente. A partir de ese momento el aspirante tendr\u00e1 diez minutos para diligenciar la informaci\u00f3n solicitada por el sistema de <strong><a href=\"https:\/\/distritodemedellinvirtual.sistemasentry.com.co\/visionweb\/solicitarcita\" target=\"_blank\" rel=\"noopener\">ficho digital<\/a><\/strong>. Si en este tiempo no logra hacer el diligenciamiento, este turno se bloquear\u00e1 y se habilitar\u00e1 diez minutos despu\u00e9s para ser asignado a otra persona. Mientras tanto, el aspirante podr\u00e1 intentar con otro horario, en caso de que a\u00fan existan citas disponibles.<\/p>\n<p>El aspirante debe diligenciar todos los campos solicitados, con la informaci\u00f3n precisa, tal y como se encuentra en la c\u00e9dula de ciudadan\u00eda. Es causal de descalificaci\u00f3n que no haya concordancia entre la informaci\u00f3n diligenciada y la que reposa en la c\u00e9dula (nombres completos y n\u00famero de documento). Debe verificar que el correo electr\u00f3nico haya quedado correctamente digitado para garantizar la recepci\u00f3n de constancia de su turno. Se recuerda que este documento es indispensable presentarlo de manera f\u00edsica en la cita de recepci\u00f3n de documentos. Si no recuerda el n\u00famero de comuna donde habita, debe diligenciar este campo con el n\u00famero 99.<\/p>\n<p>El sistema solo recibe una inscripci\u00f3n por n\u00famero de c\u00e9dula. Adem\u00e1s, si en el campo c\u00e9dula de ciudadan\u00eda se digita el n\u00famero incompleto, este cupo queda anulado y no se recibe la documentaci\u00f3n.<\/p>\n<p>Los aspirantes que lograron su cita para la entrega de documentos ser\u00e1n atendidos de manera presencial en el horario asignado por el sistema de turnos y deben presentarse, treinta minutos antes del horario asignado para la validaci\u00f3n de su cita. En ese orden, si su cita se asign\u00f3 a las 2:00 p. m. debe estar a las 1:30 p. m. No es necesario llegar antes; para este fin se asign\u00f3 una cita con antelaci\u00f3n. Se recuerda que es un proceso indelegable, por esto el aspirante de asistir directamente y no delegar en un tercero.<\/p>\n<p>Se recomienda asistir sin acompa\u00f1ante, a excepci\u00f3n de aquellas personas que por alg\u00fan paso particular lo requieran.<\/p>\n<p>La Alcald\u00eda de Medell\u00edn garantizar\u00e1 la seguridad del lugar con el acompa\u00f1amiento de su cuerpo de vigilancia, la Polic\u00eda Metropolitana, personal de Espacio P\u00fablico y Personer\u00eda<br \/>\nDistrital.<\/p>\n<p>Los documentos que ser\u00e1n tenidos en cuenta para la verificaci\u00f3n de requisitos, son los que entregar\u00e1 el aspirante de manera f\u00edsica en la cita asignada. Recuerde verificar que cuenta con todos los documentos solicitados por la convocatoria antes de presentarse a la cita, ya que no se permite complementar documentaci\u00f3n por ning\u00fan medio y no se har\u00e1 proceso de subsanaci\u00f3n.<\/p>\n<p>Los par\u00e1metros de la convocatoria est\u00e1n alojados en el portal web <a href=\"http:\/\/www.medellin.gov.co\"><strong>www.medellin.gov.co<\/strong><\/a> donde podr\u00e1 consultar toda la informaci\u00f3n requerida.<\/p>\n","protected":false},"excerpt":{"rendered":"<p>Las citas para entrega de documentos se asignar\u00e1n este 27 de agosto de manera virtual, a partir de las 8:00 a. m. a trav\u00e9s del sistema de turnos de la Alcald\u00eda de Medell\u00edn.\u00a0 La recepci\u00f3n &#8230;<\/p>\n","protected":false},"author":17,"featured_media":95236,"comment_status":"open","ping_status":"open","sticky":false,"template":"","format":"standard","meta":[],"categories":[14],"tags":[447],"formato_nota":[],"programas_tax":[],"acf":[],"_links":{"self":[{"href":"https:\/\/www.medellin.gov.co\/es\/wp-json\/wp\/v2\/posts\/335755"}],"collection":[{"href":"https:\/\/www.medellin.gov.co\/es\/wp-json\/wp\/v2\/posts"}],"about":[{"href":"https:\/\/www.medellin.gov.co\/es\/wp-json\/wp\/v2\/types\/post"}],"author":[{"embeddable":true,"href":"https:\/\/www.medellin.gov.co\/es\/wp-json\/wp\/v2\/users\/17"}],"replies":[{"embeddable":true,"href":"https:\/\/www.medellin.gov.co\/es\/wp-json\/wp\/v2\/comments?post=335755"}],"version-history":[{"count":3,"href":"https:\/\/www.medellin.gov.co\/es\/wp-json\/wp\/v2\/posts\/335755\/revisions"}],"predecessor-version":[{"id":335989,"href":"https:\/\/www.medellin.gov.co\/es\/wp-json\/wp\/v2\/posts\/335755\/revisions\/335989"}],"wp:featuredmedia":[{"embeddable":true,"href":"https:\/\/www.medellin.gov.co\/es\/wp-json\/wp\/v2\/media\/95236"}],"wp:attachment":[{"href":"https:\/\/www.medellin.gov.co\/es\/wp-json\/wp\/v2\/media?parent=335755"}],"wp:term":[{"taxonomy":"category","embeddable":true,"href":"https:\/\/www.medellin.gov.co\/es\/wp-json\/wp\/v2\/categories?post=335755"},{"taxonomy":"post_tag","embeddable":true,"href":"https:\/\/www.medellin.gov.co\/es\/wp-json\/wp\/v2\/tags?post=335755"},{"taxonomy":"formato_nota","embeddable":true,"href":"https:\/\/www.medellin.gov.co\/es\/wp-json\/wp\/v2\/formato_nota?post=335755"},{"taxonomy":"programas_tax","embeddable":true,"href":"https:\/\/www.medellin.gov.co\/es\/wp-json\/wp\/v2\/programas_tax?post=335755"}],"curies":[{"name":"wp","href":"https:\/\/api.w.org\/{rel}","templated":true}]}}