{"id":33576,"date":"2020-10-02T00:00:00","date_gmt":"2020-10-02T05:00:00","guid":{"rendered":"https:\/\/www.medellin.gov.co\/es\/saladeprensa\/noticias\/juan-carlos-upegui-es-el-nuevo-secretario-de-la-no-violencia\/"},"modified":"2022-03-27T22:12:42","modified_gmt":"2022-03-28T03:12:42","slug":"juan-carlos-upegui-es-el-nuevo-secretario-de-la-no-violencia","status":"publish","type":"post","link":"https:\/\/www.medellin.gov.co\/es\/sala-de-prensa\/noticias\/juan-carlos-upegui-es-el-nuevo-secretario-de-la-no-violencia\/","title":{"rendered":"Juan Carlos Upegui es el nuevo Secretario de la No-Violencia"},"content":{"rendered":"<div class=\"wrap contenido\">\n<div class=\"noticia\">\n<div class=\"imagen\">\n<div class=\"divContImageNoticia\" style=\"background-image:url('\/irj\/go\/km\/docs\/galerias\/Imagenes\/Galer\u00eda d\u00eda a d\u00eda 2020\/500_400\/20201002-JuanCarlos-Upegui.jpg')\" rel=\"\/irj\/go\/km\/docs\/galerias\/Imagenes\/Galer\u00eda d\u00eda a d\u00eda 2020\/500_400\/20201002-JuanCarlos-Upegui.jpg\"><span style=\"display:none\"\/><\/div>\n<p>Juan Carlos Upegui.<\/p>\n<p>Foto Alcald\u00eda de Medelll\u00edn<\/p><\/div>\n<p class=\"fecha\"><span>2020-10-02<\/span><\/p>\n<p itemprop=\"name\">Juan Carlos Upegui es el nuevo Secretario de la No-Violencia<\/p>\n<p>Por Prensa Alcald\u00eda de Medell\u00edn<\/p>\n<div class=\"cuerpo\">\n<p><p><span><a target=\"_blank\" title=\"|| Audio || Palabras de Juan Carlos Upegui, secretario de la No-Violencia.\" href=\"\/irj\/go\/km\/docs\/pccdesign\/medellin\/Temas\/AtencionCiudadana\/Noticias\/Shared Content\/Documentos\/2020\/20201002-JuanCarlos-Upegui_01.mp3\" rel=\"noopener\">|| Audio || Palabras de Juan Carlos Upegui, secretario de la No-Violencia<\/a><\/span><\/p>\n<p><span><a target=\"_blank\" title=\"|| Audio || Palabras de Juan Carlos Upegui, secretario de la No-Violencia.\" href=\"|| Audio || Palabras de Juan Carlos Upegui, secretario de la No-Violencia.\" rel=\"noopener\"><\/a><\/span>Medell&iacute;n ya tiene su primer Secretario de la No-Violencia. Se trata de Juan Carlos Upegui, quien ayud&oacute; en la construcci&oacute;n de esta entidad.<\/p>\n<p>Upegui es fil&oacute;sofo de la Universidad Nacional de Colombia. En su recorrido por la Alcald&iacute;a de Medell&iacute;n apoy&oacute; la elaboraci&oacute;n del Plan de Desarrollo Medell&iacute;n Futuro, estuvo al frente de la creaci&oacute;n de la Secretar&iacute;a de la No-Violencia y de la Gerencia de Proyectos Estrat&eacute;gicos.<\/p>\n<p>&ldquo;Esta secretar&iacute;a, que surge despu&eacute;s de un estudio t&eacute;cnico, tiene como prop&oacute;sito fortalecer todos los procesos de paz territorial, acompa&ntilde;ar a las v&iacute;ctimas en la b&uacute;squeda de justicia y generar acciones a trav&eacute;s del arte y la cultura para prevenir todas las violencias en el territorio&rdquo;, explic&oacute; el Secretario.<\/p>\n<\/p>\n<p><span style=\"display:none\"\/><\/div>\n<div class=\"compartir\">Compartir en: <a title=\"\" href=\"http:\/\/www.facebook.com\/share.php?u=\" class=\"btCompartirFacebook btCompartir\" target=\"_blank\" rel=\"noopener\"><a title=\"\" href=\"http:\/\/twitter.com\/home?status=Haz%20clic%20para%20ver%20esta%20noticia%20en%20\" class=\"btCompartirTwitter btCompartir\"\/><a title=\"\" href=\"whatsapp:\/\/send?text=Haz%20clic%20para%20ver%20esta%20noticia%20en%20\" class=\"btCompartirWa btCompartir\"\/><\/div>\n<\/div>\n<p><script>try{comprobarImagen();fixBtnRedes();hitsMedellin();}catch(e){}<\/script><\/div>\n","protected":false},"excerpt":{"rendered":"<p>Juan Carlos Upegui. Foto Alcald\u00eda de Medelll\u00edn 2020-10-02 Juan Carlos Upegui es el nuevo Secretario de la No-Violencia Por Prensa Alcald\u00eda de Medell\u00edn || Audio || Palabras de Juan Carlos Upegui, secretario de la No-Violencia &#8230;<\/p>\n","protected":false},"author":1,"featured_media":57380,"comment_status":"open","ping_status":"open","sticky":false,"template":"","format":"standard","meta":[],"categories":[2,8,20],"tags":[453,455],"formato_nota":[],"programas_tax":[],"acf":[],"_links":{"self":[{"href":"https:\/\/www.medellin.gov.co\/es\/wp-json\/wp\/v2\/posts\/33576"}],"collection":[{"href":"https:\/\/www.medellin.gov.co\/es\/wp-json\/wp\/v2\/posts"}],"about":[{"href":"https:\/\/www.medellin.gov.co\/es\/wp-json\/wp\/v2\/types\/post"}],"author":[{"embeddable":true,"href":"https:\/\/www.medellin.gov.co\/es\/wp-json\/wp\/v2\/users\/1"}],"replies":[{"embeddable":true,"href":"https:\/\/www.medellin.gov.co\/es\/wp-json\/wp\/v2\/comments?post=33576"}],"version-history":[{"count":1,"href":"https:\/\/www.medellin.gov.co\/es\/wp-json\/wp\/v2\/posts\/33576\/revisions"}],"predecessor-version":[{"id":36604,"href":"https:\/\/www.medellin.gov.co\/es\/wp-json\/wp\/v2\/posts\/33576\/revisions\/36604"}],"wp:featuredmedia":[{"embeddable":true,"href":"https:\/\/www.medellin.gov.co\/es\/wp-json\/wp\/v2\/media\/57380"}],"wp:attachment":[{"href":"https:\/\/www.medellin.gov.co\/es\/wp-json\/wp\/v2\/media?parent=33576"}],"wp:term":[{"taxonomy":"category","embeddable":true,"href":"https:\/\/www.medellin.gov.co\/es\/wp-json\/wp\/v2\/categories?post=33576"},{"taxonomy":"post_tag","embeddable":true,"href":"https:\/\/www.medellin.gov.co\/es\/wp-json\/wp\/v2\/tags?post=33576"},{"taxonomy":"formato_nota","embeddable":true,"href":"https:\/\/www.medellin.gov.co\/es\/wp-json\/wp\/v2\/formato_nota?post=33576"},{"taxonomy":"programas_tax","embeddable":true,"href":"https:\/\/www.medellin.gov.co\/es\/wp-json\/wp\/v2\/programas_tax?post=33576"}],"curies":[{"name":"wp","href":"https:\/\/api.w.org\/{rel}","templated":true}]}}