{"id":33588,"date":"2020-11-17T00:00:00","date_gmt":"2020-11-17T05:00:00","guid":{"rendered":"https:\/\/www.medellin.gov.co\/es\/saladeprensa\/noticias\/la-alcaldia-de-medellin-reconocera-las-mejores-practicas-educativas-de-la-ciudad-durante-la-pandemia\/"},"modified":"2022-03-27T22:13:01","modified_gmt":"2022-03-28T03:13:01","slug":"la-alcaldia-de-medellin-reconocera-las-mejores-practicas-educativas-de-la-ciudad-durante-la-pandemia","status":"publish","type":"post","link":"https:\/\/www.medellin.gov.co\/es\/sala-de-prensa\/noticias\/la-alcaldia-de-medellin-reconocera-las-mejores-practicas-educativas-de-la-ciudad-durante-la-pandemia\/","title":{"rendered":"La Alcald\u00eda de Medell\u00edn reconocer\u00e1 las mejores pr\u00e1cticas educativas de la ciudad durante la pandemia"},"content":{"rendered":"<div class=\"wrap contenido\">\n<div class=\"noticia\">\n<div class=\"imagen\">\n<div class=\"divContImageNoticia\" style=\"background-image:url('\/irj\/go\/km\/docs\/galerias\/Imagenes\/Galer\u00eda d\u00eda a d\u00eda 2020\/500_400\/20201118 entrega kit calidad educativa .jpg')\" rel=\"\/irj\/go\/km\/docs\/galerias\/Imagenes\/Galer\u00eda d\u00eda a d\u00eda 2020\/500_400\/20201118 entrega kit calidad educativa .jpg\"><span style=\"display:none\"\/><\/div>\n<p>La Alcald\u00eda de Medell\u00edn reconocer\u00e1 las mejores pr\u00e1cticas educativas de la ciudad durante la pandemia <\/p>\n<p>Foto Alcald\u00eda de Medelll\u00edn<\/p><\/div>\n<p class=\"fecha\"><span>2020-11-18<\/span><\/p>\n<p itemprop=\"name\">La Alcald\u00eda de Medell\u00edn reconocer\u00e1 las mejores pr\u00e1cticas educativas de la ciudad durante la pandemia<\/p>\n<p>Por Luisa Fernanda Ca\u00f1as Urrego<\/p>\n<div class=\"cuerpo\">\n<p><p><span>.:&nbsp;<\/span>Los Premios a la Calidad Educativa Ser Mejor exaltan la labor de maestros, directivos docentes, estudiantes e instituciones.&nbsp;<br \/> <span>.:&nbsp;<\/span>La bolsa de premios es de $1.600 millones.&nbsp;<br \/> <span>.:&nbsp;<\/span>La ceremonia ser&aacute; virtual y transmitida por Telemedell&iacute;n el jueves, 19 de noviembre, desde las 8:00 p. m.&nbsp;<\/p>\n<p><strong><a target=\"_blank\" title=\"La Alcald&iacute;a de Medell&iacute;n reconocer&aacute; las mejores pr&aacute;cticas educativas de la ciudad durante la pandemia \" href=\"https:\/\/www.medellin.gov.co\/irj\/go\/km\/docs\/pccdesign\/medellin\/Temas\/AtencionCiudadana\/Noticias\/Shared Content\/Documentos\/2020\/20201118-secretaria-premios-calidad-educativa.mp3\" rel=\"noopener\"><span style=\"color: #3366ff;\">|| Audio || Palabras de&nbsp;Alexandra Agudelo Ruiz,&nbsp;secretaria de Educaci&oacute;n<\/span><\/a><\/strong>.<\/p>\n<p>De un total de 367 finalistas saldr&aacute;n los ganadores de la edici&oacute;n de este a&ntilde;o de los Premios a la Calidad Educativa Ser Mejor con los cuales la Alcald&iacute;a de Medell&iacute;n reconocer&aacute; las pr&aacute;cticas m&aacute;s destacadas de la comunidad estudiantil durante la pandemia.&nbsp;<\/p>\n<p><i>&ldquo;Adaptarnos a las condiciones de la pandemia ha permitido explorar nuevas posibilidades de formaci&oacute;n en la ciudad. Los Premios a la Calidad Educativa nos permiten exaltar la labor de maestros, directivos docentes, estudiantes e instituciones educativas en pr&aacute;cticas formativas, liderazgo, construcci&oacute;n de nuevas ciudadan&iacute;as, inclusi&oacute;n, Media T&eacute;cnica, educaci&oacute;n inicial, gesti&oacute;n y mejoramiento&rdquo;, <\/i>expres&oacute; la secretaria de Educaci&oacute;n, Alexandra Agudelo Ruiz.&nbsp;<\/p>\n<p>La bolsa de premios es de $1.600 millones en incentivos educativos. A la casa de cada uno de los 367 finalistas fueron enviados kits interactivos para participar en la ceremonia de reconocimiento. En ella, el Ballet Folkl&oacute;rico de Antioquia representar&aacute; cuatro momentos de la historia de la transformaci&oacute;n educativa y cultural de la capital antioque&ntilde;a.&nbsp;<\/p>\n<p>Este a&ntilde;o, el n&uacute;mero de propuestas super&oacute; las expectativas, ya que la Secretar&iacute;a de Educaci&oacute;n recibi&oacute; 465, es decir, 103 m&aacute;s que en 2019.&nbsp;<\/p>\n<p>El jueves, 19 de noviembre, la gala tendr&aacute; transmisi&oacute;n en vivo por Telemedell&iacute;n y las redes sociales de la Secretar&iacute;a de Educaci&oacute;n, a las 8:00 p. m., desde el Centro de Innovaci&oacute;n del Maestro, MOVA.<\/p>\n<\/p>\n<p><span style=\"display:none\"\/><\/div>\n<div class=\"compartir\">Compartir en: <a title=\"\" href=\"http:\/\/www.facebook.com\/share.php?u=\" class=\"btCompartirFacebook btCompartir\" target=\"_blank\" rel=\"noopener\"><a title=\"\" href=\"http:\/\/twitter.com\/home?status=Haz%20clic%20para%20ver%20esta%20noticia%20en%20\" class=\"btCompartirTwitter btCompartir\"\/><a title=\"\" href=\"whatsapp:\/\/send?text=Haz%20clic%20para%20ver%20esta%20noticia%20en%20\" class=\"btCompartirWa btCompartir\"\/><\/div>\n<\/div>\n<p><script>try{comprobarImagen();fixBtnRedes();hitsMedellin();}catch(e){}<\/script><\/div>\n","protected":false},"excerpt":{"rendered":"<p>La Alcald\u00eda de Medell\u00edn reconocer\u00e1 las mejores pr\u00e1cticas educativas de la ciudad durante la pandemia Foto Alcald\u00eda de Medelll\u00edn 2020-11-18 La Alcald\u00eda de Medell\u00edn reconocer\u00e1 las mejores pr\u00e1cticas educativas de la ciudad durante la pandemia &#8230;<\/p>\n","protected":false},"author":1,"featured_media":57392,"comment_status":"open","ping_status":"open","sticky":false,"template":"","format":"standard","meta":[],"categories":[4,2],"tags":[431,435],"formato_nota":[],"programas_tax":[],"acf":[],"_links":{"self":[{"href":"https:\/\/www.medellin.gov.co\/es\/wp-json\/wp\/v2\/posts\/33588"}],"collection":[{"href":"https:\/\/www.medellin.gov.co\/es\/wp-json\/wp\/v2\/posts"}],"about":[{"href":"https:\/\/www.medellin.gov.co\/es\/wp-json\/wp\/v2\/types\/post"}],"author":[{"embeddable":true,"href":"https:\/\/www.medellin.gov.co\/es\/wp-json\/wp\/v2\/users\/1"}],"replies":[{"embeddable":true,"href":"https:\/\/www.medellin.gov.co\/es\/wp-json\/wp\/v2\/comments?post=33588"}],"version-history":[{"count":1,"href":"https:\/\/www.medellin.gov.co\/es\/wp-json\/wp\/v2\/posts\/33588\/revisions"}],"predecessor-version":[{"id":36616,"href":"https:\/\/www.medellin.gov.co\/es\/wp-json\/wp\/v2\/posts\/33588\/revisions\/36616"}],"wp:featuredmedia":[{"embeddable":true,"href":"https:\/\/www.medellin.gov.co\/es\/wp-json\/wp\/v2\/media\/57392"}],"wp:attachment":[{"href":"https:\/\/www.medellin.gov.co\/es\/wp-json\/wp\/v2\/media?parent=33588"}],"wp:term":[{"taxonomy":"category","embeddable":true,"href":"https:\/\/www.medellin.gov.co\/es\/wp-json\/wp\/v2\/categories?post=33588"},{"taxonomy":"post_tag","embeddable":true,"href":"https:\/\/www.medellin.gov.co\/es\/wp-json\/wp\/v2\/tags?post=33588"},{"taxonomy":"formato_nota","embeddable":true,"href":"https:\/\/www.medellin.gov.co\/es\/wp-json\/wp\/v2\/formato_nota?post=33588"},{"taxonomy":"programas_tax","embeddable":true,"href":"https:\/\/www.medellin.gov.co\/es\/wp-json\/wp\/v2\/programas_tax?post=33588"}],"curies":[{"name":"wp","href":"https:\/\/api.w.org\/{rel}","templated":true}]}}