{"id":33598,"date":"2020-11-16T00:00:00","date_gmt":"2020-11-16T05:00:00","guid":{"rendered":"https:\/\/www.medellin.gov.co\/es\/saladeprensa\/noticias\/medellin-firmara-pacto-por-la-defensa-de-la-integridad-y-la-lucha-contra-la-corrupcion-durante-la-feria-de-la-transparencia\/"},"modified":"2022-03-27T22:13:13","modified_gmt":"2022-03-28T03:13:13","slug":"medellin-firmara-pacto-por-la-defensa-de-la-integridad-y-la-lucha-contra-la-corrupcion-durante-la-feria-de-la-transparencia","status":"publish","type":"post","link":"https:\/\/www.medellin.gov.co\/es\/sala-de-prensa\/noticias\/medellin-firmara-pacto-por-la-defensa-de-la-integridad-y-la-lucha-contra-la-corrupcion-durante-la-feria-de-la-transparencia\/","title":{"rendered":"Medell\u00edn firmar\u00e1 pacto por la defensa de la integridad y la lucha contra la corrupci\u00f3n durante la Feria de la Transparencia"},"content":{"rendered":"<div class=\"wrap contenido\">\n<div class=\"noticia\">\n<div class=\"imagen\">\n<div class=\"divContImageNoticia\" style=\"background-image:url('\/irj\/go\/km\/docs\/galerias\/Imagenes\/Galer\u00eda d\u00eda a d\u00eda 2020\/500_400\/20201116 Feria de la Transparencia 2.jpg')\" rel=\"\/irj\/go\/km\/docs\/galerias\/Imagenes\/Galer\u00eda d\u00eda a d\u00eda 2020\/500_400\/20201116 Feria de la Transparencia 2.jpg\"><span style=\"display:none\"\/><\/div>\n<p>Medell\u00edn firmar\u00e1 pacto por la defensa de la integridad y la lucha contra la corrupci\u00f3n durante la Feria de la Transparencia<\/p>\n<p>Foto Alcald\u00eda de Medelll\u00edn<\/p><\/div>\n<p class=\"fecha\"><span>2020-11-16<\/span><\/p>\n<p itemprop=\"name\">Medell\u00edn firmar\u00e1 pacto por la defensa de la integridad y la lucha contra la corrupci\u00f3n durante la Feria de la Transparencia<\/p>\n<p>Por Prensa Alcald\u00eda de Medell\u00edn<\/p>\n<div class=\"cuerpo\">\n<p><p><span>.:&nbsp;<\/span>El evento, que se traslada a la virtualidad, se realizar&aacute; este martes 17 y mi&eacute;rcoles 18 de noviembre.&nbsp;<br \/> <span>.:&nbsp;<\/span>Es organizado por la Alcald&iacute;a de Medell&iacute;n y el Departamento Administrativo de la Funci&oacute;n P&uacute;blica.&nbsp;<br \/> <span>.:&nbsp;<\/span>Contar&aacute; con invitados locales, nacionales e internacionales y una muestra educativa para socializar planes de compra y modelos de contrataci&oacute;n.&nbsp;<\/p>\n<p><strong><a href=\"https:\/\/www.medellin.gov.co\/irj\/go\/km\/docs\/pccdesign\/medellin\/Temas\/AtencionCiudadana\/Noticias\/Shared Content\/Documentos\/2020\/20201116-secretar&iacute;a-de-suministros-y-servicios-en-baja.mp3\" title=\"Medell&iacute;n firmar&aacute; pacto por la defensa de la integridad y la lucha contra la corrupci&oacute;n durante la Feria de la Transparencia\" target=\"_blank\" rel=\"noopener\"><span style=\"color: #3366ff;\">|| Audio || Palabras de&nbsp;Karen Delgado Manjarr&eacute;s,&nbsp;secretaria de Suministros y Servicios<\/span><\/a><\/strong>.<\/p>\n<p>La Alcald&iacute;a de Medell&iacute;n y el Departamento Administrativo de la Funci&oacute;n P&uacute;blica realizar&aacute;n este 17 y 18 de noviembre la Feria de la Transparencia, en el marco del Modelo Integrado de Planeaci&oacute;n y Gesti&oacute;n (MIPG). Ser&aacute; un evento virtual, con paneles y conferencias sobre transparencia, innovaci&oacute;n, gesti&oacute;n del conocimiento, liderazgo de las mujeres en la gesti&oacute;n p&uacute;blica, entre otros.&nbsp;<\/p>\n<p>Durante el encuentro, Medell&iacute;n reafirmar&aacute; su compromiso con fomentar la transparencia y luchar contra la corrupci&oacute;n a trav&eacute;s de diferentes estrategias como la implementaci&oacute;n de la Ley de Transparencia y Acceso a la Informaci&oacute;n P&uacute;blica y fortalecer la cultura de integridad y legalidad.&nbsp;<\/p>\n<p>&ldquo;<i>Nuestro alcalde Daniel Quintero firmar&aacute; un &uacute;nico pacto en el que Medell&iacute;n estar&aacute; comprometida con la transparencia, adem&aacute;s tendremos una oferta de panelistas locales, nacionales e internacionales para hablar sobre el papel de la mujer en la transparencia, el papel del control interno, la tecnolog&iacute;a y sobre los retos de la Covid-19 en temas de acceso a la informaci&oacute;n y gobierno abierto<\/i>&rdquo;, indic&oacute; la secretaria de Suministros y Servicios, Karen Delgado Manjarr&eacute;s.<\/p>\n<p>Los asistentes podr&aacute;n interactuar con los expositores de las entidades descentralizadas del conglomerado p&uacute;blico de la ciudad, conocer el Plan Anual de Adquisiciones de cada entidad e interactuar a trav&eacute;s de chat con las mismas.&nbsp;<\/p>\n<p>Tambi&eacute;n podr&aacute;n presenciar las diferentes conferencias y paneles en vivo, registr&aacute;ndose previamente en <strong><a target=\"_blank\" href=\"https:\/\/bit.ly\/38nnIRt\" rel=\"noopener\"><span style=\"color: #3366ff;\">https:\/\/bit.ly\/38nnIRt<\/span><\/a><\/strong> e ingresar con su correo electr&oacute;nico.&nbsp;<\/p>\n<p>Toda la programaci&oacute;n est&aacute; disponible en: <strong><a target=\"_blank\" href=\"https:\/\/bit.ly\/FTransparencia\" rel=\"noopener\"><span style=\"color: #3366ff;\">https:\/\/bit.ly\/FTransparencia<\/span><\/a><\/strong>.<\/p>\n<\/p>\n<p><span style=\"display:none\"\/><\/div>\n<div class=\"compartir\">Compartir en: <a title=\"\" href=\"http:\/\/www.facebook.com\/share.php?u=\" class=\"btCompartirFacebook btCompartir\" target=\"_blank\" rel=\"noopener\"><a title=\"\" href=\"http:\/\/twitter.com\/home?status=Haz%20clic%20para%20ver%20esta%20noticia%20en%20\" class=\"btCompartirTwitter btCompartir\"\/><a title=\"\" href=\"whatsapp:\/\/send?text=Haz%20clic%20para%20ver%20esta%20noticia%20en%20\" class=\"btCompartirWa btCompartir\"\/><\/div>\n<\/div>\n<p><script>try{comprobarImagen();fixBtnRedes();hitsMedellin();}catch(e){}<\/script><\/div>\n","protected":false},"excerpt":{"rendered":"<p>Medell\u00edn firmar\u00e1 pacto por la defensa de la integridad y la lucha contra la corrupci\u00f3n durante la Feria de la Transparencia Foto Alcald\u00eda de Medelll\u00edn 2020-11-16 Medell\u00edn firmar\u00e1 pacto por la defensa de la integridad &#8230;<\/p>\n","protected":false},"author":1,"featured_media":57404,"comment_status":"open","ping_status":"open","sticky":false,"template":"","format":"standard","meta":[],"categories":[2,9,22,6],"tags":[432,453,455],"formato_nota":[],"programas_tax":[],"acf":[],"_links":{"self":[{"href":"https:\/\/www.medellin.gov.co\/es\/wp-json\/wp\/v2\/posts\/33598"}],"collection":[{"href":"https:\/\/www.medellin.gov.co\/es\/wp-json\/wp\/v2\/posts"}],"about":[{"href":"https:\/\/www.medellin.gov.co\/es\/wp-json\/wp\/v2\/types\/post"}],"author":[{"embeddable":true,"href":"https:\/\/www.medellin.gov.co\/es\/wp-json\/wp\/v2\/users\/1"}],"replies":[{"embeddable":true,"href":"https:\/\/www.medellin.gov.co\/es\/wp-json\/wp\/v2\/comments?post=33598"}],"version-history":[{"count":1,"href":"https:\/\/www.medellin.gov.co\/es\/wp-json\/wp\/v2\/posts\/33598\/revisions"}],"predecessor-version":[{"id":36626,"href":"https:\/\/www.medellin.gov.co\/es\/wp-json\/wp\/v2\/posts\/33598\/revisions\/36626"}],"wp:featuredmedia":[{"embeddable":true,"href":"https:\/\/www.medellin.gov.co\/es\/wp-json\/wp\/v2\/media\/57404"}],"wp:attachment":[{"href":"https:\/\/www.medellin.gov.co\/es\/wp-json\/wp\/v2\/media?parent=33598"}],"wp:term":[{"taxonomy":"category","embeddable":true,"href":"https:\/\/www.medellin.gov.co\/es\/wp-json\/wp\/v2\/categories?post=33598"},{"taxonomy":"post_tag","embeddable":true,"href":"https:\/\/www.medellin.gov.co\/es\/wp-json\/wp\/v2\/tags?post=33598"},{"taxonomy":"formato_nota","embeddable":true,"href":"https:\/\/www.medellin.gov.co\/es\/wp-json\/wp\/v2\/formato_nota?post=33598"},{"taxonomy":"programas_tax","embeddable":true,"href":"https:\/\/www.medellin.gov.co\/es\/wp-json\/wp\/v2\/programas_tax?post=33598"}],"curies":[{"name":"wp","href":"https:\/\/api.w.org\/{rel}","templated":true}]}}