{"id":33626,"date":"2020-04-15T00:00:00","date_gmt":"2020-04-15T05:00:00","guid":{"rendered":"https:\/\/www.medellin.gov.co\/es\/saladeprensa\/noticias\/en-medellin-la-declaracion-de-industria-y-comercio-se-puede-presentar-virtualmente\/"},"modified":"2022-03-27T22:13:46","modified_gmt":"2022-03-28T03:13:46","slug":"en-medellin-la-declaracion-de-industria-y-comercio-se-puede-presentar-virtualmente","status":"publish","type":"post","link":"https:\/\/www.medellin.gov.co\/es\/sala-de-prensa\/noticias\/en-medellin-la-declaracion-de-industria-y-comercio-se-puede-presentar-virtualmente\/","title":{"rendered":"En Medell\u00edn, la declaraci\u00f3n de industria y comercio se puede presentar virtualmente"},"content":{"rendered":"<div class=\"wrap contenido\">\n<div class=\"noticia\">\n<div class=\"imagen\">\n<div class=\"divContImageNoticia\" style=\"background-image:url('\/irj\/go\/km\/docs\/galerias\/Imagenes\/Panor\u00e1micas de ciudad y sitios de inter\u00e9s\/500_400\/09.13.2016_PanoramicaMedellin.jpg')\" rel=\"\/irj\/go\/km\/docs\/galerias\/Imagenes\/Panor\u00e1micas de ciudad y sitios de inter\u00e9s\/500_400\/09.13.2016_PanoramicaMedellin.jpg\"><span style=\"display:none\"\/><\/div>\n<p>Panor\u00e1mica de Medell\u00edn<\/p>\n<p>Alcald\u00eda de Medell\u00edn<\/p><\/div>\n<p class=\"fecha\"><span>2020-04-15<\/span><\/p>\n<p itemprop=\"name\">En Medell\u00edn, la declaraci\u00f3n de industria y comercio se puede presentar virtualmente<\/p>\n<p>Por Prensa Alcald\u00eda de Medell\u00edn<\/p>\n<div class=\"cuerpo\">\n<p><p>.: El 15 de mayo inician las fechas para las declaraciones.<br \/>.: La plataforma de la Alcald&iacute;a de Medell&iacute;n est&aacute; en funcionamiento para recibirlas en cualquier momento.&nbsp;<\/p>\n<p>Entre el 15 y el 29 de mayo se vencen los plazos para presentar la declaraci&oacute;n de industria y comercio anual, seg&uacute;n el &uacute;ltimo d&iacute;gito de la c&eacute;dula o NIT del declarante.<\/p>\n<p><a target=\"_blank\" href=\"\/irj\/go\/km\/docs\/pccdesign\/medellin\/Temas\/AtencionCiudadana\/Noticias\/Shared Content\/Imagenes\/2020\/2020015_IndustriaComercio1.jpeg\" rel=\"noopener\"><img title=\"En Medell&iacute;n, la declaraci&oacute;n de industria y comercio se puede presentar virtualmente\" alt=\"En Medell&iacute;n, la declaraci&oacute;n de industria y comercio se puede presentar virtualmente\" width=\"100%\" src=\"\/irj\/go\/km\/docs\/pccdesign\/medellin\/Temas\/AtencionCiudadana\/Noticias\/Shared Content\/Imagenes\/2020\/2020015_IndustriaComercio1.jpeg\"\/><\/a><\/p>\n<p>La presentaci&oacute;n en l&iacute;nea de la declaraci&oacute;n de industria y comercio es la mejor opci&oacute;n, por ser r&aacute;pida y f&aacute;cil de manejar, adem&aacute;s de ahorrar tiempo en el cumplimiento de sus obligaciones.&nbsp;<\/p>\n<p>Adem&aacute;s, este a&ntilde;o, la plataforma tiene mejoras que le permiten al contribuyente recuperar las claves de revisor fiscal, contador p&uacute;blico y representante legal, y crear nuevos usuarios para cada uno de estos roles.&nbsp;<\/p>\n<p>En la p&aacute;gina de la Alcald&iacute;a de Medell&iacute;n, <a href=\"http:\/\/www.medellin.gov.co\">www.medellin.gov.co<\/a> en el bot&oacute;n &ldquo;declaraci&oacute;n y pago de industria y comercio&rdquo; se encuentra el video explicativo y el manual para que los declarantes puedan resolver sus inquietudes de manera inmediata.&nbsp;<\/p>\n<p>La declaraci&oacute;n de industria y comercio la deben presentar las personas naturales o jur&iacute;dicas que desarrollan actividades industriales, comerciales, de servicios y financieras, independiente de que su actividad sea gravada o exenta.&nbsp;&nbsp;<\/p>\n<p>No est&aacute;n obligadas a declarar, las entidades que pertenezcan al r&eacute;gimen simplificado, las que est&eacute;n excluidas por resoluci&oacute;n o las catalogadas como de prohibido.<\/p>\n<\/p>\n<p><span style=\"display:none\"\/><\/div>\n<div class=\"compartir\">Compartir en: <a title=\"\" href=\"http:\/\/www.facebook.com\/share.php?u=\" class=\"btCompartirFacebook btCompartir\" target=\"_blank\" rel=\"noopener\"><a title=\"\" href=\"http:\/\/twitter.com\/home?status=Haz%20clic%20para%20ver%20esta%20noticia%20en%20\" class=\"btCompartirTwitter btCompartir\"\/><a title=\"\" href=\"whatsapp:\/\/send?text=Haz%20clic%20para%20ver%20esta%20noticia%20en%20\" class=\"btCompartirWa btCompartir\"\/><\/div>\n<\/div>\n<p><script>try{comprobarImagen();fixBtnRedes();hitsMedellin();}catch(e){}<\/script><\/div>\n","protected":false},"excerpt":{"rendered":"<p>Panor\u00e1mica de Medell\u00edn Alcald\u00eda de Medell\u00edn 2020-04-15 En Medell\u00edn, la declaraci\u00f3n de industria y comercio se puede presentar virtualmente Por Prensa Alcald\u00eda de Medell\u00edn .: El 15 de mayo inician las fechas para las declaraciones..: &#8230;<\/p>\n","protected":false},"author":1,"featured_media":57430,"comment_status":"open","ping_status":"open","sticky":false,"template":"","format":"standard","meta":[],"categories":[2,9,19],"tags":[437,439],"formato_nota":[],"programas_tax":[],"acf":[],"_links":{"self":[{"href":"https:\/\/www.medellin.gov.co\/es\/wp-json\/wp\/v2\/posts\/33626"}],"collection":[{"href":"https:\/\/www.medellin.gov.co\/es\/wp-json\/wp\/v2\/posts"}],"about":[{"href":"https:\/\/www.medellin.gov.co\/es\/wp-json\/wp\/v2\/types\/post"}],"author":[{"embeddable":true,"href":"https:\/\/www.medellin.gov.co\/es\/wp-json\/wp\/v2\/users\/1"}],"replies":[{"embeddable":true,"href":"https:\/\/www.medellin.gov.co\/es\/wp-json\/wp\/v2\/comments?post=33626"}],"version-history":[{"count":1,"href":"https:\/\/www.medellin.gov.co\/es\/wp-json\/wp\/v2\/posts\/33626\/revisions"}],"predecessor-version":[{"id":36654,"href":"https:\/\/www.medellin.gov.co\/es\/wp-json\/wp\/v2\/posts\/33626\/revisions\/36654"}],"wp:featuredmedia":[{"embeddable":true,"href":"https:\/\/www.medellin.gov.co\/es\/wp-json\/wp\/v2\/media\/57430"}],"wp:attachment":[{"href":"https:\/\/www.medellin.gov.co\/es\/wp-json\/wp\/v2\/media?parent=33626"}],"wp:term":[{"taxonomy":"category","embeddable":true,"href":"https:\/\/www.medellin.gov.co\/es\/wp-json\/wp\/v2\/categories?post=33626"},{"taxonomy":"post_tag","embeddable":true,"href":"https:\/\/www.medellin.gov.co\/es\/wp-json\/wp\/v2\/tags?post=33626"},{"taxonomy":"formato_nota","embeddable":true,"href":"https:\/\/www.medellin.gov.co\/es\/wp-json\/wp\/v2\/formato_nota?post=33626"},{"taxonomy":"programas_tax","embeddable":true,"href":"https:\/\/www.medellin.gov.co\/es\/wp-json\/wp\/v2\/programas_tax?post=33626"}],"curies":[{"name":"wp","href":"https:\/\/api.w.org\/{rel}","templated":true}]}}