{"id":336272,"date":"2024-08-26T15:56:09","date_gmt":"2024-08-26T20:56:09","guid":{"rendered":"https:\/\/www.medellin.gov.co\/es\/?p=336272"},"modified":"2024-08-26T15:56:09","modified_gmt":"2024-08-26T20:56:09","slug":"desarticulada-estructura-criminal-dedicada-a-hurtos-a-extranjeros-en-medellin-y-el-valle-de-aburra","status":"publish","type":"post","link":"https:\/\/www.medellin.gov.co\/es\/sala-de-prensa\/noticias\/desarticulada-estructura-criminal-dedicada-a-hurtos-a-extranjeros-en-medellin-y-el-valle-de-aburra\/","title":{"rendered":"Desarticulada estructura criminal dedicada a hurtos a extranjeros en Medell\u00edn y el Valle de Aburr\u00e1"},"content":{"rendered":"<div class=\"page\" title=\"Page 1\">\n<div class=\"section\">\n<div class=\"layoutArea\">\n<div class=\"column\">\n<ul>\n<li><strong>La operacio\u0301n deja siete personas capturadas mediante orden judicial y dos imputaciones en centros carcelarios.<\/strong><\/li>\n<li><strong>Esta estructura criminal seleccionaba vi\u0301ctimas, principalmente, de Panama\u0301, Me\u0301xico y Miami.<\/strong><\/li>\n<\/ul>\n<!--[if lt IE 9]><script>document.createElement('audio');<\/script><![endif]-->\n\t<div class=\"wp-playlist wp-audio-playlist wp-playlist-light\">\n\t\t\t<div class=\"wp-playlist-current-item\"><\/div>\n\t\t<audio controls=\"controls\" preload=\"none\" width=\"640\"\n\t\t\t><\/audio>\n\t<div class=\"wp-playlist-next\"><\/div>\n\t<div class=\"wp-playlist-prev\"><\/div>\n\t<noscript>\n\t<ol>\n\t\t<li><a href='https:\/\/www.medellin.gov.co\/es\/wp-content\/uploads\/2024\/08\/Desarticulada-estructura-criminal-01.mp3'>Palabras de Federico Guti\u00e9rrez Zuluaga, alcalde de Medell\u00edn (Intervenci\u00f3n 1)<\/a><\/li><li><a href='https:\/\/www.medellin.gov.co\/es\/wp-content\/uploads\/2024\/08\/Desarticulada-estructura-criminal-03.mp3'>Palabras de Federico Guti\u00e9rrez Zuluaga, alcalde de Medell\u00edn (Intervenci\u00f3n 2)<\/a><\/li><li><a href='https:\/\/www.medellin.gov.co\/es\/wp-content\/uploads\/2024\/08\/Desarticulada-estructura-criminal-04.mp3'>Palabras de Federico Guti\u00e9rrez Zuluaga, alcalde de Medell\u00edn (Intervenci\u00f3n 3)<\/a><\/li><li><a href='https:\/\/www.medellin.gov.co\/es\/wp-content\/uploads\/2024\/08\/Desarticulada-estructura-criminal-02.mp3'>Palabras de Manuel Villa, secretario de Seguridad<\/a><\/li>\t<\/ol>\n\t<\/noscript>\n\t<script type=\"application\/json\" class=\"wp-playlist-script\">{\"type\":\"audio\",\"tracklist\":true,\"tracknumbers\":true,\"images\":true,\"artists\":true,\"tracks\":[{\"src\":\"https:\\\/\\\/www.medellin.gov.co\\\/es\\\/wp-content\\\/uploads\\\/2024\\\/08\\\/Desarticulada-estructura-criminal-01.mp3\",\"type\":\"audio\\\/mpeg\",\"title\":\"Palabras de Federico Guti\\u00e9rrez Zuluaga, alcalde de Medell\\u00edn (Intervenci\\u00f3n 1)\",\"caption\":\"\",\"description\":\"\\u00abPalabras de Federico Guti\\u00e9rrez Zuluaga, alcalde de Medell\\u00edn (Intervenci\\u00f3n 1)\\u00bb.\",\"meta\":{\"length_formatted\":\"10:15\"},\"image\":{\"src\":\"https:\\\/\\\/www.medellin.gov.co\\\/es\\\/wp-includes\\\/images\\\/media\\\/audio.png\",\"width\":48,\"height\":64},\"thumb\":{\"src\":\"https:\\\/\\\/www.medellin.gov.co\\\/es\\\/wp-includes\\\/images\\\/media\\\/audio.png\",\"width\":48,\"height\":64}},{\"src\":\"https:\\\/\\\/www.medellin.gov.co\\\/es\\\/wp-content\\\/uploads\\\/2024\\\/08\\\/Desarticulada-estructura-criminal-03.mp3\",\"type\":\"audio\\\/mpeg\",\"title\":\"Palabras de Federico Guti\\u00e9rrez Zuluaga, alcalde de Medell\\u00edn (Intervenci\\u00f3n 2)\",\"caption\":\"\",\"description\":\"\\u00abPalabras de Federico Guti\\u00e9rrez Zuluaga, alcalde de Medell\\u00edn (Intervenci\\u00f3n 2)\\u00bb.\",\"meta\":{\"length_formatted\":\"4:15\"},\"image\":{\"src\":\"https:\\\/\\\/www.medellin.gov.co\\\/es\\\/wp-includes\\\/images\\\/media\\\/audio.png\",\"width\":48,\"height\":64},\"thumb\":{\"src\":\"https:\\\/\\\/www.medellin.gov.co\\\/es\\\/wp-includes\\\/images\\\/media\\\/audio.png\",\"width\":48,\"height\":64}},{\"src\":\"https:\\\/\\\/www.medellin.gov.co\\\/es\\\/wp-content\\\/uploads\\\/2024\\\/08\\\/Desarticulada-estructura-criminal-04.mp3\",\"type\":\"audio\\\/mpeg\",\"title\":\"Palabras de Federico Guti\\u00e9rrez Zuluaga, alcalde de Medell\\u00edn (Intervenci\\u00f3n 3)\",\"caption\":\"\",\"description\":\"\\u00abPalabras de Federico Guti\\u00e9rrez Zuluaga, alcalde de Medell\\u00edn (Intervenci\\u00f3n 3)\\u00bb.\",\"meta\":{\"length_formatted\":\"0:55\"},\"image\":{\"src\":\"https:\\\/\\\/www.medellin.gov.co\\\/es\\\/wp-includes\\\/images\\\/media\\\/audio.png\",\"width\":48,\"height\":64},\"thumb\":{\"src\":\"https:\\\/\\\/www.medellin.gov.co\\\/es\\\/wp-includes\\\/images\\\/media\\\/audio.png\",\"width\":48,\"height\":64}},{\"src\":\"https:\\\/\\\/www.medellin.gov.co\\\/es\\\/wp-content\\\/uploads\\\/2024\\\/08\\\/Desarticulada-estructura-criminal-02.mp3\",\"type\":\"audio\\\/mpeg\",\"title\":\"Palabras de Manuel Villa, secretario de Seguridad\",\"caption\":\"\",\"description\":\"\\u00abPalabras de Manuel Villa, secretario de Seguridad\\u00bb.\",\"meta\":{\"length_formatted\":\"10:15\"},\"image\":{\"src\":\"https:\\\/\\\/www.medellin.gov.co\\\/es\\\/wp-includes\\\/images\\\/media\\\/audio.png\",\"width\":48,\"height\":64},\"thumb\":{\"src\":\"https:\\\/\\\/www.medellin.gov.co\\\/es\\\/wp-includes\\\/images\\\/media\\\/audio.png\",\"width\":48,\"height\":64}}]}<\/script>\n<\/div>\n\t\n<p>Gracias a la denuncia de nacionales y extranjeros, la Alcaldi\u0301a de Medelli\u0301n y la Polici\u0301a Metropolitana del Valle de Aburra\u0301 identificaron y desmantelaron la estructura criminal \u201cLa Vin\u0303a\u201d, dedicada a cometer hurtos en bares, gastrobares y a personas que llegaban al aeropuerto Jose\u0301 Mari\u0301a Co\u0301rdova.<\/p>\n<p>La investigacio\u0301n, llevada a cabo por la Seccional de Investigacio\u0301n Criminal, se extendio\u0301 por 12 meses y culmino\u0301 con la captura de siete personas mediante orden judicial y dos imputaciones en centros carcelarios por los delitos de concierto para delinquir y hurto calificado y agravado.<\/p>\n<div id=\"attachment_336285\" style=\"width: 1210px\" class=\"wp-caption alignnone\"><a href=\"https:\/\/www.medellin.gov.co\/es\/wp-content\/uploads\/2024\/08\/Desarticulada-estructura-criminal-3.jpg\" target=\"_blank\" rel=\"noopener\"><img aria-describedby=\"caption-attachment-336285\" loading=\"lazy\" class=\"wp-image-336285 size-full\" title=\"Desarticulada estructura criminal dedicada a hurtos a extranjeros en Medell\u00edn y el Valle de Aburr\u00e1\" src=\"https:\/\/www.medellin.gov.co\/es\/wp-content\/uploads\/2024\/08\/Desarticulada-estructura-criminal-3.jpg\" alt=\"Desarticulada estructura criminal dedicada a hurtos a extranjeros en Medell\u00edn y el Valle de Aburr\u00e1\" width=\"1200\" height=\"835\" srcset=\"https:\/\/www.medellin.gov.co\/es\/wp-content\/uploads\/2024\/08\/Desarticulada-estructura-criminal-3.jpg 1200w, https:\/\/www.medellin.gov.co\/es\/wp-content\/uploads\/2024\/08\/Desarticulada-estructura-criminal-3-300x209.jpg 300w, https:\/\/www.medellin.gov.co\/es\/wp-content\/uploads\/2024\/08\/Desarticulada-estructura-criminal-3-1024x713.jpg 1024w, https:\/\/www.medellin.gov.co\/es\/wp-content\/uploads\/2024\/08\/Desarticulada-estructura-criminal-3-150x104.jpg 150w, https:\/\/www.medellin.gov.co\/es\/wp-content\/uploads\/2024\/08\/Desarticulada-estructura-criminal-3-768x534.jpg 768w\" sizes=\"(max-width: 1200px) 100vw, 1200px\" \/><\/a><p id=\"caption-attachment-336285\" class=\"wp-caption-text\">Desarticulada estructura criminal dedicada a hurtos a extranjeros en Medell\u00edn y el Valle de Aburr\u00e1 &#8211; Foto alcaldia de Medell\u00edn<\/p><\/div>\n<p>\u201c<em>Este golpe que se da a \u2018La Vin\u0303a\u2019 es muy importante, porque esta estructura tradicional ha operado durante muchos an\u0303os con esta modalidad, especialmente en la zona nororiental de la ciudad. Durante muchas e\u0301pocas ha operado de manera independiente a otras estructuras criminales, tambie\u0301n ha estado bajo el mando de la GDO \u2018Los Triana\u2019 y hoy tendri\u0301a una relacio\u0301n directa con la GDO \u2018La Terraza<\/em>\u2019\u201d, expreso\u0301 el alcalde Federico Gutie\u0301rrez Zuluaga.<\/p>\n<p>Las capturas se realizaron en medio de diligencias de registro y allanamiento en las comunas Aranjuez, Manrique y Villa Hermosa. Durante los procedimientos, las autoridades incautaron 19 tarjetas de cre\u0301dito de diferentes bancos, dos proveedores, cuatro proyectiles calibre 38, un control universal, dos tarjetas de propiedad de vehi\u0301culo y una camioneta de alta gama utilizada para identificar a las vi\u0301ctimas.<\/p>\n<p>\u201c<em>Estos hurtos de dicha estructura, de acuerdo a las denuncias, podri\u0301an ascender a los 700 millones de pesos en objetos de alto valor. Esta estructura tambie\u0301n estaba operando en el Oriente antioquen\u0303o, Bogota\u0301, Norte de Santander, Quindi\u0301o, Caldas, Santander, Risaralda y Atla\u0301ntico. Sacar de circulacio\u0301n a estos criminales traera\u0301 un gran beneficio para que los ciudadanos puedan estar tranquilo<\/em>s\u201d, agrego\u0301 Gutie\u0301rrez Zuluaga.<\/p>\n\n\t\t<style type=\"text\/css\">\n\t\t\t#gallery-1 {\n\t\t\t\tmargin: auto;\n\t\t\t}\n\t\t\t#gallery-1 .gallery-item {\n\t\t\t\tfloat: left;\n\t\t\t\tmargin-top: 10px;\n\t\t\t\ttext-align: center;\n\t\t\t\twidth: 50%;\n\t\t\t}\n\t\t\t#gallery-1 img {\n\t\t\t\tborder: 2px solid #cfcfcf;\n\t\t\t}\n\t\t\t#gallery-1 .gallery-caption {\n\t\t\t\tmargin-left: 0;\n\t\t\t}\n\t\t\t\/* see gallery_shortcode() in wp-includes\/media.php *\/\n\t\t<\/style>\n\t\t<div id='gallery-1' class='gallery galleryid-336272 gallery-columns-2 gallery-size-large'><dl class='gallery-item'>\n\t\t\t<dt class='gallery-icon landscape'>\n\t\t\t\t<a href='https:\/\/www.medellin.gov.co\/es\/sala-de-prensa\/noticias\/desarticulada-estructura-criminal-dedicada-a-hurtos-a-extranjeros-en-medellin-y-el-valle-de-aburra\/desarticulada-estructura-criminal-4\/'><img width=\"1024\" height=\"682\" src=\"https:\/\/www.medellin.gov.co\/es\/wp-content\/uploads\/2024\/08\/Desarticulada-estructura-criminal-4-1024x682.jpg\" class=\"attachment-large size-large\" alt=\"Desarticulada estructura criminal dedicada a hurtos a extranjeros en Medell\u00edn y el Valle de Aburr\u00e1\" loading=\"lazy\" aria-describedby=\"gallery-1-336289\" srcset=\"https:\/\/www.medellin.gov.co\/es\/wp-content\/uploads\/2024\/08\/Desarticulada-estructura-criminal-4-1024x682.jpg 1024w, https:\/\/www.medellin.gov.co\/es\/wp-content\/uploads\/2024\/08\/Desarticulada-estructura-criminal-4-300x200.jpg 300w, https:\/\/www.medellin.gov.co\/es\/wp-content\/uploads\/2024\/08\/Desarticulada-estructura-criminal-4-150x100.jpg 150w, https:\/\/www.medellin.gov.co\/es\/wp-content\/uploads\/2024\/08\/Desarticulada-estructura-criminal-4-768x511.jpg 768w, https:\/\/www.medellin.gov.co\/es\/wp-content\/uploads\/2024\/08\/Desarticulada-estructura-criminal-4.jpg 1200w\" sizes=\"(max-width: 1024px) 100vw, 1024px\" \/><\/a>\n\t\t\t<\/dt>\n\t\t\t\t<dd class='wp-caption-text gallery-caption' id='gallery-1-336289'>\n\t\t\t\tDesarticulada estructura criminal dedicada a hurtos a extranjeros en Medell\u00edn y el Valle de Aburr\u00e1 &#8211; Foto alcaldia de Medell\u00edn\n\t\t\t\t<\/dd><\/dl><dl class='gallery-item'>\n\t\t\t<dt class='gallery-icon landscape'>\n\t\t\t\t<a href='https:\/\/www.medellin.gov.co\/es\/sala-de-prensa\/noticias\/desarticulada-estructura-criminal-dedicada-a-hurtos-a-extranjeros-en-medellin-y-el-valle-de-aburra\/desarticulada-estructura-criminal-2\/'><img width=\"1024\" height=\"682\" src=\"https:\/\/www.medellin.gov.co\/es\/wp-content\/uploads\/2024\/08\/Desarticulada-estructura-criminal-2-1024x682.jpg\" class=\"attachment-large size-large\" alt=\"Desarticulada estructura criminal dedicada a hurtos a extranjeros en Medell\u00edn y el Valle de Aburr\u00e1\" loading=\"lazy\" aria-describedby=\"gallery-1-336280\" srcset=\"https:\/\/www.medellin.gov.co\/es\/wp-content\/uploads\/2024\/08\/Desarticulada-estructura-criminal-2-1024x682.jpg 1024w, https:\/\/www.medellin.gov.co\/es\/wp-content\/uploads\/2024\/08\/Desarticulada-estructura-criminal-2-300x200.jpg 300w, https:\/\/www.medellin.gov.co\/es\/wp-content\/uploads\/2024\/08\/Desarticulada-estructura-criminal-2-150x100.jpg 150w, https:\/\/www.medellin.gov.co\/es\/wp-content\/uploads\/2024\/08\/Desarticulada-estructura-criminal-2-768x511.jpg 768w, https:\/\/www.medellin.gov.co\/es\/wp-content\/uploads\/2024\/08\/Desarticulada-estructura-criminal-2.jpg 1200w\" sizes=\"(max-width: 1024px) 100vw, 1024px\" \/><\/a>\n\t\t\t<\/dt>\n\t\t\t\t<dd class='wp-caption-text gallery-caption' id='gallery-1-336280'>\n\t\t\t\tDesarticulada estructura criminal dedicada a hurtos a extranjeros en Medell\u00edn y el Valle de Aburr\u00e1 &#8211; Foto alcaldia de Medell\u00edn\n\t\t\t\t<\/dd><\/dl><br style=\"clear: both\" \/>\n\t\t<\/div>\n\n<div class=\"page\" title=\"Page 2\">\n<div class=\"section\">\n<div class=\"layoutArea\">\n<div class=\"column\">\n<p>El ana\u0301lisis de 23 ca\u0301maras de vigilancia revelo\u0301 que la estructura criminal seleccionaba a sus vi\u0301ctimas en el aeropuerto, la mayori\u0301a de ellas provenientes de Panama\u0301, Me\u0301xico y Miami, simulando un choque despue\u0301s del Tu\u0301nel de Oriente para asaltarlas con armas de fuego y robarles joyas y dinero. Entre los capturados se destaca \u00abPamplona\u00bb, li\u0301der de la banda, quien estari\u0301a implicado en robos similares en varias regiones del pai\u0301s.<\/p>\n<p>Utilizando herramientas investigativas, te\u0301cnicas y humanas, en lo que va corrido de este an\u0303o la Central contra Atracos de Medelli\u0301n ha logrado una reduccio\u0301n del 28 % de hurtos violentos, en comparacio\u0301n con el mismo peri\u0301odo del 2023. Asimismo, se registra una reduccio\u0301n del 26 % en la tasa de homicidios en la ciudad.<\/p>\n<\/div>\n<\/div>\n<\/div>\n<\/div>\n<\/div>\n<\/div>\n<\/div>\n<\/div>\n","protected":false},"excerpt":{"rendered":"<p>La operacio\u0301n deja siete personas capturadas mediante orden judicial y dos imputaciones en centros carcelarios. Esta estructura criminal seleccionaba vi\u0301ctimas, principalmente, de Panama\u0301, Me\u0301xico y Miami. Gracias a la denuncia de nacionales y extranjeros, la &#8230;<\/p>\n","protected":false},"author":84,"featured_media":336274,"comment_status":"open","ping_status":"open","sticky":false,"template":"","format":"standard","meta":[],"categories":[21],"tags":[455,619],"formato_nota":[],"programas_tax":[],"acf":[],"_links":{"self":[{"href":"https:\/\/www.medellin.gov.co\/es\/wp-json\/wp\/v2\/posts\/336272"}],"collection":[{"href":"https:\/\/www.medellin.gov.co\/es\/wp-json\/wp\/v2\/posts"}],"about":[{"href":"https:\/\/www.medellin.gov.co\/es\/wp-json\/wp\/v2\/types\/post"}],"author":[{"embeddable":true,"href":"https:\/\/www.medellin.gov.co\/es\/wp-json\/wp\/v2\/users\/84"}],"replies":[{"embeddable":true,"href":"https:\/\/www.medellin.gov.co\/es\/wp-json\/wp\/v2\/comments?post=336272"}],"version-history":[{"count":1,"href":"https:\/\/www.medellin.gov.co\/es\/wp-json\/wp\/v2\/posts\/336272\/revisions"}],"predecessor-version":[{"id":336291,"href":"https:\/\/www.medellin.gov.co\/es\/wp-json\/wp\/v2\/posts\/336272\/revisions\/336291"}],"wp:featuredmedia":[{"embeddable":true,"href":"https:\/\/www.medellin.gov.co\/es\/wp-json\/wp\/v2\/media\/336274"}],"wp:attachment":[{"href":"https:\/\/www.medellin.gov.co\/es\/wp-json\/wp\/v2\/media?parent=336272"}],"wp:term":[{"taxonomy":"category","embeddable":true,"href":"https:\/\/www.medellin.gov.co\/es\/wp-json\/wp\/v2\/categories?post=336272"},{"taxonomy":"post_tag","embeddable":true,"href":"https:\/\/www.medellin.gov.co\/es\/wp-json\/wp\/v2\/tags?post=336272"},{"taxonomy":"formato_nota","embeddable":true,"href":"https:\/\/www.medellin.gov.co\/es\/wp-json\/wp\/v2\/formato_nota?post=336272"},{"taxonomy":"programas_tax","embeddable":true,"href":"https:\/\/www.medellin.gov.co\/es\/wp-json\/wp\/v2\/programas_tax?post=336272"}],"curies":[{"name":"wp","href":"https:\/\/api.w.org\/{rel}","templated":true}]}}