{"id":336293,"date":"2024-08-26T16:06:05","date_gmt":"2024-08-26T21:06:05","guid":{"rendered":"https:\/\/www.medellin.gov.co\/es\/?p=336293"},"modified":"2024-08-26T16:06:05","modified_gmt":"2024-08-26T21:06:05","slug":"medellin-firma-alianza-para-reducir-el-desperdicio-de-alimentos","status":"publish","type":"post","link":"https:\/\/www.medellin.gov.co\/es\/sala-de-prensa\/noticias\/medellin-firma-alianza-para-reducir-el-desperdicio-de-alimentos\/","title":{"rendered":"Medell\u00edn firma alianza para reducir el desperdicio de alimentos"},"content":{"rendered":"<ul>\n<li class=\"p1\"><b>Se vinculan organizaciones como WWF Colombia, The Consumer Goods <\/b><b>Forum y C40.<\/b><\/li>\n<li class=\"p1\"><b>Se implementar\u00e1 hasta diciembre de 2027.<\/b><\/li>\n<li class=\"p1\"><b>Representan el 42 % de los desechos generados en Medell\u00edn. La mayor\u00eda <\/b><b>terminan en el relleno sanitario La Pradera, lo que acerca su capacidad al\u00a0<\/b><b>l\u00edmite.<\/b><\/li>\n<\/ul>\n<!--[if lt IE 9]><script>document.createElement('audio');<\/script><![endif]-->\n\t<div class=\"wp-playlist wp-audio-playlist wp-playlist-light\">\n\t\t\t<div class=\"wp-playlist-current-item\"><\/div>\n\t\t<audio controls=\"controls\" preload=\"none\" width=\"640\"\n\t\t\t><\/audio>\n\t<div class=\"wp-playlist-next\"><\/div>\n\t<div class=\"wp-playlist-prev\"><\/div>\n\t<noscript>\n\t<ol>\n\t\t<li><a href='https:\/\/www.medellin.gov.co\/es\/wp-content\/uploads\/2024\/08\/Alianza-para-reducir-desperdicio-de-alimentos-01.mp3'>Palabras de Carlos Vel\u00e1squez, subsecretario de Gesti\u00f3n Ambiental<\/a><\/li>\t<\/ol>\n\t<\/noscript>\n\t<script type=\"application\/json\" class=\"wp-playlist-script\">{\"type\":\"audio\",\"tracklist\":true,\"tracknumbers\":true,\"images\":true,\"artists\":true,\"tracks\":[{\"src\":\"https:\\\/\\\/www.medellin.gov.co\\\/es\\\/wp-content\\\/uploads\\\/2024\\\/08\\\/Alianza-para-reducir-desperdicio-de-alimentos-01.mp3\",\"type\":\"audio\\\/mpeg\",\"title\":\"Palabras de Carlos Vel\\u00e1squez, subsecretario de Gesti\\u00f3n Ambiental\",\"caption\":\"\",\"description\":\"\\u00abPalabras de Carlos Vel\\u00e1squez, subsecretario de Gesti\\u00f3n Ambiental\\u00bb.\",\"meta\":{\"length_formatted\":\"0:57\"},\"image\":{\"src\":\"https:\\\/\\\/www.medellin.gov.co\\\/es\\\/wp-includes\\\/images\\\/media\\\/audio.png\",\"width\":48,\"height\":64},\"thumb\":{\"src\":\"https:\\\/\\\/www.medellin.gov.co\\\/es\\\/wp-includes\\\/images\\\/media\\\/audio.png\",\"width\":48,\"height\":64}}]}<\/script>\n<\/div>\n\t\n<p class=\"p1\">En busca de la sostenibilidad y la acci\u00f3n clim\u00e1tica, la Alcald\u00eda de Medell\u00edn firm\u00f3 el\u00a0Cap\u00edtulo Alimentaci\u00f3n Sostenible y Cero Desperdicios, que se enmarca en la Gran\u00a0Alianza por la Econom\u00eda Circular y el Proyecto Estrat\u00e9gico Alianza Cero Hambre.\u00a0El prop\u00f3sito es disminuir la p\u00e9rdida de alimentos y beneficiar a las comunidades\u00a0m\u00e1s vulnerables.<\/p>\n<p class=\"p1\"><i>\u201cHoy, casi el 20% de los hogares de Medell\u00edn tiene un problema de seguridad\u00a0<\/i><i>alimentaria y, por otro lado, tenemos un problema de disposici\u00f3n en La Pradera\u00a0<\/i><i>que cada vez se est\u00e1 agotando m\u00e1s. Entonces, lo que queremos es invitar a la\u00a0<\/i><i>ciudadan\u00eda, con todos estos aliados, a que se sumen a trabajar de la mano para\u00a0<\/i><i>resolver estos dos problemas\u00bb, dijo el subsecretario de Gesti\u00f3n Ambiental, Carlos\u00a0<\/i><i>Vel\u00e1squez.<\/i><\/p>\n<div id=\"attachment_336303\" style=\"width: 1210px\" class=\"wp-caption alignnone\"><a href=\"https:\/\/www.medellin.gov.co\/es\/wp-content\/uploads\/2024\/08\/Alianza-para-reducir-desperdicio-de-alimentos-4.jpg\" target=\"_blank\" rel=\"noopener\"><img aria-describedby=\"caption-attachment-336303\" loading=\"lazy\" class=\"wp-image-336303 size-full\" title=\"Medell\u00edn firma alianza para reducir el desperdicio de alimentos\" src=\"https:\/\/www.medellin.gov.co\/es\/wp-content\/uploads\/2024\/08\/Alianza-para-reducir-desperdicio-de-alimentos-4.jpg\" alt=\"Medell\u00edn firma alianza para reducir el desperdicio de alimentos\" width=\"1200\" height=\"900\" srcset=\"https:\/\/www.medellin.gov.co\/es\/wp-content\/uploads\/2024\/08\/Alianza-para-reducir-desperdicio-de-alimentos-4.jpg 1200w, https:\/\/www.medellin.gov.co\/es\/wp-content\/uploads\/2024\/08\/Alianza-para-reducir-desperdicio-de-alimentos-4-300x225.jpg 300w, https:\/\/www.medellin.gov.co\/es\/wp-content\/uploads\/2024\/08\/Alianza-para-reducir-desperdicio-de-alimentos-4-1024x768.jpg 1024w, https:\/\/www.medellin.gov.co\/es\/wp-content\/uploads\/2024\/08\/Alianza-para-reducir-desperdicio-de-alimentos-4-150x113.jpg 150w, https:\/\/www.medellin.gov.co\/es\/wp-content\/uploads\/2024\/08\/Alianza-para-reducir-desperdicio-de-alimentos-4-768x576.jpg 768w\" sizes=\"(max-width: 1200px) 100vw, 1200px\" \/><\/a><p id=\"caption-attachment-336303\" class=\"wp-caption-text\">Medell\u00edn firma alianza para reducir el desperdicio de alimentos &#8211; Foto alcaldia de Medell\u00edn<\/p><\/div>\n<p class=\"p1\">Un 42 % de los desechos generados en Medell\u00edn corresponden a comida, que en\u00a0su mayor\u00eda termina en el relleno sanitario La Pradera, lo que acerca su capacidad\u00a0al l\u00edmite. Con esta alianza, el Distrito se propone fortalecer los sistemas\u00a0alimentarios locales, reducir las p\u00e9rdidas a lo largo de la cadena de producci\u00f3n,\u00a0consumo y que menos residuos lleguen al relleno sanitario.<\/p>\n<p class=\"p1\">El cap\u00edtulo se implementar\u00e1 del 26 de agosto de 2024 al 31 de diciembre de 2027.\u00a0Cuenta con el apoyo de WWF Colombia, The Consumer Goods Forum, C40,\u00a0Corporaci\u00f3n Fenalco Solidario, FOLU, ASURBE, EatCloud, Fundaci\u00f3n Mi Sangre,\u00a0entre otras organizaciones. Durante este periodo, las entidades colaboradoras\u00a0implementar\u00e1n soluciones tecnol\u00f3gicas, educativas y de innovaci\u00f3n.<\/p>\n<div id=\"attachment_336296\" style=\"width: 1210px\" class=\"wp-caption alignnone\"><a href=\"https:\/\/www.medellin.gov.co\/es\/wp-content\/uploads\/2024\/08\/Alianza-para-reducir-desperdicio-de-alimentos-1.jpg\" target=\"_blank\" rel=\"noopener\"><img aria-describedby=\"caption-attachment-336296\" loading=\"lazy\" class=\"wp-image-336296 size-full\" title=\"Medell\u00edn firma alianza para reducir el desperdicio de alimentos\" src=\"https:\/\/www.medellin.gov.co\/es\/wp-content\/uploads\/2024\/08\/Alianza-para-reducir-desperdicio-de-alimentos-1.jpg\" alt=\"Medell\u00edn firma alianza para reducir el desperdicio de alimentos\" width=\"1200\" height=\"798\" srcset=\"https:\/\/www.medellin.gov.co\/es\/wp-content\/uploads\/2024\/08\/Alianza-para-reducir-desperdicio-de-alimentos-1.jpg 1200w, https:\/\/www.medellin.gov.co\/es\/wp-content\/uploads\/2024\/08\/Alianza-para-reducir-desperdicio-de-alimentos-1-300x200.jpg 300w, https:\/\/www.medellin.gov.co\/es\/wp-content\/uploads\/2024\/08\/Alianza-para-reducir-desperdicio-de-alimentos-1-1024x681.jpg 1024w, https:\/\/www.medellin.gov.co\/es\/wp-content\/uploads\/2024\/08\/Alianza-para-reducir-desperdicio-de-alimentos-1-150x100.jpg 150w, https:\/\/www.medellin.gov.co\/es\/wp-content\/uploads\/2024\/08\/Alianza-para-reducir-desperdicio-de-alimentos-1-768x511.jpg 768w\" sizes=\"(max-width: 1200px) 100vw, 1200px\" \/><\/a><p id=\"caption-attachment-336296\" class=\"wp-caption-text\">Medell\u00edn firma alianza para reducir el desperdicio de alimentos &#8211; Foto alcaldia de Medell\u00edn<\/p><\/div>\n<p class=\"p1\">De este modo, Medell\u00edn avanza hacia una econom\u00eda circular y como ciudad m\u00e1s\u00a0regenerativa. Adem\u00e1s de mitigar el impacto ambiental, se espera fomentar una\u00a0alimentaci\u00f3n m\u00e1s sostenible y accesible para todos.<\/p>\n","protected":false},"excerpt":{"rendered":"<p>Se vinculan organizaciones como WWF Colombia, The Consumer Goods Forum y C40. Se implementar\u00e1 hasta diciembre de 2027. Representan el 42 % de los desechos generados en Medell\u00edn. La mayor\u00eda terminan en el relleno sanitario &#8230;<\/p>\n","protected":false},"author":84,"featured_media":336302,"comment_status":"open","ping_status":"open","sticky":false,"template":"","format":"standard","meta":[],"categories":[13],"tags":[436,455],"formato_nota":[],"programas_tax":[],"acf":[],"_links":{"self":[{"href":"https:\/\/www.medellin.gov.co\/es\/wp-json\/wp\/v2\/posts\/336293"}],"collection":[{"href":"https:\/\/www.medellin.gov.co\/es\/wp-json\/wp\/v2\/posts"}],"about":[{"href":"https:\/\/www.medellin.gov.co\/es\/wp-json\/wp\/v2\/types\/post"}],"author":[{"embeddable":true,"href":"https:\/\/www.medellin.gov.co\/es\/wp-json\/wp\/v2\/users\/84"}],"replies":[{"embeddable":true,"href":"https:\/\/www.medellin.gov.co\/es\/wp-json\/wp\/v2\/comments?post=336293"}],"version-history":[{"count":1,"href":"https:\/\/www.medellin.gov.co\/es\/wp-json\/wp\/v2\/posts\/336293\/revisions"}],"predecessor-version":[{"id":336305,"href":"https:\/\/www.medellin.gov.co\/es\/wp-json\/wp\/v2\/posts\/336293\/revisions\/336305"}],"wp:featuredmedia":[{"embeddable":true,"href":"https:\/\/www.medellin.gov.co\/es\/wp-json\/wp\/v2\/media\/336302"}],"wp:attachment":[{"href":"https:\/\/www.medellin.gov.co\/es\/wp-json\/wp\/v2\/media?parent=336293"}],"wp:term":[{"taxonomy":"category","embeddable":true,"href":"https:\/\/www.medellin.gov.co\/es\/wp-json\/wp\/v2\/categories?post=336293"},{"taxonomy":"post_tag","embeddable":true,"href":"https:\/\/www.medellin.gov.co\/es\/wp-json\/wp\/v2\/tags?post=336293"},{"taxonomy":"formato_nota","embeddable":true,"href":"https:\/\/www.medellin.gov.co\/es\/wp-json\/wp\/v2\/formato_nota?post=336293"},{"taxonomy":"programas_tax","embeddable":true,"href":"https:\/\/www.medellin.gov.co\/es\/wp-json\/wp\/v2\/programas_tax?post=336293"}],"curies":[{"name":"wp","href":"https:\/\/api.w.org\/{rel}","templated":true}]}}