{"id":336307,"date":"2024-08-26T16:26:43","date_gmt":"2024-08-26T21:26:43","guid":{"rendered":"https:\/\/www.medellin.gov.co\/es\/?p=336307"},"modified":"2024-08-26T16:26:43","modified_gmt":"2024-08-26T21:26:43","slug":"mas-de-100-ninas-menores-de-12-anos-participaron-en-torneo-inspirado-en-el-mundial-femenino-de-futbol-sub-20-de-la-fifa","status":"publish","type":"post","link":"https:\/\/www.medellin.gov.co\/es\/sala-de-prensa\/noticias\/mas-de-100-ninas-menores-de-12-anos-participaron-en-torneo-inspirado-en-el-mundial-femenino-de-futbol-sub-20-de-la-fifa\/","title":{"rendered":"M\u00e1s de 100 ni\u00f1as menores de 12 a\u00f1os participaron en torneo inspirado en el Mundial Femenino de F\u00fatbol Sub-20 de la FIFA"},"content":{"rendered":"<p class=\"p1\">Este fin de semana, la FIFA realiz\u00f3 el Festival \u201cVamos Todas\u201d en la Unidad\u00a0Deportiva Jos\u00e9 Rene Higuita, en el barrio Castilla. En total, participaron 110 ni\u00f1as,\u00a0entre los 8 y 12 a\u00f1os, de las diferentes comunas y corregimientos del Distrito. El\u00a0torneo de f\u00fatbol femenino buscaba incentivar la pr\u00e1ctica de este deporte de una\u00a0manera integral: charlas relacionadas con el empoderamiento, la sostenibilidad y\u00a0los valores de la Copa Mundial Femenina de F\u00fatbol Sub-20 Colombia 2024\u00a0hicieron parte de las actividades. Este fue el primer evento p\u00fablico de la FIFA en\u00a0Medell\u00edn previo al encuentro deportivo que iniciar\u00e1 el 31 de agosto. Las menores,\u00a0adem\u00e1s, tuvieron la oportunidad de observar la copa que se le entregar\u00e1 a las\u00a0pr\u00f3ximas campeonas del certamen.<\/p>\n<p>&nbsp;<\/p>\n<div id=\"attachment_336316\" style=\"width: 1210px\" class=\"wp-caption alignnone\"><a href=\"https:\/\/www.medellin.gov.co\/es\/wp-content\/uploads\/2024\/08\/Nin\u0303os-participan-de-torneo-inspirado-en-mundial-femenino-sub20-3.jpg\"><img aria-describedby=\"caption-attachment-336316\" loading=\"lazy\" class=\"size-full wp-image-336316\" src=\"https:\/\/www.medellin.gov.co\/es\/wp-content\/uploads\/2024\/08\/Nin\u0303os-participan-de-torneo-inspirado-en-mundial-femenino-sub20-3.jpg\" alt=\"M\u00e1s de 100 ni\u00f1as menores de 12 a\u00f1os participaron en torneo inspirado en el Mundial Femenino de F\u00fatbol Sub-20 de la FIFA\" width=\"1200\" height=\"799\" srcset=\"https:\/\/www.medellin.gov.co\/es\/wp-content\/uploads\/2024\/08\/Nin\u0303os-participan-de-torneo-inspirado-en-mundial-femenino-sub20-3.jpg 1200w, https:\/\/www.medellin.gov.co\/es\/wp-content\/uploads\/2024\/08\/Nin\u0303os-participan-de-torneo-inspirado-en-mundial-femenino-sub20-3-300x200.jpg 300w, https:\/\/www.medellin.gov.co\/es\/wp-content\/uploads\/2024\/08\/Nin\u0303os-participan-de-torneo-inspirado-en-mundial-femenino-sub20-3-1024x682.jpg 1024w, https:\/\/www.medellin.gov.co\/es\/wp-content\/uploads\/2024\/08\/Nin\u0303os-participan-de-torneo-inspirado-en-mundial-femenino-sub20-3-150x100.jpg 150w, https:\/\/www.medellin.gov.co\/es\/wp-content\/uploads\/2024\/08\/Nin\u0303os-participan-de-torneo-inspirado-en-mundial-femenino-sub20-3-768x511.jpg 768w\" sizes=\"(max-width: 1200px) 100vw, 1200px\" \/><\/a><p id=\"caption-attachment-336316\" class=\"wp-caption-text\">M\u00e1s de 100 ni\u00f1as menores de 12 a\u00f1os participaron en torneo inspirado en el Mundial Femenino de F\u00fatbol Sub-20 de la FIFA &#8211; Foto alcaldia de Medell\u00edn<\/p><\/div>\n\n\t\t<style type=\"text\/css\">\n\t\t\t#gallery-1 {\n\t\t\t\tmargin: auto;\n\t\t\t}\n\t\t\t#gallery-1 .gallery-item {\n\t\t\t\tfloat: left;\n\t\t\t\tmargin-top: 10px;\n\t\t\t\ttext-align: center;\n\t\t\t\twidth: 50%;\n\t\t\t}\n\t\t\t#gallery-1 img {\n\t\t\t\tborder: 2px solid #cfcfcf;\n\t\t\t}\n\t\t\t#gallery-1 .gallery-caption {\n\t\t\t\tmargin-left: 0;\n\t\t\t}\n\t\t\t\/* see gallery_shortcode() in wp-includes\/media.php *\/\n\t\t<\/style>\n\t\t<div id='gallery-1' class='gallery galleryid-336307 gallery-columns-2 gallery-size-large'><dl class='gallery-item'>\n\t\t\t<dt class='gallery-icon portrait'>\n\t\t\t\t<a href='https:\/\/www.medellin.gov.co\/es\/sala-de-prensa\/noticias\/mas-de-100-ninas-menores-de-12-anos-participaron-en-torneo-inspirado-en-el-mundial-femenino-de-futbol-sub-20-de-la-fifa\/nin%cc%83os-participan-de-torneo-inspirado-en-mundial-femenino-sub20-2\/'><img width=\"682\" height=\"1024\" src=\"https:\/\/www.medellin.gov.co\/es\/wp-content\/uploads\/2024\/08\/Nin\u0303os-participan-de-torneo-inspirado-en-mundial-femenino-sub20-2-682x1024.jpg\" class=\"attachment-large size-large\" alt=\"M\u00e1s de 100 ni\u00f1as menores de 12 a\u00f1os participaron en torneo inspirado en el Mundial Femenino de F\u00fatbol Sub-20 de la FIFA\" loading=\"lazy\" aria-describedby=\"gallery-1-336333\" srcset=\"https:\/\/www.medellin.gov.co\/es\/wp-content\/uploads\/2024\/08\/Nin\u0303os-participan-de-torneo-inspirado-en-mundial-femenino-sub20-2-682x1024.jpg 682w, https:\/\/www.medellin.gov.co\/es\/wp-content\/uploads\/2024\/08\/Nin\u0303os-participan-de-torneo-inspirado-en-mundial-femenino-sub20-2-200x300.jpg 200w, https:\/\/www.medellin.gov.co\/es\/wp-content\/uploads\/2024\/08\/Nin\u0303os-participan-de-torneo-inspirado-en-mundial-femenino-sub20-2-100x150.jpg 100w, https:\/\/www.medellin.gov.co\/es\/wp-content\/uploads\/2024\/08\/Nin\u0303os-participan-de-torneo-inspirado-en-mundial-femenino-sub20-2-768x1154.jpg 768w, https:\/\/www.medellin.gov.co\/es\/wp-content\/uploads\/2024\/08\/Nin\u0303os-participan-de-torneo-inspirado-en-mundial-femenino-sub20-2.jpg 852w\" sizes=\"(max-width: 682px) 100vw, 682px\" \/><\/a>\n\t\t\t<\/dt>\n\t\t\t\t<dd class='wp-caption-text gallery-caption' id='gallery-1-336333'>\n\t\t\t\tFoto alcaldia de Medell\u00edn\n\t\t\t\t<\/dd><\/dl><dl class='gallery-item'>\n\t\t\t<dt class='gallery-icon portrait'>\n\t\t\t\t<a href='https:\/\/www.medellin.gov.co\/es\/sala-de-prensa\/noticias\/mas-de-100-ninas-menores-de-12-anos-participaron-en-torneo-inspirado-en-el-mundial-femenino-de-futbol-sub-20-de-la-fifa\/nin%cc%83os-participan-de-torneo-inspirado-en-mundial-femenino-sub20\/'><img width=\"682\" height=\"1024\" src=\"https:\/\/www.medellin.gov.co\/es\/wp-content\/uploads\/2024\/08\/Nin\u0303os-participan-de-torneo-inspirado-en-mundial-femenino-sub20--682x1024.jpg\" class=\"attachment-large size-large\" alt=\"M\u00e1s de 100 ni\u00f1as menores de 12 a\u00f1os participaron en torneo inspirado en el Mundial Femenino de F\u00fatbol Sub-20 de la FIFA\" loading=\"lazy\" aria-describedby=\"gallery-1-336311\" srcset=\"https:\/\/www.medellin.gov.co\/es\/wp-content\/uploads\/2024\/08\/Nin\u0303os-participan-de-torneo-inspirado-en-mundial-femenino-sub20--682x1024.jpg 682w, https:\/\/www.medellin.gov.co\/es\/wp-content\/uploads\/2024\/08\/Nin\u0303os-participan-de-torneo-inspirado-en-mundial-femenino-sub20--200x300.jpg 200w, https:\/\/www.medellin.gov.co\/es\/wp-content\/uploads\/2024\/08\/Nin\u0303os-participan-de-torneo-inspirado-en-mundial-femenino-sub20--100x150.jpg 100w, https:\/\/www.medellin.gov.co\/es\/wp-content\/uploads\/2024\/08\/Nin\u0303os-participan-de-torneo-inspirado-en-mundial-femenino-sub20--768x1154.jpg 768w, https:\/\/www.medellin.gov.co\/es\/wp-content\/uploads\/2024\/08\/Nin\u0303os-participan-de-torneo-inspirado-en-mundial-femenino-sub20-.jpg 852w\" sizes=\"(max-width: 682px) 100vw, 682px\" \/><\/a>\n\t\t\t<\/dt>\n\t\t\t\t<dd class='wp-caption-text gallery-caption' id='gallery-1-336311'>\n\t\t\t\tFoto alcaldia de Medell\u00edn\n\t\t\t\t<\/dd><\/dl><br style=\"clear: both\" \/>\n\t\t<\/div>\n\n","protected":false},"excerpt":{"rendered":"<p>Este fin de semana, la FIFA realiz\u00f3 el Festival \u201cVamos Todas\u201d en la Unidad\u00a0Deportiva Jos\u00e9 Rene Higuita, en el barrio Castilla. En total, participaron 110 ni\u00f1as,\u00a0entre los 8 y 12 a\u00f1os, de las diferentes comunas &#8230;<\/p>\n","protected":false},"author":84,"featured_media":336318,"comment_status":"open","ping_status":"open","sticky":false,"template":"","format":"standard","meta":[],"categories":[17],"tags":[689,455,430],"formato_nota":[],"programas_tax":[],"acf":[],"_links":{"self":[{"href":"https:\/\/www.medellin.gov.co\/es\/wp-json\/wp\/v2\/posts\/336307"}],"collection":[{"href":"https:\/\/www.medellin.gov.co\/es\/wp-json\/wp\/v2\/posts"}],"about":[{"href":"https:\/\/www.medellin.gov.co\/es\/wp-json\/wp\/v2\/types\/post"}],"author":[{"embeddable":true,"href":"https:\/\/www.medellin.gov.co\/es\/wp-json\/wp\/v2\/users\/84"}],"replies":[{"embeddable":true,"href":"https:\/\/www.medellin.gov.co\/es\/wp-json\/wp\/v2\/comments?post=336307"}],"version-history":[{"count":2,"href":"https:\/\/www.medellin.gov.co\/es\/wp-json\/wp\/v2\/posts\/336307\/revisions"}],"predecessor-version":[{"id":336334,"href":"https:\/\/www.medellin.gov.co\/es\/wp-json\/wp\/v2\/posts\/336307\/revisions\/336334"}],"wp:featuredmedia":[{"embeddable":true,"href":"https:\/\/www.medellin.gov.co\/es\/wp-json\/wp\/v2\/media\/336318"}],"wp:attachment":[{"href":"https:\/\/www.medellin.gov.co\/es\/wp-json\/wp\/v2\/media?parent=336307"}],"wp:term":[{"taxonomy":"category","embeddable":true,"href":"https:\/\/www.medellin.gov.co\/es\/wp-json\/wp\/v2\/categories?post=336307"},{"taxonomy":"post_tag","embeddable":true,"href":"https:\/\/www.medellin.gov.co\/es\/wp-json\/wp\/v2\/tags?post=336307"},{"taxonomy":"formato_nota","embeddable":true,"href":"https:\/\/www.medellin.gov.co\/es\/wp-json\/wp\/v2\/formato_nota?post=336307"},{"taxonomy":"programas_tax","embeddable":true,"href":"https:\/\/www.medellin.gov.co\/es\/wp-json\/wp\/v2\/programas_tax?post=336307"}],"curies":[{"name":"wp","href":"https:\/\/api.w.org\/{rel}","templated":true}]}}