{"id":336579,"date":"2024-08-27T10:33:07","date_gmt":"2024-08-27T15:33:07","guid":{"rendered":"https:\/\/www.medellin.gov.co\/es\/?p=336579"},"modified":"2024-08-27T10:33:07","modified_gmt":"2024-08-27T15:33:07","slug":"unidad-movil-recorrera-las-calles-de-medellin-para-ofrecer-acompanamiento-psicologico-y-juridico-a-las-mujeres","status":"publish","type":"post","link":"https:\/\/www.medellin.gov.co\/es\/sala-de-prensa\/noticias\/unidad-movil-recorrera-las-calles-de-medellin-para-ofrecer-acompanamiento-psicologico-y-juridico-a-las-mujeres\/","title":{"rendered":"Unidad m\u00f3vil recorrer\u00e1 las calles de Medell\u00edn para ofrecer acompa\u00f1amiento psicol\u00f3gico y jur\u00eddico a las mujeres"},"content":{"rendered":"<div class=\"page\" title=\"Page 1\">\n<div class=\"layoutArea\">\n<div class=\"column\">\n<ul>\n<li><strong>Se trata de un vehi\u0301culo especializado donde se ofrecera\u0301 orientacio\u0301n y atencio\u0301n psicolo\u0301gica y juri\u0301dica a las mujeres vi\u0301ctimas de violencias basadas en ge\u0301nero.<\/strong><\/li>\n<li><strong>Esta estrategia se suma a los tres Centros de Equidad de Ge\u0301nero, las 13 duplas de atencio\u0301n, las cuatro profesionales de espacios pu\u0301blicos seguros y las 27 gestoras de igualdad para llevar servicios a las mujeres en los territorios.<\/strong><\/li>\n<\/ul>\n<p>En un esfuerzo por brindar apoyo y proteccio\u0301n a las mujeres en situacio\u0301n de riesgo, la Alcaldi\u0301a de Medelli\u0301n puso en marcha el Centro Mo\u0301vil de Equidad de Ge\u0301nero, un vehi\u0301culo especializado que recorrera\u0301 las calles de la ciudad para ofrecer atencio\u0301n y asesoramiento a las mujeres que enfrentan diversas formas de violencias basadas en ge\u0301nero.<\/p>\n<div id=\"attachment_336591\" style=\"width: 1210px\" class=\"wp-caption alignnone\"><a href=\"https:\/\/www.medellin.gov.co\/es\/wp-content\/uploads\/2024\/08\/Unidad-movil-ofrece-acompan\u0303amiento-psicologico-y-juridico-a-mujeres-5.jpg\" target=\"_blank\" rel=\"noopener\"><img aria-describedby=\"caption-attachment-336591\" loading=\"lazy\" class=\"wp-image-336591 size-full\" title=\"Unidad m\u00f3vil recorrer\u00e1 las calles de Medell\u00edn para ofrecer acompa\u00f1amiento psicol\u00f3gico y jur\u00eddico a las mujeres\" src=\"https:\/\/www.medellin.gov.co\/es\/wp-content\/uploads\/2024\/08\/Unidad-movil-ofrece-acompan\u0303amiento-psicologico-y-juridico-a-mujeres-5.jpg\" alt=\"Unidad m\u00f3vil recorrer\u00e1 las calles de Medell\u00edn para ofrecer acompa\u00f1amiento psicol\u00f3gico y jur\u00eddico a las mujeres\" width=\"1200\" height=\"799\" srcset=\"https:\/\/www.medellin.gov.co\/es\/wp-content\/uploads\/2024\/08\/Unidad-movil-ofrece-acompan\u0303amiento-psicologico-y-juridico-a-mujeres-5.jpg 1200w, https:\/\/www.medellin.gov.co\/es\/wp-content\/uploads\/2024\/08\/Unidad-movil-ofrece-acompan\u0303amiento-psicologico-y-juridico-a-mujeres-5-300x200.jpg 300w, https:\/\/www.medellin.gov.co\/es\/wp-content\/uploads\/2024\/08\/Unidad-movil-ofrece-acompan\u0303amiento-psicologico-y-juridico-a-mujeres-5-1024x682.jpg 1024w, https:\/\/www.medellin.gov.co\/es\/wp-content\/uploads\/2024\/08\/Unidad-movil-ofrece-acompan\u0303amiento-psicologico-y-juridico-a-mujeres-5-150x100.jpg 150w, https:\/\/www.medellin.gov.co\/es\/wp-content\/uploads\/2024\/08\/Unidad-movil-ofrece-acompan\u0303amiento-psicologico-y-juridico-a-mujeres-5-768x511.jpg 768w\" sizes=\"(max-width: 1200px) 100vw, 1200px\" \/><\/a><p id=\"caption-attachment-336591\" class=\"wp-caption-text\">Unidad m\u00f3vil recorrer\u00e1 las calles de Medell\u00edn para ofrecer acompa\u00f1amiento psicol\u00f3gico y jur\u00eddico a las mujeres &#8211; Foto alcaldia de Medell\u00edn<\/p><\/div>\n<p>La estrategia llegara\u0301 a los barrios y veredas, incluyendo aquellas de difi\u0301cil acceso geogra\u0301fico. El objetivo principal es eliminar barreras y garantizar que las mujeres puedan acceder fa\u0301cilmente a los servicios institucionales que ofrece el Distrito.<\/p>\n<p>\u201c<em>Damos un paso ma\u0301s en la garanti\u0301a de los derechos de las mujeres lleva\u0301ndoles un servicio ma\u0301s integral, ra\u0301pido y efectivo. De esta manera, evitamos que ellas tengan que desplazarse, ya que con nuestro Centro Mo\u0301vil vamos a buscarlas. Nuestro objetivo es estar ma\u0301s cerca de ellas y facilitar el contacto con la institucionalidad, que denuncien si son vi\u0301ctimas de violencias, que podamos apoyarlas para evitar que lo sigan siendo y eliminemos las barreras de acceso a la justicia o la proteccio\u0301n<\/em>\u201d, aseguro\u0301 la secretaria de las Mujeres, Valeria Molina.<\/p>\n<p>Entre los servicios que se ofrecen en el Centro Mo\u0301vil de Equidad de Ge\u0301nero se incluyen la orientacio\u0301n y atencio\u0301n psicolo\u0301gica y juri\u0301dica a mujeres vi\u0301ctimas de violencias basadas en ge\u0301nero, asi\u0301 como actividades de sensibilizacio\u0301n, informacio\u0301n y educacio\u0301n en equidad de ge\u0301nero, derechos de las mujeres, masculinidades no violentas y corresponsables y salud menstrual.<\/p>\n\n\t\t<style type=\"text\/css\">\n\t\t\t#gallery-1 {\n\t\t\t\tmargin: auto;\n\t\t\t}\n\t\t\t#gallery-1 .gallery-item {\n\t\t\t\tfloat: left;\n\t\t\t\tmargin-top: 10px;\n\t\t\t\ttext-align: center;\n\t\t\t\twidth: 50%;\n\t\t\t}\n\t\t\t#gallery-1 img {\n\t\t\t\tborder: 2px solid #cfcfcf;\n\t\t\t}\n\t\t\t#gallery-1 .gallery-caption {\n\t\t\t\tmargin-left: 0;\n\t\t\t}\n\t\t\t\/* see gallery_shortcode() in wp-includes\/media.php *\/\n\t\t<\/style>\n\t\t<div id='gallery-1' class='gallery galleryid-336579 gallery-columns-2 gallery-size-large'><dl class='gallery-item'>\n\t\t\t<dt class='gallery-icon landscape'>\n\t\t\t\t<a href='https:\/\/www.medellin.gov.co\/es\/sala-de-prensa\/noticias\/unidad-movil-recorrera-las-calles-de-medellin-para-ofrecer-acompanamiento-psicologico-y-juridico-a-las-mujeres\/unidad-movil-ofrece-acompan%cc%83amiento-psicologico-y-juridico-a-mujeres-4\/'><img width=\"1024\" height=\"682\" src=\"https:\/\/www.medellin.gov.co\/es\/wp-content\/uploads\/2024\/08\/Unidad-movil-ofrece-acompan\u0303amiento-psicologico-y-juridico-a-mujeres-4-1024x682.jpg\" class=\"attachment-large size-large\" alt=\"Unidad m\u00f3vil recorrer\u00e1 las calles de Medell\u00edn para ofrecer acompa\u00f1amiento psicol\u00f3gico y jur\u00eddico a las mujeres\" loading=\"lazy\" aria-describedby=\"gallery-1-336589\" srcset=\"https:\/\/www.medellin.gov.co\/es\/wp-content\/uploads\/2024\/08\/Unidad-movil-ofrece-acompan\u0303amiento-psicologico-y-juridico-a-mujeres-4-1024x682.jpg 1024w, https:\/\/www.medellin.gov.co\/es\/wp-content\/uploads\/2024\/08\/Unidad-movil-ofrece-acompan\u0303amiento-psicologico-y-juridico-a-mujeres-4-300x200.jpg 300w, https:\/\/www.medellin.gov.co\/es\/wp-content\/uploads\/2024\/08\/Unidad-movil-ofrece-acompan\u0303amiento-psicologico-y-juridico-a-mujeres-4-150x100.jpg 150w, https:\/\/www.medellin.gov.co\/es\/wp-content\/uploads\/2024\/08\/Unidad-movil-ofrece-acompan\u0303amiento-psicologico-y-juridico-a-mujeres-4-768x511.jpg 768w, https:\/\/www.medellin.gov.co\/es\/wp-content\/uploads\/2024\/08\/Unidad-movil-ofrece-acompan\u0303amiento-psicologico-y-juridico-a-mujeres-4.jpg 1200w\" sizes=\"(max-width: 1024px) 100vw, 1024px\" \/><\/a>\n\t\t\t<\/dt>\n\t\t\t\t<dd class='wp-caption-text gallery-caption' id='gallery-1-336589'>\n\t\t\t\tUnidad m\u00f3vil recorrer\u00e1 las calles de Medell\u00edn para ofrecer acompa\u00f1amiento psicol\u00f3gico y jur\u00eddico a las mujeres &#8211; Foto alcaldia de Medell\u00edn\n\t\t\t\t<\/dd><\/dl><dl class='gallery-item'>\n\t\t\t<dt class='gallery-icon landscape'>\n\t\t\t\t<a href='https:\/\/www.medellin.gov.co\/es\/sala-de-prensa\/noticias\/unidad-movil-recorrera-las-calles-de-medellin-para-ofrecer-acompanamiento-psicologico-y-juridico-a-las-mujeres\/unidad-movil-ofrece-acompan%cc%83amiento-psicologico-y-juridico-a-mujeres-2\/'><img width=\"1024\" height=\"682\" src=\"https:\/\/www.medellin.gov.co\/es\/wp-content\/uploads\/2024\/08\/Unidad-movil-ofrece-acompan\u0303amiento-psicologico-y-juridico-a-mujeres-2-1024x682.jpg\" class=\"attachment-large size-large\" alt=\"Unidad m\u00f3vil recorrer\u00e1 las calles de Medell\u00edn para ofrecer acompa\u00f1amiento psicol\u00f3gico y jur\u00eddico a las mujeres\" loading=\"lazy\" aria-describedby=\"gallery-1-336586\" srcset=\"https:\/\/www.medellin.gov.co\/es\/wp-content\/uploads\/2024\/08\/Unidad-movil-ofrece-acompan\u0303amiento-psicologico-y-juridico-a-mujeres-2-1024x682.jpg 1024w, https:\/\/www.medellin.gov.co\/es\/wp-content\/uploads\/2024\/08\/Unidad-movil-ofrece-acompan\u0303amiento-psicologico-y-juridico-a-mujeres-2-300x200.jpg 300w, https:\/\/www.medellin.gov.co\/es\/wp-content\/uploads\/2024\/08\/Unidad-movil-ofrece-acompan\u0303amiento-psicologico-y-juridico-a-mujeres-2-150x100.jpg 150w, https:\/\/www.medellin.gov.co\/es\/wp-content\/uploads\/2024\/08\/Unidad-movil-ofrece-acompan\u0303amiento-psicologico-y-juridico-a-mujeres-2-768x511.jpg 768w, https:\/\/www.medellin.gov.co\/es\/wp-content\/uploads\/2024\/08\/Unidad-movil-ofrece-acompan\u0303amiento-psicologico-y-juridico-a-mujeres-2.jpg 1200w\" sizes=\"(max-width: 1024px) 100vw, 1024px\" \/><\/a>\n\t\t\t<\/dt>\n\t\t\t\t<dd class='wp-caption-text gallery-caption' id='gallery-1-336586'>\n\t\t\t\tUnidad m\u00f3vil recorrer\u00e1 las calles de Medell\u00edn para ofrecer acompa\u00f1amiento psicol\u00f3gico y jur\u00eddico a las mujeres &#8211; Foto alcaldia de Medell\u00edn\n\t\t\t\t<\/dd><\/dl><br style=\"clear: both\" \/>\n\t\t<\/div>\n\n<div class=\"page\" title=\"Page 2\">\n<div class=\"layoutArea\">\n<div class=\"column\">\n<p>Adema\u0301s, se trabajara\u0301 de la mano con los comerciantes del sector turi\u0301stico para guiarlos en la creacio\u0301n de protocolos que ayuden a promover espacios seguros para las mujeres.<\/p>\n<p>El Centro Mo\u0301vil cuenta con dos oficinas para atencio\u0301n personalizada y colectiva, y esta\u0301 equipado con recursos fi\u0301sicos y tecnolo\u0301gicos donde los profesionales proporcionara\u0301n informacio\u0301n y asesoramiento.<\/p>\n<div id=\"attachment_336582\" style=\"width: 1210px\" class=\"wp-caption alignnone\"><a href=\"https:\/\/www.medellin.gov.co\/es\/wp-content\/uploads\/2024\/08\/Unidad-movil-ofrece-acompan\u0303amiento-psicologico-y-juridico-a-mujeres-1.jpg\" target=\"_blank\" rel=\"noopener\"><img aria-describedby=\"caption-attachment-336582\" loading=\"lazy\" class=\"wp-image-336582 size-full\" title=\"Unidad m\u00f3vil recorrer\u00e1 las calles de Medell\u00edn para ofrecer acompa\u00f1amiento psicol\u00f3gico y jur\u00eddico a las mujeres\" src=\"https:\/\/www.medellin.gov.co\/es\/wp-content\/uploads\/2024\/08\/Unidad-movil-ofrece-acompan\u0303amiento-psicologico-y-juridico-a-mujeres-1.jpg\" alt=\"Unidad m\u00f3vil recorrer\u00e1 las calles de Medell\u00edn para ofrecer acompa\u00f1amiento psicol\u00f3gico y jur\u00eddico a las mujeres\" width=\"1200\" height=\"799\" srcset=\"https:\/\/www.medellin.gov.co\/es\/wp-content\/uploads\/2024\/08\/Unidad-movil-ofrece-acompan\u0303amiento-psicologico-y-juridico-a-mujeres-1.jpg 1200w, https:\/\/www.medellin.gov.co\/es\/wp-content\/uploads\/2024\/08\/Unidad-movil-ofrece-acompan\u0303amiento-psicologico-y-juridico-a-mujeres-1-300x200.jpg 300w, https:\/\/www.medellin.gov.co\/es\/wp-content\/uploads\/2024\/08\/Unidad-movil-ofrece-acompan\u0303amiento-psicologico-y-juridico-a-mujeres-1-1024x682.jpg 1024w, https:\/\/www.medellin.gov.co\/es\/wp-content\/uploads\/2024\/08\/Unidad-movil-ofrece-acompan\u0303amiento-psicologico-y-juridico-a-mujeres-1-150x100.jpg 150w, https:\/\/www.medellin.gov.co\/es\/wp-content\/uploads\/2024\/08\/Unidad-movil-ofrece-acompan\u0303amiento-psicologico-y-juridico-a-mujeres-1-768x511.jpg 768w\" sizes=\"(max-width: 1200px) 100vw, 1200px\" \/><\/a><p id=\"caption-attachment-336582\" class=\"wp-caption-text\">Unidad m\u00f3vil recorrer\u00e1 las calles de Medell\u00edn para ofrecer acompa\u00f1amiento psicol\u00f3gico y jur\u00eddico a las mujeres &#8211; Foto alcaldia de Medell\u00edn<\/p><\/div>\n<p>Esta estrategia busca sensibilizar a las ciudadanas para que se apropien de la oferta institucional que ofrece la Alcaldi\u0301a de Medelli\u0301n. La Unidad Mo\u0301vil hace parte del proyecto de Equidad de Ge\u0301nero en el Territorio de la Secretari\u0301a de las Mujeres y representa un compromiso firme por parte de la administracio\u0301n actual en la promocio\u0301n de los derechos de las mujeres.<\/p>\n<\/div>\n<\/div>\n<\/div>\n<\/div>\n<\/div>\n<\/div>\n","protected":false},"excerpt":{"rendered":"<p>Se trata de un vehi\u0301culo especializado donde se ofrecera\u0301 orientacio\u0301n y atencio\u0301n psicolo\u0301gica y juri\u0301dica a las mujeres vi\u0301ctimas de violencias basadas en ge\u0301nero. Esta estrategia se suma a los tres Centros de Equidad de &#8230;<\/p>\n","protected":false},"author":84,"featured_media":336594,"comment_status":"open","ping_status":"open","sticky":false,"template":"","format":"standard","meta":[],"categories":[15],"tags":[437,451,455],"formato_nota":[],"programas_tax":[],"acf":[],"_links":{"self":[{"href":"https:\/\/www.medellin.gov.co\/es\/wp-json\/wp\/v2\/posts\/336579"}],"collection":[{"href":"https:\/\/www.medellin.gov.co\/es\/wp-json\/wp\/v2\/posts"}],"about":[{"href":"https:\/\/www.medellin.gov.co\/es\/wp-json\/wp\/v2\/types\/post"}],"author":[{"embeddable":true,"href":"https:\/\/www.medellin.gov.co\/es\/wp-json\/wp\/v2\/users\/84"}],"replies":[{"embeddable":true,"href":"https:\/\/www.medellin.gov.co\/es\/wp-json\/wp\/v2\/comments?post=336579"}],"version-history":[{"count":1,"href":"https:\/\/www.medellin.gov.co\/es\/wp-json\/wp\/v2\/posts\/336579\/revisions"}],"predecessor-version":[{"id":336596,"href":"https:\/\/www.medellin.gov.co\/es\/wp-json\/wp\/v2\/posts\/336579\/revisions\/336596"}],"wp:featuredmedia":[{"embeddable":true,"href":"https:\/\/www.medellin.gov.co\/es\/wp-json\/wp\/v2\/media\/336594"}],"wp:attachment":[{"href":"https:\/\/www.medellin.gov.co\/es\/wp-json\/wp\/v2\/media?parent=336579"}],"wp:term":[{"taxonomy":"category","embeddable":true,"href":"https:\/\/www.medellin.gov.co\/es\/wp-json\/wp\/v2\/categories?post=336579"},{"taxonomy":"post_tag","embeddable":true,"href":"https:\/\/www.medellin.gov.co\/es\/wp-json\/wp\/v2\/tags?post=336579"},{"taxonomy":"formato_nota","embeddable":true,"href":"https:\/\/www.medellin.gov.co\/es\/wp-json\/wp\/v2\/formato_nota?post=336579"},{"taxonomy":"programas_tax","embeddable":true,"href":"https:\/\/www.medellin.gov.co\/es\/wp-json\/wp\/v2\/programas_tax?post=336579"}],"curies":[{"name":"wp","href":"https:\/\/api.w.org\/{rel}","templated":true}]}}