{"id":336671,"date":"2024-08-27T14:15:05","date_gmt":"2024-08-27T19:15:05","guid":{"rendered":"https:\/\/www.medellin.gov.co\/es\/?p=336671"},"modified":"2024-08-27T14:34:23","modified_gmt":"2024-08-27T19:34:23","slug":"el-mundial-femenino-sub-20-se-vive-en-las-comunas-de-medellin","status":"publish","type":"post","link":"https:\/\/www.medellin.gov.co\/es\/sala-de-prensa\/noticias\/el-mundial-femenino-sub-20-se-vive-en-las-comunas-de-medellin\/","title":{"rendered":"El Mundial Femenino Sub-20 se vive en las comunas de Medell\u00edn"},"content":{"rendered":"<blockquote><p><em>La comuna 5 de Medell\u00edn, Castilla, fue testigo del <a href=\"https:\/\/www.medellin.gov.co\/es\/mundial-femenino-sub20\/\" target=\"_blank\" rel=\"noopener\">Festival FIFA \u201cVamos Todas\u201d<\/a>, un encuentro donde 110 ni\u00f1as de diferentes escuelas de f\u00fatbol se reunieron a disfrutar del entrenamiento.\u00a0 Un evento que hace parte de la fiesta del Mundial de F\u00fatbol Femenino Sub-20, que se vive en la ciudad.<\/em><\/p><\/blockquote>\n<p>La celebraci\u00f3n del <a href=\"https:\/\/www.medellin.gov.co\/es\/mundial-femenino-sub20\/\" target=\"_blank\" rel=\"noopener\">Mundial Femenino de F\u00fatbol Sub-20<\/a> lleg\u00f3 tambi\u00e9n a las comunas de Medell\u00edn, y en esta ocasi\u00f3n, el <a href=\"https:\/\/www.medellin.gov.co\/irj\/go\/km\/docs\/pccdesign\/medellin\/Temas\/PlaneacionMunicipal\/Publicaciones\/Shared%20Content\/Documentos\/2021\/Comuna%205%20Castilla-Ficha%20Informativa.pdf\" target=\"_blank\" rel=\"noopener\">barrio Castilla, en la comuna 5<\/a>, fue el sitio elegido para reunir a 110 ni\u00f1as, entre los 8 y los 12 a\u00f1os, quienes fueron las protagonistas en el <a href=\"https:\/\/www.medellin.gov.co\/es\/mundial-femenino-sub20\/\" target=\"_blank\" rel=\"noopener\">Festival FIFA \u201cVamos Todas\u201d<\/a>, un espacio creado para llevar este torneo <a href=\"https:\/\/www.medellin.gov.co\/es\/mundial-femenino-sub20\/\" target=\"_blank\" rel=\"noopener\">Mundial Femenino<\/a> a todos los sectores de la ciudad -incluyendo zonas rurales de nuestra capital- con el fin de infundir los valores que representa la <a href=\"https:\/\/www.fifa.com\/es\" target=\"_blank\" rel=\"noopener\">FIFA<\/a> en la divisi\u00f3n femenina: inclusi\u00f3n, empoderamiento y acercamiento al deporte.<\/p>\n<p><strong>Goles y m\u00fasica<\/strong><\/p>\n\n\t\t<style type=\"text\/css\">\n\t\t\t#gallery-1 {\n\t\t\t\tmargin: auto;\n\t\t\t}\n\t\t\t#gallery-1 .gallery-item {\n\t\t\t\tfloat: left;\n\t\t\t\tmargin-top: 10px;\n\t\t\t\ttext-align: center;\n\t\t\t\twidth: 50%;\n\t\t\t}\n\t\t\t#gallery-1 img {\n\t\t\t\tborder: 2px solid #cfcfcf;\n\t\t\t}\n\t\t\t#gallery-1 .gallery-caption {\n\t\t\t\tmargin-left: 0;\n\t\t\t}\n\t\t\t\/* see gallery_shortcode() in wp-includes\/media.php *\/\n\t\t<\/style>\n\t\t<div id='gallery-1' class='gallery galleryid-336671 gallery-columns-2 gallery-size-large'><dl class='gallery-item'>\n\t\t\t<dt class='gallery-icon landscape'>\n\t\t\t\t<a href='https:\/\/www.medellin.gov.co\/es\/sala-de-prensa\/noticias\/el-mundial-femenino-sub-20-se-vive-en-las-comunas-de-medellin\/festival_fifa-11\/'><img width=\"1024\" height=\"682\" src=\"https:\/\/www.medellin.gov.co\/es\/wp-content\/uploads\/2024\/08\/Festival_Fifa-11-1024x682.jpg\" class=\"attachment-large size-large\" alt=\"\" loading=\"lazy\" srcset=\"https:\/\/www.medellin.gov.co\/es\/wp-content\/uploads\/2024\/08\/Festival_Fifa-11-1024x682.jpg 1024w, https:\/\/www.medellin.gov.co\/es\/wp-content\/uploads\/2024\/08\/Festival_Fifa-11-300x200.jpg 300w, https:\/\/www.medellin.gov.co\/es\/wp-content\/uploads\/2024\/08\/Festival_Fifa-11-150x100.jpg 150w, https:\/\/www.medellin.gov.co\/es\/wp-content\/uploads\/2024\/08\/Festival_Fifa-11-768x511.jpg 768w, https:\/\/www.medellin.gov.co\/es\/wp-content\/uploads\/2024\/08\/Festival_Fifa-11.jpg 1280w\" sizes=\"(max-width: 1024px) 100vw, 1024px\" \/><\/a>\n\t\t\t<\/dt><\/dl><dl class='gallery-item'>\n\t\t\t<dt class='gallery-icon landscape'>\n\t\t\t\t<a href='https:\/\/www.medellin.gov.co\/es\/sala-de-prensa\/noticias\/el-mundial-femenino-sub-20-se-vive-en-las-comunas-de-medellin\/festival_fifa-12\/'><img width=\"1024\" height=\"682\" src=\"https:\/\/www.medellin.gov.co\/es\/wp-content\/uploads\/2024\/08\/Festival_Fifa-12-1024x682.jpg\" class=\"attachment-large size-large\" alt=\"\" loading=\"lazy\" srcset=\"https:\/\/www.medellin.gov.co\/es\/wp-content\/uploads\/2024\/08\/Festival_Fifa-12-1024x682.jpg 1024w, https:\/\/www.medellin.gov.co\/es\/wp-content\/uploads\/2024\/08\/Festival_Fifa-12-300x200.jpg 300w, https:\/\/www.medellin.gov.co\/es\/wp-content\/uploads\/2024\/08\/Festival_Fifa-12-150x100.jpg 150w, https:\/\/www.medellin.gov.co\/es\/wp-content\/uploads\/2024\/08\/Festival_Fifa-12-768x511.jpg 768w, https:\/\/www.medellin.gov.co\/es\/wp-content\/uploads\/2024\/08\/Festival_Fifa-12.jpg 1280w\" sizes=\"(max-width: 1024px) 100vw, 1024px\" \/><\/a>\n\t\t\t<\/dt><\/dl><br style=\"clear: both\" \/>\n\t\t<\/div>\n\n<p>En medio de goles y m\u00fasica, las risas no se hicieron esperar, y no es para menos: Colombia y Medell\u00edn est\u00e1n de fiesta al ser los anfitriones del <a href=\"https:\/\/www.medellin.gov.co\/es\/mundial-femenino-sub20\/\" target=\"_blank\" rel=\"noopener\">Mundial Femenino Sub-20<\/a>, una gran oportunidad para llevar a todos los rincones de la ciudad el mensaje de que el f\u00fatbol no tiene g\u00e9nero, pero s\u00ed un coraz\u00f3n inmenso para unir a todos en torno a la pelota.<\/p>\n\n\t\t<style type=\"text\/css\">\n\t\t\t#gallery-2 {\n\t\t\t\tmargin: auto;\n\t\t\t}\n\t\t\t#gallery-2 .gallery-item {\n\t\t\t\tfloat: left;\n\t\t\t\tmargin-top: 10px;\n\t\t\t\ttext-align: center;\n\t\t\t\twidth: 50%;\n\t\t\t}\n\t\t\t#gallery-2 img {\n\t\t\t\tborder: 2px solid #cfcfcf;\n\t\t\t}\n\t\t\t#gallery-2 .gallery-caption {\n\t\t\t\tmargin-left: 0;\n\t\t\t}\n\t\t\t\/* see gallery_shortcode() in wp-includes\/media.php *\/\n\t\t<\/style>\n\t\t<div id='gallery-2' class='gallery galleryid-336671 gallery-columns-2 gallery-size-large'><dl class='gallery-item'>\n\t\t\t<dt class='gallery-icon landscape'>\n\t\t\t\t<a href='https:\/\/www.medellin.gov.co\/es\/sala-de-prensa\/noticias\/el-mundial-femenino-sub-20-se-vive-en-las-comunas-de-medellin\/festival_fifa-3\/'><img width=\"1024\" height=\"768\" src=\"https:\/\/www.medellin.gov.co\/es\/wp-content\/uploads\/2024\/08\/Festival_Fifa-3-1024x768.jpg\" class=\"attachment-large size-large\" alt=\"\" loading=\"lazy\" srcset=\"https:\/\/www.medellin.gov.co\/es\/wp-content\/uploads\/2024\/08\/Festival_Fifa-3-1024x768.jpg 1024w, https:\/\/www.medellin.gov.co\/es\/wp-content\/uploads\/2024\/08\/Festival_Fifa-3-300x225.jpg 300w, https:\/\/www.medellin.gov.co\/es\/wp-content\/uploads\/2024\/08\/Festival_Fifa-3-150x113.jpg 150w, https:\/\/www.medellin.gov.co\/es\/wp-content\/uploads\/2024\/08\/Festival_Fifa-3-768x576.jpg 768w, https:\/\/www.medellin.gov.co\/es\/wp-content\/uploads\/2024\/08\/Festival_Fifa-3.jpg 1137w\" sizes=\"(max-width: 1024px) 100vw, 1024px\" \/><\/a>\n\t\t\t<\/dt><\/dl><dl class='gallery-item'>\n\t\t\t<dt class='gallery-icon landscape'>\n\t\t\t\t<a href='https:\/\/www.medellin.gov.co\/es\/sala-de-prensa\/noticias\/el-mundial-femenino-sub-20-se-vive-en-las-comunas-de-medellin\/festival_fifa-27\/'><img width=\"1024\" height=\"768\" src=\"https:\/\/www.medellin.gov.co\/es\/wp-content\/uploads\/2024\/08\/Festival_Fifa-27-1024x768.jpg\" class=\"attachment-large size-large\" alt=\"\" loading=\"lazy\" srcset=\"https:\/\/www.medellin.gov.co\/es\/wp-content\/uploads\/2024\/08\/Festival_Fifa-27-1024x768.jpg 1024w, https:\/\/www.medellin.gov.co\/es\/wp-content\/uploads\/2024\/08\/Festival_Fifa-27-300x225.jpg 300w, https:\/\/www.medellin.gov.co\/es\/wp-content\/uploads\/2024\/08\/Festival_Fifa-27-150x113.jpg 150w, https:\/\/www.medellin.gov.co\/es\/wp-content\/uploads\/2024\/08\/Festival_Fifa-27-768x576.jpg 768w, https:\/\/www.medellin.gov.co\/es\/wp-content\/uploads\/2024\/08\/Festival_Fifa-27.jpg 1137w\" sizes=\"(max-width: 1024px) 100vw, 1024px\" \/><\/a>\n\t\t\t<\/dt><\/dl><br style=\"clear: both\" \/>\n\t\t<\/div>\n\n<p>Cada vez el f\u00fatbol femenino toma m\u00e1s fuerza y resuena m\u00e1s en el alma de los espectadores, as\u00ed lo menciona Luc\u00eda Mijares Mart\u00ednez, experta en <a href=\"https:\/\/www.medellin.gov.co\/es\/mundial-femenino-sub20\/\" target=\"_blank\" rel=\"noopener\">futbol de la FIFA<\/a>: \u201c<em>pese al poco tiempo que el f\u00fatbol femenino se ha dado de manera oficial, como lo vemos hoy en d\u00eda, se ha exponenciado y multiplicado de forma mucho m\u00e1s acelerada que el varonil. El f\u00fatbol femenino hay que compararlo y valorarlo desde su historia. Hoy me encanta ver como padres y madres de familia est\u00e1n ac\u00e1 diciendo le apuesto a esto, y precisamente estos son los valores que quiere dejar el f\u00fatbol femenino a nivel mundial\u201d.<\/em><\/p>\n<div id=\"attachment_336680\" style=\"width: 1034px\" class=\"wp-caption alignnone\"><a href=\"https:\/\/www.medellin.gov.co\/es\/wp-content\/uploads\/2024\/08\/Festival_Fifa-9.jpg\" target=\"_blank\" rel=\"noopener\"><img aria-describedby=\"caption-attachment-336680\" loading=\"lazy\" class=\"wp-image-336680 size-large\" src=\"https:\/\/www.medellin.gov.co\/es\/wp-content\/uploads\/2024\/08\/Festival_Fifa-9-1024x768.jpg\" alt=\"\" width=\"1024\" height=\"768\" srcset=\"https:\/\/www.medellin.gov.co\/es\/wp-content\/uploads\/2024\/08\/Festival_Fifa-9-1024x768.jpg 1024w, https:\/\/www.medellin.gov.co\/es\/wp-content\/uploads\/2024\/08\/Festival_Fifa-9-300x225.jpg 300w, https:\/\/www.medellin.gov.co\/es\/wp-content\/uploads\/2024\/08\/Festival_Fifa-9-150x113.jpg 150w, https:\/\/www.medellin.gov.co\/es\/wp-content\/uploads\/2024\/08\/Festival_Fifa-9-768x576.jpg 768w, https:\/\/www.medellin.gov.co\/es\/wp-content\/uploads\/2024\/08\/Festival_Fifa-9.jpg 1137w\" sizes=\"(max-width: 1024px) 100vw, 1024px\" \/><\/a><p id=\"caption-attachment-336680\" class=\"wp-caption-text\">Luc\u00eda Mijares Mart\u00ednez<\/p><\/div>\n<p>En la cancha se vive la pasi\u00f3n por el f\u00fatbol y la decisi\u00f3n de hacer de este deporte una constante en sus vidas, porque entre las muchas historias que se escuchan dentro de los camerinos, perdura el deseo de ser como las grandes, de cantar los goles con la misma potencia, de llegar tan lejos como ellas, porque el f\u00fatbol no tiene fronteras.<\/p>\n<blockquote><p>Te puede interesar: <a href=\"https:\/\/www.medellin.gov.co\/es\/sala-de-prensa\/noticias\/mas-de-100-ninas-menores-de-12-anos-participaron-en-torneo-inspirado-en-el-mundial-femenino-de-futbol-sub-20-de-la-fifa\/\" target=\"_blank\" rel=\"noopener\">M\u00e1s de 100 ni\u00f1as menores de 12 a\u00f1os participaron en torneo inspirado en el Mundial Femenino de F\u00fatbol Sub-20 de la FIFA<\/a><\/p><\/blockquote>\n<p><strong>Sof\u00eda va tras un sue\u00f1o<\/strong><\/p>\n<p>Sof\u00eda Avenda\u00f1o, de 10 a\u00f1os de edad, tiene claro lo que quiere ser en la vida: una futbolista profesional como Manuela Vanegas de la Selecci\u00f3n Colombia; su madre dice que lo que inici\u00f3 como un juego ahora es un estilo de vida lleno de disciplina y entrega, pues los entrenamientos no dan espera y su actividad favorita en los descansos del colegio es jugar al bal\u00f3n con sus amigas.<\/p>\n<div id=\"attachment_336677\" style=\"width: 1034px\" class=\"wp-caption alignnone\"><a href=\"https:\/\/www.medellin.gov.co\/es\/wp-content\/uploads\/2024\/08\/Festival_Fifa-5.jpg\" target=\"_blank\" rel=\"noopener\"><img aria-describedby=\"caption-attachment-336677\" loading=\"lazy\" class=\"wp-image-336677 size-large\" src=\"https:\/\/www.medellin.gov.co\/es\/wp-content\/uploads\/2024\/08\/Festival_Fifa-5-1024x768.jpg\" alt=\"\" width=\"1024\" height=\"768\" srcset=\"https:\/\/www.medellin.gov.co\/es\/wp-content\/uploads\/2024\/08\/Festival_Fifa-5-1024x768.jpg 1024w, https:\/\/www.medellin.gov.co\/es\/wp-content\/uploads\/2024\/08\/Festival_Fifa-5-300x225.jpg 300w, https:\/\/www.medellin.gov.co\/es\/wp-content\/uploads\/2024\/08\/Festival_Fifa-5-150x113.jpg 150w, https:\/\/www.medellin.gov.co\/es\/wp-content\/uploads\/2024\/08\/Festival_Fifa-5-768x576.jpg 768w, https:\/\/www.medellin.gov.co\/es\/wp-content\/uploads\/2024\/08\/Festival_Fifa-5.jpg 1137w\" sizes=\"(max-width: 1024px) 100vw, 1024px\" \/><\/a><p id=\"caption-attachment-336677\" class=\"wp-caption-text\">Sof\u00eda Avenda\u00f1o<\/p><\/div>\n<p>La ni\u00f1a no titube\u00f3 al responder c\u00f3mo se siente cada vez que practica su deporte favorito, con una mirada fija y con car\u00e1cter sostiene que se siente como \u201c<em>una mujer valiente, que le gusta el f\u00fatbol, ser amable, compartir con sus compa\u00f1eras y muy afortunada de pertenecer al <a href=\"https:\/\/clubformasintimas.com\/\" target=\"_blank\" rel=\"noopener\">club de Formas \u00cfntimas<\/a><\/em>\u201d.<\/p>\n<p>Y es que el f\u00fatbol tiene un componente social tremendo por su capacidad de unir en torno a la celebraci\u00f3n, de crear tejido social, de reunir a la familia y de dar prop\u00f3sito a tantas vidas que andan en busca de uno. Es un agente de cambio que tiene el potencial de transformar realidades y salvar vidas que subsisten en territorios complejos.<\/p>\n<p><strong>Acompa\u00f1amiento integral<\/strong><\/p>\n\n\t\t<style type=\"text\/css\">\n\t\t\t#gallery-3 {\n\t\t\t\tmargin: auto;\n\t\t\t}\n\t\t\t#gallery-3 .gallery-item {\n\t\t\t\tfloat: left;\n\t\t\t\tmargin-top: 10px;\n\t\t\t\ttext-align: center;\n\t\t\t\twidth: 50%;\n\t\t\t}\n\t\t\t#gallery-3 img {\n\t\t\t\tborder: 2px solid #cfcfcf;\n\t\t\t}\n\t\t\t#gallery-3 .gallery-caption {\n\t\t\t\tmargin-left: 0;\n\t\t\t}\n\t\t\t\/* see gallery_shortcode() in wp-includes\/media.php *\/\n\t\t<\/style>\n\t\t<div id='gallery-3' class='gallery galleryid-336671 gallery-columns-2 gallery-size-large'><dl class='gallery-item'>\n\t\t\t<dt class='gallery-icon landscape'>\n\t\t\t\t<a href='https:\/\/www.medellin.gov.co\/es\/sala-de-prensa\/noticias\/el-mundial-femenino-sub-20-se-vive-en-las-comunas-de-medellin\/festival_fifa-21\/'><img width=\"1024\" height=\"768\" src=\"https:\/\/www.medellin.gov.co\/es\/wp-content\/uploads\/2024\/08\/Festival_Fifa-21-1024x768.jpg\" class=\"attachment-large size-large\" alt=\"\" loading=\"lazy\" srcset=\"https:\/\/www.medellin.gov.co\/es\/wp-content\/uploads\/2024\/08\/Festival_Fifa-21-1024x768.jpg 1024w, https:\/\/www.medellin.gov.co\/es\/wp-content\/uploads\/2024\/08\/Festival_Fifa-21-300x225.jpg 300w, https:\/\/www.medellin.gov.co\/es\/wp-content\/uploads\/2024\/08\/Festival_Fifa-21-150x113.jpg 150w, https:\/\/www.medellin.gov.co\/es\/wp-content\/uploads\/2024\/08\/Festival_Fifa-21-768x576.jpg 768w, https:\/\/www.medellin.gov.co\/es\/wp-content\/uploads\/2024\/08\/Festival_Fifa-21.jpg 1137w\" sizes=\"(max-width: 1024px) 100vw, 1024px\" \/><\/a>\n\t\t\t<\/dt><\/dl><dl class='gallery-item'>\n\t\t\t<dt class='gallery-icon landscape'>\n\t\t\t\t<a href='https:\/\/www.medellin.gov.co\/es\/sala-de-prensa\/noticias\/el-mundial-femenino-sub-20-se-vive-en-las-comunas-de-medellin\/festival_fifa-19\/'><img width=\"1024\" height=\"768\" src=\"https:\/\/www.medellin.gov.co\/es\/wp-content\/uploads\/2024\/08\/Festival_Fifa-19-1024x768.jpg\" class=\"attachment-large size-large\" alt=\"\" loading=\"lazy\" srcset=\"https:\/\/www.medellin.gov.co\/es\/wp-content\/uploads\/2024\/08\/Festival_Fifa-19-1024x768.jpg 1024w, https:\/\/www.medellin.gov.co\/es\/wp-content\/uploads\/2024\/08\/Festival_Fifa-19-300x225.jpg 300w, https:\/\/www.medellin.gov.co\/es\/wp-content\/uploads\/2024\/08\/Festival_Fifa-19-150x113.jpg 150w, https:\/\/www.medellin.gov.co\/es\/wp-content\/uploads\/2024\/08\/Festival_Fifa-19-768x576.jpg 768w, https:\/\/www.medellin.gov.co\/es\/wp-content\/uploads\/2024\/08\/Festival_Fifa-19.jpg 1137w\" sizes=\"(max-width: 1024px) 100vw, 1024px\" \/><\/a>\n\t\t\t<\/dt><\/dl><br style=\"clear: both\" \/>\n\t\t<\/div>\n\n<p>Carolina Dur\u00e1n Betancur, entrenadora de <a href=\"https:\/\/clubformasintimas.com\/\" target=\"_blank\" rel=\"noopener\">Formas \u00cdntimas<\/a>, explica que su acompa\u00f1amiento a las ni\u00f1as es integral, va desde lo f\u00edsico, pasa por lo psicol\u00f3gico y llega a la emoci\u00f3n, cuenta como la <a href=\"https:\/\/www.fifa.com\/es\" target=\"_blank\" rel=\"noopener\">FIFA<\/a> la est\u00e1 capacitando para ser una \u2019Salvaguardia\u2019, una figura que procura el cuidado de las ni\u00f1as, tanto dentro, como fuera de la cancha.<\/p>\n<p>Dur\u00e1n, quien tambi\u00e9n trabaja para Alexia Putellas, capitana del Barcelona, comenta que: <em>\u201cLo que me ha motivado \u00a0de esta instancia de ser profe es poder dejar huella en las ni\u00f1as, formarlas para la vida y no para el momento, siempre les digo que crean en sus sue\u00f1os, porque si creemos en nosotras mismas todo ser\u00e1 posible\u201d.<\/em><\/p>\n<p><a href=\"https:\/\/www.medellin.gov.co\/es\/wp-content\/uploads\/2024\/08\/Festival_Fifa-4.jpg\" target=\"_blank\" rel=\"noopener\"><img loading=\"lazy\" class=\"alignnone wp-image-336674 size-large\" src=\"https:\/\/www.medellin.gov.co\/es\/wp-content\/uploads\/2024\/08\/Festival_Fifa-4-1024x768.jpg\" alt=\"\" width=\"1024\" height=\"768\" srcset=\"https:\/\/www.medellin.gov.co\/es\/wp-content\/uploads\/2024\/08\/Festival_Fifa-4-1024x768.jpg 1024w, https:\/\/www.medellin.gov.co\/es\/wp-content\/uploads\/2024\/08\/Festival_Fifa-4-300x225.jpg 300w, https:\/\/www.medellin.gov.co\/es\/wp-content\/uploads\/2024\/08\/Festival_Fifa-4-150x113.jpg 150w, https:\/\/www.medellin.gov.co\/es\/wp-content\/uploads\/2024\/08\/Festival_Fifa-4-768x576.jpg 768w, https:\/\/www.medellin.gov.co\/es\/wp-content\/uploads\/2024\/08\/Festival_Fifa-4.jpg 1137w\" sizes=\"(max-width: 1024px) 100vw, 1024px\" \/><\/a><\/p>\n<p>Una vez terminado el entrenamiento, todas vuelven a casa, con el aprendizaje del d\u00eda, el sudor en su frente, con el deseo inmenso de correr, de compartir, de vivir la fiesta del f\u00fatbol y con sue\u00f1os llenos de gloria y emociones.<\/p>\n","protected":false},"excerpt":{"rendered":"<p>La comuna 5 de Medell\u00edn, Castilla, fue testigo del Festival FIFA \u201cVamos Todas\u201d, un encuentro donde 110 ni\u00f1as de diferentes escuelas de f\u00fatbol se reunieron a disfrutar del entrenamiento.\u00a0 Un evento que hace parte de &#8230;<\/p>\n","protected":false},"author":17,"featured_media":336682,"comment_status":"open","ping_status":"open","sticky":false,"template":"","format":"standard","meta":[],"categories":[531,17],"tags":[634,689],"formato_nota":[],"programas_tax":[],"acf":[],"_links":{"self":[{"href":"https:\/\/www.medellin.gov.co\/es\/wp-json\/wp\/v2\/posts\/336671"}],"collection":[{"href":"https:\/\/www.medellin.gov.co\/es\/wp-json\/wp\/v2\/posts"}],"about":[{"href":"https:\/\/www.medellin.gov.co\/es\/wp-json\/wp\/v2\/types\/post"}],"author":[{"embeddable":true,"href":"https:\/\/www.medellin.gov.co\/es\/wp-json\/wp\/v2\/users\/17"}],"replies":[{"embeddable":true,"href":"https:\/\/www.medellin.gov.co\/es\/wp-json\/wp\/v2\/comments?post=336671"}],"version-history":[{"count":2,"href":"https:\/\/www.medellin.gov.co\/es\/wp-json\/wp\/v2\/posts\/336671\/revisions"}],"predecessor-version":[{"id":336700,"href":"https:\/\/www.medellin.gov.co\/es\/wp-json\/wp\/v2\/posts\/336671\/revisions\/336700"}],"wp:featuredmedia":[{"embeddable":true,"href":"https:\/\/www.medellin.gov.co\/es\/wp-json\/wp\/v2\/media\/336682"}],"wp:attachment":[{"href":"https:\/\/www.medellin.gov.co\/es\/wp-json\/wp\/v2\/media?parent=336671"}],"wp:term":[{"taxonomy":"category","embeddable":true,"href":"https:\/\/www.medellin.gov.co\/es\/wp-json\/wp\/v2\/categories?post=336671"},{"taxonomy":"post_tag","embeddable":true,"href":"https:\/\/www.medellin.gov.co\/es\/wp-json\/wp\/v2\/tags?post=336671"},{"taxonomy":"formato_nota","embeddable":true,"href":"https:\/\/www.medellin.gov.co\/es\/wp-json\/wp\/v2\/formato_nota?post=336671"},{"taxonomy":"programas_tax","embeddable":true,"href":"https:\/\/www.medellin.gov.co\/es\/wp-json\/wp\/v2\/programas_tax?post=336671"}],"curies":[{"name":"wp","href":"https:\/\/api.w.org\/{rel}","templated":true}]}}