{"id":33712,"date":"2020-04-16T00:00:00","date_gmt":"2020-04-16T05:00:00","guid":{"rendered":"https:\/\/www.medellin.gov.co\/es\/saladeprensa\/noticias\/alcalde-felicita-a-empresarios-artistas-y-a-la-policia-por-regalarle-concierto-en-el-aire-a-medellin\/"},"modified":"2022-03-27T22:15:32","modified_gmt":"2022-03-28T03:15:32","slug":"alcalde-felicita-a-empresarios-artistas-y-a-la-policia-por-regalarle-concierto-en-el-aire-a-medellin","status":"publish","type":"post","link":"https:\/\/www.medellin.gov.co\/es\/sala-de-prensa\/noticias\/alcalde-felicita-a-empresarios-artistas-y-a-la-policia-por-regalarle-concierto-en-el-aire-a-medellin\/","title":{"rendered":"Alcalde felicita a empresarios, artistas y a la Polic\u00eda por regalarle concierto en el aire a Medell\u00edn"},"content":{"rendered":"<div class=\"wrap contenido\">\n<div class=\"noticia\">\n<div class=\"imagen\">\n<div class=\"divContImageNoticia\" style=\"background-image:url('\/irj\/go\/km\/docs\/galerias\/Imagenes\/Panor\u00e1micas de ciudad y sitios de inter\u00e9s\/500_400\/20180131_PanoramicadeCiudad (2).jpg')\" rel=\"\/irj\/go\/km\/docs\/galerias\/Imagenes\/Panor\u00e1micas de ciudad y sitios de inter\u00e9s\/500_400\/20180131_PanoramicadeCiudad (2).jpg\"><span style=\"display:none\"\/><\/div>\n<p>Panor\u00e1mica de ciudad<\/p>\n<p>Juan Fernando Gallego<\/p><\/div>\n<p class=\"fecha\"><span>2020-04-16<\/span><\/p>\n<p itemprop=\"name\">Alcalde felicita a empresarios, artistas y a la Polic\u00eda por regalarle concierto en el aire a Medell\u00edn<\/p>\n<p>Por Prensa Alcald\u00eda de Medell\u00edn<\/p>\n<div class=\"cuerpo\">\n<p><p>As&iacute; como ocurri&oacute; en la Donat&oacute;n por Medell&iacute;n, en la que m&aacute;s de 30 empresarios se unieron con artistas, #DoyPositivo es un concierto a&eacute;reo que se va a realizar el pr&oacute;ximo domingo 19 de abril, en busca de recursos para ayudar a las personas m&aacute;s necesitadas de la ciudad.&nbsp;<\/p>\n<p>En este concierto se unen artistas como Pipe Pel&aacute;ez, Jessi Uribe, Greeicy y Mike Bah&iacute;a. A esto se le suma el apoyo de empresarios del sector del entretenimiento y la Polic&iacute;a Nacional, que han estado involucrados en diversas tareas humanitarias en la ciudad.&nbsp;<\/p>\n<p>El Alcalde de Medell&iacute;n, Daniel Quintero, agradeci&oacute; este gesto. &ldquo;Quiero felicitar y resaltar la solidaridad del pueblo antioque&ntilde;o, as&iacute; como nos unimos en la Donat&oacute;n, hoy se unen ellos para darle este regalo a la ciudad. Gracias&rdquo;.&nbsp;<\/p>\n<p>Estas iniciativas son propias de la solidaridad y la cultura antioque&ntilde;a. La Alcald&iacute;a les desea &eacute;xitos en su puesta en escena para el disfrute de la ciudadan&iacute;a.<\/p>\n<\/p>\n<p><span style=\"display:none\"\/><\/div>\n<div class=\"compartir\">Compartir en: <a title=\"\" href=\"http:\/\/www.facebook.com\/share.php?u=\" class=\"btCompartirFacebook btCompartir\" target=\"_blank\" rel=\"noopener\"><a title=\"\" href=\"http:\/\/twitter.com\/home?status=Haz%20clic%20para%20ver%20esta%20noticia%20en%20\" class=\"btCompartirTwitter btCompartir\"\/><a title=\"\" href=\"whatsapp:\/\/send?text=Haz%20clic%20para%20ver%20esta%20noticia%20en%20\" class=\"btCompartirWa btCompartir\"\/><\/div>\n<\/div>\n<p><script>try{comprobarImagen();fixBtnRedes();hitsMedellin();}catch(e){}<\/script><\/div>\n","protected":false},"excerpt":{"rendered":"<p>Panor\u00e1mica de ciudad Juan Fernando Gallego 2020-04-16 Alcalde felicita a empresarios, artistas y a la Polic\u00eda por regalarle concierto en el aire a Medell\u00edn Por Prensa Alcald\u00eda de Medell\u00edn As&iacute; como ocurri&oacute; en la Donat&oacute;n &#8230;<\/p>\n","protected":false},"author":1,"featured_media":57456,"comment_status":"open","ping_status":"open","sticky":false,"template":"","format":"standard","meta":[],"categories":[31,2,16,21],"tags":[451,444,455],"formato_nota":[],"programas_tax":[],"acf":[],"_links":{"self":[{"href":"https:\/\/www.medellin.gov.co\/es\/wp-json\/wp\/v2\/posts\/33712"}],"collection":[{"href":"https:\/\/www.medellin.gov.co\/es\/wp-json\/wp\/v2\/posts"}],"about":[{"href":"https:\/\/www.medellin.gov.co\/es\/wp-json\/wp\/v2\/types\/post"}],"author":[{"embeddable":true,"href":"https:\/\/www.medellin.gov.co\/es\/wp-json\/wp\/v2\/users\/1"}],"replies":[{"embeddable":true,"href":"https:\/\/www.medellin.gov.co\/es\/wp-json\/wp\/v2\/comments?post=33712"}],"version-history":[{"count":1,"href":"https:\/\/www.medellin.gov.co\/es\/wp-json\/wp\/v2\/posts\/33712\/revisions"}],"predecessor-version":[{"id":36739,"href":"https:\/\/www.medellin.gov.co\/es\/wp-json\/wp\/v2\/posts\/33712\/revisions\/36739"}],"wp:featuredmedia":[{"embeddable":true,"href":"https:\/\/www.medellin.gov.co\/es\/wp-json\/wp\/v2\/media\/57456"}],"wp:attachment":[{"href":"https:\/\/www.medellin.gov.co\/es\/wp-json\/wp\/v2\/media?parent=33712"}],"wp:term":[{"taxonomy":"category","embeddable":true,"href":"https:\/\/www.medellin.gov.co\/es\/wp-json\/wp\/v2\/categories?post=33712"},{"taxonomy":"post_tag","embeddable":true,"href":"https:\/\/www.medellin.gov.co\/es\/wp-json\/wp\/v2\/tags?post=33712"},{"taxonomy":"formato_nota","embeddable":true,"href":"https:\/\/www.medellin.gov.co\/es\/wp-json\/wp\/v2\/formato_nota?post=33712"},{"taxonomy":"programas_tax","embeddable":true,"href":"https:\/\/www.medellin.gov.co\/es\/wp-json\/wp\/v2\/programas_tax?post=33712"}],"curies":[{"name":"wp","href":"https:\/\/api.w.org\/{rel}","templated":true}]}}