{"id":33718,"date":"2020-03-06T00:00:00","date_gmt":"2020-03-06T05:00:00","guid":{"rendered":"https:\/\/www.medellin.gov.co\/es\/saladeprensa\/noticias\/como-resultado-de-200-encuentros-ciudadanos-artistas-participan-de-programacion-cultural\/"},"modified":"2022-03-27T22:15:37","modified_gmt":"2022-03-28T03:15:37","slug":"como-resultado-de-200-encuentros-ciudadanos-artistas-participan-de-programacion-cultural","status":"publish","type":"post","link":"https:\/\/www.medellin.gov.co\/es\/sala-de-prensa\/noticias\/como-resultado-de-200-encuentros-ciudadanos-artistas-participan-de-programacion-cultural\/","title":{"rendered":"Como resultado de 200 encuentros ciudadanos, artistas participan de programaci\u00f3n cultural"},"content":{"rendered":"<div class=\"wrap contenido\">\n<div class=\"noticia\">\n<div class=\"imagen\">\n<div class=\"divContImageNoticia\" style=\"background-image:url('\/irj\/go\/km\/docs\/galerias\/Imagenes\/Eventos y encuentros ciudadanos\/500_400\/20200603_Arteycultura1.jpg')\" rel=\"\/irj\/go\/km\/docs\/galerias\/Imagenes\/Eventos y encuentros ciudadanos\/500_400\/20200603_Arteycultura1.jpg\"><span style=\"display:none\"\/><\/div>\n<p>M\u00fasica, danza, teatro y exposici\u00f3n de artesan\u00edas.<\/p>\n<p>Foto Alcald\u00eda de Medell\u00edn<\/p><\/div>\n<p class=\"fecha\"><span>2020-03-06<\/span><\/p>\n<p itemprop=\"name\">Como resultado de 200 encuentros ciudadanos, artistas participan de programaci\u00f3n cultural<\/p>\n<p>Por Jefatura de prensa<\/p>\n<div class=\"cuerpo\">\n<p><p>.: Ser&aacute; una jornada de siete horas continuas de m&uacute;sica, danza, teatro y exposici&oacute;n de artesan&iacute;as.&nbsp;<br \/>.: Las actividades se har&aacute;n en el Parque Bol&iacute;var y en el Teatro Lido.<\/p>\n<p>La Alcald&iacute;a de Medell&iacute;n reconocer&aacute; a 12 grupos art&iacute;sticos de la ciudad, mediante un encuentro cultural que se realizar&aacute; este viernes, 6 de marzo, en el Parque Bol&iacute;var y el Teatro Lido y que iniciar&aacute; al mediod&iacute;a hasta las 7 de la noche.<\/p>\n<p>&ldquo;Invitamos a la ciudadan&iacute;a a abrazar el talento de nuestros artistas. Esta es una oportunidad para agradecerles por el trabajo constante y decidido que realizan, por incidir en el desarrollo de sus comunidades, tejiendo redes de confianza y convivencia&rdquo;, expres&oacute; la secretaria de Cultura Ciudadana, Lina Gaviria Hurtado.<\/p>\n<div class=\"programas todosProgramas contAdicionalHome\">\n<ul class=\"categoriaPrincipal categoriaPrincipal1 col3 ulAjustada listaGenerica-NoBorde-NoTam\">\n<li><a target=\"_blank\" href=\"\/irj\/go\/km\/docs\/galerias\/Imagenes\/Eventos y encuentros ciudadanos\/20200603_Arteycultura3.jpg\" title=\"Como resultado de 200 encuentros ciudadanos, artistas participan de programaci&oacute;n cultural\" rel=\"noopener\"><img src=\"\/irj\/go\/km\/docs\/galerias\/Imagenes\/Eventos y encuentros ciudadanos\/500_400\/20200603_Arteycultura3.jpg\" alt=\"Como resultado de 200 encuentros ciudadanos, artistas participan de programaci&oacute;n cultural\" title=\"7&ordf; Fiesta de la Como resultado de 200 encuentros ciudadanos, artistas participan de programaci&oacute;n cultural\"\/><\/a><\/li>\n<li><a target=\"_blank\" href=\"\/irj\/go\/km\/docs\/galerias\/Imagenes\/Eventos y encuentros ciudadanos\/20200603_Arteycultura2.jpg\" title=\"Como resultado de 200 encuentros ciudadanos, artistas participan de programaci&oacute;n cultural\" rel=\"noopener\"><img src=\"\/irj\/go\/km\/docs\/galerias\/Imagenes\/Eventos y encuentros ciudadanos\/500_400\/20200603_Arteycultura2.jpg\" alt=\"Como resultado de 200 encuentros ciudadanos, artistas participan de programaci&oacute;n cultural\" title=\"7&ordf; Fiesta de la Como resultado de 200 encuentros ciudadanos, artistas participan de programaci&oacute;n cultural\"\/><\/a><\/li>\n<li><a target=\"_blank\" href=\"\/irj\/go\/km\/docs\/galerias\/Imagenes\/Eventos y encuentros ciudadanos\/20200603_Arteycultura4.jpg\" title=\"Como resultado de 200 encuentros ciudadanos, artistas participan de programaci&oacute;n cultural\" rel=\"noopener\"><img src=\"\/irj\/go\/km\/docs\/galerias\/Imagenes\/Eventos y encuentros ciudadanos\/500_400\/20200603_Arteycultura4.jpg\" alt=\"Como resultado de 200 encuentros ciudadanos, artistas participan de programaci&oacute;n cultural\" title=\"7&ordf; Fiesta de la Como resultado de 200 encuentros ciudadanos, artistas participan de programaci&oacute;n cultural\"\/><\/a><\/li>\n<\/ul><\/div>\n<p>Las agrupaciones que participar&aacute;n del evento son: Viejos So&ntilde;adores, Flores del Ayer (danza colombiana), D&uacute;o Yemay&aacute; (danza salsa), Jepycal Dance (danza urbana), Show Dance (baile de sal&oacute;n), Go Tango (danza tango), Vocalisseto (coro m&uacute;sica colombiana), Carlos Arturo (boleros), Raquel Zozaya, Tropinova (m&uacute;sica tropical), Sepia (teatro) y Explosi&oacute;n Negra (m&uacute;sica urbana del Pac&iacute;fico), estos &uacute;ltimos nominados al Grammy Latino en 2016.<\/p>\n<p>Esta muestra es el resultado de un ejercicio de priorizaci&oacute;n de proyectos de cultura de Planeaci&oacute;n Local y Presupuesto Participativo en el que los habitantes de 12 comunas aportaron sus ideas mediante 200 encuentros ciudadanos.<\/p>\n<\/p>\n<p><span style=\"display:none\"\/><\/div>\n<div class=\"compartir\">Compartir en: <a title=\"\" href=\"http:\/\/www.facebook.com\/share.php?u=\" class=\"btCompartirFacebook btCompartir\" target=\"_blank\" rel=\"noopener\"><a title=\"\" href=\"http:\/\/twitter.com\/home?status=Haz%20clic%20para%20ver%20esta%20noticia%20en%20\" class=\"btCompartirTwitter btCompartir\"\/><a title=\"\" href=\"whatsapp:\/\/send?text=Haz%20clic%20para%20ver%20esta%20noticia%20en%20\" class=\"btCompartirWa btCompartir\"\/><\/div>\n<\/div>\n<p><script>try{comprobarImagen();fixBtnRedes();hitsMedellin();}catch(e){}<\/script><\/div>\n","protected":false},"excerpt":{"rendered":"<p>M\u00fasica, danza, teatro y exposici\u00f3n de artesan\u00edas. Foto Alcald\u00eda de Medell\u00edn 2020-03-06 Como resultado de 200 encuentros ciudadanos, artistas participan de programaci\u00f3n cultural Por Jefatura de prensa .: Ser&aacute; una jornada de siete horas continuas &#8230;<\/p>\n","protected":false},"author":1,"featured_media":57516,"comment_status":"open","ping_status":"open","sticky":false,"template":"","format":"standard","meta":[],"categories":[31],"tags":[444,453,450],"formato_nota":[],"programas_tax":[],"acf":[],"_links":{"self":[{"href":"https:\/\/www.medellin.gov.co\/es\/wp-json\/wp\/v2\/posts\/33718"}],"collection":[{"href":"https:\/\/www.medellin.gov.co\/es\/wp-json\/wp\/v2\/posts"}],"about":[{"href":"https:\/\/www.medellin.gov.co\/es\/wp-json\/wp\/v2\/types\/post"}],"author":[{"embeddable":true,"href":"https:\/\/www.medellin.gov.co\/es\/wp-json\/wp\/v2\/users\/1"}],"replies":[{"embeddable":true,"href":"https:\/\/www.medellin.gov.co\/es\/wp-json\/wp\/v2\/comments?post=33718"}],"version-history":[{"count":1,"href":"https:\/\/www.medellin.gov.co\/es\/wp-json\/wp\/v2\/posts\/33718\/revisions"}],"predecessor-version":[{"id":36745,"href":"https:\/\/www.medellin.gov.co\/es\/wp-json\/wp\/v2\/posts\/33718\/revisions\/36745"}],"wp:featuredmedia":[{"embeddable":true,"href":"https:\/\/www.medellin.gov.co\/es\/wp-json\/wp\/v2\/media\/57516"}],"wp:attachment":[{"href":"https:\/\/www.medellin.gov.co\/es\/wp-json\/wp\/v2\/media?parent=33718"}],"wp:term":[{"taxonomy":"category","embeddable":true,"href":"https:\/\/www.medellin.gov.co\/es\/wp-json\/wp\/v2\/categories?post=33718"},{"taxonomy":"post_tag","embeddable":true,"href":"https:\/\/www.medellin.gov.co\/es\/wp-json\/wp\/v2\/tags?post=33718"},{"taxonomy":"formato_nota","embeddable":true,"href":"https:\/\/www.medellin.gov.co\/es\/wp-json\/wp\/v2\/formato_nota?post=33718"},{"taxonomy":"programas_tax","embeddable":true,"href":"https:\/\/www.medellin.gov.co\/es\/wp-json\/wp\/v2\/programas_tax?post=33718"}],"curies":[{"name":"wp","href":"https:\/\/api.w.org\/{rel}","templated":true}]}}