{"id":33853,"date":"2020-11-01T00:00:00","date_gmt":"2020-11-01T05:00:00","guid":{"rendered":"https:\/\/www.medellin.gov.co\/es\/saladeprensa\/noticias\/con-la-ruta-de-las-flores-medellin-da-la-bienvenida-a-su-feria-de-las-flores-2020\/"},"modified":"2022-03-27T22:18:03","modified_gmt":"2022-03-28T03:18:03","slug":"con-la-ruta-de-las-flores-medellin-da-la-bienvenida-a-su-feria-de-las-flores-2020","status":"publish","type":"post","link":"https:\/\/www.medellin.gov.co\/es\/sala-de-prensa\/noticias\/con-la-ruta-de-las-flores-medellin-da-la-bienvenida-a-su-feria-de-las-flores-2020\/","title":{"rendered":"\u00a1Con la Ruta de las Flores, Medell\u00edn da la bienvenida a su Feria de las Flores 2020!"},"content":{"rendered":"<div class=\"wrap contenido\">\n<div class=\"noticia\">\n<div class=\"imagen\">\n<div class=\"divContImageNoticia\" style=\"background-image:url('\/irj\/go\/km\/docs\/galerias\/Imagenes\/Galer\u00eda d\u00eda a d\u00eda 2020\/500_400\/20201101-Ruta-de-las-Flores-02.jpg')\" rel=\"\/irj\/go\/km\/docs\/galerias\/Imagenes\/Galer\u00eda d\u00eda a d\u00eda 2020\/500_400\/20201101-Ruta-de-las-Flores-02.jpg\"><span style=\"display:none\"\/><\/div>\n<p>\u00a1Con la Ruta de las Flores, Medell\u00edn da la bienvenida a su Feria de las Flores 2020!<\/p>\n<p>Foto Alcald\u00eda de Medell\u00edn<\/p><\/div>\n<p class=\"fecha\"><span>2020-11-01<\/span><\/p>\n<p itemprop=\"name\">\u00a1Con la Ruta de las Flores, Medell\u00edn da la bienvenida a su Feria de las Flores 2020!<\/p>\n<p>Por Nidia Stella Escobar Cruz<\/p>\n<div class=\"cuerpo\">\n<p><p>.: Del domingo 1 al jueves 5 de noviembre, de 2:00 p.m. a 6:00 p.m., la Ruta de la Flores recorrer&aacute; las calles de Medell&iacute;n.<br \/>.: Caravanas con 196 m&uacute;sicos, trovadores y artesanos llevar&aacute;n la celebraci&oacute;n hasta cada balc&oacute;n y ventana de las comunas y corregimientos.&nbsp;<\/p>\n<p><strong><a target=\"_blank\" title=\"&Aacute;lvaro Narv&aacute;ez, subsecretario de Arte y Cultura\" href=\"\/irj\/go\/km\/docs\/pccdesign\/medellin\/Temas\/AtencionCiudadana\/Noticias\/Shared Content\/Documentos\/2020\/20201101-Ruta-de-las-Flores-01.mp3\" rel=\"noopener\"><span style=\"color: #3366ff;\">|| Audio || Palabras de &Aacute;lvaro Narv&aacute;ez, subsecretario de Arte y Cultura<\/span><\/a><\/strong>.&nbsp;<\/p>\n<p>Con la Ruta de las Flores, la ciudad le da la bienvenida a la Feria de las Flores 2020, que en esta edici&oacute;n virtual trae una programaci&oacute;n para todos los gustos y para disfrutar en familia.&nbsp;<\/p>\n<p><a target=\"_blank\" title=\"&iexcl;Con la Ruta de las Flores, Medell&iacute;n da la bienvenida a su Feria de las Flores 2020! \" href=\"\/irj\/go\/km\/docs\/galerias\/Imagenes\/Galer&iacute;a d&iacute;a a d&iacute;a 2020\/20201101-Ruta-de-las-Flores-1.jpg\" rel=\"noopener\"><img title=\"&iexcl;Con la Ruta de las Flores, Medell&iacute;n da la bienvenida a su Feria de las Flores 2020! \" alt=\"&iexcl;Con la Ruta de las Flores, Medell&iacute;n da la bienvenida a su Feria de las Flores 2020! \" width=\"100%\" src=\"\/irj\/go\/km\/docs\/galerias\/Imagenes\/Galer&iacute;a d&iacute;a a d&iacute;a 2020\/1000_450\/20201101-Ruta-de-las-Flores-1.jpg\"\/><\/a><\/p>\n<p>La Ruta de las Flores llegar&aacute; para llenar de arte, alegr&iacute;a y color las calles de la ciudad, entre el domingo 1 y el jueves 5 de noviembre. Desde la comodidad y seguridad de sus hogares, los ciudadanos podr&aacute;n disfrutar de esta programaci&oacute;n.&nbsp;<\/p>\n<p>&ldquo;<i>Vamos a ver como las rutas de silletas, trovadores y artistas llegan a su casa. La idea es que nos quedemos en casa, que las veamos pasar y celebremos la Feria de las Flores desde casa<\/i>&rdquo;, dijo el subsecretario de Arte y Cultura, &Aacute;lvaro Narv&aacute;ez.&nbsp;<\/p>\n<p>En total son 15 rutas cargadas de flores y alegr&iacute;a. Los silleteros, trovadores, agrupaciones musicales y personajes ser&aacute;n protagonistas: una oportunidad para llevar un pedacito de esta fiesta a los barrios y corregimientos y aportar a la reactivaci&oacute;n econ&oacute;mica no solo de los artistas, sino de los territorios.&nbsp;<\/p>\n<p>La Ruta de las Flores iniciar&aacute; en los corregimientos y continuar&aacute; por las comunas, as&iacute;:&nbsp;<\/p>\n<p>Domingo 1 de noviembre: abre sus desfiles en las comunas 50 &#8211; Palmitas, 60 &#8211; San Crist&oacute;bal, 70 &#8211; Altavista y 90 &#8211; Santa Elena.&nbsp;<\/p>\n<p>Lunes 2 de noviembre : visitar&aacute; a los habitantes de las comunas 15 &#8211; Guayabal, 16 &#8211; Bel&eacute;n y 80 &#8211; San Antonio de Prado.&nbsp;<\/p>\n<p>Martes 3 de noviembre: llegar&aacute; a las comunas 8 &#8211; Villa Hermosa, 9 &#8211; Buenos Aires, 10 &#8211; La Candelaria&nbsp; y 14 &#8211; Poblado.&nbsp;<\/p>\n<p>Mi&eacute;rcoles 4 de noviembre : en las comunas 1 &#8211; Popular, 2 &#8211; Santa Cruz, 3 &#8211; Manrique, 4 &#8211; Aranjuez, 12 &#8211; La Am&eacute;rica y 13 &#8211; San Javier.&nbsp;<\/p>\n<p>Jueves 5 de noviembre: cerrar&aacute; en las comunas 5 &#8211; Castilla, 6 &#8211; Doce de Octubre, 7 &#8211; Robledo y 11 &#8211; Laureles Estadio.&nbsp;<\/p>\n<p>Algunos apartes de los recorridos ser&aacute;n transmitidos por Telemedell&iacute;n, por las redes institucionales de la Alcald&iacute;a, por el sitio web <a href=\"http:\/\/www.feriadelasfloresmedellin.gov.co\/\">www.feriadelasfloresmedellin.gov.co<\/a> &nbsp;y desde la aplicaci&oacute;n Feria de las Flores 2020, con el prop&oacute;sito de llevar la fiesta de los antioque&ntilde;os a todos los rincones del pa&iacute;s y el mundo.&nbsp;<\/p>\n<p>Con esta ruta se impactar&aacute;n 45 parques. Sin paradas puntuales y con todos los protocolos de bioseguridad, se ofrecer&aacute; una amplia y variada agenda alterna en todas las casas de la cultura, teatros y UVA de la ciudad.<\/p>\n<\/p>\n<p><span style=\"display:none\"\/><\/div>\n<div class=\"compartir\">Compartir en: <a title=\"\" href=\"http:\/\/www.facebook.com\/share.php?u=\" class=\"btCompartirFacebook btCompartir\" target=\"_blank\" rel=\"noopener\"><a title=\"\" href=\"http:\/\/twitter.com\/home?status=Haz%20clic%20para%20ver%20esta%20noticia%20en%20\" class=\"btCompartirTwitter btCompartir\"\/><a title=\"\" href=\"whatsapp:\/\/send?text=Haz%20clic%20para%20ver%20esta%20noticia%20en%20\" class=\"btCompartirWa btCompartir\"\/><\/div>\n<\/div>\n<p><script>try{comprobarImagen();fixBtnRedes();hitsMedellin();}catch(e){}<\/script><\/div>\n","protected":false},"excerpt":{"rendered":"<p>\u00a1Con la Ruta de las Flores, Medell\u00edn da la bienvenida a su Feria de las Flores 2020! Foto Alcald\u00eda de Medell\u00edn 2020-11-01 \u00a1Con la Ruta de las Flores, Medell\u00edn da la bienvenida a su Feria &#8230;<\/p>\n","protected":false},"author":1,"featured_media":57643,"comment_status":"open","ping_status":"open","sticky":false,"template":"","format":"standard","meta":[],"categories":[24,31],"tags":[444,429],"formato_nota":[],"programas_tax":[],"acf":[],"_links":{"self":[{"href":"https:\/\/www.medellin.gov.co\/es\/wp-json\/wp\/v2\/posts\/33853"}],"collection":[{"href":"https:\/\/www.medellin.gov.co\/es\/wp-json\/wp\/v2\/posts"}],"about":[{"href":"https:\/\/www.medellin.gov.co\/es\/wp-json\/wp\/v2\/types\/post"}],"author":[{"embeddable":true,"href":"https:\/\/www.medellin.gov.co\/es\/wp-json\/wp\/v2\/users\/1"}],"replies":[{"embeddable":true,"href":"https:\/\/www.medellin.gov.co\/es\/wp-json\/wp\/v2\/comments?post=33853"}],"version-history":[{"count":1,"href":"https:\/\/www.medellin.gov.co\/es\/wp-json\/wp\/v2\/posts\/33853\/revisions"}],"predecessor-version":[{"id":36880,"href":"https:\/\/www.medellin.gov.co\/es\/wp-json\/wp\/v2\/posts\/33853\/revisions\/36880"}],"wp:featuredmedia":[{"embeddable":true,"href":"https:\/\/www.medellin.gov.co\/es\/wp-json\/wp\/v2\/media\/57643"}],"wp:attachment":[{"href":"https:\/\/www.medellin.gov.co\/es\/wp-json\/wp\/v2\/media?parent=33853"}],"wp:term":[{"taxonomy":"category","embeddable":true,"href":"https:\/\/www.medellin.gov.co\/es\/wp-json\/wp\/v2\/categories?post=33853"},{"taxonomy":"post_tag","embeddable":true,"href":"https:\/\/www.medellin.gov.co\/es\/wp-json\/wp\/v2\/tags?post=33853"},{"taxonomy":"formato_nota","embeddable":true,"href":"https:\/\/www.medellin.gov.co\/es\/wp-json\/wp\/v2\/formato_nota?post=33853"},{"taxonomy":"programas_tax","embeddable":true,"href":"https:\/\/www.medellin.gov.co\/es\/wp-json\/wp\/v2\/programas_tax?post=33853"}],"curies":[{"name":"wp","href":"https:\/\/api.w.org\/{rel}","templated":true}]}}