{"id":33895,"date":"2020-10-30T00:00:00","date_gmt":"2020-10-30T05:00:00","guid":{"rendered":"https:\/\/www.medellin.gov.co\/es\/saladeprensa\/noticias\/medellin-esta-lista-para-vivir-la-feria-de-las-flores-2020-desde-casa\/"},"modified":"2022-03-27T22:18:54","modified_gmt":"2022-03-28T03:18:54","slug":"medellin-esta-lista-para-vivir-la-feria-de-las-flores-2020-desde-casa","status":"publish","type":"post","link":"https:\/\/www.medellin.gov.co\/es\/sala-de-prensa\/noticias\/medellin-esta-lista-para-vivir-la-feria-de-las-flores-2020-desde-casa\/","title":{"rendered":"Medell\u00edn est\u00e1 lista para vivir la Feria de las Flores 2020 desde casa"},"content":{"rendered":"<div class=\"wrap contenido\">\n<div class=\"noticia\">\n<div class=\"imagen\">\n<div class=\"divContImageNoticia\" style=\"background-image:url('\/irj\/go\/km\/docs\/galerias\/Imagenes\/Galer\u00eda d\u00eda a d\u00eda 2020\/500_400\/20201030-Feria-de-las-Flores-1.jpg')\" rel=\"\/irj\/go\/km\/docs\/galerias\/Imagenes\/Galer\u00eda d\u00eda a d\u00eda 2020\/500_400\/20201030-Feria-de-las-Flores-1.jpg\"><span style=\"display:none\"\/><\/div>\n<p>Medell\u00edn est\u00e1 lista para vivir la Feria de las Flores 2020 desde casa.<\/p>\n<p>Foto Alcald\u00eda de Medell\u00edn<\/p><\/div>\n<p class=\"fecha\"><span>2020-10-30<\/span><\/p>\n<p itemprop=\"name\">Medell\u00edn est\u00e1 lista para vivir la Feria de las Flores 2020 desde casa<\/p>\n<p>Por Nidia Stella Escobar Cruz<\/p>\n<div class=\"cuerpo\">\n<p><p>.: <a target=\"_blank\" title=\"www.feriadelasfloresmedellin.gov.co\" href=\"http:\/\/www.feriadelasfloresmedellin.gov.co\/\" rel=\"noopener\"><span style=\"color: #3366ff;\">www.feriadelasfloresmedellin.gov.co<\/span><\/a> visita el sitio oficial de las Feria de las Flores 2020.<br \/>.: El Desfile de Silleteros y el Festival Nacional de la Trova ser&aacute;n los eventos principales de esta nueva edici&oacute;n que tendr&aacute; lugar del 1 al 8 de noviembre en Medell&iacute;n.<br \/>.: La tradici&oacute;n se disfrutar&aacute; en casa, desde cualquier parte del mundo, a trav&eacute;s de la aplicaci&oacute;n Feria de las Flores 2020 en App Store y en IOS y por Telemedell&iacute;n.<br \/>.: La programaci&oacute;n y transmisiones estar&aacute; disponible a trav&eacute;s de <a target=\"_blank\" title=\"www.feriadelasfloresmedellin.gov.co\" href=\"http:\/\/www.feriadelasfloresmedellin.gov.co\/\" rel=\"noopener\"><span style=\"color: #3366ff;\">www.feriadelasfloresmedellin.gov.co<\/span><\/a>.&nbsp; &nbsp;<\/p>\n<p><strong><a target=\"_blank\" title=\"Lina Gaviria, secretaria de Cultura Ciudadana\" href=\"\/irj\/go\/km\/docs\/pccdesign\/medellin\/Temas\/AtencionCiudadana\/Noticias\/Shared Content\/Documentos\/2020\/20201030-Feria-de-las-Flores-01.mp3\" rel=\"noopener\"><span style=\"color: #3366ff;\">|| Audio || Palabras de Lina Gaviria, secretaria de Cultura Ciudadana<\/span><\/a><\/strong>.<\/p>\n<p><strong><a target=\"_blank\" title=\"Alethia Arango, directora del Dagrd.\" href=\"\/irj\/go\/km\/docs\/pccdesign\/medellin\/Temas\/AtencionCiudadana\/Noticias\/Shared Content\/Documentos\/2020\/20201030-Feria-de-las-Flores-02.mp3\" rel=\"noopener\"><span style=\"color: #3366ff;\">|| Audio || Palabras de Alethia Arango,&nbsp;directora del Dagrd<\/span><\/a><\/strong>.&nbsp;<\/p>\n<p>M&aacute;s de 50 eventos, cerca de 800 artistas y m&aacute;s de 500 silleteros est&aacute;n listos para resaltar las ra&iacute;ces y el patrimonio cultural de Medell&iacute;n en la Feria de las Flores 2020, que este a&ntilde;o llegar&aacute; virtualmente a todos los rincones del mundo.&nbsp; &nbsp;<\/p>\n<p>En el sitio web <a href=\"http:\/\/www.feriadelasfloresmedellin.gov.co\/\"><\/a><a href=\"http:\/\/www.feriadelasfloresmedellin.gov.co\/\" title=\"www.feriadelasfloresmedellin.gov.co\" target=\"_blank\" rel=\"noopener\"><span style=\"color: #3366ff;\">www.feriadelasfloresmedellin.gov.co<\/span><\/a> personas de todos los rincones del mundo podr&aacute;n seguir en vivo los eventos, encontrar la programaci&oacute;n, y disfrutar en cualquier momento y lugar, de todo el contenido multimedia. En la App Feria de las Flores 2020 los usuarios tambi&eacute;n podr&aacute;n visitar las fincas silleteras con una experiencia 360&ordm; o experiencia de realidad virtual, jugar con rompecabezas y contestar trivias de conocimiento de la feria.&nbsp;<\/p>\n<p>Adem&aacute;s, los ciudadanos podr&aacute;n votar en el Desfile de Silleteros y en el Festival de la Trova por su concursante favorito, incluso podr&aacute;n llevarse algunos recuerdos de la Feria de las Flores. Una apuesta digital para estar juntos desde casa y seguir v&iacute;a streaming los momentos m&aacute;s especiales, interactuar y vivir juntos esta edici&oacute;n especial del tributo a nuestra cultura silletera.&nbsp;<\/p>\n<p>&ldquo;<i>Lleg&oacute; el momento de reencontrarnos alrededor de la esperanza, las flores, la m&uacute;sica y la tradici&oacute;n silletera con todo su esplendor e imponencia. Vamos a unirnos, desde casa, en una feria preparada para todos, con una oferta de contenidos culturales, musicales y, por supuesto, con los eventos representativos de la Feria de las Flores, como el Desfile de Silleteros y el Festival de la Trova<\/i>&rdquo;, indic&oacute; la secretaria de Cultura Ciudadana, Lina Gaviria.&nbsp;<\/p>\n<p><a target=\"_blank\" title=\"Medell&iacute;n est&aacute; lista para vivir la Feria de las Flores 2020 desde casa\" href=\"\/irj\/go\/km\/docs\/galerias\/Imagenes\/Galer&iacute;a d&iacute;a a d&iacute;a 2020\/20201030-Feria-de-las-Flores-2.jpg\" rel=\"noopener\"><img title=\"Medell&iacute;n est&aacute; lista para vivir la Feria de las Flores 2020 desde casa\" alt=\"Medell&iacute;n est&aacute; lista para vivir la Feria de las Flores 2020 desde casa\" width=\"100%\" src=\"\/irj\/go\/km\/docs\/galerias\/Imagenes\/Galer&iacute;a d&iacute;a a d&iacute;a 2020\/1000_450\/20201030-Feria-de-las-Flores-2.jpg\"\/><\/a><\/p>\n<p>Esta fiesta es una semilla para reactivar la econom&iacute;a de silleteros y artistas. Esto ser&aacute; posible con nuevas tecnolog&iacute;as y eventos con estrictos protocolos de bioseguridad, con l&iacute;mite de aforo, control de temperatura, distanciamiento f&iacute;sico, uso obligatorio de mascarilla o tapabocas y dem&aacute;s indicaciones para evitar la propagaci&oacute;n del virus.&nbsp;<\/p>\n<p>La feria iniciar&aacute; el 1 de noviembre con la Ruta de las Flores, un espacio en el que los m&uacute;sicos, trovadores y artesanos llevar&aacute;n la celebraci&oacute;n hasta cada balc&oacute;n y ventana de la ciudad. El concierto inaugural, ese mismo d&iacute;a, contar&aacute; con la presencia de Fernando Gonza\u0301lez, Fruko, Son Bat&aacute;, Pasabordo, Felipe Pel&aacute;ez, Arelys Henao, Fruko,&nbsp; Mabiland, Tres de Corazo\u0301n, entre otros.&nbsp;<\/p>\n<p>Con versos y cantos, el Festival Internacional de la Trova ser&aacute; protagonista y aportar&aacute; a esta herencia de arrieros y juglares antioque&ntilde;os. En la semana tambi&eacute;n habr&aacute; tributos al rock, al rap y al reggae de Medell&iacute;n, conciertos de m&uacute;sica tropical, tardes de danza y una programaci&oacute;n infantil para que todos los ciudadanos disfruten de la variada programaci&oacute;n. Adem&aacute;s, se realizar&aacute; el concurso de Mujeres J&oacute;venes Talento y muchas actividades m&aacute;s para conmemorar esta edici&oacute;n especial.&nbsp;<\/p>\n<p>El tradicional Desfile de Silleteros, alma de la Feria de las Flores, tendr&aacute; lugar el domingo, 8 de noviembre, con un recorrido en Santa Elena, con transmisi&oacute;n por Telemedell&iacute;n, redes sociales de la Alcald&iacute;a y canales digitales, entre ellos la App. Al finalizar, las 55 silletas con sus silleteros, se trasladar&aacute;n a Medell&iacute;n para realizar el desfile de carrozas, un desfile de 350 kil&oacute;metros que recorrer&aacute; todas las comunas y&nbsp; corregimientos de Medell&iacute;n.&nbsp;<\/p>\n<p>El corregimiento de Santa Elena tendr&aacute; movilidad restringida para visitantes y habr&aacute; cierre vial hacia Santa Elena desde la entrada de Barrios de Jes&uacute;s hasta el estadero El Silletero, desde las 7:00 a.m. del s&aacute;bado, 7 de noviembre, hasta las 2:00 p.m. del domingo, 8 de noviembre.&nbsp;<\/p>\n<p>Para acompa&ntilde;ar los diferentes espacios y garantizar que la ciudadan&iacute;a disfrute de los eventos desde sus hogares de manera segura, el Departamento Administrativo de Gesti&oacute;n del Riesgo de Desastres, Dagrd, coordinar&aacute; el dispositivo de seguridad humana durante los ocho d&iacute;as de actividades.&nbsp;<\/p>\n<p>&ldquo;<i>Tendremos una capacidad instalada en las actividades de la Feria de las Flores. Nuestro equipo liderar&aacute; el Comit&eacute; Operativo de Eventos de Ciudad, tanto en las que se desarrollen en la zona urbana de Medell&iacute;n, como en el corregimiento de Santa Elena, epicentro tradicional con nuestros silleteros<\/i>&rdquo;, explic&oacute; la directora del Dagrd, Alethia Arango.&nbsp;<\/p>\n<p>Este comit&eacute; tambi&eacute;n contar&aacute; con la articulaci&oacute;n de la Polic&iacute;a Metropolitana del Valle de Aburr&aacute;, las 11 agencias de seguridad y derechos humanos, que funcionar&aacute;n las 24 horas del d&iacute;a durante todo el puente festivo y para el inicio de los eventos relacionados con Feria de Flores. Adem&aacute;s, desde la Subsecretar&iacute;a de Gobierno Local se implementar&aacute;n brigadas de control espec&iacute;fico para lugares de concentraci&oacute;n de personas y locales comerciales.&nbsp;<\/p>\n<p>Durante esta Feria que se vivir&aacute; desde casa, la Secretar&iacute;a de Salud recomienda mantener el lavado frecuente de manos, los espacios ventilados, el uso de tapabocas (especialmente si se convive con mayores) y disfrutar &uacute;nicamente con las personas que se convive.&nbsp;<\/p>\n<p>La invitaci&oacute;n est&aacute; abierta para que todos los ciudadanos del mundo vivan desde sus casas la Feria de las Flores, motor de reactivaci&oacute;n y semilla de esperanza.<\/p>\n<\/p>\n<p><span style=\"display:none\"\/><\/div>\n<div class=\"compartir\">Compartir en: <a title=\"\" href=\"http:\/\/www.facebook.com\/share.php?u=\" class=\"btCompartirFacebook btCompartir\" target=\"_blank\" rel=\"noopener\"><a title=\"\" href=\"http:\/\/twitter.com\/home?status=Haz%20clic%20para%20ver%20esta%20noticia%20en%20\" class=\"btCompartirTwitter btCompartir\"\/><a title=\"\" href=\"whatsapp:\/\/send?text=Haz%20clic%20para%20ver%20esta%20noticia%20en%20\" class=\"btCompartirWa btCompartir\"\/><\/div>\n<\/div>\n<p><script>try{comprobarImagen();fixBtnRedes();hitsMedellin();}catch(e){}<\/script><\/div>\n","protected":false},"excerpt":{"rendered":"<p>Medell\u00edn est\u00e1 lista para vivir la Feria de las Flores 2020 desde casa. Foto Alcald\u00eda de Medell\u00edn 2020-10-30 Medell\u00edn est\u00e1 lista para vivir la Feria de las Flores 2020 desde casa Por Nidia Stella Escobar &#8230;<\/p>\n","protected":false},"author":1,"featured_media":57683,"comment_status":"open","ping_status":"open","sticky":false,"template":"","format":"standard","meta":[],"categories":[24,31],"tags":[428,429,435],"formato_nota":[],"programas_tax":[],"acf":[],"_links":{"self":[{"href":"https:\/\/www.medellin.gov.co\/es\/wp-json\/wp\/v2\/posts\/33895"}],"collection":[{"href":"https:\/\/www.medellin.gov.co\/es\/wp-json\/wp\/v2\/posts"}],"about":[{"href":"https:\/\/www.medellin.gov.co\/es\/wp-json\/wp\/v2\/types\/post"}],"author":[{"embeddable":true,"href":"https:\/\/www.medellin.gov.co\/es\/wp-json\/wp\/v2\/users\/1"}],"replies":[{"embeddable":true,"href":"https:\/\/www.medellin.gov.co\/es\/wp-json\/wp\/v2\/comments?post=33895"}],"version-history":[{"count":1,"href":"https:\/\/www.medellin.gov.co\/es\/wp-json\/wp\/v2\/posts\/33895\/revisions"}],"predecessor-version":[{"id":36922,"href":"https:\/\/www.medellin.gov.co\/es\/wp-json\/wp\/v2\/posts\/33895\/revisions\/36922"}],"wp:featuredmedia":[{"embeddable":true,"href":"https:\/\/www.medellin.gov.co\/es\/wp-json\/wp\/v2\/media\/57683"}],"wp:attachment":[{"href":"https:\/\/www.medellin.gov.co\/es\/wp-json\/wp\/v2\/media?parent=33895"}],"wp:term":[{"taxonomy":"category","embeddable":true,"href":"https:\/\/www.medellin.gov.co\/es\/wp-json\/wp\/v2\/categories?post=33895"},{"taxonomy":"post_tag","embeddable":true,"href":"https:\/\/www.medellin.gov.co\/es\/wp-json\/wp\/v2\/tags?post=33895"},{"taxonomy":"formato_nota","embeddable":true,"href":"https:\/\/www.medellin.gov.co\/es\/wp-json\/wp\/v2\/formato_nota?post=33895"},{"taxonomy":"programas_tax","embeddable":true,"href":"https:\/\/www.medellin.gov.co\/es\/wp-json\/wp\/v2\/programas_tax?post=33895"}],"curies":[{"name":"wp","href":"https:\/\/api.w.org\/{rel}","templated":true}]}}