{"id":33898,"date":"2020-10-16T00:00:00","date_gmt":"2020-10-16T05:00:00","guid":{"rendered":"https:\/\/www.medellin.gov.co\/es\/saladeprensa\/noticias\/medellin-sera-sede-del-gran-foro-mundial-de-artes-cultura-creatividad-tecnologia-gfacct\/"},"modified":"2022-03-27T22:18:57","modified_gmt":"2022-03-28T03:18:57","slug":"medellin-sera-sede-del-gran-foro-mundial-de-artes-cultura-creatividad-tecnologia-gfacct","status":"publish","type":"post","link":"https:\/\/www.medellin.gov.co\/es\/sala-de-prensa\/noticias\/medellin-sera-sede-del-gran-foro-mundial-de-artes-cultura-creatividad-tecnologia-gfacct\/","title":{"rendered":"Medell\u00edn ser\u00e1 sede del Gran Foro Mundial de Artes, Cultura, Creatividad &#038; Tecnolog\u00eda \u2013GFACCT"},"content":{"rendered":"<div class=\"wrap contenido\">\n<div class=\"noticia\">\n<div class=\"imagen\">\n<div class=\"divContImageNoticia\" style=\"background-image:url('\/irj\/go\/km\/docs\/galerias\/Imagenes\/Galer\u00eda d\u00eda a d\u00eda 2020\/500_400\/20201016-Alcalde Gfacct 1.jpg')\" rel=\"\/irj\/go\/km\/docs\/galerias\/Imagenes\/Galer\u00eda d\u00eda a d\u00eda 2020\/500_400\/20201016-Alcalde Gfacct 1.jpg\"><span style=\"display:none\"\/><\/div>\n<p>Daniel Quintero Calle, alcalde de Medell\u00edn.<\/p>\n<p>Foto Alcald\u00eda de Medell\u00edn<\/p><\/div>\n<p class=\"fecha\"><span>2020-10-16<\/span><\/p>\n<p itemprop=\"name\">Medell\u00edn ser\u00e1 sede del Gran Foro Mundial de Artes, Cultura, Creatividad &#038; Tecnolog\u00eda \u2013GFACCT<\/p>\n<p>Por Nidia Stella Escobar Cruz<\/p>\n<div class=\"cuerpo\">\n<p><p>.: Se realizar&aacute; del 9 al 16 de noviembre con m&aacute;s de 100 expertos de 16 pa&iacute;ses, quienes hablar&aacute;n sobre econom&iacute;a y cultura.<br \/>.: Con esta apuesta, la Administraci&oacute;n Municipal reafirma su compromiso por incentivar y promover la educaci&oacute;n en cultura en el marco de la reactivaci&oacute;n.<br \/>.: El ingreso al evento no tiene costo. Organiza el Ministerio de Cultura, la Alcald&iacute;a de Medell&iacute;n y la Corporaci&oacute;n CoCrea.<\/p>\n<p><strong><a target=\"_blank\" title=\"Palabras del alcalde de Medell&iacute;n, Daniel Quintero Calle\" href=\"\/irj\/go\/km\/docs\/pccdesign\/medellin\/Temas\/Cultura\/Noticias\/Shared Content\/Documentos\/2020\/20201016-Alcalde Gfacct.mp3\" rel=\"noopener\"><span style=\"color: #3366ff;\">|| Audio || Palabras del alcalde de Medell&iacute;n, Daniel Quintero Calle<\/span><\/a><\/strong><\/p>\n<p>Medell&iacute;n ser&aacute; la sede del Gran Foro Mundial de Artes, Cultura, Creatividad &amp; Tecnolog&iacute;a &ndash;GFACCT, un encuentro para promover el desarrollo y fortalecimiento de las industrias culturales del pa&iacute;s en medio de la crisis y el desaf&iacute;o financiero. Plaza Mayor ser&aacute; punto central, donde se realizar&aacute; y se transmitir&aacute; todo el evento.<\/p>\n<p>Esto se suma a la estrategia de la Alcald&iacute;a de Medell&iacute;n para mejorar los mecanismos de planeaci&oacute;n, gesti&oacute;n, participaci&oacute;n e informaci&oacute;n relacionados con las pol&iacute;ticas para el desarrollo cultural.<\/p>\n<p>&ldquo;En el Perpetuo Socorro de forma particular estamos creando un &aacute;rea de desarrollo naranja maravillosa. Una zona que era de bodegas, de talleres, hoy se est&aacute; convirtiendo en una zona de productores, de dise&ntilde;adores. Artistas del mundo entero se est&aacute;n viniendo a Medell&iacute;n, no solo a vivir, sino a producir sus pel&iacute;culas. Es decir que realmente en Medell&iacute;n nosotros vibramos con este tema y creemos en este tema&rdquo;, dijo el alcalde Daniel Quintero Calle.<\/p>\n<p>Durante el encuentro, 100 expertos de talla mundial compartir&aacute;n sus ideas, conocimientos y puntos de vista sobre econom&iacute;a, emprendimiento, desarrollo, tecnolog&iacute;a, creatividad, cultura y artes.<\/p>\n<p>&ldquo;La apuesta del GFACCT es posicionar a Medell&iacute;n y a Colombia como epicentro de las discusiones m&aacute;s importantes en materia de Econom&iacute;a Naranja en el mundo. Nuestro compromiso, desde el Gobierno Nacional, ser&aacute; realizar este certamen anualmente para posicionarlo como el Davos de la cultura&rdquo;, afirm&oacute; el viceministro de la Creatividad y la Econom&iacute;a Naranja, Felipe Buitrago.<\/p>\n<p>Esta, la segunda edici&oacute;n del evento de econom&iacute;a creativa, se desarrollar&aacute; de manera virtual, contar&aacute; con m&aacute;s de 50 paneles y conferencias, tendr&aacute; una rueda de negocios de innovaci&oacute;n en alianza con iNNPulsa, el mercado cultural Circulart y m&aacute;s de veinte espect&aacute;culos art&iacute;sticos simult&aacute;neos a la programaci&oacute;n acad&eacute;mica.<\/p>\n<p>&ldquo;Los artistas de Medell&iacute;n estar&aacute;n presentes con sus mezclas creativas y poderosas y, a trav&eacute;s de diferentes g&eacute;neros, nos brindar&aacute;n una variada representaci&oacute;n de lo que est&aacute; sucediendo hoy en la escena musical de esta ciudad. Siete artistas paisas pisar&aacute;n los escenarios virtuales del GFACCT, una verdadera muestra del talento latino&rdquo;, expres&oacute; la secretaria de Cultura Ciudadana, Lina Mar&iacute;a Gaviria Hurtado.<\/p>\n<p>Entre los invitados est&aacute;n el economista australiano David Throsby, &lsquo;padre de los economistas culturales&rsquo; y autor del libro Econom&iacute;a y Cultura; el empresario finland&eacute;s Peter Vesterbacka, creador y cocreador de diferentes marcas como: HP Bazaar, Mobile Monday, Slush, Startup Sauna, y uno de los cerebros detr&aacute;s del famoso juego Angry Birds; y el abogado brit&aacute;nico Andrew Senior, experto en econom&iacute;a creativa con &eacute;nfasis en la formulaci&oacute;n de pol&iacute;ticas.<\/p>\n<p>Entre los paneles se destaca &lsquo;La convenci&oacute;n Unesco 2005, presente y futuro de la Econom&iacute;a Naranja&rsquo;, en el que el subdirector general de la Unesco, Ernesto Ottone, la ministra de Cultura de Colombia, Carmen In&eacute;s V&aacute;squez y el viceministro de Creatividad y Econom&iacute;a Naranja, Felipe Buitrago, presentar&aacute;n en detalle esa convenci&oacute;n y los avances de Colombia en su aplicaci&oacute;n local.<\/p>\n<p>&ldquo;Invitamos a todos los colombianos y a quienes nos ven desde diferentes pa&iacute;ses, a que nos acompa&ntilde;en en esta edici&oacute;n, que ratifica la apuesta de Colombia por la Econom&iacute;a Naranja como modelo de desarrollo para la transformaci&oacute;n social y econ&oacute;mica desde los territorios&rdquo;, afirm&oacute; la ministra de Cultura, Carmen In&eacute;s V&aacute;squez.<\/p>\n<p>Tambi&eacute;n se realizar&aacute; la segunda Cumbre de Econom&iacute;a Naranja, que contar&aacute; con 22 espacios de agenda multilateral, con entidades como la UNESCO, la Alianza del Pac&iacute;fico, la Conferencia de autoridades audiovisuales y cinematogr&aacute;ficas de Iberoam&eacute;rica (CAACI), la Comunidad Andina, el Mercosur, la Secretar&iacute;a General Iberoam&eacute;rica (SEGIB), la Organizaci&oacute;n de los Estados Americanos (OEA), el Centro Regional para el Fomento del Libro en Am&eacute;rica Latina y el Caribe (CERLALC), el PNUD y la Organizaci&oacute;n de las Naciones Unidas.<\/p>\n<p>En el evento participar&aacute;n ministros de Cultura de Bolivia, Ecuador, Argentina, Jamaica, Uruguay, Per&uacute;, Panam&aacute; y Chile como una manera de fortalecer la agenda de cooperaci&oacute;n entre los pa&iacute;ses de Iberoam&eacute;rica.<\/p>\n<p>El alcalde de Medell&iacute;n, Daniel Quintero, se refiri&oacute; a la importancia de la transformaci&oacute;n como motor de desarrollo ante los nuevos desaf&iacute;os que implica la pandemia para el sector de la cultura. Es precisamente esa transformaci&oacute;n, la base de reactivaci&oacute;n econ&oacute;mica desde la educaci&oacute;n, la innovaci&oacute;n y el emprendimiento asociado a la econom&iacute;a digital, uno de los temas a tratar en charla que tendr&aacute; lugar en la segunda edici&oacute;n del GFACCT, entre Daniel Quintero, Alcalde de Medell&iacute;n y Peter Vesterbacka, creador de Angry Birds.<\/p>\n<p>&ldquo;&Eacute;l hoy est&aacute; dedicado, adem&aacute;s de hacer empresa, a transformar la educaci&oacute;n a pensarse c&oacute;mo hacer que la educaci&oacute;n tambi&eacute;n sea atractiva y si se quiere adictiva para transformar sociedades. Es el creador de grandes empresas, emprendimientos y comunidades&rdquo;, agreg&oacute; el alcalde.<\/p>\n<p>El ingreso es totalmente gratuito. Se requiere inscripci&oacute;n previa a trav&eacute;s de <strong><a target=\"_blank\" title=\"www.gfacct.org\" href=\"https:\/\/www.gfacct.org\/\" rel=\"noopener\"><span style=\"color: #3366ff;\">www.gfacct.org<\/span><\/a><\/strong>.<\/p>\n<p>Los medios de comunicaci&oacute;n tendr&aacute;n un espacio en la p&aacute;gina del GFACCT, donde podr&aacute;n acceder a material exclusivo. Deber&aacute;n registrarse en el siguiente enlace: <strong><a target=\"_blank\" title=\"https:\/\/www.gfacct.org\/registro-prensa\/\" href=\"https:\/\/www.gfacct.org\/registro-prensa\/\" rel=\"noopener\"><span style=\"color: #3366ff;\">https:\/\/www.gfacct.org\/registro-prensa\/<\/span><\/a><\/strong>.<\/p>\n<\/p>\n<p><span style=\"display:none\"\/><\/div>\n<div class=\"compartir\">Compartir en: <a title=\"\" href=\"http:\/\/www.facebook.com\/share.php?u=\" class=\"btCompartirFacebook btCompartir\" target=\"_blank\" rel=\"noopener\"><a title=\"\" href=\"http:\/\/twitter.com\/home?status=Haz%20clic%20para%20ver%20esta%20noticia%20en%20\" class=\"btCompartirTwitter btCompartir\"\/><a title=\"\" href=\"whatsapp:\/\/send?text=Haz%20clic%20para%20ver%20esta%20noticia%20en%20\" class=\"btCompartirWa btCompartir\"\/><\/div>\n<\/div>\n<p><script>try{comprobarImagen();fixBtnRedes();hitsMedellin();}catch(e){}<\/script><\/div>\n","protected":false},"excerpt":{"rendered":"<p>Daniel Quintero Calle, alcalde de Medell\u00edn. Foto Alcald\u00eda de Medell\u00edn 2020-10-16 Medell\u00edn ser\u00e1 sede del Gran Foro Mundial de Artes, Cultura, Creatividad &#038; Tecnolog\u00eda \u2013GFACCT Por Nidia Stella Escobar Cruz .: Se realizar&aacute; del 9 &#8230;<\/p>\n","protected":false},"author":1,"featured_media":57686,"comment_status":"open","ping_status":"open","sticky":false,"template":"","format":"standard","meta":[],"categories":[31,19],"tags":[444,453],"formato_nota":[],"programas_tax":[],"acf":[],"_links":{"self":[{"href":"https:\/\/www.medellin.gov.co\/es\/wp-json\/wp\/v2\/posts\/33898"}],"collection":[{"href":"https:\/\/www.medellin.gov.co\/es\/wp-json\/wp\/v2\/posts"}],"about":[{"href":"https:\/\/www.medellin.gov.co\/es\/wp-json\/wp\/v2\/types\/post"}],"author":[{"embeddable":true,"href":"https:\/\/www.medellin.gov.co\/es\/wp-json\/wp\/v2\/users\/1"}],"replies":[{"embeddable":true,"href":"https:\/\/www.medellin.gov.co\/es\/wp-json\/wp\/v2\/comments?post=33898"}],"version-history":[{"count":1,"href":"https:\/\/www.medellin.gov.co\/es\/wp-json\/wp\/v2\/posts\/33898\/revisions"}],"predecessor-version":[{"id":36925,"href":"https:\/\/www.medellin.gov.co\/es\/wp-json\/wp\/v2\/posts\/33898\/revisions\/36925"}],"wp:featuredmedia":[{"embeddable":true,"href":"https:\/\/www.medellin.gov.co\/es\/wp-json\/wp\/v2\/media\/57686"}],"wp:attachment":[{"href":"https:\/\/www.medellin.gov.co\/es\/wp-json\/wp\/v2\/media?parent=33898"}],"wp:term":[{"taxonomy":"category","embeddable":true,"href":"https:\/\/www.medellin.gov.co\/es\/wp-json\/wp\/v2\/categories?post=33898"},{"taxonomy":"post_tag","embeddable":true,"href":"https:\/\/www.medellin.gov.co\/es\/wp-json\/wp\/v2\/tags?post=33898"},{"taxonomy":"formato_nota","embeddable":true,"href":"https:\/\/www.medellin.gov.co\/es\/wp-json\/wp\/v2\/formato_nota?post=33898"},{"taxonomy":"programas_tax","embeddable":true,"href":"https:\/\/www.medellin.gov.co\/es\/wp-json\/wp\/v2\/programas_tax?post=33898"}],"curies":[{"name":"wp","href":"https:\/\/api.w.org\/{rel}","templated":true}]}}