{"id":34051,"date":"2020-09-04T00:00:00","date_gmt":"2020-09-04T05:00:00","guid":{"rendered":"https:\/\/www.medellin.gov.co\/es\/saladeprensa\/noticias\/62-000-empleos-se-reactivaron-en-la-primera-semana-de-apertura-economica-de-medellin\/"},"modified":"2022-03-27T22:21:46","modified_gmt":"2022-03-28T03:21:46","slug":"62-000-empleos-se-reactivaron-en-la-primera-semana-de-apertura-economica-de-medellin","status":"publish","type":"post","link":"https:\/\/www.medellin.gov.co\/es\/sala-de-prensa\/noticias\/62-000-empleos-se-reactivaron-en-la-primera-semana-de-apertura-economica-de-medellin\/","title":{"rendered":"62.000 empleos se reactivaron en la primera semana de apertura econ\u00f3mica de Medell\u00edn"},"content":{"rendered":"<div class=\"wrap contenido\">\n<div class=\"noticia\">\n<div class=\"imagen\">\n<div class=\"divContImageNoticia\" style=\"background-image:url('\/irj\/go\/km\/docs\/galerias\/Imagenes\/Galer\u00eda d\u00eda a d\u00eda 2020\/500_400\/20200904-Reactivacion-Economica.jpg')\" rel=\"\/irj\/go\/km\/docs\/galerias\/Imagenes\/Galer\u00eda d\u00eda a d\u00eda 2020\/500_400\/20200904-Reactivacion-Economica.jpg\"><span style=\"display:none\"\/><\/div>\n<p>Primera semana de apertura econ\u00f3mica de Medell\u00edn.<\/p>\n<p>Foto Alcald\u00eda de Medell\u00edn<\/p><\/div>\n<p class=\"fecha\"><span>2020-09-04<\/span><\/p>\n<p itemprop=\"name\">62.000 empleos se reactivaron en la primera semana de apertura econ\u00f3mica de Medell\u00edn<\/p>\n<p>Por Jefatura de prensa<\/p>\n<div class=\"cuerpo\">\n<p><p>.: La Administraci&oacute;n Municipal suspender&aacute; el toque de queda este fin de semana, ante el buen comportamiento ciudadano y las cifras positivas en t&eacute;rminos de econom&iacute;a y salud.<br \/>.: 75 % de los comerciantes expresaron que tienen expectativas favorables en las semanas venideras.<br \/>.: La Secretar&iacute;a de Salud ha realizado 1.746 visitas de inspecci&oacute;n, vigilancia y control sanitario.<br \/>.: La reactivaci&oacute;n continuar&aacute; la pr&oacute;xima semana con la apertura de escenarios deportivos y nuevos sectores econ&oacute;micos.<\/p>\n<p><strong><a href=\"\/irj\/go\/km\/docs\/\/galerias\/Audios\/Audios d&iacute;a a d&iacute;a 2020\/20200904-Reactivacion-Economica_01.mp3\" title=\"|| Audio || Palabras de Esteban Restrepo, secretario de Gobierno\" target=\"_blank\" rel=\"noopener\"><span style=\"color: #3366ff;\">|| Audio || Palabras de Esteban Restrepo, secretario de Gobierno<\/span><\/a><\/strong><\/p>\n<p>La Alcald&iacute;a de Medell&iacute;n realiz&oacute; un balance de la primera semana de reactivaci&oacute;n econ&oacute;mica y revel&oacute; las nuevas medidas que se tomar&aacute;n para recuperar el tejido empresarial mientras se mitiga la propagaci&oacute;n del coronavirus.<\/p>\n<p>Como apoyo al sector comercial, no habr&aacute; toque de queda este fin de semana. Las actividades autorizadas podr&aacute;n operar en los horarios que reg&iacute;an antes de la pandemia, bajo el Decreto 889 de 2014.<\/p>\n<p>La Administraci&oacute;n Municipal busca una reapertura sostenida para retornar gradualmente a la nueva normalidad, por lo cual no ha hecho ninguna solicitud al Ministerio del Interior para restricciones o cierres adicionales.<\/p>\n<p>&ldquo;A los sectores que est&aacute;n abriendo desde la semana pasada, los restaurantes y los gimnasios, les enviamos mucha fuerza, les deseamos muchos &eacute;xitos, entendemos que la gente est&aacute; saliendo gradualmente y si bien no tenemos los aforos que ten&iacute;amos antes de la pandemia, a ustedes les quiero decir que todo va a estar bien y que seguimos trabajando decididamente por una reactivaci&oacute;n segura&rdquo;, expres&oacute; el secretario de Gobierno, Esteban Restrepo.<\/p>\n<p>Con base en lo anterior se emiti&oacute; el Decreto 0838 de 2020, que contempla varias medidas. La primera es la inscripci&oacute;n y actualizaci&oacute;n de los protocolos de bioseguridad en la plataforma Medell&iacute;n Me Cuida Empresas, seg&uacute;n lo dispone el Gobierno Nacional.<\/p>\n<p>Los establecimientos comerciales deben exigir a los ciudadanos el uso obligatorio de tapabocas, tomar la temperatura y todas las medidas adicionales de bioseguridad para el desarrollo de su actividad econ&oacute;mica.<\/p>\n<p>La Alcald&iacute;a de Medell&iacute;n autoriz&oacute; aumentar del 35 % al 50 % la capacidad de la ocupaci&oacute;n del transporte masivo de personas.<\/p>\n<p>Se mantiene como medida preventiva el aislamiento obligatorio de 15 d&iacute;as para las personas que lleguen de otros departamentos, &uacute;nicamente si se trata de casos sospechosos, casos probables o confirmados.<\/p>\n<p>La Secretar&iacute;a de Desarrollo Econ&oacute;mico destac&oacute; la apertura de m&aacute;s de 6.000 restaurantes y 170 gimnasios, lo que reactiv&oacute; m&aacute;s de 62.000 empleos.<\/p>\n<p>Seg&uacute;n una encuesta de Fenalco Antioquia, 75 % de los comerciantes tienen expectativas favorables para las siguientes semanas, 17 % cree que todo seguir&aacute; igual y 8 % no est&aacute; optimista. Adem&aacute;s, el 70 % de los negocios afirmaron que tuvieron un flujo de ventas mejor o igual que el de las semanas anteriores.<\/p>\n<p>Seg&uacute;n el Decreto 1168 de 2020 se avanzar&aacute; con la reactivaci&oacute;n de otros negocios como casinos y moteles.<\/p>\n<p>&ldquo;Este proceso de reapertura es, tambi&eacute;n, un ejercicio de confianza. Les estamos dando a los empresarios todas las herramientas para que puedan operar, recuperar sus ingresos y reactivar sus empleos. Ahora los protagonistas son los ciudadanos, que deben continuar con su comportamiento ejemplar para juntos recuperemos el tejido empresarial de la ciudad&rdquo;, agreg&oacute; el secretario de Desarrollo Econ&oacute;mico, Alejandro Arias Garc&iacute;a.<\/p>\n<p>La Secretar&iacute;a de Salud ha adelantado 1.746 visitas de inspecci&oacute;n, vigilancia y control en sectores y establecimientos. Esta semana, 141 restaurantes y gimnasios lograron una calificaci&oacute;n favorable condicionada, ocho favorable y 16 desfavorable, para un total de 165 visitas.<\/p>\n<p>\u00abLos centros comerciales y gimnasios han asumido con mucha responsabilidad la reapertura, implementando de manera ejemplar los protocolos de bioseguridad y contando con muy buenas condiciones sanitarias\u00bb, afirm&oacute; la secretaria de Salud, Andree Uribe Montoya.<\/p>\n<p>Cinco gimnasios p&uacute;blicos, administrados por el INDER y denominados Centros de Promoci&oacute;n de la Salud, abrieron sus puertas. Est&aacute;n ubicados en Castilla, La Cruz, UVA Sol de Oriente, UVA El Para&iacute;so y la Unidad Deportiva Atanasio Girardot y atienden un promedio de 2.170 personas a la semana.<\/p>\n<p>La apertura de escenarios deportivos contin&uacute;a el pr&oacute;ximo lunes. Las ciclov&iacute;as prestar&aacute;n servicio desde el martes 8 de septiembre.<\/p>\n<p>La Administraci&oacute;n Municipal reitera la importancia de implementar todas las medidas de bioseguridad, distanciamiento social y autocuidado en esta nueva etapa para garantizar una reapertura sostenida en la ciudad.<\/p>\n<\/p>\n<p><span style=\"display:none\"\/><\/div>\n<div class=\"compartir\">Compartir en: <a title=\"\" href=\"http:\/\/www.facebook.com\/share.php?u=\" class=\"btCompartirFacebook btCompartir\" target=\"_blank\" rel=\"noopener\"><a title=\"\" href=\"http:\/\/twitter.com\/home?status=Haz%20clic%20para%20ver%20esta%20noticia%20en%20\" class=\"btCompartirTwitter btCompartir\"\/><a title=\"\" href=\"whatsapp:\/\/send?text=Haz%20clic%20para%20ver%20esta%20noticia%20en%20\" class=\"btCompartirWa btCompartir\"\/><\/div>\n<\/div>\n<p><script>try{comprobarImagen();fixBtnRedes();hitsMedellin();}catch(e){}<\/script><\/div>\n","protected":false},"excerpt":{"rendered":"<p>Primera semana de apertura econ\u00f3mica de Medell\u00edn. Foto Alcald\u00eda de Medell\u00edn 2020-09-04 62.000 empleos se reactivaron en la primera semana de apertura econ\u00f3mica de Medell\u00edn Por Jefatura de prensa .: La Administraci&oacute;n Municipal suspender&aacute; el &#8230;<\/p>\n","protected":false},"author":1,"featured_media":57822,"comment_status":"open","ping_status":"open","sticky":false,"template":"","format":"standard","meta":[],"categories":[293,3],"tags":[433,453,455],"formato_nota":[],"programas_tax":[],"acf":[],"_links":{"self":[{"href":"https:\/\/www.medellin.gov.co\/es\/wp-json\/wp\/v2\/posts\/34051"}],"collection":[{"href":"https:\/\/www.medellin.gov.co\/es\/wp-json\/wp\/v2\/posts"}],"about":[{"href":"https:\/\/www.medellin.gov.co\/es\/wp-json\/wp\/v2\/types\/post"}],"author":[{"embeddable":true,"href":"https:\/\/www.medellin.gov.co\/es\/wp-json\/wp\/v2\/users\/1"}],"replies":[{"embeddable":true,"href":"https:\/\/www.medellin.gov.co\/es\/wp-json\/wp\/v2\/comments?post=34051"}],"version-history":[{"count":1,"href":"https:\/\/www.medellin.gov.co\/es\/wp-json\/wp\/v2\/posts\/34051\/revisions"}],"predecessor-version":[{"id":37078,"href":"https:\/\/www.medellin.gov.co\/es\/wp-json\/wp\/v2\/posts\/34051\/revisions\/37078"}],"wp:featuredmedia":[{"embeddable":true,"href":"https:\/\/www.medellin.gov.co\/es\/wp-json\/wp\/v2\/media\/57822"}],"wp:attachment":[{"href":"https:\/\/www.medellin.gov.co\/es\/wp-json\/wp\/v2\/media?parent=34051"}],"wp:term":[{"taxonomy":"category","embeddable":true,"href":"https:\/\/www.medellin.gov.co\/es\/wp-json\/wp\/v2\/categories?post=34051"},{"taxonomy":"post_tag","embeddable":true,"href":"https:\/\/www.medellin.gov.co\/es\/wp-json\/wp\/v2\/tags?post=34051"},{"taxonomy":"formato_nota","embeddable":true,"href":"https:\/\/www.medellin.gov.co\/es\/wp-json\/wp\/v2\/formato_nota?post=34051"},{"taxonomy":"programas_tax","embeddable":true,"href":"https:\/\/www.medellin.gov.co\/es\/wp-json\/wp\/v2\/programas_tax?post=34051"}],"curies":[{"name":"wp","href":"https:\/\/api.w.org\/{rel}","templated":true}]}}