{"id":34128,"date":"2020-02-11T00:00:00","date_gmt":"2020-02-11T05:00:00","guid":{"rendered":"https:\/\/www.medellin.gov.co\/es\/saladeprensa\/noticias\/gloria-sanchez-una-vida-dedicada-a-salvar-la-vida-de-las-mujeres\/"},"modified":"2022-03-27T22:22:59","modified_gmt":"2022-03-28T03:22:59","slug":"gloria-sanchez-una-vida-dedicada-a-salvar-la-vida-de-las-mujeres","status":"publish","type":"post","link":"https:\/\/www.medellin.gov.co\/es\/sala-de-prensa\/noticias\/gloria-sanchez-una-vida-dedicada-a-salvar-la-vida-de-las-mujeres\/","title":{"rendered":"Gloria S\u00e1nchez, una vida dedicada a salvar la vida de las mujeres"},"content":{"rendered":"<div class=\"wrap contenido\">\n<div class=\"noticia\">\n<div class=\"imagen\">\n<div class=\"divContImageNoticia\" style=\"background-image:url('\/irj\/go\/km\/docs\/galerias\/Imagenes\/Galer\u00eda d\u00eda a d\u00eda 2020\/500_400\/20200211_Mujeres1.jpg')\" rel=\"\/irj\/go\/km\/docs\/galerias\/Imagenes\/Galer\u00eda d\u00eda a d\u00eda 2020\/500_400\/20200211_Mujeres1.jpg\"><span style=\"display:none\"\/><\/div>\n<p>Gloria S\u00e1nchez fund\u00f3 el Grupo de Infecci\u00f3n y C\u00e1ncer de la UdeA. Adem\u00e1s hace parte del llamado \u201cdream team\u201d contra el c\u00e1ncer cervical.<\/p>\n<p>Foto Secretar\u00eda de Mujeres<\/p><\/div>\n<p class=\"fecha\"><span>2020-02-11<\/span><\/p>\n<p itemprop=\"name\">Gloria S\u00e1nchez, una vida dedicada a salvar la vida de las mujeres<\/p>\n<p>Por Secretar\u00eda de las Mujeres<\/p>\n<div class=\"cuerpo\">\n<p><p>Esta doctora cale&ntilde;a de coraz&oacute;n paisa, es bacteri&oacute;loga con doctorado en Microbiolog&iacute;a Molecular y postdoctorado en epidemiologia y prevenci&oacute;n del c&aacute;ncer, lleva 20 a&ntilde;os en Medell&iacute;n y asegura que aqu&iacute; ha podido desarrollar su carrera cient&iacute;fica como siempre lo so&ntilde;&oacute;. Ella es una de las tres latinoamericanas incluidas en el llamado &lsquo;dream team&rsquo; contra el c&aacute;ncer cervical, una oportunidad que seg&uacute;n explica &ldquo;es un gran compromiso con la sociedad y significa compartir una estrategia en com&uacute;n avalada por muchas instituciones alrededor del mundo&rdquo;.&nbsp;<\/p>\n<p>Conversamos con Gloria S&aacute;nchez para conocer m&aacute;s sobre su cruzada contra el VPH (virus del papiloma humano), el panorama actual de las mujeres en la ciencia y c&oacute;mo se imagina a una &lsquo;Medell&iacute;n Futuro&rsquo; desde la ciencia.&nbsp;<\/p>\n<p><strong>-&iquest;Se est&aacute; avanzando en prevenci&oacute;n y detecci&oacute;n temprana del VPH?<\/strong>&nbsp;<\/p>\n<p>Gloria S&aacute;nchez: s&iacute; se ha avanzado mucho y es el &uacute;nico c&aacute;ncer en el que contamos con las herramientas para eliminarlo. Falta que la sociedad se apropie de este conocimiento, especialmente los tomadores de decisiones para que estos avances le lleguen a las mujeres que m&aacute;s lo necesitan. En Antioquia a&uacute;n mueren 200 mujeres por este c&aacute;ncer cada a&ntilde;o y el 95% de ella provienen de regiones remotas.&nbsp;&nbsp;<\/p>\n<p><strong>-&iquest;Qu&eacute; la motiv&oacute; a investigar el VPH?<\/strong>&nbsp;<\/p>\n<p>GS: cuando llegu&eacute; a Hopkins (Universidad Johns Hopkins, Baltimore), el profesor hind&uacute;, Kertii Shah me cont&oacute; que Colombia era uno de los pa&iacute;ses del mundo con m&aacute;s c&aacute;ncer cervical. Luego, la profesora de virolog&iacute;a Phoebe Mounts, nos present&oacute; la evidencia que indicaba que era la estructura molecular de dos genes del virus lo que explicaba porque si hab&iacute;a tanta gente infectada en el mundo con el VPH, solo menos del 1% de las personas infectadas les daba este c&aacute;ncer. Esa curiosidad me llev&oacute; a contactar a Nubia Mu&ntilde;oz, una colombiana con liderazgo mundial en el tema.<\/p>\n<p><strong>-Mucho se habla de lo que la ciencia le ha dado las mujeres, pero &iquest;Qu&eacute; le ha dado a la ciencia?&nbsp;<\/strong><\/p>\n<p>GS: uno de los estudios m&aacute;s importantes est&aacute; publicado junto con casi 30 autores en Lancet Oncology. En este estudio, definimos cu&aacute;l fue el comportamiento del VPH desde 1950 hasta el 2000 en 10.000 tumores de c&aacute;ncer de c&eacute;rvix recogidos de muchos pa&iacute;ses de todo el mundo. Fue fundamental para entender que la distribuci&oacute;n del virus era muy estable y que si introduc&iacute;amos las vacunas que eliminaban el VPH 16 y 18 ten&iacute;amos una certeza buena de que eliminar&iacute;amos el 70% del c&aacute;ncer de la faz de la tierra. Esto ayud&oacute; a la OMS a fijarse la meta de eliminarlo. Adem&aacute;s, he trabajado por visibilizar y resolver la problem&aacute;tica del c&aacute;ncer cervical en Antioquia y transmitir a las nuevas generaciones la importancia de que se avance en investigaci&oacute;n para la prevenci&oacute;n de &eacute;ste y del c&aacute;ncer de seno.&nbsp;&nbsp;<\/p>\n<p><strong>&iquest;Qu&eacute; an&aacute;lisis hace de la participaci&oacute;n de las mujeres colombianas en la ciencia?<\/strong><\/p>\n<p>GS: en Colombia las brechas de participaci&oacute;n de las mujeres en la ciencia han ido disminuyendo pero estas son profundas a nivel de liderazgo. Por ejemplo, de los 2378 Colombianos en la categor&iacute;a senior, la m&aacute;s alta categor&iacute;a de COLCIENCIAS del desempe&ntilde;o cient&iacute;fico, solo 701, o sea solo el 30% son mujeres.<\/p>\n<p><strong>-&iquest;C&oacute;mo se imagina una &lsquo;Medell&iacute;n Futuro&rsquo; desde la ciencia?<\/strong><\/p>\n<p>GS: Medell&iacute;n necesita los institutos y parques tecnol&oacute;gicos e incubadoras de ideas ojal&aacute; en muchas disciplinas cient&iacute;ficas para que se genere un verdadero nicho cient&iacute;fico. Hoy en d&iacute;a el ciclo de formaci&oacute;n de la carrera de los cient&iacute;ficos est&aacute; cerrado porque no hay vinculaci&oacute;n ni oportunidad para la gran cantidad de doctores y doctoras que hemos graduado, muchos de estos son cerebros fugados aportando ideas para otros pa&iacute;ses. Es necesario que la sociedad entienda que lo m&aacute;s preciado que tiene es el recurso humano bien formado.<\/p>\n<\/p>\n<p><span style=\"display:none\"\/><\/div>\n<div class=\"compartir\">Compartir en: <a title=\"\" href=\"http:\/\/www.facebook.com\/share.php?u=\" class=\"btCompartirFacebook btCompartir\" target=\"_blank\" rel=\"noopener\"><a title=\"\" href=\"http:\/\/twitter.com\/home?status=Haz%20clic%20para%20ver%20esta%20noticia%20en%20\" class=\"btCompartirTwitter btCompartir\"\/><a title=\"\" href=\"whatsapp:\/\/send?text=Haz%20clic%20para%20ver%20esta%20noticia%20en%20\" class=\"btCompartirWa btCompartir\"\/><\/div>\n<\/div>\n<p><script>try{comprobarImagen();fixBtnRedes();hitsMedellin();}catch(e){}<\/script><\/div>\n","protected":false},"excerpt":{"rendered":"<p>Gloria S\u00e1nchez fund\u00f3 el Grupo de Infecci\u00f3n y C\u00e1ncer de la UdeA. Adem\u00e1s hace parte del llamado \u201cdream team\u201d contra el c\u00e1ncer cervical. Foto Secretar\u00eda de Mujeres 2020-02-11 Gloria S\u00e1nchez, una vida dedicada a salvar &#8230;<\/p>\n","protected":false},"author":1,"featured_media":57894,"comment_status":"open","ping_status":"open","sticky":false,"template":"","format":"standard","meta":[],"categories":[15,18],"tags":[451,435],"formato_nota":[],"programas_tax":[],"acf":[],"_links":{"self":[{"href":"https:\/\/www.medellin.gov.co\/es\/wp-json\/wp\/v2\/posts\/34128"}],"collection":[{"href":"https:\/\/www.medellin.gov.co\/es\/wp-json\/wp\/v2\/posts"}],"about":[{"href":"https:\/\/www.medellin.gov.co\/es\/wp-json\/wp\/v2\/types\/post"}],"author":[{"embeddable":true,"href":"https:\/\/www.medellin.gov.co\/es\/wp-json\/wp\/v2\/users\/1"}],"replies":[{"embeddable":true,"href":"https:\/\/www.medellin.gov.co\/es\/wp-json\/wp\/v2\/comments?post=34128"}],"version-history":[{"count":1,"href":"https:\/\/www.medellin.gov.co\/es\/wp-json\/wp\/v2\/posts\/34128\/revisions"}],"predecessor-version":[{"id":37155,"href":"https:\/\/www.medellin.gov.co\/es\/wp-json\/wp\/v2\/posts\/34128\/revisions\/37155"}],"wp:featuredmedia":[{"embeddable":true,"href":"https:\/\/www.medellin.gov.co\/es\/wp-json\/wp\/v2\/media\/57894"}],"wp:attachment":[{"href":"https:\/\/www.medellin.gov.co\/es\/wp-json\/wp\/v2\/media?parent=34128"}],"wp:term":[{"taxonomy":"category","embeddable":true,"href":"https:\/\/www.medellin.gov.co\/es\/wp-json\/wp\/v2\/categories?post=34128"},{"taxonomy":"post_tag","embeddable":true,"href":"https:\/\/www.medellin.gov.co\/es\/wp-json\/wp\/v2\/tags?post=34128"},{"taxonomy":"formato_nota","embeddable":true,"href":"https:\/\/www.medellin.gov.co\/es\/wp-json\/wp\/v2\/formato_nota?post=34128"},{"taxonomy":"programas_tax","embeddable":true,"href":"https:\/\/www.medellin.gov.co\/es\/wp-json\/wp\/v2\/programas_tax?post=34128"}],"curies":[{"name":"wp","href":"https:\/\/api.w.org\/{rel}","templated":true}]}}