{"id":341283,"date":"2024-09-10T21:27:02","date_gmt":"2024-09-11T02:27:02","guid":{"rendered":"https:\/\/www.medellin.gov.co\/es\/?p=341283"},"modified":"2024-09-10T22:02:02","modified_gmt":"2024-09-11T03:02:02","slug":"yo-soy-muy-feliz-de-ver-esta-fiesta-del-libro-tan-grande-velia-vidal","status":"publish","type":"post","link":"https:\/\/www.medellin.gov.co\/es\/sala-de-prensa\/noticias\/yo-soy-muy-feliz-de-ver-esta-fiesta-del-libro-tan-grande-velia-vidal\/","title":{"rendered":"\u00abYo soy muy feliz de ver esta Fiesta del Libro tan grande\u00bb: Velia Vidal"},"content":{"rendered":"<blockquote><p><em>Escritora, gestora cultural, promotora de lectura y <a href=\"https:\/\/www.udea.edu.co\/wps\/portal\/udea\/web\/inicio\/unidades-academicas\/comunicaciones\/estudiar-facultad\/pregrados\/periodismo\" target=\"_blank\" rel=\"noopener\">Comunicadora Social \u2013 periodista egresada de la Universidad de Antioquia<\/a>, <a href=\"https:\/\/es.wikipedia.org\/wiki\/Velia_Vidal_Romero\" target=\"_blank\" rel=\"noopener\">Velia Vidal Romero<\/a>, oriunda de <a href=\"https:\/\/bahiasolano.com.co\/\" target=\"_blank\" rel=\"noopener\">Bah\u00eda Solano (Choc\u00f3)<\/a> y exfuncionaria de la <a href=\"https:\/\/www.medellin.gov.co\/\" target=\"_blank\" rel=\"noopener\">Alcald\u00eda de Medell\u00edn<\/a>, fue resaltada por la <a href=\"https:\/\/www.bbc.com\/mundo\/noticias-america-latina-63843151\" target=\"_blank\" rel=\"noopener\">BBC, en 2022, como una de las 100 mujeres m\u00e1s influyentes e inspiradoras del mundo<\/a>. Es una de las invitadas especiales de la <a href=\"https:\/\/fiestadellibroylacultura.com\/\" target=\"_blank\" rel=\"noopener\">18 Fiesta del Libro y la Cultura de Medell\u00edn,<\/a> que se desarrolla por estos d\u00edas en el <a href=\"https:\/\/www.botanicomedellin.org\/\" target=\"_blank\" rel=\"noopener\">Jard\u00edn Bot\u00e1nico<\/a>.<\/em><strong>\u00a0<\/strong><\/p><\/blockquote>\n\n\t\t<style type=\"text\/css\">\n\t\t\t#gallery-1 {\n\t\t\t\tmargin: auto;\n\t\t\t}\n\t\t\t#gallery-1 .gallery-item {\n\t\t\t\tfloat: left;\n\t\t\t\tmargin-top: 10px;\n\t\t\t\ttext-align: center;\n\t\t\t\twidth: 50%;\n\t\t\t}\n\t\t\t#gallery-1 img {\n\t\t\t\tborder: 2px solid #cfcfcf;\n\t\t\t}\n\t\t\t#gallery-1 .gallery-caption {\n\t\t\t\tmargin-left: 0;\n\t\t\t}\n\t\t\t\/* see gallery_shortcode() in wp-includes\/media.php *\/\n\t\t<\/style>\n\t\t<div id='gallery-1' class='gallery galleryid-341283 gallery-columns-2 gallery-size-large'><dl class='gallery-item'>\n\t\t\t<dt class='gallery-icon landscape'>\n\t\t\t\t<a href='https:\/\/www.medellin.gov.co\/es\/sala-de-prensa\/noticias\/yo-soy-muy-feliz-de-ver-esta-fiesta-del-libro-tan-grande-velia-vidal\/velia_vidal-2\/'><img width=\"1024\" height=\"768\" src=\"https:\/\/www.medellin.gov.co\/es\/wp-content\/uploads\/2024\/09\/Velia_Vidal-2-1024x768.jpg\" class=\"attachment-large size-large\" alt=\"Velia Vidal Romero\" loading=\"lazy\" aria-describedby=\"gallery-1-341289\" srcset=\"https:\/\/www.medellin.gov.co\/es\/wp-content\/uploads\/2024\/09\/Velia_Vidal-2-1024x768.jpg 1024w, https:\/\/www.medellin.gov.co\/es\/wp-content\/uploads\/2024\/09\/Velia_Vidal-2-300x225.jpg 300w, https:\/\/www.medellin.gov.co\/es\/wp-content\/uploads\/2024\/09\/Velia_Vidal-2-150x113.jpg 150w, https:\/\/www.medellin.gov.co\/es\/wp-content\/uploads\/2024\/09\/Velia_Vidal-2-768x576.jpg 768w, https:\/\/www.medellin.gov.co\/es\/wp-content\/uploads\/2024\/09\/Velia_Vidal-2.jpg 1137w\" sizes=\"(max-width: 1024px) 100vw, 1024px\" \/><\/a>\n\t\t\t<\/dt>\n\t\t\t\t<dd class='wp-caption-text gallery-caption' id='gallery-1-341289'>\n\t\t\t\tVelia Vidal Romero\n\t\t\t\t<\/dd><\/dl><dl class='gallery-item'>\n\t\t\t<dt class='gallery-icon landscape'>\n\t\t\t\t<a href='https:\/\/www.medellin.gov.co\/es\/sala-de-prensa\/noticias\/yo-soy-muy-feliz-de-ver-esta-fiesta-del-libro-tan-grande-velia-vidal\/foto-principal-2-3\/'><img width=\"1024\" height=\"768\" src=\"https:\/\/www.medellin.gov.co\/es\/wp-content\/uploads\/2024\/09\/Foto-principal-2-1-1024x768.jpg\" class=\"attachment-large size-large\" alt=\"\" loading=\"lazy\" aria-describedby=\"gallery-1-341286\" srcset=\"https:\/\/www.medellin.gov.co\/es\/wp-content\/uploads\/2024\/09\/Foto-principal-2-1-1024x768.jpg 1024w, https:\/\/www.medellin.gov.co\/es\/wp-content\/uploads\/2024\/09\/Foto-principal-2-1-300x225.jpg 300w, https:\/\/www.medellin.gov.co\/es\/wp-content\/uploads\/2024\/09\/Foto-principal-2-1-150x113.jpg 150w, https:\/\/www.medellin.gov.co\/es\/wp-content\/uploads\/2024\/09\/Foto-principal-2-1-768x576.jpg 768w, https:\/\/www.medellin.gov.co\/es\/wp-content\/uploads\/2024\/09\/Foto-principal-2-1.jpg 1137w\" sizes=\"(max-width: 1024px) 100vw, 1024px\" \/><\/a>\n\t\t\t<\/dt>\n\t\t\t\t<dd class='wp-caption-text gallery-caption' id='gallery-1-341286'>\n\t\t\t\tVelia Vidal Romero\n\t\t\t\t<\/dd><\/dl><br style=\"clear: both\" \/>\n\t\t<\/div>\n\n<p><strong>Otra vez est\u00e1 en <a href=\"https:\/\/www.medellin.gov.co\/es\/conoce-algunos-datos-generales-de-la-ciudad\/\" target=\"_blank\" rel=\"noopener\">Medell\u00edn<\/a>. \u00bfQu\u00e9 significa para usted esta ciudad?<\/strong><\/p>\n<p>\u201c<a href=\"https:\/\/www.medellin.gov.co\/es\/conoce-algunos-datos-generales-de-la-ciudad\/\" target=\"_blank\" rel=\"noopener\">Medell\u00edn<\/a> es mi casa, realmente. Si yo tuviera que elegir una ciudad, digamos, grande del pa\u00eds, por fuera del <a href=\"https:\/\/colombia.travel\/es\/choco\" target=\"_blank\" rel=\"noopener\">Choc\u00f3<\/a>, definitivamente ser\u00eda <a href=\"https:\/\/www.medellin.gov.co\/es\/conoce-algunos-datos-generales-de-la-ciudad\/\" target=\"_blank\" rel=\"noopener\">Medell\u00edn<\/a>. Aunque debo decir que quiero mucho a <a href=\"https:\/\/colombia.travel\/es\/cali\" target=\"_blank\" rel=\"noopener\">Cali<\/a> tambi\u00e9n, donde viv\u00ed. Pero <a href=\"https:\/\/www.medellin.gov.co\/es\/conoce-algunos-datos-generales-de-la-ciudad\/\" target=\"_blank\" rel=\"noopener\">Medell\u00edn<\/a> ha sido mi hogar, fue mi hogar durante 15 a\u00f1os permanentemente. Y ahora cada vez que estoy aqu\u00ed vivo un reencuentro con la ciudad, un redescubrimiento\u201d.<\/p>\n<div id=\"attachment_341346\" style=\"width: 1034px\" class=\"wp-caption alignnone\"><a href=\"https:\/\/www.medellin.gov.co\/es\/wp-content\/uploads\/2024\/09\/Velia_Vidal-19_Motete.jpg\" target=\"_blank\" rel=\"noopener\"><img aria-describedby=\"caption-attachment-341346\" loading=\"lazy\" class=\"wp-image-341346 size-large\" src=\"https:\/\/www.medellin.gov.co\/es\/wp-content\/uploads\/2024\/09\/Velia_Vidal-19_Motete-1024x680.jpg\" alt=\"Velia Vidal Romero\" width=\"1024\" height=\"680\" srcset=\"https:\/\/www.medellin.gov.co\/es\/wp-content\/uploads\/2024\/09\/Velia_Vidal-19_Motete-1024x680.jpg 1024w, https:\/\/www.medellin.gov.co\/es\/wp-content\/uploads\/2024\/09\/Velia_Vidal-19_Motete-300x199.jpg 300w, https:\/\/www.medellin.gov.co\/es\/wp-content\/uploads\/2024\/09\/Velia_Vidal-19_Motete-150x100.jpg 150w, https:\/\/www.medellin.gov.co\/es\/wp-content\/uploads\/2024\/09\/Velia_Vidal-19_Motete-768x510.jpg 768w, https:\/\/www.medellin.gov.co\/es\/wp-content\/uploads\/2024\/09\/Velia_Vidal-19_Motete.jpg 1280w\" sizes=\"(max-width: 1024px) 100vw, 1024px\" \/><\/a><p id=\"caption-attachment-341346\" class=\"wp-caption-text\">Velia Vidal Romero<\/p><\/div>\n<p><strong>Trabaj\u00f3 en la <a href=\"https:\/\/www.medellin.gov.co\/\" target=\"_blank\" rel=\"noopener\">Alcald\u00eda de Medell\u00edn<\/a>. \u00bfQu\u00e9 recuerda de ese trabajo?<\/strong><\/p>\n<p>\u201cMi paso por la Alcald\u00eda fue maravilloso. A pesar de los momentos de tensi\u00f3n, solo tengo buenos recuerdos. Lo primero es que me quedaron amigos y amigas que los conservo hasta hoy, amigos que son familia y los conoc\u00ed en la <a href=\"https:\/\/www.medellin.gov.co\/\" target=\"_blank\" rel=\"noopener\">Alcald\u00eda de Medell\u00edn<\/a>. As\u00ed que volver\u00eda mil veces, solo por eso. Pero adem\u00e1s recuerdo las quedas, los fines de semana cubriendo noticias, las <a href=\"https:\/\/www.feriadelasfloresmedellin.gov.co\/\" target=\"_blank\" rel=\"noopener\">Ferias de las Flores.<\/a> Las jornadas de trabajo eran pesadas, siempre entraba muy temprano y sal\u00edamos de noche. Y algo que recuerdo tambi\u00e9n con mucha gratitud y con mucho afecto es recorrer la ciudad. La Alcald\u00eda me dio la posibilidad de conocer todas las comunas, incluyendo los <a href=\"https:\/\/www.medellin.gov.co\/es\/corregimientos\/comer-conexion-medellin-rural\/cultura-e-identidad-de-los-corregimientos\/corregimientos-de-medellin\/\" target=\"_blank\" rel=\"noopener\">cinco corregimientos<\/a>, y eso me hace sentir muy privilegiada\u201d.<\/p>\n\n\t\t<style type=\"text\/css\">\n\t\t\t#gallery-2 {\n\t\t\t\tmargin: auto;\n\t\t\t}\n\t\t\t#gallery-2 .gallery-item {\n\t\t\t\tfloat: left;\n\t\t\t\tmargin-top: 10px;\n\t\t\t\ttext-align: center;\n\t\t\t\twidth: 50%;\n\t\t\t}\n\t\t\t#gallery-2 img {\n\t\t\t\tborder: 2px solid #cfcfcf;\n\t\t\t}\n\t\t\t#gallery-2 .gallery-caption {\n\t\t\t\tmargin-left: 0;\n\t\t\t}\n\t\t\t\/* see gallery_shortcode() in wp-includes\/media.php *\/\n\t\t<\/style>\n\t\t<div id='gallery-2' class='gallery galleryid-341283 gallery-columns-2 gallery-size-large'><dl class='gallery-item'>\n\t\t\t<dt class='gallery-icon landscape'>\n\t\t\t\t<a href='https:\/\/www.medellin.gov.co\/es\/sala-de-prensa\/noticias\/yo-soy-muy-feliz-de-ver-esta-fiesta-del-libro-tan-grande-velia-vidal\/velia_vidal-19_\/'><img width=\"1024\" height=\"768\" src=\"https:\/\/www.medellin.gov.co\/es\/wp-content\/uploads\/2024\/09\/Velia_Vidal-19_-1024x768.jpg\" class=\"attachment-large size-large\" alt=\"Velia Vidal Romero y su paso por la Alcald\u00eda de Medell\u00edn\" loading=\"lazy\" aria-describedby=\"gallery-2-341313\" srcset=\"https:\/\/www.medellin.gov.co\/es\/wp-content\/uploads\/2024\/09\/Velia_Vidal-19_-1024x768.jpg 1024w, https:\/\/www.medellin.gov.co\/es\/wp-content\/uploads\/2024\/09\/Velia_Vidal-19_-300x225.jpg 300w, https:\/\/www.medellin.gov.co\/es\/wp-content\/uploads\/2024\/09\/Velia_Vidal-19_-150x113.jpg 150w, https:\/\/www.medellin.gov.co\/es\/wp-content\/uploads\/2024\/09\/Velia_Vidal-19_-768x576.jpg 768w, https:\/\/www.medellin.gov.co\/es\/wp-content\/uploads\/2024\/09\/Velia_Vidal-19_.jpg 1280w\" sizes=\"(max-width: 1024px) 100vw, 1024px\" \/><\/a>\n\t\t\t<\/dt>\n\t\t\t\t<dd class='wp-caption-text gallery-caption' id='gallery-2-341313'>\n\t\t\t\tVelia Vidal Romero y su paso por la Alcald\u00eda de Medell\u00edn\n\t\t\t\t<\/dd><\/dl><dl class='gallery-item'>\n\t\t\t<dt class='gallery-icon landscape'>\n\t\t\t\t<a href='https:\/\/www.medellin.gov.co\/es\/sala-de-prensa\/noticias\/yo-soy-muy-feliz-de-ver-esta-fiesta-del-libro-tan-grande-velia-vidal\/velia_vidal-20_\/'><img width=\"1024\" height=\"768\" src=\"https:\/\/www.medellin.gov.co\/es\/wp-content\/uploads\/2024\/09\/Velia_Vidal-20_-1024x768.jpg\" class=\"attachment-large size-large\" alt=\"Velia Vidal Romero y su paso por la Alcald\u00eda de Medell\u00edn\" loading=\"lazy\" aria-describedby=\"gallery-2-341314\" srcset=\"https:\/\/www.medellin.gov.co\/es\/wp-content\/uploads\/2024\/09\/Velia_Vidal-20_-1024x768.jpg 1024w, https:\/\/www.medellin.gov.co\/es\/wp-content\/uploads\/2024\/09\/Velia_Vidal-20_-300x225.jpg 300w, https:\/\/www.medellin.gov.co\/es\/wp-content\/uploads\/2024\/09\/Velia_Vidal-20_-150x113.jpg 150w, https:\/\/www.medellin.gov.co\/es\/wp-content\/uploads\/2024\/09\/Velia_Vidal-20_-768x576.jpg 768w, https:\/\/www.medellin.gov.co\/es\/wp-content\/uploads\/2024\/09\/Velia_Vidal-20_.jpg 1280w\" sizes=\"(max-width: 1024px) 100vw, 1024px\" \/><\/a>\n\t\t\t<\/dt>\n\t\t\t\t<dd class='wp-caption-text gallery-caption' id='gallery-2-341314'>\n\t\t\t\tVelia Vidal Romero y su paso por la Alcald\u00eda de Medell\u00edn\n\t\t\t\t<\/dd><\/dl><br style=\"clear: both\" \/>\n\t\t<\/div>\n\n<p><strong>\u00bfQu\u00e9 valor sentimental tienen Juan Cojo y los fr\u00edjoles de Mariaj\u00e1?<\/strong><\/p>\n<p>\u201cSi me van a hacer esas preguntas voy a llorar y esa parte no se vale. Pero es llorar de amor. Entonces, puede que s\u00ed se valga. Juan Cojo es la vereda donde vive Mariaj\u00e1, Mar\u00eda Janeth, que es como mi hermana, una gran amiga que tiene una casa preciosa en esta vereda de <a href=\"https:\/\/www.girardota.gov.co\/\" target=\"_blank\" rel=\"noopener\">Girardota<\/a>. Ella siempre dice que es la casa de todos y ah\u00ed tenemos la costumbre bella de encontrarnos cada tanto entre muchos amigos. Pero yo, pues, tengo adem\u00e1s la costumbre personal que cuando logro estar aqu\u00ed en <a href=\"https:\/\/www.medellin.gov.co\/es\/conoce-algunos-datos-generales-de-la-ciudad\/\" target=\"_blank\" rel=\"noopener\">Medell\u00edn<\/a> unos d\u00edas, m\u00e1s de una semana, siempre voy porque es mi casa tambi\u00e9n. Y ahora tengo una nueva casa, pero el tiempo que no tuve, la casa de Juan Cojo fue mi casa aqu\u00ed en el Valle de Aburr\u00e1\u201d.<\/p>\n<div id=\"attachment_341299\" style=\"width: 1034px\" class=\"wp-caption alignnone\"><a href=\"https:\/\/www.medellin.gov.co\/es\/wp-content\/uploads\/2024\/09\/Velia_Vidal-10_JuanCojo.jpg\"><img aria-describedby=\"caption-attachment-341299\" loading=\"lazy\" class=\"wp-image-341299 size-large\" src=\"https:\/\/www.medellin.gov.co\/es\/wp-content\/uploads\/2024\/09\/Velia_Vidal-10_JuanCojo-1024x768.jpg\" alt=\"\" width=\"1024\" height=\"768\" srcset=\"https:\/\/www.medellin.gov.co\/es\/wp-content\/uploads\/2024\/09\/Velia_Vidal-10_JuanCojo-1024x768.jpg 1024w, https:\/\/www.medellin.gov.co\/es\/wp-content\/uploads\/2024\/09\/Velia_Vidal-10_JuanCojo-300x225.jpg 300w, https:\/\/www.medellin.gov.co\/es\/wp-content\/uploads\/2024\/09\/Velia_Vidal-10_JuanCojo-150x113.jpg 150w, https:\/\/www.medellin.gov.co\/es\/wp-content\/uploads\/2024\/09\/Velia_Vidal-10_JuanCojo-768x576.jpg 768w, https:\/\/www.medellin.gov.co\/es\/wp-content\/uploads\/2024\/09\/Velia_Vidal-10_JuanCojo.jpg 1280w\" sizes=\"(max-width: 1024px) 100vw, 1024px\" \/><\/a><p id=\"caption-attachment-341299\" class=\"wp-caption-text\">Juan Cojo, \u00abla vereda de Mariaj\u00e1\u00bb<\/p><\/div>\n<p><strong>\u00bfQu\u00e9 siente por haber trabajado en la organizaci\u00f3n de la <a href=\"https:\/\/fiestadellibroylacultura.com\/\" target=\"_blank\" rel=\"noopener\">Fiesta del Libro<\/a> y ahora ser una de las invitadas especiales como expositora?<\/strong><\/p>\n<p>\u201cEs algo muy especial para m\u00ed. Yo trabaj\u00e9 en al menos tres versiones de la <a href=\"https:\/\/fiestadellibroylacultura.com\/\" target=\"_blank\" rel=\"noopener\">Fiesta del Libro y la Cultura de Medell\u00edn<\/a>. Fui productora, jefa de Comunicaciones, comercializadora. Mejor dicho, estuve en distintos roles y varios al tiempo, porque siempre ten\u00edamos que salir a resolver cosas. El primer a\u00f1o pusimos un tema, que era Latinoam\u00e9rica, cuando trajimos a <a href=\"https:\/\/www.rubenblades.com\/\" target=\"_blank\" rel=\"noopener\">Rub\u00e9n Blades<\/a>, por ejemplo, y siento que fue el momento en el que la Fiesta empez\u00f3 a dar un salto importante, a prepararse para crecer y convertirse en lo que es hoy. Soy muy feliz de ver esta Fiesta tan grande, tan crecida, de ver que hoy son realidad y est\u00e1n consolidados programas que en ese momento so\u00f1\u00e1bamos. Y estar en el rol de escritora es tambi\u00e9n un privilegio, un gran orgullo. Me da la posibilidad de tener un poco m\u00e1s de paciencia, porque entiendo la Fiesta desde adentro, pero sobre todo siento orgullo y mucha alegr\u00eda de no haber perdido el contacto y de tener ahora en esta vida, que es distinta, una forma de relacionarme con este espacio tan importante para m\u00ed\u201d.<\/p>\n\n\t\t<style type=\"text\/css\">\n\t\t\t#gallery-3 {\n\t\t\t\tmargin: auto;\n\t\t\t}\n\t\t\t#gallery-3 .gallery-item {\n\t\t\t\tfloat: left;\n\t\t\t\tmargin-top: 10px;\n\t\t\t\ttext-align: center;\n\t\t\t\twidth: 50%;\n\t\t\t}\n\t\t\t#gallery-3 img {\n\t\t\t\tborder: 2px solid #cfcfcf;\n\t\t\t}\n\t\t\t#gallery-3 .gallery-caption {\n\t\t\t\tmargin-left: 0;\n\t\t\t}\n\t\t\t\/* see gallery_shortcode() in wp-includes\/media.php *\/\n\t\t<\/style>\n\t\t<div id='gallery-3' class='gallery galleryid-341283 gallery-columns-2 gallery-size-large'><dl class='gallery-item'>\n\t\t\t<dt class='gallery-icon landscape'>\n\t\t\t\t<a href='https:\/\/www.medellin.gov.co\/es\/sala-de-prensa\/noticias\/yo-soy-muy-feliz-de-ver-esta-fiesta-del-libro-tan-grande-velia-vidal\/velia_vidal-6\/'><img width=\"1024\" height=\"768\" src=\"https:\/\/www.medellin.gov.co\/es\/wp-content\/uploads\/2024\/09\/Velia_Vidal-6-1024x768.jpg\" class=\"attachment-large size-large\" alt=\"Fiesta del Libro y la Cultura de Medell\u00edn\" loading=\"lazy\" aria-describedby=\"gallery-3-341294\" srcset=\"https:\/\/www.medellin.gov.co\/es\/wp-content\/uploads\/2024\/09\/Velia_Vidal-6-1024x768.jpg 1024w, https:\/\/www.medellin.gov.co\/es\/wp-content\/uploads\/2024\/09\/Velia_Vidal-6-300x225.jpg 300w, https:\/\/www.medellin.gov.co\/es\/wp-content\/uploads\/2024\/09\/Velia_Vidal-6-150x113.jpg 150w, https:\/\/www.medellin.gov.co\/es\/wp-content\/uploads\/2024\/09\/Velia_Vidal-6-768x576.jpg 768w, https:\/\/www.medellin.gov.co\/es\/wp-content\/uploads\/2024\/09\/Velia_Vidal-6.jpg 1137w\" sizes=\"(max-width: 1024px) 100vw, 1024px\" \/><\/a>\n\t\t\t<\/dt>\n\t\t\t\t<dd class='wp-caption-text gallery-caption' id='gallery-3-341294'>\n\t\t\t\tFiesta del Libro y la Cultura de Medell\u00edn\n\t\t\t\t<\/dd><\/dl><dl class='gallery-item'>\n\t\t\t<dt class='gallery-icon landscape'>\n\t\t\t\t<a href='https:\/\/www.medellin.gov.co\/es\/sala-de-prensa\/noticias\/yo-soy-muy-feliz-de-ver-esta-fiesta-del-libro-tan-grande-velia-vidal\/velia_vidal-4\/'><img width=\"1024\" height=\"768\" src=\"https:\/\/www.medellin.gov.co\/es\/wp-content\/uploads\/2024\/09\/Velia_Vidal-4-1024x768.jpg\" class=\"attachment-large size-large\" alt=\"Velia Vidal Romero\" loading=\"lazy\" aria-describedby=\"gallery-3-341292\" srcset=\"https:\/\/www.medellin.gov.co\/es\/wp-content\/uploads\/2024\/09\/Velia_Vidal-4-1024x768.jpg 1024w, https:\/\/www.medellin.gov.co\/es\/wp-content\/uploads\/2024\/09\/Velia_Vidal-4-300x225.jpg 300w, https:\/\/www.medellin.gov.co\/es\/wp-content\/uploads\/2024\/09\/Velia_Vidal-4-150x113.jpg 150w, https:\/\/www.medellin.gov.co\/es\/wp-content\/uploads\/2024\/09\/Velia_Vidal-4-768x576.jpg 768w, https:\/\/www.medellin.gov.co\/es\/wp-content\/uploads\/2024\/09\/Velia_Vidal-4.jpg 1137w\" sizes=\"(max-width: 1024px) 100vw, 1024px\" \/><\/a>\n\t\t\t<\/dt>\n\t\t\t\t<dd class='wp-caption-text gallery-caption' id='gallery-3-341292'>\n\t\t\t\tVelia Vidal Romero\n\t\t\t\t<\/dd><\/dl><br style=\"clear: both\" \/>\n\t\t<\/div>\n\n<p><strong>Usted en su obra aborda la lucha contra el racismo. \u00bfSe ha sentido discriminada en el mundo literario por ser mujer y por ser negra?<\/strong><\/p>\n<p>\u201cDefinitivamente s\u00ed he sentido el racismo y la discriminaci\u00f3n en el pa\u00eds, tambi\u00e9n en otros lados. Y espec\u00edficamente he sentido el racismo y la discriminaci\u00f3n en el mundo literario. Yo siento que este es un pa\u00eds que no est\u00e1 acostumbrado a que las personas de grupos minoritarios, no solamente afros e ind\u00edgenas, sino tambi\u00e9n de identidades diversas por asuntos de g\u00e9nero o de sexo, ocupen un lugar en la literatura y ocupen un lugar relevante. Muchas personas intentan decir o decidir por m\u00ed qu\u00e9 es lo que debo hacer, qu\u00e9 deber\u00eda leer, qu\u00e9 deber\u00eda escribir y sobre todo se sienten con el derecho a decir hasta d\u00f3nde deber\u00eda llegar. Esto viene de lo inusual de una figura como la m\u00eda, de lo inusual de que una persona negra y mujer, adem\u00e1s, ocupe un lugar visible en la literatura colombiana. Y esto descoloca un poco a algunas personas que consideran que estoy en un sitio distinto al que me corresponde. Las mujeres negras en el pa\u00eds han estado relegadas a la cocina, a los oficios de la est\u00e9tica, al servicio dom\u00e9stico y a labores del cuidado, en condiciones muy indignas y se supone que el lugar de la literatura no es el nuestro. As\u00ed que entiendo que es de ah\u00ed de donde viene ese rechazo sumado a mi postura antirracista y a mi decisi\u00f3n de se\u00f1alar el racismo todas las veces que sea necesario. Y esto genera una incomodidad que provoca rechazo de parte de algunas personas. Yo entiendo de d\u00f3nde viene, pero eso no lo hace menos inc\u00f3modo y menos doloroso\u201d.<\/p>\n<div id=\"attachment_341303\" style=\"width: 1034px\" class=\"wp-caption alignnone\"><a href=\"https:\/\/www.medellin.gov.co\/es\/wp-content\/uploads\/2024\/09\/Velia_Vidal-12.jpg\"><img aria-describedby=\"caption-attachment-341303\" loading=\"lazy\" class=\"size-large wp-image-341303\" src=\"https:\/\/www.medellin.gov.co\/es\/wp-content\/uploads\/2024\/09\/Velia_Vidal-12-1024x680.jpg\" alt=\"\" width=\"1024\" height=\"680\" srcset=\"https:\/\/www.medellin.gov.co\/es\/wp-content\/uploads\/2024\/09\/Velia_Vidal-12-1024x680.jpg 1024w, https:\/\/www.medellin.gov.co\/es\/wp-content\/uploads\/2024\/09\/Velia_Vidal-12-300x199.jpg 300w, https:\/\/www.medellin.gov.co\/es\/wp-content\/uploads\/2024\/09\/Velia_Vidal-12-150x100.jpg 150w, https:\/\/www.medellin.gov.co\/es\/wp-content\/uploads\/2024\/09\/Velia_Vidal-12-768x510.jpg 768w, https:\/\/www.medellin.gov.co\/es\/wp-content\/uploads\/2024\/09\/Velia_Vidal-12.jpg 1280w\" sizes=\"(max-width: 1024px) 100vw, 1024px\" \/><\/a><p id=\"caption-attachment-341303\" class=\"wp-caption-text\">Velia Vidal Romero en <a href=\"https:\/\/nuestromotete.com\/content\/20-flecho\" target=\"_blank\" rel=\"noopener\">#Flecho2024<\/a> en Istmina. Foto: <a href=\"https:\/\/www.facebook.com\/VeliaaMar\" target=\"_blank\" rel=\"noopener\">@VeliaaMar<\/a><\/p><\/div>\n<p><strong>Usted es animalista. \u00bfC\u00f3mo es su relaci\u00f3n con los animales y con la naturaleza en general?<\/strong><\/p>\n<p>\u201cProcuro entenderme como parte y no como un ser superior ni a los animales ni a la naturaleza. Me siento muy conectada con los animales. He tenido gatos, ahora tenemos perros, siempre adoptados porque es una decisi\u00f3n vital. Siempre con una tenencia responsable. Me siento muy conectada con la naturaleza, con el mar, con los r\u00edos, la lluvia, el agua. Siento que es constitutivo de todos los seres humanos. De hecho, no comprendo esta separaci\u00f3n entre nuestro cuerpo y el agua que est\u00e1 afuera, la separaci\u00f3n entre nosotros y las otras especies animales\u201d.<\/p>\n<div id=\"attachment_341306\" style=\"width: 1034px\" class=\"wp-caption alignnone\"><a href=\"https:\/\/www.medellin.gov.co\/es\/wp-content\/uploads\/2024\/09\/Velia_Vidal-15.jpg\"><img aria-describedby=\"caption-attachment-341306\" loading=\"lazy\" class=\"size-large wp-image-341306\" src=\"https:\/\/www.medellin.gov.co\/es\/wp-content\/uploads\/2024\/09\/Velia_Vidal-15-1024x680.jpg\" alt=\"Candelaria y Sans\u00f3n; el perro que fuera de su padre\" width=\"1024\" height=\"680\" srcset=\"https:\/\/www.medellin.gov.co\/es\/wp-content\/uploads\/2024\/09\/Velia_Vidal-15-1024x680.jpg 1024w, https:\/\/www.medellin.gov.co\/es\/wp-content\/uploads\/2024\/09\/Velia_Vidal-15-300x199.jpg 300w, https:\/\/www.medellin.gov.co\/es\/wp-content\/uploads\/2024\/09\/Velia_Vidal-15-150x100.jpg 150w, https:\/\/www.medellin.gov.co\/es\/wp-content\/uploads\/2024\/09\/Velia_Vidal-15-768x510.jpg 768w, https:\/\/www.medellin.gov.co\/es\/wp-content\/uploads\/2024\/09\/Velia_Vidal-15.jpg 1280w\" sizes=\"(max-width: 1024px) 100vw, 1024px\" \/><\/a><p id=\"caption-attachment-341306\" class=\"wp-caption-text\">Candelaria y Sans\u00f3n; el perro que fuera de su padre. Foto: <a href=\"https:\/\/www.facebook.com\/VeliaaMar\" target=\"_blank\" rel=\"noopener\">@VeliaaMar<\/a><\/p><\/div>\n<p><strong>\u00bfAhora tiene un lugar fijo de residencia o se la pasa viajando?<\/strong><\/p>\n<p>\u201cEn este momento, despu\u00e9s de la muerte de mi pap\u00e1, con mis hermanos y debido a unas situaciones de seguridad que viv\u00ed, acordamos que yo iba a quedarme con el apartamento de mi pap\u00e1 aqu\u00ed en <a href=\"https:\/\/www.medellin.gov.co\/es\/conoce-algunos-datos-generales-de-la-ciudad\/\" target=\"_blank\" rel=\"noopener\">Medell\u00edn<\/a>, entonces hace un a\u00f1o tengo un hogar en <a href=\"https:\/\/www.medellin.gov.co\/es\/conoce-algunos-datos-generales-de-la-ciudad\/\" target=\"_blank\" rel=\"noopener\">Medell\u00edn<\/a>, yo no s\u00e9 si dir\u00eda que hace un a\u00f1o ya era un hogar, pero s\u00ed, hace ocho meses, hace nueve meses lo fui convirtiendo en un hogar. No he estado aqu\u00ed todo el tiempo porque mis obligaciones no me lo permiten y a partir de este mes voy a estar radicada en <a href=\"https:\/\/colombia.travel\/es\/bogota\" target=\"_blank\" rel=\"noopener\">Bogot\u00e1<\/a> porque empec\u00e9 a ser curadora del <a href=\"https:\/\/museoafro.gov.co\/\" target=\"_blank\" rel=\"noopener\">Museo Afro de Colombia<\/a>, pero voy a conservar mi hogar, entonces voy a estar viniendo cada cierto tiempo a calentar mi casa, mi cama, a ver mi jard\u00edn\u201d.<\/p>\n<div id=\"attachment_341364\" style=\"width: 1034px\" class=\"wp-caption alignnone\"><a href=\"https:\/\/www.medellin.gov.co\/es\/wp-content\/uploads\/2024\/09\/Velia_Vidal-21_.jpg\"><img aria-describedby=\"caption-attachment-341364\" loading=\"lazy\" class=\"size-large wp-image-341364\" src=\"https:\/\/www.medellin.gov.co\/es\/wp-content\/uploads\/2024\/09\/Velia_Vidal-21_-1024x680.jpg\" alt=\"Foto: @VeliaaMar\" width=\"1024\" height=\"680\" srcset=\"https:\/\/www.medellin.gov.co\/es\/wp-content\/uploads\/2024\/09\/Velia_Vidal-21_-1024x680.jpg 1024w, https:\/\/www.medellin.gov.co\/es\/wp-content\/uploads\/2024\/09\/Velia_Vidal-21_-300x199.jpg 300w, https:\/\/www.medellin.gov.co\/es\/wp-content\/uploads\/2024\/09\/Velia_Vidal-21_-150x100.jpg 150w, https:\/\/www.medellin.gov.co\/es\/wp-content\/uploads\/2024\/09\/Velia_Vidal-21_-768x510.jpg 768w, https:\/\/www.medellin.gov.co\/es\/wp-content\/uploads\/2024\/09\/Velia_Vidal-21_.jpg 1280w\" sizes=\"(max-width: 1024px) 100vw, 1024px\" \/><\/a><p id=\"caption-attachment-341364\" class=\"wp-caption-text\">Foto: <a href=\"https:\/\/www.facebook.com\/VeliaaMar\" target=\"_blank\" rel=\"noopener\">@VeliaaMar<\/a><\/p><\/div>\n<p><strong>Cuando viaja, \u00bfqu\u00e9 es lo que m\u00e1s extra\u00f1a de su tierra, Choc\u00f3?<\/strong><\/p>\n<div class=\"mceTemp\">\n<p>\u201cHe descubierto que mi residencia emocional est\u00e1 en <a href=\"https:\/\/bahiasolano.com.co\/\" target=\"_blank\" rel=\"noopener\">Bah\u00eda Solano (Choc\u00f3)<\/a>. As\u00ed yo est\u00e9 en cualquier isla o ciudad, sigo habitando esa orilla del mar. Y eso creo que me ha impedido extra\u00f1ar m\u00e1s, me ha ayudado a extra\u00f1ar menos. Siempre me conecto con mi lugar de origen, independientemente de donde est\u00e9. Ahora, hay una cosa que extra\u00f1o mucho y que es muy dif\u00edcil de sentir en otro lugar y es el sonido de la lluvia sobre las tejas de zinc. Es una cosa muy propia en el <a href=\"https:\/\/colombia.travel\/es\/choco\" target=\"_blank\" rel=\"noopener\">Choc\u00f3,<\/a> por el modo de construcci\u00f3n de las casas, y en particular en <a href=\"https:\/\/bahiasolano.com.co\/\" target=\"_blank\" rel=\"noopener\">Bah\u00eda Solano<\/a>\u201d.<\/p>\n<p><center><div class=\"iframe-container\"><iframe style=\"border: none; overflow: hidden;\" src=\"https:\/\/www.facebook.com\/plugins\/video.php?href=https%3A%2F%2Fwww.facebook.com%2Freel%2F448782441075012&amp;width=500&amp;show_text=true&amp;height=391&amp;appId\" width=\"600\" height=\"391\" frameborder=\"0\" scrolling=\"no\" allowfullscreen=\"allowfullscreen\"><span data-mce-type=\"bookmark\" style=\"display: inline-block; width: 0px; overflow: hidden; line-height: 0;\" class=\"mce_SELRES_start\">\ufeff<\/span>Vine a leerle el poema que le escrib\u00ed y a sentir el fr\u00edo de sus aguas en mis pies, su brisa y sus olas, que me traen el mar. #T\u00e1mesis #Thamesriver<span data-mce-type=\"bookmark\" style=\"display: inline-block; width: 0px; overflow: hidden; line-height: 0;\" class=\"mce_SELRES_start\">\ufeff<\/span><\/iframe><\/div><br \/>\nVine a leerle el poema que le escrib\u00ed y a sentir el fr\u00edo de sus aguas en mis pies,<br \/>\nsu brisa y sus olas, que me traen el mar. #T\u00e1mesis #Thamesriver<\/center><\/p>\n<p><strong>\u00bfSu familia vive en <a href=\"https:\/\/colombia.travel\/es\/choco\" target=\"_blank\" rel=\"noopener\">Choc\u00f3<\/a>? \u00bfLa acompa\u00f1a en sus viajes?<\/strong><\/p>\n<p>\u201cMi familia est\u00e1 dispersa por todos lados. Tengo familia en <a href=\"https:\/\/bahiasolano.com.co\/\" target=\"_blank\" rel=\"noopener\">Bah\u00eda Solano<\/a>, en <a href=\"http:\/\/fontur.com.co\/es\/quibdo\" target=\"_blank\" rel=\"noopener\">Quibd\u00f3<\/a>, en <a href=\"https:\/\/colombia.travel\/es\/cali\" target=\"_blank\" rel=\"noopener\">Cali<\/a>, en <a href=\"https:\/\/colombia.travel\/es\/bogota\" target=\"_blank\" rel=\"noopener\">Bogot\u00e1<\/a>, en el norte del Valle. Mi hermana, por ejemplo, est\u00e1 en Berl\u00edn. Es muy dif\u00edcil establecer un solo lugar para mi familia. Tambi\u00e9n creo que la familia se va construyendo con otro tipo de lazos. Por ejemplo, yo digo que tengo mi familia en Berl\u00edn, mi familia de Londres, que son las personas que me acogen y que me reciben en cada viaje. Y creo que por eso quiz\u00e1 no extra\u00f1o tanto la familia. Adem\u00e1s, en general, mi vida siempre fue un asunto de encontrarme con mi pap\u00e1, a veces en <a href=\"https:\/\/bahiasolano.com.co\/\" target=\"_blank\" rel=\"noopener\">Bah\u00eda Solano<\/a>, en <a href=\"https:\/\/www.medellin.gov.co\/es\/conoce-algunos-datos-generales-de-la-ciudad\/\" target=\"_blank\" rel=\"noopener\">Medell\u00edn<\/a>, en <a href=\"https:\/\/colombia.travel\/es\/cali\" target=\"_blank\" rel=\"noopener\">Cali<\/a>, en <a href=\"http:\/\/fontur.com.co\/es\/quibdo\" target=\"_blank\" rel=\"noopener\">Quibd\u00f3.<\/a> Entonces, estoy acostumbrada a esa itinerancia en los encuentros con mis familiares\u201d.<\/p>\n<h5><a href=\"https:\/\/www.medellin.gov.co\/es\/wp-content\/uploads\/2024\/09\/Velia_Vidal-16.jpg\" target=\"_blank\" rel=\"noopener\"><img loading=\"lazy\" class=\"wp-image-341308 size-large\" src=\"https:\/\/www.medellin.gov.co\/es\/wp-content\/uploads\/2024\/09\/Velia_Vidal-16-1024x680.jpg\" alt=\"&quot;Esos son los m\u00edos, parte de mi vida y mi coraz\u00f3n, los que tanto amo&quot;\" width=\"1024\" height=\"680\" srcset=\"https:\/\/www.medellin.gov.co\/es\/wp-content\/uploads\/2024\/09\/Velia_Vidal-16-1024x680.jpg 1024w, https:\/\/www.medellin.gov.co\/es\/wp-content\/uploads\/2024\/09\/Velia_Vidal-16-300x199.jpg 300w, https:\/\/www.medellin.gov.co\/es\/wp-content\/uploads\/2024\/09\/Velia_Vidal-16-150x100.jpg 150w, https:\/\/www.medellin.gov.co\/es\/wp-content\/uploads\/2024\/09\/Velia_Vidal-16-768x510.jpg 768w, https:\/\/www.medellin.gov.co\/es\/wp-content\/uploads\/2024\/09\/Velia_Vidal-16.jpg 1280w\" sizes=\"(max-width: 1024px) 100vw, 1024px\" \/><\/a><br \/>\n\u00abEsos son los m\u00edos, parte de mi vida y mi coraz\u00f3n, los que tanto amo\u00bb Foto: <a href=\"https:\/\/www.facebook.com\/VeliaaMar\" target=\"_blank\" rel=\"noopener\">@VeliaaMar<\/a><\/h5>\n<p><strong>Su padre muri\u00f3 hace poco. \u00bfQu\u00e9 se le viene a la mente cuando le hablamos de su pap\u00e1 y de su esposo?<\/strong><\/p>\n<p>\u201cMi pap\u00e1 era mi soporte. Era una parte muy importante en mi vida y por eso ha sido tan dif\u00edcil para m\u00ed esa p\u00e9rdida. Justo esta semana se est\u00e1n cumpliendo dos a\u00f1os de su muerte y ese ha sido el dolor m\u00e1s grande de mi vida, porque era un pap\u00e1 presente toda la vida, desde el d\u00eda que nac\u00ed hasta el d\u00eda que \u00e9l se muri\u00f3. Esa presencia constante, que a veces no es tan usual en la figura masculina, pero mi pap\u00e1 s\u00ed lo fue, hace que sienta mucho m\u00e1s la ausencia. Tambi\u00e9n lo siento muy presente en mi autonom\u00eda, con mi determinaci\u00f3n, que son cosas que siento que me ense\u00f1\u00f3. Y mi esposo Roge es mi compa\u00f1ero de la vida. Es m\u00e1s animalista que yo, compartimos esa pasi\u00f3n, ha sido un punto de encuentro importante entre nosotros. Tambi\u00e9n somos socios, los dos hacemos el trabajo de promoci\u00f3n de lectura y de gesti\u00f3n cultural en el <a href=\"https:\/\/colombia.travel\/es\/choco\" target=\"_blank\" rel=\"noopener\">Choc\u00f3<\/a> y en <a href=\"https:\/\/www.antioquia.gov.co\/uraba\/\" target=\"_blank\" rel=\"noopener\">Urab\u00e1<\/a>. As\u00ed que es un aliado, un compa\u00f1ero de viaje. Y bueno, est\u00e1 por cumplir 50 a\u00f1os y me encanta, yo lo veo divino. Me genera mucha ilusi\u00f3n y dulzura sentirme enamorada despu\u00e9s de 20 a\u00f1os juntos\u201d.<\/p>\n<div id=\"attachment_341310\" style=\"width: 1034px\" class=\"wp-caption alignnone\"><a href=\"https:\/\/www.medellin.gov.co\/es\/wp-content\/uploads\/2024\/09\/Velia_Vidal-18_Motete.jpg\"><img aria-describedby=\"caption-attachment-341310\" loading=\"lazy\" class=\"wp-image-341310 size-large\" src=\"https:\/\/www.medellin.gov.co\/es\/wp-content\/uploads\/2024\/09\/Velia_Vidal-18_Motete-1024x576.jpg\" alt=\"Velia Vidal, su padre y hermano\" width=\"1024\" height=\"576\" srcset=\"https:\/\/www.medellin.gov.co\/es\/wp-content\/uploads\/2024\/09\/Velia_Vidal-18_Motete-1024x576.jpg 1024w, https:\/\/www.medellin.gov.co\/es\/wp-content\/uploads\/2024\/09\/Velia_Vidal-18_Motete-300x169.jpg 300w, https:\/\/www.medellin.gov.co\/es\/wp-content\/uploads\/2024\/09\/Velia_Vidal-18_Motete-150x84.jpg 150w, https:\/\/www.medellin.gov.co\/es\/wp-content\/uploads\/2024\/09\/Velia_Vidal-18_Motete-768x432.jpg 768w, https:\/\/www.medellin.gov.co\/es\/wp-content\/uploads\/2024\/09\/Velia_Vidal-18_Motete.jpg 1280w\" sizes=\"(max-width: 1024px) 100vw, 1024px\" \/><\/a><p id=\"caption-attachment-341310\" class=\"wp-caption-text\">Velia Vidal con su padre y su hermano<\/p><\/div>\n<p><strong>Cu\u00e9ntenos un poco acerca de <a href=\"https:\/\/nuestromotete.com\/\" target=\"_blank\" rel=\"noopener\">Motete<\/a><\/strong><\/p>\n<p>\u201c<a href=\"https:\/\/nuestromotete.com\/\" target=\"_blank\" rel=\"noopener\">Motete es una corporaci\u00f3n educativa y cultural<\/a> que fundamos juntos, mi esposo y yo, que ya lleva ocho a\u00f1os de trabajo constante desde donde hacemos <a href=\"https:\/\/nuestromotete.com\/content\/20-flecho\" target=\"_blank\" rel=\"noopener\">Flecho (Fiesta de la Lectura y la Escritura del Choc\u00f3)<\/a>. Trabajamos con ni\u00f1os, ni\u00f1as, j\u00f3venes, en entornos escolares, en entornos no escolarizados, haciendo animaci\u00f3n a la lectura, pero sobre todo con un prop\u00f3sito en el desarrollo del pensamiento cr\u00edtico, para el ejercicio de ciudadan\u00edas activas, creativas, aut\u00f3nomas, con el desarrollo de la imaginaci\u00f3n y tambi\u00e9n para el autorreconocimiento, porque la mayor\u00eda de la poblaci\u00f3n con la que trabajamos es poblaci\u00f3n afro, entonces es muy importante fortalecer la imagen propia a partir de los encuentros literarios\u201d.<\/p>\n<div id=\"attachment_341308\" style=\"width: 1034px\" class=\"wp-caption alignnone\"><a href=\"https:\/\/www.medellin.gov.co\/es\/wp-content\/uploads\/2024\/09\/Velia_Vidal-17_Motete_1.jpg\"><img aria-describedby=\"caption-attachment-341308\" loading=\"lazy\" class=\"size-large wp-image-341327\" src=\"https:\/\/www.medellin.gov.co\/es\/wp-content\/uploads\/2024\/09\/Velia_Vidal-17_Motete_1-1024x680.jpg\" alt=\"Velia Vidal y Motete (corporaci\u00f3n educativa y cultural)\" width=\"1024\" height=\"680\" srcset=\"https:\/\/www.medellin.gov.co\/es\/wp-content\/uploads\/2024\/09\/Velia_Vidal-17_Motete_1-1024x680.jpg 1024w, https:\/\/www.medellin.gov.co\/es\/wp-content\/uploads\/2024\/09\/Velia_Vidal-17_Motete_1-300x199.jpg 300w, https:\/\/www.medellin.gov.co\/es\/wp-content\/uploads\/2024\/09\/Velia_Vidal-17_Motete_1-150x100.jpg 150w, https:\/\/www.medellin.gov.co\/es\/wp-content\/uploads\/2024\/09\/Velia_Vidal-17_Motete_1-768x510.jpg 768w, https:\/\/www.medellin.gov.co\/es\/wp-content\/uploads\/2024\/09\/Velia_Vidal-17_Motete_1.jpg 1280w\" sizes=\"(max-width: 1024px) 100vw, 1024px\" \/><\/a><p id=\"caption-attachment-341308\" class=\"wp-caption-text\">Velia Vidal y Motete (corporaci\u00f3n educativa y cultural). Foto: <a href=\"https:\/\/www.facebook.com\/VeliaaMar\" target=\"_blank\" rel=\"noopener\">@VeliaaMar<\/a><\/p><\/div>\n<p><strong>\u00bfQu\u00e9 ha sido lo m\u00e1s gratificante en esta labor de promoci\u00f3n de lectura, sobre todo hacia ni\u00f1os y j\u00f3venes?<\/strong><\/p>\n<p>\u201cLo m\u00e1s gratificante son los argumentos que van desarrollando los ni\u00f1os. Y es muy especial porque a veces me mandan cosas y me dicen: \u2018Mira la respuesta que dio Albeiro\u2019. Le preguntamos por cualquier cosa de la vida, Albeiro ya hizo todo el ciclo de formaci\u00f3n, est\u00e1 en otras actividades, termin\u00f3 el colegio, y son ni\u00f1os y ni\u00f1as ya j\u00f3venes que de verdad se nota que tienen el pensamiento cr\u00edtico fortalecido. Eso a m\u00ed me da una satisfacci\u00f3n muy grande. M\u00e1s all\u00e1 de si son o no son lectores, es evidenciar que en realidad la lectura, y en especial de literatura, les permite desarrollar el pensamiento cr\u00edtico\u201d.<\/p>\n<div id=\"attachment_341308\" style=\"width: 1034px\" class=\"wp-caption alignnone\"><a href=\"https:\/\/www.medellin.gov.co\/es\/wp-content\/uploads\/2024\/09\/Velia_Vidal-11_Flech.jpg\"><img aria-describedby=\"caption-attachment-341308\" loading=\"lazy\" class=\"size-large wp-image-341301\" src=\"https:\/\/www.medellin.gov.co\/es\/wp-content\/uploads\/2024\/09\/Velia_Vidal-11_Flech-1024x574.jpg\" alt=\"\" width=\"1024\" height=\"574\" srcset=\"https:\/\/www.medellin.gov.co\/es\/wp-content\/uploads\/2024\/09\/Velia_Vidal-11_Flech-1024x574.jpg 1024w, https:\/\/www.medellin.gov.co\/es\/wp-content\/uploads\/2024\/09\/Velia_Vidal-11_Flech-300x168.jpg 300w, https:\/\/www.medellin.gov.co\/es\/wp-content\/uploads\/2024\/09\/Velia_Vidal-11_Flech-150x84.jpg 150w, https:\/\/www.medellin.gov.co\/es\/wp-content\/uploads\/2024\/09\/Velia_Vidal-11_Flech-768x430.jpg 768w, https:\/\/www.medellin.gov.co\/es\/wp-content\/uploads\/2024\/09\/Velia_Vidal-11_Flech.jpg 1280w\" sizes=\"(max-width: 1024px) 100vw, 1024px\" \/><\/a><p id=\"caption-attachment-341308\" class=\"wp-caption-text\"><a href=\"https:\/\/nuestromotete.com\/content\/20-flecho\" target=\"_blank\" rel=\"noopener\">Flecho (Fiesta de la Lectura y la Escritura del Choc\u00f3).<\/a> <a href=\"https:\/\/www.facebook.com\/VeliaaMar\" target=\"_blank\" rel=\"noopener\">Foto: @VeliaaMar<\/a><\/p><\/div>\n<p><strong>\u00bfEl <a href=\"https:\/\/colombia.travel\/es\/choco\" target=\"_blank\" rel=\"noopener\">Choc\u00f3<\/a> es su inspiraci\u00f3n? \u00bfDe ah\u00ed surge todo el deseo de escribir y de mostrarle al mundo las historias que all\u00e1 acontecen?<\/strong><\/p>\n<p>\u201cNo creo tanto que el <a href=\"https:\/\/colombia.travel\/es\/choco\" target=\"_blank\" rel=\"noopener\">Choc\u00f3<\/a> sea mi inspiraci\u00f3n. Yo creo que uno escribe porque esto nace del deseo, porque est\u00e1 ah\u00ed en el universo y tiene que salir. Pero uno escribe justamente de su entorno m\u00e1s pr\u00f3ximo. Tampoco tengo una apuesta por mostrarle el <a href=\"https:\/\/colombia.travel\/es\/choco\" target=\"_blank\" rel=\"noopener\">Choc\u00f3<\/a> al mundo, sino por construir una obra literaria en la que evidentemente el <a href=\"https:\/\/colombia.travel\/es\/choco\" target=\"_blank\" rel=\"noopener\">Choc\u00f3 <\/a>tiene un lugar muy importante, pero por ejemplo el pr\u00f3ximo libro, que sale m\u00e1s o menos en marzo del pr\u00f3ximo a\u00f1o, no ocurre en el <a href=\"https:\/\/colombia.travel\/es\/choco\" target=\"_blank\" rel=\"noopener\">Choc\u00f3<\/a>. Es un libro que naci\u00f3 a orillas del mar B\u00e1ltico, en Alemania, pero tiene mucho que ver tambi\u00e9n con el <a href=\"https:\/\/colombia.travel\/es\/choco\" target=\"_blank\" rel=\"noopener\">Choc\u00f3<\/a> y con cualquier lugar del mundo. Me interesa que mi literatura sea un canal para hablar del <a href=\"https:\/\/colombia.travel\/es\/choco\" target=\"_blank\" rel=\"noopener\">Choc\u00f3<\/a> con una mirada distinta, no estereotipada, porque efectivamente ha sido un territorio que ha tenido una carga muy pesada en c\u00f3mo lo miran desde otros lugares a trav\u00e9s del racismo y de los estereotipos, y si mi literatura puede servir para que eso cambie un poco, me voy a dar por bien servida, pero no escribo exclusivamente para eso\u201d.<\/p>\n\n\t\t<style type=\"text\/css\">\n\t\t\t#gallery-4 {\n\t\t\t\tmargin: auto;\n\t\t\t}\n\t\t\t#gallery-4 .gallery-item {\n\t\t\t\tfloat: left;\n\t\t\t\tmargin-top: 10px;\n\t\t\t\ttext-align: center;\n\t\t\t\twidth: 50%;\n\t\t\t}\n\t\t\t#gallery-4 img {\n\t\t\t\tborder: 2px solid #cfcfcf;\n\t\t\t}\n\t\t\t#gallery-4 .gallery-caption {\n\t\t\t\tmargin-left: 0;\n\t\t\t}\n\t\t\t\/* see gallery_shortcode() in wp-includes\/media.php *\/\n\t\t<\/style>\n\t\t<div id='gallery-4' class='gallery galleryid-341283 gallery-columns-2 gallery-size-large'><dl class='gallery-item'>\n\t\t\t<dt class='gallery-icon landscape'>\n\t\t\t\t<a href='https:\/\/www.medellin.gov.co\/es\/sala-de-prensa\/noticias\/yo-soy-muy-feliz-de-ver-esta-fiesta-del-libro-tan-grande-velia-vidal\/velia_vidal-5\/'><img width=\"1024\" height=\"768\" src=\"https:\/\/www.medellin.gov.co\/es\/wp-content\/uploads\/2024\/09\/Velia_Vidal-5-1024x768.jpg\" class=\"attachment-large size-large\" alt=\"\" loading=\"lazy\" aria-describedby=\"gallery-4-341293\" srcset=\"https:\/\/www.medellin.gov.co\/es\/wp-content\/uploads\/2024\/09\/Velia_Vidal-5-1024x768.jpg 1024w, https:\/\/www.medellin.gov.co\/es\/wp-content\/uploads\/2024\/09\/Velia_Vidal-5-300x225.jpg 300w, https:\/\/www.medellin.gov.co\/es\/wp-content\/uploads\/2024\/09\/Velia_Vidal-5-150x113.jpg 150w, https:\/\/www.medellin.gov.co\/es\/wp-content\/uploads\/2024\/09\/Velia_Vidal-5-768x576.jpg 768w, https:\/\/www.medellin.gov.co\/es\/wp-content\/uploads\/2024\/09\/Velia_Vidal-5.jpg 1137w\" sizes=\"(max-width: 1024px) 100vw, 1024px\" \/><\/a>\n\t\t\t<\/dt>\n\t\t\t\t<dd class='wp-caption-text gallery-caption' id='gallery-4-341293'>\n\t\t\t\tProducci\u00f3n Velia Vidal\n\t\t\t\t<\/dd><\/dl><dl class='gallery-item'>\n\t\t\t<dt class='gallery-icon landscape'>\n\t\t\t\t<a href='https:\/\/www.medellin.gov.co\/es\/sala-de-prensa\/noticias\/yo-soy-muy-feliz-de-ver-esta-fiesta-del-libro-tan-grande-velia-vidal\/foto-principal-2-3\/'><img width=\"1024\" height=\"768\" src=\"https:\/\/www.medellin.gov.co\/es\/wp-content\/uploads\/2024\/09\/Foto-principal-2-1-1024x768.jpg\" class=\"attachment-large size-large\" alt=\"\" loading=\"lazy\" aria-describedby=\"gallery-4-341286\" srcset=\"https:\/\/www.medellin.gov.co\/es\/wp-content\/uploads\/2024\/09\/Foto-principal-2-1-1024x768.jpg 1024w, https:\/\/www.medellin.gov.co\/es\/wp-content\/uploads\/2024\/09\/Foto-principal-2-1-300x225.jpg 300w, https:\/\/www.medellin.gov.co\/es\/wp-content\/uploads\/2024\/09\/Foto-principal-2-1-150x113.jpg 150w, https:\/\/www.medellin.gov.co\/es\/wp-content\/uploads\/2024\/09\/Foto-principal-2-1-768x576.jpg 768w, https:\/\/www.medellin.gov.co\/es\/wp-content\/uploads\/2024\/09\/Foto-principal-2-1.jpg 1137w\" sizes=\"(max-width: 1024px) 100vw, 1024px\" \/><\/a>\n\t\t\t<\/dt>\n\t\t\t\t<dd class='wp-caption-text gallery-caption' id='gallery-4-341286'>\n\t\t\t\tVelia Vidal Romero\n\t\t\t\t<\/dd><\/dl><br style=\"clear: both\" \/>\n\t\t<\/div>\n\n<p><strong>\u00bfConsidera que la inteligencia artificial es una amenaza para los escritores?<\/strong><\/p>\n<p>\u201cNo creo que sea una amenaza para los escritores. Cuando uno est\u00e1 haciendo su trabajo literario lo que quiere es poner todo esto que tiene dentro ah\u00ed en esas l\u00edneas, as\u00ed que no tendr\u00eda sentido dej\u00e1rselo a una inteligencia artificial. La inteligencia artificial puede ser una herramienta interesante, \u00fatil, y la estoy usando no en el proceso de escritura sino en el modo de informarme, porque es muy distinto poner en <a href=\"https:\/\/www.google.com\/\" target=\"_blank\" rel=\"noopener\">Google<\/a> una palabra a preguntarle a la inteligencia artificial por lo que pasa con esa palabra en distintos contextos. No creo que tenga por qu\u00e9 ser una amenaza sino una herramienta que enriquezca nuestro trabajo\u201d.<\/p>\n<div id=\"attachment_341308\" style=\"width: 1034px\" class=\"wp-caption alignnone\"><a href=\"https:\/\/www.medellin.gov.co\/es\/wp-content\/uploads\/2024\/09\/Velia_Vidal-13.jpg\" target=\"_blank\" rel=\"noopener\"><img aria-describedby=\"caption-attachment-341308\" loading=\"lazy\" class=\"wp-image-341304 size-large\" src=\"https:\/\/www.medellin.gov.co\/es\/wp-content\/uploads\/2024\/09\/Velia_Vidal-13-1024x680.jpg\" alt=\"Velia Vidal en conversatorio con Tatiana Duplat Ayala\" width=\"1024\" height=\"680\" srcset=\"https:\/\/www.medellin.gov.co\/es\/wp-content\/uploads\/2024\/09\/Velia_Vidal-13-1024x680.jpg 1024w, https:\/\/www.medellin.gov.co\/es\/wp-content\/uploads\/2024\/09\/Velia_Vidal-13-300x199.jpg 300w, https:\/\/www.medellin.gov.co\/es\/wp-content\/uploads\/2024\/09\/Velia_Vidal-13-150x100.jpg 150w, https:\/\/www.medellin.gov.co\/es\/wp-content\/uploads\/2024\/09\/Velia_Vidal-13-768x510.jpg 768w, https:\/\/www.medellin.gov.co\/es\/wp-content\/uploads\/2024\/09\/Velia_Vidal-13.jpg 1280w\" sizes=\"(max-width: 1024px) 100vw, 1024px\" \/><\/a><p id=\"caption-attachment-341308\" class=\"wp-caption-text\">Velia Vidal en conversatorio con Tatiana Duplat Ayala, historiadora colombiana. <a href=\"https:\/\/www.facebook.com\/VeliaaMar\" target=\"_blank\" rel=\"noopener\">Foto: @VeliaaMar<\/a><\/p><\/div>\n<p><strong>\u00bfUna escritora o escritor y un libro que la hayan marcado especialmente?<\/strong><\/p>\n<p>\u201cVoy a pensar en <a href=\"https:\/\/www.medellin.gov.co\/es\/conoce-algunos-datos-generales-de-la-ciudad\/\" target=\"_blank\" rel=\"noopener\">Medell\u00edn<\/a>. Hay muchos autores, por supuesto, que me gustan y que me motivan, pero hoy quiero nombrar un autor de Antioquia muy importante que ya falleci\u00f3, que fue <a href=\"https:\/\/www.udea.edu.co\/wps\/portal\/udea\/web\/inicio\/udea-noticias\/udea-noticia\/!ut\/p\/z0\/fYy9DsIwEINfhaUjulBCgLFiQEIMDAi1t6BTG8FBk_Tninh8UhgQC4tlW58NCDmgpwdfSDh4qmMu0JxX6006y7TaK6ONysxBL5bpdn48KdgB_gfiA9_aFjPAMnixT4G8CZ1QPVSWEkX9b7oGZz9-1IkPwiVTn6j32nMVRupbU0mVdRz5-NNRP3WD7cRCc8fiBYL8lwA!\/\" target=\"_blank\" rel=\"noopener\">Jos\u00e9 Libardo Porras<\/a>. Un libro de \u00e9l muy especial que se llama <em>Mujeres saltando la cerca<\/em>. No s\u00e9 si todav\u00eda se reedita y si no, deber\u00eda volver a publicarse, porque son textos extraordinarios y \u00e9l fue un gran autor que deber\u00eda ser m\u00e1s conocido en la ciudad y en el pa\u00eds\u201d.<\/p>\n<div id=\"attachment_341308\" style=\"width: 1034px\" class=\"wp-caption alignnone\"><a href=\"https:\/\/www.medellin.gov.co\/es\/wp-content\/uploads\/2024\/09\/Velia_Vidal-14.jpg\" target=\"_blank\" rel=\"noopener\"><img aria-describedby=\"caption-attachment-341308\" loading=\"lazy\" class=\"wp-image-341305 size-large\" src=\"https:\/\/www.medellin.gov.co\/es\/wp-content\/uploads\/2024\/09\/Velia_Vidal-14-1024x680.jpg\" alt=\"\" width=\"1024\" height=\"680\" srcset=\"https:\/\/www.medellin.gov.co\/es\/wp-content\/uploads\/2024\/09\/Velia_Vidal-14-1024x680.jpg 1024w, https:\/\/www.medellin.gov.co\/es\/wp-content\/uploads\/2024\/09\/Velia_Vidal-14-300x199.jpg 300w, https:\/\/www.medellin.gov.co\/es\/wp-content\/uploads\/2024\/09\/Velia_Vidal-14-150x100.jpg 150w, https:\/\/www.medellin.gov.co\/es\/wp-content\/uploads\/2024\/09\/Velia_Vidal-14-768x510.jpg 768w, https:\/\/www.medellin.gov.co\/es\/wp-content\/uploads\/2024\/09\/Velia_Vidal-14.jpg 1280w\" sizes=\"(max-width: 1024px) 100vw, 1024px\" \/><\/a><p id=\"caption-attachment-341308\" class=\"wp-caption-text\">Velia Vidal e Irene Vallejo, Fil\u00f3loga y escritora espa\u00f1ola. <a href=\"https:\/\/www.facebook.com\/VeliaaMar\" target=\"_blank\" rel=\"noopener\">Foto: @VeliaaMar<\/a><\/p><\/div>\n<\/div>\n","protected":false},"excerpt":{"rendered":"<p>Escritora, gestora cultural, promotora de lectura y Comunicadora Social \u2013 periodista egresada de la Universidad de Antioquia, Velia Vidal Romero, oriunda de Bah\u00eda Solano (Choc\u00f3) y exfuncionaria de la Alcald\u00eda de Medell\u00edn, fue resaltada por &#8230;<\/p>\n","protected":false},"author":17,"featured_media":341285,"comment_status":"open","ping_status":"open","sticky":false,"template":"","format":"standard","meta":[],"categories":[531,31],"tags":[444,428],"formato_nota":[],"programas_tax":[],"acf":[],"_links":{"self":[{"href":"https:\/\/www.medellin.gov.co\/es\/wp-json\/wp\/v2\/posts\/341283"}],"collection":[{"href":"https:\/\/www.medellin.gov.co\/es\/wp-json\/wp\/v2\/posts"}],"about":[{"href":"https:\/\/www.medellin.gov.co\/es\/wp-json\/wp\/v2\/types\/post"}],"author":[{"embeddable":true,"href":"https:\/\/www.medellin.gov.co\/es\/wp-json\/wp\/v2\/users\/17"}],"replies":[{"embeddable":true,"href":"https:\/\/www.medellin.gov.co\/es\/wp-json\/wp\/v2\/comments?post=341283"}],"version-history":[{"count":6,"href":"https:\/\/www.medellin.gov.co\/es\/wp-json\/wp\/v2\/posts\/341283\/revisions"}],"predecessor-version":[{"id":341407,"href":"https:\/\/www.medellin.gov.co\/es\/wp-json\/wp\/v2\/posts\/341283\/revisions\/341407"}],"wp:featuredmedia":[{"embeddable":true,"href":"https:\/\/www.medellin.gov.co\/es\/wp-json\/wp\/v2\/media\/341285"}],"wp:attachment":[{"href":"https:\/\/www.medellin.gov.co\/es\/wp-json\/wp\/v2\/media?parent=341283"}],"wp:term":[{"taxonomy":"category","embeddable":true,"href":"https:\/\/www.medellin.gov.co\/es\/wp-json\/wp\/v2\/categories?post=341283"},{"taxonomy":"post_tag","embeddable":true,"href":"https:\/\/www.medellin.gov.co\/es\/wp-json\/wp\/v2\/tags?post=341283"},{"taxonomy":"formato_nota","embeddable":true,"href":"https:\/\/www.medellin.gov.co\/es\/wp-json\/wp\/v2\/formato_nota?post=341283"},{"taxonomy":"programas_tax","embeddable":true,"href":"https:\/\/www.medellin.gov.co\/es\/wp-json\/wp\/v2\/programas_tax?post=341283"}],"curies":[{"name":"wp","href":"https:\/\/api.w.org\/{rel}","templated":true}]}}