{"id":341351,"date":"2024-09-10T20:31:38","date_gmt":"2024-09-11T01:31:38","guid":{"rendered":"https:\/\/www.medellin.gov.co\/es\/?p=341351"},"modified":"2024-09-10T20:31:38","modified_gmt":"2024-09-11T01:31:38","slug":"animales-maltratados-y-enfermos-fueron-rescatados-durante-intervencion-en-la-minorista","status":"publish","type":"post","link":"https:\/\/www.medellin.gov.co\/es\/sala-de-prensa\/noticias\/animales-maltratados-y-enfermos-fueron-rescatados-durante-intervencion-en-la-minorista\/","title":{"rendered":"Animales maltratados y enfermos fueron rescatados durante intervenci\u00f3n en La Minorista"},"content":{"rendered":"<!--[if lt IE 9]><script>document.createElement('audio');<\/script><![endif]-->\n\t<div class=\"wp-playlist wp-audio-playlist wp-playlist-light\">\n\t\t\t<div class=\"wp-playlist-current-item\"><\/div>\n\t\t<audio controls=\"controls\" preload=\"none\" width=\"640\"\n\t\t\t><\/audio>\n\t<div class=\"wp-playlist-next\"><\/div>\n\t<div class=\"wp-playlist-prev\"><\/div>\n\t<noscript>\n\t<ol>\n\t\t<li><a href='https:\/\/www.medellin.gov.co\/es\/wp-content\/uploads\/2024\/09\/Animales-rescatados-01.mp3'>Palabras de Manuel Villa Mej\u00eda, secretario de Seguridad y Convivencia<\/a><\/li>\t<\/ol>\n\t<\/noscript>\n\t<script type=\"application\/json\" class=\"wp-playlist-script\">{\"type\":\"audio\",\"tracklist\":true,\"tracknumbers\":true,\"images\":true,\"artists\":true,\"tracks\":[{\"src\":\"https:\\\/\\\/www.medellin.gov.co\\\/es\\\/wp-content\\\/uploads\\\/2024\\\/09\\\/Animales-rescatados-01.mp3\",\"type\":\"audio\\\/mpeg\",\"title\":\"Palabras de Manuel Villa Mej\\u00eda, secretario de Seguridad y Convivencia\",\"caption\":\"\",\"description\":\"\\u00abPalabras de Manuel Villa Mej\\u00eda, secretario de Seguridad y Convivencia\\u00bb.\",\"meta\":{\"length_formatted\":\"1:34\"},\"image\":{\"src\":\"https:\\\/\\\/www.medellin.gov.co\\\/es\\\/wp-includes\\\/images\\\/media\\\/audio.png\",\"width\":48,\"height\":64},\"thumb\":{\"src\":\"https:\\\/\\\/www.medellin.gov.co\\\/es\\\/wp-includes\\\/images\\\/media\\\/audio.png\",\"width\":48,\"height\":64}}]}<\/script>\n<\/div>\n\t\n<p class=\"p1\">Este martes, en un operativo conjunto, la Secretar\u00eda de Seguridad y\u00a0Convivencia, la Polic\u00eda Nacional, la Secretar\u00eda de Salud y la Inspecci\u00f3n de\u00a0Protecci\u00f3n Animal realizaron una jornada de bienestar animal y preservaci\u00f3n del\u00a0medio ambiente en la plaza de mercado La Minorista. Se inspeccionaron 14\u00a0establecimientos comerciales como parte de las acciones preventivas.<\/p>\n<div id=\"attachment_341358\" style=\"width: 1210px\" class=\"wp-caption aligncenter\"><a href=\"https:\/\/www.medellin.gov.co\/es\/wp-content\/uploads\/2024\/09\/Animales-rescatados-3.jpg\" target=\"_blank\" rel=\"noopener\"><img aria-describedby=\"caption-attachment-341358\" loading=\"lazy\" class=\"wp-image-341358 size-full\" title=\"Animales maltratados y enfermos fueron rescatados durante intervenci\u00f3n en La Minorista\" src=\"https:\/\/www.medellin.gov.co\/es\/wp-content\/uploads\/2024\/09\/Animales-rescatados-3.jpg\" alt=\"Animales maltratados y enfermos fueron rescatados durante intervenci\u00f3n en La Minorista\" width=\"1200\" height=\"675\" srcset=\"https:\/\/www.medellin.gov.co\/es\/wp-content\/uploads\/2024\/09\/Animales-rescatados-3.jpg 1200w, https:\/\/www.medellin.gov.co\/es\/wp-content\/uploads\/2024\/09\/Animales-rescatados-3-300x169.jpg 300w, https:\/\/www.medellin.gov.co\/es\/wp-content\/uploads\/2024\/09\/Animales-rescatados-3-1024x576.jpg 1024w, https:\/\/www.medellin.gov.co\/es\/wp-content\/uploads\/2024\/09\/Animales-rescatados-3-150x84.jpg 150w, https:\/\/www.medellin.gov.co\/es\/wp-content\/uploads\/2024\/09\/Animales-rescatados-3-768x432.jpg 768w\" sizes=\"(max-width: 1200px) 100vw, 1200px\" \/><\/a><p id=\"caption-attachment-341358\" class=\"wp-caption-text\">Animales maltratados y enfermos fueron rescatados durante intervenci\u00f3n en La Minorista &#8211; Foto alcaldia de Medell\u00edn<\/p><\/div>\n<p class=\"p1\">Durante el procedimiento fueron aprehendidos cinco perros y un pato con\u00a0hipotermia, secreciones nasales y oculares; los caninos, de razas como cocker\u00a0spaniel,\u00a0 bulldog franc\u00e9s y french poodle, ten\u00edan entre 2 y 4 meses de edad y\u00a0estaban en condiciones vulnerables. Los animales rescatados fueron\u00a0trasladados al Centro de Bienestar Animal La Perla para recibir atenci\u00f3n m\u00e9dica\u00a0y cuidados especializados.<\/p>\n<div id=\"attachment_341356\" style=\"width: 1210px\" class=\"wp-caption aligncenter\"><a href=\"https:\/\/www.medellin.gov.co\/es\/wp-content\/uploads\/2024\/09\/Animales-rescatados-2.jpg\" target=\"_blank\" rel=\"noopener\"><img aria-describedby=\"caption-attachment-341356\" loading=\"lazy\" class=\"wp-image-341356 size-full\" title=\"Animales maltratados y enfermos fueron rescatados durante intervenci\u00f3n en La Minorista\" src=\"https:\/\/www.medellin.gov.co\/es\/wp-content\/uploads\/2024\/09\/Animales-rescatados-2.jpg\" alt=\"Animales maltratados y enfermos fueron rescatados durante intervenci\u00f3n en La Minorista\" width=\"1200\" height=\"675\" srcset=\"https:\/\/www.medellin.gov.co\/es\/wp-content\/uploads\/2024\/09\/Animales-rescatados-2.jpg 1200w, https:\/\/www.medellin.gov.co\/es\/wp-content\/uploads\/2024\/09\/Animales-rescatados-2-300x169.jpg 300w, https:\/\/www.medellin.gov.co\/es\/wp-content\/uploads\/2024\/09\/Animales-rescatados-2-1024x576.jpg 1024w, https:\/\/www.medellin.gov.co\/es\/wp-content\/uploads\/2024\/09\/Animales-rescatados-2-150x84.jpg 150w, https:\/\/www.medellin.gov.co\/es\/wp-content\/uploads\/2024\/09\/Animales-rescatados-2-768x432.jpg 768w\" sizes=\"(max-width: 1200px) 100vw, 1200px\" \/><\/a><p id=\"caption-attachment-341356\" class=\"wp-caption-text\">Animales maltratados y enfermos fueron rescatados durante intervenci\u00f3n en La Minorista &#8211; Foto alcaldia de Medell\u00edn<\/p><\/div>\n<p class=\"p1\">El Distrito hace un llamado a la ciudadan\u00eda para que no sea indiferente y\u00a0denuncie casos de maltrato, ya que los animales merecen vivir en condiciones\u00a0dignas y su bienestar es responsabilidad de todos.<\/p>\n","protected":false},"excerpt":{"rendered":"<p>Este martes, en un operativo conjunto, la Secretar\u00eda de Seguridad y\u00a0Convivencia, la Polic\u00eda Nacional, la Secretar\u00eda de Salud y la Inspecci\u00f3n de\u00a0Protecci\u00f3n Animal realizaron una jornada de bienestar animal y preservaci\u00f3n del\u00a0medio ambiente en la &#8230;<\/p>\n","protected":false},"author":84,"featured_media":341352,"comment_status":"open","ping_status":"open","sticky":false,"template":"","format":"standard","meta":[],"categories":[21],"tags":[455,695],"formato_nota":[],"programas_tax":[],"acf":[],"_links":{"self":[{"href":"https:\/\/www.medellin.gov.co\/es\/wp-json\/wp\/v2\/posts\/341351"}],"collection":[{"href":"https:\/\/www.medellin.gov.co\/es\/wp-json\/wp\/v2\/posts"}],"about":[{"href":"https:\/\/www.medellin.gov.co\/es\/wp-json\/wp\/v2\/types\/post"}],"author":[{"embeddable":true,"href":"https:\/\/www.medellin.gov.co\/es\/wp-json\/wp\/v2\/users\/84"}],"replies":[{"embeddable":true,"href":"https:\/\/www.medellin.gov.co\/es\/wp-json\/wp\/v2\/comments?post=341351"}],"version-history":[{"count":1,"href":"https:\/\/www.medellin.gov.co\/es\/wp-json\/wp\/v2\/posts\/341351\/revisions"}],"predecessor-version":[{"id":341362,"href":"https:\/\/www.medellin.gov.co\/es\/wp-json\/wp\/v2\/posts\/341351\/revisions\/341362"}],"wp:featuredmedia":[{"embeddable":true,"href":"https:\/\/www.medellin.gov.co\/es\/wp-json\/wp\/v2\/media\/341352"}],"wp:attachment":[{"href":"https:\/\/www.medellin.gov.co\/es\/wp-json\/wp\/v2\/media?parent=341351"}],"wp:term":[{"taxonomy":"category","embeddable":true,"href":"https:\/\/www.medellin.gov.co\/es\/wp-json\/wp\/v2\/categories?post=341351"},{"taxonomy":"post_tag","embeddable":true,"href":"https:\/\/www.medellin.gov.co\/es\/wp-json\/wp\/v2\/tags?post=341351"},{"taxonomy":"formato_nota","embeddable":true,"href":"https:\/\/www.medellin.gov.co\/es\/wp-json\/wp\/v2\/formato_nota?post=341351"},{"taxonomy":"programas_tax","embeddable":true,"href":"https:\/\/www.medellin.gov.co\/es\/wp-json\/wp\/v2\/programas_tax?post=341351"}],"curies":[{"name":"wp","href":"https:\/\/api.w.org\/{rel}","templated":true}]}}