{"id":341419,"date":"2024-09-10T23:09:00","date_gmt":"2024-09-11T04:09:00","guid":{"rendered":"https:\/\/www.medellin.gov.co\/es\/?p=341419"},"modified":"2024-09-13T09:56:47","modified_gmt":"2024-09-13T14:56:47","slug":"pedaleando-buscan-su-sueno-de-ser-campeones-nacionales","status":"publish","type":"post","link":"https:\/\/www.medellin.gov.co\/es\/sala-de-prensa\/noticias\/pedaleando-buscan-su-sueno-de-ser-campeones-nacionales\/","title":{"rendered":"Pedaleando buscan su sue\u00f1o de ser campeones nacionales"},"content":{"rendered":"<p>Son cinco servidores del <a href=\"https:\/\/www.medellin.gov.co\/\" target=\"_blank\" rel=\"noopener\">Distrito de Ciencia, Tecnolog\u00eda e Innovaci\u00f3n de Medell\u00edn<\/a>, quienes ir\u00e1n a dejarlo todo en la disciplina del ciclismo.<\/p>\n<p>Para clasificar, ocho integrantes del seleccionado de ciclismo del Distrito participaron en la convocatoria que consist\u00eda en una carrera que se llev\u00f3 a cabo los d\u00edas 31 de agosto, 1 y 8 de septiembre, la cual sali\u00f3 desde el parque de las Aguas hasta las partidas hacia Porce y regresaban hasta el sitio de partida; luego 500 metros adelante hay una subida de seis kil\u00f3metros aproximadamente, hasta La Tasajera, que era la meta. El prop\u00f3sito fue que los 12 ciclistas que llegaran de primeros iban a <a href=\"https:\/\/colombia.travel\/es\/barranquilla\" target=\"_blank\" rel=\"noopener\">Barranquilla<\/a> a participar en los <a href=\"https:\/\/www.medellin.gov.co\/juegosnacionales\" target=\"_blank\" rel=\"noopener\">Juegos Nacionales Deportivos de\u00a0 Servidores P\u00fablicos<\/a>.<\/p>\n<p>En la prueba participaron por el <a href=\"https:\/\/www.medellin.gov.co\/\" target=\"_blank\" rel=\"noopener\">Distrito de Medell\u00edn<\/a>: Carlos Mario Guarin Gonzalez, Fabio Alonso G\u00f3ez L\u00f3pez, Cesar Augusto Guti\u00e9rrez Pimiento, Mauricio Londo\u00f1o Trujillo, Esteban Ram\u00edrez V\u00e9lez, Nelson Gallego Zapata, Santiago Enrique Figueroa Arriaga y William Hern\u00e1n Sanabria Gonz\u00e1lez.<\/p>\n<div id=\"attachment_341430\" style=\"width: 1034px\" class=\"wp-caption alignnone\"><a href=\"https:\/\/www.medellin.gov.co\/es\/wp-content\/uploads\/2024\/09\/Equipo_ciclismo_lcaldia-5.jpg\" target=\"_blank\" rel=\"noopener\"><img aria-describedby=\"caption-attachment-341430\" loading=\"lazy\" class=\"wp-image-341430 size-large\" src=\"https:\/\/www.medellin.gov.co\/es\/wp-content\/uploads\/2024\/09\/Equipo_ciclismo_lcaldia-5-1024x768.jpg\" alt=\"\" width=\"1024\" height=\"768\" srcset=\"https:\/\/www.medellin.gov.co\/es\/wp-content\/uploads\/2024\/09\/Equipo_ciclismo_lcaldia-5-1024x768.jpg 1024w, https:\/\/www.medellin.gov.co\/es\/wp-content\/uploads\/2024\/09\/Equipo_ciclismo_lcaldia-5-300x225.jpg 300w, https:\/\/www.medellin.gov.co\/es\/wp-content\/uploads\/2024\/09\/Equipo_ciclismo_lcaldia-5-150x113.jpg 150w, https:\/\/www.medellin.gov.co\/es\/wp-content\/uploads\/2024\/09\/Equipo_ciclismo_lcaldia-5-768x576.jpg 768w, https:\/\/www.medellin.gov.co\/es\/wp-content\/uploads\/2024\/09\/Equipo_ciclismo_lcaldia-5.jpg 1137w\" sizes=\"(max-width: 1024px) 100vw, 1024px\" \/><\/a><p id=\"caption-attachment-341430\" class=\"wp-caption-text\">Seleccionado de ciclismo<\/p><\/div>\n<p>\u201cEllos est\u00e1n muy bien preparados este a\u00f1o porque han estado juiciosos con el entrenamiento, le han dedicado m\u00e1s tiempo al deporte, tambi\u00e9n se mejoraron las bicicletas y eso es de gran ayuda\u201d, indica Benjam\u00edn Laverde, entrenador de los servidores del seleccionado de ciclismo.<\/p>\n<p><div class=\"iframe-container\"><iframe title=\"YouTube video player\" src=\"https:\/\/www.youtube.com\/embed\/HfspnTBTvQY?si=6dZGd0FAEouy9K0Y\" width=\"100%\" height=\"350\" frameborder=\"0\" allowfullscreen=\"allowfullscreen\"><span data-mce-type=\"bookmark\" style=\"display: inline-block; width: 0px; overflow: hidden; line-height: 0;\" class=\"mce_SELRES_start\">\ufeff<\/span><\/iframe><\/div><\/p>\n<p>Quienes clasificaron a estos <a href=\"https:\/\/www.medellin.gov.co\/juegosnacionales\" target=\"_blank\" rel=\"noopener\">Juegos Nacionales Deportivos de Servidores P\u00fablicos<\/a> son: Carlos Mario Guar\u00edn Gonz\u00e1lez (Auxiliar Administrativo del <a href=\"https:\/\/www.medellin.gov.co\/es\/departamento-administrativo-de-planeacion\/\" target=\"_blank\" rel=\"noopener\">Departamento Administrativo de Planeaci\u00f3n<\/a>), C\u00e9sar Augusto Guti\u00e9rrez Pimiento (<a href=\"https:\/\/www.medellin.gov.co\/es\/secretaria-de-innovacion-digital\/\" target=\"_blank\" rel=\"noopener\">Profesional Universitario en la Subsecretar\u00eda Servicios de Tecnolog\u00edas de la informaci\u00f3n<\/a>), Mauricio Londo\u00f1o Trujillo (T\u00e9cnico Administrativo en la <a href=\"https:\/\/www.medellin.gov.co\/es\/secretaria-cultura-ciudadana\/\" target=\"_blank\" rel=\"noopener\">Secretaria de Cultura Ciudadana<\/a>), Fabio Alonso G\u00f3ez L\u00f3pez (Profesional Universitario de la <a href=\"https:\/\/www.medellin.gov.co\/es\/secretaria-de-evaluacion-y-control\/\" target=\"_blank\" rel=\"noopener\">Secretar\u00eda de Evaluaci\u00f3n y Control<\/a>) y Nelson Gallego Zapata (Conductor encargado en la <a href=\"https:\/\/www.medellin.gov.co\/es\/secretaria-suministros-y-servicios\/\" target=\"_blank\" rel=\"noopener\">Subsecretar\u00eda de Gesti\u00f3n de Bienes<\/a>). De estos, Mauricio Londo\u00f1o logro ubicarse en el tercer lugar.<\/p>\n<p><strong>Quiere ganar todo<\/strong><\/p>\n<div id=\"attachment_341425\" style=\"width: 1034px\" class=\"wp-caption alignnone\"><a href=\"https:\/\/www.medellin.gov.co\/es\/wp-content\/uploads\/2024\/09\/Equipo_ciclismo_lcaldia-3.jpg\" target=\"_blank\" rel=\"noopener\"><img aria-describedby=\"caption-attachment-341425\" loading=\"lazy\" class=\"wp-image-341425 size-large\" src=\"https:\/\/www.medellin.gov.co\/es\/wp-content\/uploads\/2024\/09\/Equipo_ciclismo_lcaldia-3-1024x682.jpg\" alt=\"\" width=\"1024\" height=\"682\" srcset=\"https:\/\/www.medellin.gov.co\/es\/wp-content\/uploads\/2024\/09\/Equipo_ciclismo_lcaldia-3-1024x682.jpg 1024w, https:\/\/www.medellin.gov.co\/es\/wp-content\/uploads\/2024\/09\/Equipo_ciclismo_lcaldia-3-300x200.jpg 300w, https:\/\/www.medellin.gov.co\/es\/wp-content\/uploads\/2024\/09\/Equipo_ciclismo_lcaldia-3-150x100.jpg 150w, https:\/\/www.medellin.gov.co\/es\/wp-content\/uploads\/2024\/09\/Equipo_ciclismo_lcaldia-3-768x511.jpg 768w, https:\/\/www.medellin.gov.co\/es\/wp-content\/uploads\/2024\/09\/Equipo_ciclismo_lcaldia-3.jpg 1280w\" sizes=\"(max-width: 1024px) 100vw, 1024px\" \/><\/a><p id=\"caption-attachment-341425\" class=\"wp-caption-text\">Carlos Mario Guar\u00edn Gonzalez<\/p><\/div>\n<p>Carlos Mario Guar\u00edn Gonzalez labora en el <a href=\"https:\/\/www.medellin.gov.co\/es\/departamento-administrativo-de-planeacion\/\" target=\"_blank\" rel=\"noopener\">Departamento Administrativo de Planeaci\u00f3n<\/a> debutando en su segunda participaci\u00f3n este a\u00f1o, quien en los Juegos pasados fue el ganador de dos medallas de oro en la etapa crono y de monta\u00f1a. \u201cEste a\u00f1o voy con toda a ganar las\u00a0 cuatro etapas que son ruta, crono, monta\u00f1a y contra reloj por equipos\u201d, cuenta Guar\u00edn, quien aparte de entrenar disciplinadamente para obtener buenos resultados en sus carreras, se prepara mentalmente, psicol\u00f3gicamente y cuidando su alimentaci\u00f3n.<\/p>\n\n\t\t<style type=\"text\/css\">\n\t\t\t#gallery-1 {\n\t\t\t\tmargin: auto;\n\t\t\t}\n\t\t\t#gallery-1 .gallery-item {\n\t\t\t\tfloat: left;\n\t\t\t\tmargin-top: 10px;\n\t\t\t\ttext-align: center;\n\t\t\t\twidth: 50%;\n\t\t\t}\n\t\t\t#gallery-1 img {\n\t\t\t\tborder: 2px solid #cfcfcf;\n\t\t\t}\n\t\t\t#gallery-1 .gallery-caption {\n\t\t\t\tmargin-left: 0;\n\t\t\t}\n\t\t\t\/* see gallery_shortcode() in wp-includes\/media.php *\/\n\t\t<\/style>\n\t\t<div id='gallery-1' class='gallery galleryid-341419 gallery-columns-2 gallery-size-large'><dl class='gallery-item'>\n\t\t\t<dt class='gallery-icon landscape'>\n\t\t\t\t<a href='https:\/\/www.medellin.gov.co\/es\/ciclismo-dia4-1\/'><img width=\"1024\" height=\"683\" src=\"https:\/\/www.medellin.gov.co\/es\/wp-content\/uploads\/2022\/09\/Ciclismo-dia4-1-1024x683.jpg\" class=\"attachment-large size-large\" alt=\"Equipo de Ciclismo. Foto Juan F. Gallego\" loading=\"lazy\" aria-describedby=\"gallery-1-100000\" srcset=\"https:\/\/www.medellin.gov.co\/es\/wp-content\/uploads\/2022\/09\/Ciclismo-dia4-1-1024x683.jpg 1024w, https:\/\/www.medellin.gov.co\/es\/wp-content\/uploads\/2022\/09\/Ciclismo-dia4-1-300x200.jpg 300w, https:\/\/www.medellin.gov.co\/es\/wp-content\/uploads\/2022\/09\/Ciclismo-dia4-1-150x100.jpg 150w, https:\/\/www.medellin.gov.co\/es\/wp-content\/uploads\/2022\/09\/Ciclismo-dia4-1-768x512.jpg 768w, https:\/\/www.medellin.gov.co\/es\/wp-content\/uploads\/2022\/09\/Ciclismo-dia4-1.jpg 1200w\" sizes=\"(max-width: 1024px) 100vw, 1024px\" \/><\/a>\n\t\t\t<\/dt>\n\t\t\t\t<dd class='wp-caption-text gallery-caption' id='gallery-1-100000'>\n\t\t\t\tEquipo de Ciclismo. Foto Juan F. Gallego\n\t\t\t\t<\/dd><\/dl><dl class='gallery-item'>\n\t\t\t<dt class='gallery-icon landscape'>\n\t\t\t\t<a href='https:\/\/www.medellin.gov.co\/es\/sala-de-prensa\/noticias\/la-cosecha-dorada-no-se-detiene-en-la-delegacion-distrital\/ciclismo-dia4-2\/'><img width=\"1024\" height=\"683\" src=\"https:\/\/www.medellin.gov.co\/es\/wp-content\/uploads\/2022\/09\/Ciclismo-dia4-2-1024x683.jpg\" class=\"attachment-large size-large\" alt=\"Equipo de Ciclismo. Foto Juan F. Gallego\" loading=\"lazy\" aria-describedby=\"gallery-1-99996\" srcset=\"https:\/\/www.medellin.gov.co\/es\/wp-content\/uploads\/2022\/09\/Ciclismo-dia4-2-1024x683.jpg 1024w, https:\/\/www.medellin.gov.co\/es\/wp-content\/uploads\/2022\/09\/Ciclismo-dia4-2-300x200.jpg 300w, https:\/\/www.medellin.gov.co\/es\/wp-content\/uploads\/2022\/09\/Ciclismo-dia4-2-150x100.jpg 150w, https:\/\/www.medellin.gov.co\/es\/wp-content\/uploads\/2022\/09\/Ciclismo-dia4-2-768x512.jpg 768w, https:\/\/www.medellin.gov.co\/es\/wp-content\/uploads\/2022\/09\/Ciclismo-dia4-2.jpg 1200w\" sizes=\"(max-width: 1024px) 100vw, 1024px\" \/><\/a>\n\t\t\t<\/dt>\n\t\t\t\t<dd class='wp-caption-text gallery-caption' id='gallery-1-99996'>\n\t\t\t\tEquipo de Ciclismo. Foto Juan F. Gallego\n\t\t\t\t<\/dd><\/dl><br style=\"clear: both\" \/><dl class='gallery-item'>\n\t\t\t<dt class='gallery-icon landscape'>\n\t\t\t\t<a href='https:\/\/www.medellin.gov.co\/es\/sala-de-prensa\/noticias\/el-tercer-dia-de-competencia-le-deja-a-medellin-8-preseas-doradas\/juegosnacionales-dia3-am-2\/'><img width=\"1024\" height=\"683\" src=\"https:\/\/www.medellin.gov.co\/es\/wp-content\/uploads\/2022\/09\/juegosnacionales-dia3-am-2-1024x683.jpg\" class=\"attachment-large size-large\" alt=\"Equipo de Ciclismo. Foto Giovany Reyes.\" loading=\"lazy\" aria-describedby=\"gallery-1-98912\" srcset=\"https:\/\/www.medellin.gov.co\/es\/wp-content\/uploads\/2022\/09\/juegosnacionales-dia3-am-2-1024x683.jpg 1024w, https:\/\/www.medellin.gov.co\/es\/wp-content\/uploads\/2022\/09\/juegosnacionales-dia3-am-2-300x200.jpg 300w, https:\/\/www.medellin.gov.co\/es\/wp-content\/uploads\/2022\/09\/juegosnacionales-dia3-am-2-150x100.jpg 150w, https:\/\/www.medellin.gov.co\/es\/wp-content\/uploads\/2022\/09\/juegosnacionales-dia3-am-2-768x512.jpg 768w, https:\/\/www.medellin.gov.co\/es\/wp-content\/uploads\/2022\/09\/juegosnacionales-dia3-am-2.jpg 1200w\" sizes=\"(max-width: 1024px) 100vw, 1024px\" \/><\/a>\n\t\t\t<\/dt>\n\t\t\t\t<dd class='wp-caption-text gallery-caption' id='gallery-1-98912'>\n\t\t\t\tEquipo de Ciclismo. Foto Giovany Reyes.\n\t\t\t\t<\/dd><\/dl><dl class='gallery-item'>\n\t\t\t<dt class='gallery-icon landscape'>\n\t\t\t\t<a href='https:\/\/www.medellin.gov.co\/es\/sala-de-prensa\/noticias\/la-cosecha-dorada-no-se-detiene-en-la-delegacion-distrital\/ciclismo-dia4-3\/'><img width=\"1024\" height=\"683\" src=\"https:\/\/www.medellin.gov.co\/es\/wp-content\/uploads\/2022\/09\/Ciclismo-dia4-3-1024x683.jpg\" class=\"attachment-large size-large\" alt=\"Equipo de Ciclismo. Foto Juan F. Gallego\" loading=\"lazy\" aria-describedby=\"gallery-1-99997\" srcset=\"https:\/\/www.medellin.gov.co\/es\/wp-content\/uploads\/2022\/09\/Ciclismo-dia4-3-1024x683.jpg 1024w, https:\/\/www.medellin.gov.co\/es\/wp-content\/uploads\/2022\/09\/Ciclismo-dia4-3-300x200.jpg 300w, https:\/\/www.medellin.gov.co\/es\/wp-content\/uploads\/2022\/09\/Ciclismo-dia4-3-150x100.jpg 150w, https:\/\/www.medellin.gov.co\/es\/wp-content\/uploads\/2022\/09\/Ciclismo-dia4-3-768x512.jpg 768w, https:\/\/www.medellin.gov.co\/es\/wp-content\/uploads\/2022\/09\/Ciclismo-dia4-3.jpg 1200w\" sizes=\"(max-width: 1024px) 100vw, 1024px\" \/><\/a>\n\t\t\t<\/dt>\n\t\t\t\t<dd class='wp-caption-text gallery-caption' id='gallery-1-99997'>\n\t\t\t\tEquipo de Ciclismo. Foto Juan F. Gallego\n\t\t\t\t<\/dd><\/dl><br style=\"clear: both\" \/>\n\t\t<\/div>\n\n<p><strong>El orgullo de representar a Medell\u00edn<\/strong><\/p>\n<p>\u201cRepresentar a la Alcald\u00eda de Medell\u00edn es un orgullo muy grande, quedar campe\u00f3n entre tantos competidores y alcald\u00edas es incre\u00edble\u201d, expresa Guar\u00edn, quien se ha convertido en un referente para sus compa\u00f1eros. Ellos le preguntan c\u00f3mo entrena, qu\u00e9 come y qu\u00e9 toma para seguir sus pasos y gracias a su ayuda muchos de ellos han logrado clasificar.<\/p>\n<div id=\"attachment_341431\" style=\"width: 1034px\" class=\"wp-caption alignnone\"><a href=\"https:\/\/www.medellin.gov.co\/es\/wp-content\/uploads\/2024\/09\/ciclismo_juegos_1.jpg\"><img aria-describedby=\"caption-attachment-341431\" loading=\"lazy\" class=\"size-large wp-image-341431\" src=\"https:\/\/www.medellin.gov.co\/es\/wp-content\/uploads\/2024\/09\/ciclismo_juegos_1-1024x680.jpg\" alt=\"Carlos Mario Guar\u00edn Gonzalez\" width=\"1024\" height=\"680\" srcset=\"https:\/\/www.medellin.gov.co\/es\/wp-content\/uploads\/2024\/09\/ciclismo_juegos_1-1024x680.jpg 1024w, https:\/\/www.medellin.gov.co\/es\/wp-content\/uploads\/2024\/09\/ciclismo_juegos_1-300x199.jpg 300w, https:\/\/www.medellin.gov.co\/es\/wp-content\/uploads\/2024\/09\/ciclismo_juegos_1-150x100.jpg 150w, https:\/\/www.medellin.gov.co\/es\/wp-content\/uploads\/2024\/09\/ciclismo_juegos_1-768x510.jpg 768w, https:\/\/www.medellin.gov.co\/es\/wp-content\/uploads\/2024\/09\/ciclismo_juegos_1.jpg 1280w\" sizes=\"(max-width: 1024px) 100vw, 1024px\" \/><\/a><p id=\"caption-attachment-341431\" class=\"wp-caption-text\">Carlos Mario Guar\u00edn Gonzalez<\/p><\/div>\n<p>Por otra parte, Mauricio Londo\u00f1o -quien fue el ganador del tercer puesto en el podio- lleg\u00f3 al seleccionado de ciclismo hace tres a\u00f1os, con sobrepeso y en una bicicleta que no era de ruta si no de trocha. Logr\u00f3 sobrepasar sus propios l\u00edmites e ir creciendo en este equipo, hasta llegar a destacarse entre los mejores.<\/p>\n<p>Su proceso ha sido de una gran constancia y entusiasmo y, sobre todo, de una fuerte disciplina para llegar a competir al nivel de sus compa\u00f1eros que ya iban en un nivel superior.<\/p>\n<div id=\"attachment_341423\" style=\"width: 1034px\" class=\"wp-caption alignnone\"><a href=\"https:\/\/www.medellin.gov.co\/es\/wp-content\/uploads\/2024\/09\/Equipo_ciclismo_lcaldia-2.jpg\"><img aria-describedby=\"caption-attachment-341423\" loading=\"lazy\" class=\"wp-image-341423 size-large\" src=\"https:\/\/www.medellin.gov.co\/es\/wp-content\/uploads\/2024\/09\/Equipo_ciclismo_lcaldia-2-1024x682.jpg\" alt=\"\" width=\"1024\" height=\"682\" srcset=\"https:\/\/www.medellin.gov.co\/es\/wp-content\/uploads\/2024\/09\/Equipo_ciclismo_lcaldia-2-1024x682.jpg 1024w, https:\/\/www.medellin.gov.co\/es\/wp-content\/uploads\/2024\/09\/Equipo_ciclismo_lcaldia-2-300x200.jpg 300w, https:\/\/www.medellin.gov.co\/es\/wp-content\/uploads\/2024\/09\/Equipo_ciclismo_lcaldia-2-150x100.jpg 150w, https:\/\/www.medellin.gov.co\/es\/wp-content\/uploads\/2024\/09\/Equipo_ciclismo_lcaldia-2-768x511.jpg 768w, https:\/\/www.medellin.gov.co\/es\/wp-content\/uploads\/2024\/09\/Equipo_ciclismo_lcaldia-2.jpg 1280w\" sizes=\"(max-width: 1024px) 100vw, 1024px\" \/><\/a><p id=\"caption-attachment-341423\" class=\"wp-caption-text\">Carlos Mario Guar\u00edn Gonzalez<\/p><\/div>\n<p>\u201cSubir al podio es muy dif\u00edcil y la satisfacci\u00f3n y el orgullo de ver tanto sacrificio, las madrugadas a entrenar van dando sus frutos. Agradezco a mi esposa y a mis hijos por tanto apoyo, al seleccionado, al Distrito y al entrenador que siempre est\u00e1n ah\u00ed firmes apoy\u00e1ndonos\u201d, dice Mauricio con gran orgullo y satisfacci\u00f3n.<\/p>\n<div id=\"attachment_341430\" style=\"width: 1034px\" class=\"wp-caption alignnone\"><a href=\"https:\/\/www.medellin.gov.co\/es\/wp-content\/uploads\/2024\/09\/Equipo_ciclismo_lcaldia-5.jpg\" target=\"_blank\" rel=\"noopener\"><img aria-describedby=\"caption-attachment-341430\" loading=\"lazy\" class=\"wp-image-341430 size-large\" src=\"https:\/\/www.medellin.gov.co\/es\/wp-content\/uploads\/2024\/09\/Equipo_ciclismo_lcaldia-5-1024x768.jpg\" alt=\"\" width=\"1024\" height=\"768\" srcset=\"https:\/\/www.medellin.gov.co\/es\/wp-content\/uploads\/2024\/09\/Equipo_ciclismo_lcaldia-5-1024x768.jpg 1024w, https:\/\/www.medellin.gov.co\/es\/wp-content\/uploads\/2024\/09\/Equipo_ciclismo_lcaldia-5-300x225.jpg 300w, https:\/\/www.medellin.gov.co\/es\/wp-content\/uploads\/2024\/09\/Equipo_ciclismo_lcaldia-5-150x113.jpg 150w, https:\/\/www.medellin.gov.co\/es\/wp-content\/uploads\/2024\/09\/Equipo_ciclismo_lcaldia-5-768x576.jpg 768w, https:\/\/www.medellin.gov.co\/es\/wp-content\/uploads\/2024\/09\/Equipo_ciclismo_lcaldia-5.jpg 1137w\" sizes=\"(max-width: 1024px) 100vw, 1024px\" \/><\/a><p id=\"caption-attachment-341430\" class=\"wp-caption-text\">Seleccionado de ciclismo<\/p><\/div>\n<p>En la convocatoria participaron varias entidades como <a href=\"https:\/\/www.medellin.gov.co\/es\/secretaria-de-educacion\/\" target=\"_blank\" rel=\"noopener\">Secretar\u00eda de Educaci\u00f3n<\/a>, <a href=\"https:\/\/www.epm.com.co\/content\/epm\/clientesyusuarios.html\" target=\"_blank\" rel=\"noopener\">Empresas P\u00fablicas de Medell\u00ed<\/a>n y el <a href=\"https:\/\/www.medellin.gov.co\" target=\"_blank\" rel=\"noopener\">Distrito de Ciencia, Tecnolog\u00eda e Innovaci\u00f3n<\/a>.<\/p>\n<blockquote><p>Los seleccionados deportivos y los Juegos Nacionales fomentan la participaci\u00f3n de los servidores, el desarrollo del talento y el fortalecimiento del sentido de identidad y pertenencia entre todos. A trav\u00e9s del apoyo a estos eventos, la alcald\u00eda impulsa el deporte como herramienta de transformaci\u00f3n social, promoviendo valores como la disciplina, el trabajo en equipo y la superaci\u00f3n personal.<\/p><\/blockquote>\n","protected":false},"excerpt":{"rendered":"<p>Son cinco servidores del Distrito de Ciencia, Tecnolog\u00eda e Innovaci\u00f3n de Medell\u00edn, quienes ir\u00e1n a dejarlo todo en la disciplina del ciclismo. Para clasificar, ocho integrantes del seleccionado de ciclismo del Distrito participaron en la &#8230;<\/p>\n","protected":false},"author":17,"featured_media":341427,"comment_status":"open","ping_status":"open","sticky":false,"template":"","format":"standard","meta":[],"categories":[2],"tags":[689],"formato_nota":[],"programas_tax":[],"acf":[],"_links":{"self":[{"href":"https:\/\/www.medellin.gov.co\/es\/wp-json\/wp\/v2\/posts\/341419"}],"collection":[{"href":"https:\/\/www.medellin.gov.co\/es\/wp-json\/wp\/v2\/posts"}],"about":[{"href":"https:\/\/www.medellin.gov.co\/es\/wp-json\/wp\/v2\/types\/post"}],"author":[{"embeddable":true,"href":"https:\/\/www.medellin.gov.co\/es\/wp-json\/wp\/v2\/users\/17"}],"replies":[{"embeddable":true,"href":"https:\/\/www.medellin.gov.co\/es\/wp-json\/wp\/v2\/comments?post=341419"}],"version-history":[{"count":3,"href":"https:\/\/www.medellin.gov.co\/es\/wp-json\/wp\/v2\/posts\/341419\/revisions"}],"predecessor-version":[{"id":342438,"href":"https:\/\/www.medellin.gov.co\/es\/wp-json\/wp\/v2\/posts\/341419\/revisions\/342438"}],"wp:featuredmedia":[{"embeddable":true,"href":"https:\/\/www.medellin.gov.co\/es\/wp-json\/wp\/v2\/media\/341427"}],"wp:attachment":[{"href":"https:\/\/www.medellin.gov.co\/es\/wp-json\/wp\/v2\/media?parent=341419"}],"wp:term":[{"taxonomy":"category","embeddable":true,"href":"https:\/\/www.medellin.gov.co\/es\/wp-json\/wp\/v2\/categories?post=341419"},{"taxonomy":"post_tag","embeddable":true,"href":"https:\/\/www.medellin.gov.co\/es\/wp-json\/wp\/v2\/tags?post=341419"},{"taxonomy":"formato_nota","embeddable":true,"href":"https:\/\/www.medellin.gov.co\/es\/wp-json\/wp\/v2\/formato_nota?post=341419"},{"taxonomy":"programas_tax","embeddable":true,"href":"https:\/\/www.medellin.gov.co\/es\/wp-json\/wp\/v2\/programas_tax?post=341419"}],"curies":[{"name":"wp","href":"https:\/\/api.w.org\/{rel}","templated":true}]}}