{"id":341465,"date":"2024-09-11T12:52:36","date_gmt":"2024-09-11T17:52:36","guid":{"rendered":"https:\/\/www.medellin.gov.co\/es\/?p=341465"},"modified":"2024-09-11T12:52:36","modified_gmt":"2024-09-11T17:52:36","slug":"los-centros-integrales-para-la-familia-se-expanden-para-llegar-a-veredas-alejadas-de-medellin","status":"publish","type":"post","link":"https:\/\/www.medellin.gov.co\/es\/sala-de-prensa\/noticias\/los-centros-integrales-para-la-familia-se-expanden-para-llegar-a-veredas-alejadas-de-medellin\/","title":{"rendered":"Los Centros Integrales para la Familia se expanden para llegar a  veredas alejadas de Medell\u00edn"},"content":{"rendered":"<div class=\"page\" title=\"Page 1\">\n<div class=\"section\">\n<div class=\"layoutArea\">\n<div class=\"column\">\n<ul>\n<li><strong>Esta estrategia se implementara\u0301 en el corregimiento San Sebastia\u0301n de Palmitas para descentralizar y ofrecer cobertura en las zonas de difi\u0301cil acceso.<\/strong><\/li>\n<\/ul>\n<!--[if lt IE 9]><script>document.createElement('audio');<\/script><![endif]-->\n\t<div class=\"wp-playlist wp-audio-playlist wp-playlist-light\">\n\t\t\t<div class=\"wp-playlist-current-item\"><\/div>\n\t\t<audio controls=\"controls\" preload=\"none\" width=\"640\"\n\t\t\t><\/audio>\n\t<div class=\"wp-playlist-next\"><\/div>\n\t<div class=\"wp-playlist-prev\"><\/div>\n\t<noscript>\n\t<ol>\n\t\t<li><a href='https:\/\/www.medellin.gov.co\/es\/wp-content\/uploads\/2024\/09\/Centros-integrales-familia-en-veredas-alejadas-01.mp3'>Palabras de Sandra S\u00e1nchez \u00c1lvarez, secretaria de Inclusi\u00f3n Social y Familia<\/a><\/li><li><a href='https:\/\/www.medellin.gov.co\/es\/wp-content\/uploads\/2024\/09\/Centros-integrales-familia-en-veredas-alejadas-02.mp3'>Palabras de Jorge Arango, habitante del corregimiento de San Sebasti\u00e1n de Palmitas<\/a><\/li>\t<\/ol>\n\t<\/noscript>\n\t<script type=\"application\/json\" class=\"wp-playlist-script\">{\"type\":\"audio\",\"tracklist\":true,\"tracknumbers\":true,\"images\":true,\"artists\":true,\"tracks\":[{\"src\":\"https:\\\/\\\/www.medellin.gov.co\\\/es\\\/wp-content\\\/uploads\\\/2024\\\/09\\\/Centros-integrales-familia-en-veredas-alejadas-01.mp3\",\"type\":\"audio\\\/mpeg\",\"title\":\"Palabras de Sandra S\\u00e1nchez \\u00c1lvarez, secretaria de Inclusi\\u00f3n Social y Familia\",\"caption\":\"\",\"description\":\"\\u00abPalabras de Sandra S\\u00e1nchez \\u00c1lvarez, secretaria de Inclusi\\u00f3n Social y Familia\\u00bb.\",\"meta\":{\"length_formatted\":\"1:02\"},\"image\":{\"src\":\"https:\\\/\\\/www.medellin.gov.co\\\/es\\\/wp-includes\\\/images\\\/media\\\/audio.png\",\"width\":48,\"height\":64},\"thumb\":{\"src\":\"https:\\\/\\\/www.medellin.gov.co\\\/es\\\/wp-includes\\\/images\\\/media\\\/audio.png\",\"width\":48,\"height\":64}},{\"src\":\"https:\\\/\\\/www.medellin.gov.co\\\/es\\\/wp-content\\\/uploads\\\/2024\\\/09\\\/Centros-integrales-familia-en-veredas-alejadas-02.mp3\",\"type\":\"audio\\\/mpeg\",\"title\":\"Palabras de Jorge Arango, habitante del corregimiento de San Sebasti\\u00e1n de Palmitas\",\"caption\":\"\",\"description\":\"\\u00abPalabras de Jorge Arango, habitante del corregimiento de San Sebasti\\u00e1n de Palmitas\\u00bb.\",\"meta\":{\"length_formatted\":\"1:54\"},\"image\":{\"src\":\"https:\\\/\\\/www.medellin.gov.co\\\/es\\\/wp-includes\\\/images\\\/media\\\/audio.png\",\"width\":48,\"height\":64},\"thumb\":{\"src\":\"https:\\\/\\\/www.medellin.gov.co\\\/es\\\/wp-includes\\\/images\\\/media\\\/audio.png\",\"width\":48,\"height\":64}}]}<\/script>\n<\/div>\n\t\n<p>Para lograr una mayor cobertura y llegar a los sitios ma\u0301s alejados de Medelli\u0301n, la Secretari\u0301a de Inclusio\u0301n Social y Familia inicio\u0301 la descentralizacio\u0301n de los servicios de los Centros Integrales para la Familia (CIF), para que la ciudadani\u0301a pueda acceder a los servicios y oportunidad que ofrece el Distrito.<\/p>\n<div id=\"attachment_341646\" style=\"width: 1210px\" class=\"wp-caption aligncenter\"><a href=\"https:\/\/www.medellin.gov.co\/es\/wp-content\/uploads\/2024\/09\/Centros-integrales-familia-en-veredas-alejadas-1.jpg\" target=\"_blank\" rel=\"noopener\"><img aria-describedby=\"caption-attachment-341646\" loading=\"lazy\" class=\"wp-image-341646 size-full\" title=\"Los Centros Integrales para la Familia se expanden para llegar a  veredas alejadas de Medell\u00edn\" src=\"https:\/\/www.medellin.gov.co\/es\/wp-content\/uploads\/2024\/09\/Centros-integrales-familia-en-veredas-alejadas-1.jpg\" alt=\"Los Centros Integrales para la Familia se expanden para llegar a  veredas alejadas de Medell\u00edn\" width=\"1200\" height=\"801\" srcset=\"https:\/\/www.medellin.gov.co\/es\/wp-content\/uploads\/2024\/09\/Centros-integrales-familia-en-veredas-alejadas-1.jpg 1200w, https:\/\/www.medellin.gov.co\/es\/wp-content\/uploads\/2024\/09\/Centros-integrales-familia-en-veredas-alejadas-1-300x200.jpg 300w, https:\/\/www.medellin.gov.co\/es\/wp-content\/uploads\/2024\/09\/Centros-integrales-familia-en-veredas-alejadas-1-1024x684.jpg 1024w, https:\/\/www.medellin.gov.co\/es\/wp-content\/uploads\/2024\/09\/Centros-integrales-familia-en-veredas-alejadas-1-150x100.jpg 150w, https:\/\/www.medellin.gov.co\/es\/wp-content\/uploads\/2024\/09\/Centros-integrales-familia-en-veredas-alejadas-1-768x513.jpg 768w\" sizes=\"(max-width: 1200px) 100vw, 1200px\" \/><\/a><p id=\"caption-attachment-341646\" class=\"wp-caption-text\">Los Centros Integrales para la Familia se expanden para llegar a veredas alejadas de Medell\u00edn &#8211; Foto alcaldia de Medell\u00edn<\/p><\/div>\n<p>\u00ab<em>Nuestro objetivo es acercar actividades de bienestar y salud, entre otros, y fortalecer el contexto de estas familias. Identificar sus realidades y proporcionarles oportunidades es esencial para mejorar sus condiciones de vida<\/em>\u201d, comento\u0301 la secretaria de Inclusio\u0301n Social y Familia, Sandra Sa\u0301nchez A\u0301lvarez.<\/p>\n<p>Los recorridos se realizan en articulacio\u0301n con el centro de salud del corregimiento de San Sebastia\u0301n de Palmitas, cada 15 di\u0301as, llegando a las viviendas para ofrecer a los nu\u0301cleos familiares atencio\u0301n psicosocial, oportunidades de empleo, salud, nutricio\u0301n, educacio\u0301n, entre otros. En estas jornadas se hace un e\u0301nfasis especial en la atencio\u0301n a las personas mayores, personas con discapacidad y la nin\u0303ez.<\/p>\n<div id=\"attachment_341651\" style=\"width: 1210px\" class=\"wp-caption aligncenter\"><a href=\"https:\/\/www.medellin.gov.co\/es\/wp-content\/uploads\/2024\/09\/Centros-integrales-familia-en-veredas-alejadas-2.jpg\" target=\"_blank\" rel=\"noopener\"><img aria-describedby=\"caption-attachment-341651\" loading=\"lazy\" class=\"wp-image-341651 size-full\" title=\"Los Centros Integrales para la Familia se expanden para llegar a  veredas alejadas de Medell\u00edn\" src=\"https:\/\/www.medellin.gov.co\/es\/wp-content\/uploads\/2024\/09\/Centros-integrales-familia-en-veredas-alejadas-2.jpg\" alt=\"Los Centros Integrales para la Familia se expanden para llegar a  veredas alejadas de Medell\u00edn\" width=\"1200\" height=\"742\" srcset=\"https:\/\/www.medellin.gov.co\/es\/wp-content\/uploads\/2024\/09\/Centros-integrales-familia-en-veredas-alejadas-2.jpg 1200w, https:\/\/www.medellin.gov.co\/es\/wp-content\/uploads\/2024\/09\/Centros-integrales-familia-en-veredas-alejadas-2-300x186.jpg 300w, https:\/\/www.medellin.gov.co\/es\/wp-content\/uploads\/2024\/09\/Centros-integrales-familia-en-veredas-alejadas-2-1024x633.jpg 1024w, https:\/\/www.medellin.gov.co\/es\/wp-content\/uploads\/2024\/09\/Centros-integrales-familia-en-veredas-alejadas-2-150x93.jpg 150w, https:\/\/www.medellin.gov.co\/es\/wp-content\/uploads\/2024\/09\/Centros-integrales-familia-en-veredas-alejadas-2-768x475.jpg 768w\" sizes=\"(max-width: 1200px) 100vw, 1200px\" \/><\/a><p id=\"caption-attachment-341651\" class=\"wp-caption-text\">Los Centros Integrales para la Familia se expanden para llegar a veredas alejadas de Medell\u00edn &#8211; Foto alcaldia de Medell\u00edn<\/p><\/div>\n<p>\u201c<em>A nuestros campesinos les resulta complicado llegar al casco urbano. Traer estos beneficios directamente a cada vereda dinamiza y permite que ma\u0301s personas accedan a ellos. Esta iniciativa promueve las actividades que tienen un impacto positivo en los territorios rurales<\/em>\u201d, dijo Jorge Arango, habitante del corregimiento.<\/p>\n<p>Desde la Secretari\u0301a de Inclusio\u0301n Social y Familia se proyecta replicar este modelo en otros corregimientos de la ciudad.<\/p>\n<\/div>\n<\/div>\n<\/div>\n<\/div>\n","protected":false},"excerpt":{"rendered":"<p>Esta estrategia se implementara\u0301 en el corregimiento San Sebastia\u0301n de Palmitas para descentralizar y ofrecer cobertura en las zonas de difi\u0301cil acceso. Para lograr una mayor cobertura y llegar a los sitios ma\u0301s alejados de &#8230;<\/p>\n","protected":false},"author":84,"featured_media":341656,"comment_status":"open","ping_status":"open","sticky":false,"template":"","format":"standard","meta":[],"categories":[1],"tags":[437,455,452],"formato_nota":[],"programas_tax":[],"acf":[],"_links":{"self":[{"href":"https:\/\/www.medellin.gov.co\/es\/wp-json\/wp\/v2\/posts\/341465"}],"collection":[{"href":"https:\/\/www.medellin.gov.co\/es\/wp-json\/wp\/v2\/posts"}],"about":[{"href":"https:\/\/www.medellin.gov.co\/es\/wp-json\/wp\/v2\/types\/post"}],"author":[{"embeddable":true,"href":"https:\/\/www.medellin.gov.co\/es\/wp-json\/wp\/v2\/users\/84"}],"replies":[{"embeddable":true,"href":"https:\/\/www.medellin.gov.co\/es\/wp-json\/wp\/v2\/comments?post=341465"}],"version-history":[{"count":1,"href":"https:\/\/www.medellin.gov.co\/es\/wp-json\/wp\/v2\/posts\/341465\/revisions"}],"predecessor-version":[{"id":341675,"href":"https:\/\/www.medellin.gov.co\/es\/wp-json\/wp\/v2\/posts\/341465\/revisions\/341675"}],"wp:featuredmedia":[{"embeddable":true,"href":"https:\/\/www.medellin.gov.co\/es\/wp-json\/wp\/v2\/media\/341656"}],"wp:attachment":[{"href":"https:\/\/www.medellin.gov.co\/es\/wp-json\/wp\/v2\/media?parent=341465"}],"wp:term":[{"taxonomy":"category","embeddable":true,"href":"https:\/\/www.medellin.gov.co\/es\/wp-json\/wp\/v2\/categories?post=341465"},{"taxonomy":"post_tag","embeddable":true,"href":"https:\/\/www.medellin.gov.co\/es\/wp-json\/wp\/v2\/tags?post=341465"},{"taxonomy":"formato_nota","embeddable":true,"href":"https:\/\/www.medellin.gov.co\/es\/wp-json\/wp\/v2\/formato_nota?post=341465"},{"taxonomy":"programas_tax","embeddable":true,"href":"https:\/\/www.medellin.gov.co\/es\/wp-json\/wp\/v2\/programas_tax?post=341465"}],"curies":[{"name":"wp","href":"https:\/\/api.w.org\/{rel}","templated":true}]}}