{"id":34201,"date":"2020-10-03T00:00:00","date_gmt":"2020-10-03T05:00:00","guid":{"rendered":"https:\/\/www.medellin.gov.co\/es\/saladeprensa\/noticias\/por-primera-vez-medellin-busca-fortalecer-con-enfoque-de-genero-los-manuales-de-convivencia-de-las-instituciones-educativas\/"},"modified":"2022-03-27T22:26:49","modified_gmt":"2022-03-28T03:26:49","slug":"por-primera-vez-medellin-busca-fortalecer-con-enfoque-de-genero-los-manuales-de-convivencia-de-las-instituciones-educativas","status":"publish","type":"post","link":"https:\/\/www.medellin.gov.co\/es\/sala-de-prensa\/noticias\/por-primera-vez-medellin-busca-fortalecer-con-enfoque-de-genero-los-manuales-de-convivencia-de-las-instituciones-educativas\/","title":{"rendered":"Por primera vez, Medell\u00edn busca fortalecer con enfoque de g\u00e9nero los manuales de convivencia de las instituciones educativas"},"content":{"rendered":"<div class=\"wrap contenido\">\n<div class=\"noticia\">\n<div class=\"imagen\">\n<div class=\"divContImageNoticia\" style=\"background-image:url('\/irj\/go\/km\/docs\/galerias\/Imagenes\/Galer\u00eda d\u00eda a d\u00eda 2020\/500_400\/20201003 Foto - Manuales de convivencia con enfoque de g\u00e9nero.jpg')\" rel=\"\/irj\/go\/km\/docs\/galerias\/Imagenes\/Galer\u00eda d\u00eda a d\u00eda 2020\/500_400\/20201003 Foto - Manuales de convivencia con enfoque de g\u00e9nero.jpg\"><span style=\"display:none\"\/><\/div>\n<p>Por primera vez, Medell\u00edn busca fortalecer con enfoque de g\u00e9nero los manuales de convivencia de las instituciones educativas<\/p>\n<p>Fotograf\u00eda Alcald\u00eda de Medell\u00edn<\/p><\/div>\n<p class=\"fecha\"><span>2020-10-03<\/span><\/p>\n<p itemprop=\"name\">Por primera vez, Medell\u00edn busca fortalecer con enfoque de g\u00e9nero los manuales de convivencia de las instituciones educativas<\/p>\n<p>Por Prensa Alcald\u00eda de Medell\u00edn<\/p>\n<div class=\"cuerpo\">\n<p><p>Un total de 229 planteles educativos de Medell&iacute;n recibir&aacute;n un ABC para actualizar con enfoque de g&eacute;nero los manuales de convivencia.&nbsp;&nbsp;<\/p>\n<p><strong><a href=\"\/irj\/go\/km\/docs\/pccdesign\/medellin\/Temas\/EquidadGenero\/Noticias\/Shared Content\/Documentos\/20201003-Sec-Mujeres-Manuales-de-convivencia.mp3\" title=\"Por primera vez, Medell&iacute;n busca fortalecer con enfoque de g&eacute;nero los manuales de convivencia de las instituciones educativas\" target=\"_blank\" rel=\"noopener\"><span style=\"color: #3366ff;\">|| Audio || Palabras de Juliana Mart&iacute;nez Londo&ntilde;o, secretaria de las mujeres.<\/span><\/a><\/strong><\/p>\n<p>En principio, la Alcald&iacute;a de Medell&iacute;n har&aacute; un proceso de sensibilizaci&oacute;n con diez establecimientos, personal de Buen Comienzo y profesionales de instituciones de educaci&oacute;n superior.&nbsp;&nbsp;<\/p>\n<p>Las jornadas tienen como prop&oacute;sito contribuir con la transformaci&oacute;n de estereotipos e imaginarios sexistas y con la prevenci&oacute;n de la discriminaci&oacute;n y las violencias basadas en g&eacute;nero, para as&iacute; promover una cultura de paz.&nbsp;<\/p>\n<p><i>&ldquo;Vamos a impactar a las instituciones educativas para lograr, por primera vez desde la Secretar&iacute;a de las Mujeres, la incorporaci&oacute;n del enfoque de g&eacute;nero en los manuales de convivencia. Para ello, sensibilizaremos a maestros y maestras sobre educaci&oacute;n para la igualdad de g&eacute;nero, construcci&oacute;n de relaciones en equidad, masculinidades no hegem&oacute;nicas, diversidad sexual, acoso y abuso sexual y prevenci&oacute;n del embarazo adolescente&rdquo;,<\/i> dijo la secretaria de las Mujeres, Juliana Mart&iacute;nez Londo&ntilde;o.<\/p>\n<\/p>\n<p><span style=\"display:none\"\/><\/div>\n<div class=\"compartir\">Compartir en: <a title=\"\" href=\"http:\/\/www.facebook.com\/share.php?u=\" class=\"btCompartirFacebook btCompartir\" target=\"_blank\" rel=\"noopener\"><a title=\"\" href=\"http:\/\/twitter.com\/home?status=Haz%20clic%20para%20ver%20esta%20noticia%20en%20\" class=\"btCompartirTwitter btCompartir\"\/><a title=\"\" href=\"whatsapp:\/\/send?text=Haz%20clic%20para%20ver%20esta%20noticia%20en%20\" class=\"btCompartirWa btCompartir\"\/><\/div>\n<\/div>\n<p><script>try{comprobarImagen();fixBtnRedes();hitsMedellin();}catch(e){}<\/script><\/div>\n","protected":false},"excerpt":{"rendered":"<p>Por primera vez, Medell\u00edn busca fortalecer con enfoque de g\u00e9nero los manuales de convivencia de las instituciones educativas Fotograf\u00eda Alcald\u00eda de Medell\u00edn 2020-10-03 Por primera vez, Medell\u00edn busca fortalecer con enfoque de g\u00e9nero los manuales &#8230;<\/p>\n","protected":false},"author":1,"featured_media":57982,"comment_status":"open","ping_status":"open","sticky":false,"template":"","format":"standard","meta":[],"categories":[4,15],"tags":[431,453,455],"formato_nota":[],"programas_tax":[],"acf":[],"_links":{"self":[{"href":"https:\/\/www.medellin.gov.co\/es\/wp-json\/wp\/v2\/posts\/34201"}],"collection":[{"href":"https:\/\/www.medellin.gov.co\/es\/wp-json\/wp\/v2\/posts"}],"about":[{"href":"https:\/\/www.medellin.gov.co\/es\/wp-json\/wp\/v2\/types\/post"}],"author":[{"embeddable":true,"href":"https:\/\/www.medellin.gov.co\/es\/wp-json\/wp\/v2\/users\/1"}],"replies":[{"embeddable":true,"href":"https:\/\/www.medellin.gov.co\/es\/wp-json\/wp\/v2\/comments?post=34201"}],"version-history":[{"count":1,"href":"https:\/\/www.medellin.gov.co\/es\/wp-json\/wp\/v2\/posts\/34201\/revisions"}],"predecessor-version":[{"id":37228,"href":"https:\/\/www.medellin.gov.co\/es\/wp-json\/wp\/v2\/posts\/34201\/revisions\/37228"}],"wp:featuredmedia":[{"embeddable":true,"href":"https:\/\/www.medellin.gov.co\/es\/wp-json\/wp\/v2\/media\/57982"}],"wp:attachment":[{"href":"https:\/\/www.medellin.gov.co\/es\/wp-json\/wp\/v2\/media?parent=34201"}],"wp:term":[{"taxonomy":"category","embeddable":true,"href":"https:\/\/www.medellin.gov.co\/es\/wp-json\/wp\/v2\/categories?post=34201"},{"taxonomy":"post_tag","embeddable":true,"href":"https:\/\/www.medellin.gov.co\/es\/wp-json\/wp\/v2\/tags?post=34201"},{"taxonomy":"formato_nota","embeddable":true,"href":"https:\/\/www.medellin.gov.co\/es\/wp-json\/wp\/v2\/formato_nota?post=34201"},{"taxonomy":"programas_tax","embeddable":true,"href":"https:\/\/www.medellin.gov.co\/es\/wp-json\/wp\/v2\/programas_tax?post=34201"}],"curies":[{"name":"wp","href":"https:\/\/api.w.org\/{rel}","templated":true}]}}