{"id":342035,"date":"2024-09-17T22:25:21","date_gmt":"2024-09-18T03:25:21","guid":{"rendered":"https:\/\/www.medellin.gov.co\/es\/?p=342035"},"modified":"2024-09-23T20:14:01","modified_gmt":"2024-09-24T01:14:01","slug":"en-medellin-hay-un-sueno-llamado-horizontes-2-0","status":"publish","type":"post","link":"https:\/\/www.medellin.gov.co\/es\/sala-de-prensa\/noticias\/en-medellin-hay-un-sueno-llamado-horizontes-2-0\/","title":{"rendered":"En Medell\u00edn hay un sue\u00f1o llamado Horizontes 2.0"},"content":{"rendered":"<blockquote><p><em>La Alcald\u00eda de Medell\u00edn, a trav\u00e9s de <a href=\"https:\/\/rutanmedellin.org\/\" target=\"_blank\" rel=\"noopener\">Ruta N<\/a>, tiene en marcha el <a href=\"https:\/\/www.medellin.gov.co\/es\/sala-de-prensa\/noticias\/el-programa-horizontes-2-0-inicio-la-formacion-de-100-ninas-y-ninos-de-medellin-en-ciencia-e-innovacion\/\" target=\"_blank\" rel=\"noopener\">programa Horizontes 2.0<\/a>, una apuesta\u00a0 para formar, a trav\u00e9s de la ciencia y la innovaci\u00f3n a ni\u00f1os entre los 9 y los 15 a\u00f1os de edad con discapacidad y que tambi\u00e9n pertenecen a poblaci\u00f3n migrante, afro o ind\u00edgenas.<\/em><\/p><\/blockquote>\n<p>Mat\u00edas Arcila Rodr\u00edguez, tiene 11 a\u00f1os y es uno de los beneficiarios del <a href=\"https:\/\/www.medellin.gov.co\/es\/sala-de-prensa\/noticias\/el-programa-horizontes-2-0-inicio-la-formacion-de-100-ninas-y-ninos-de-medellin-en-ciencia-e-innovacion\/\" target=\"_blank\" rel=\"noopener\">programa Horizontes 2.0<\/a>, con el que se espera capacitar, bajo el componente de la ciencia y la innovaci\u00f3n a 100 ni\u00f1os de la ciudad, con edades entre los 9 y los 15 a\u00f1os, que est\u00e9n con discapacidad y que tambi\u00e9n pertenezcan a poblaci\u00f3n migrante, afro o ind\u00edgenas.<\/p>\n<p><div class=\"iframe-container\"><iframe title=\"YouTube video player\" src=\"https:\/\/www.youtube.com\/embed\/xsAoAGyK304?si=fHwbghzFs17YUx3c\" width=\"100%\" height=\"350\" frameborder=\"0\" allowfullscreen=\"allowfullscreen\"><span data-mce-type=\"bookmark\" style=\"display: inline-block; width: 0px; overflow: hidden; line-height: 0;\" class=\"mce_SELRES_start\">\ufeff<\/span><\/iframe><\/div><\/p>\n<p>La <a href=\"https:\/\/www.iefranciscoluis.edu.co\/\" target=\"_blank\" rel=\"noopener\">Instituci\u00f3n Educativa Francisco Luis Hern\u00e1ndez<\/a>, ubicada en el barrio Aranjuez, es el lugar donde cobra vida este proyecto que le da la oportunidad a ni\u00f1os ciegos, sordos y con necesidades especiales de tener un acercamiento a la ciencia y la innovaci\u00f3n, esa misma idea que alg\u00fan d\u00eda fue el sue\u00f1o del fundador, cuyo nombre lleva la Instituci\u00f3n,<\/p>\n<p>Son las 3:00 de la tarde, la clase acaba de empezar, pero esta vez los l\u00e1pices y los cuadernos no son indispensables, solo es necesario observar a los docentes quienes con juegos y actividades divertidas les ense\u00f1an sobre modelaci\u00f3n 3D, sostenibilidad y automatizaci\u00f3n, qu\u00edmica y cosm\u00e9tica. Esta metodolog\u00eda de \u201caprender haciendo\u201d logra captar la atenci\u00f3n de los alumnos durante m\u00e1s tiempo y los hace muy felices.<\/p>\n<p>As\u00ed lo manifiesta Gelen Yumalai Gil de 15 a\u00f1os.<\/p>\n<p><div class=\"iframe-container\"><iframe title=\"YouTube video player\" src=\"https:\/\/www.youtube.com\/embed\/3x43NiedgYA?si=_D_IaV4YGoebhQCP\" width=\"100%\" height=\"350\" frameborder=\"0\" allowfullscreen=\"allowfullscreen\"><span data-mce-type=\"bookmark\" style=\"display: inline-block; width: 0px; overflow: hidden; line-height: 0;\" class=\"mce_SELRES_start\">\ufeff<\/span><\/iframe><\/div><\/p>\n<p>Y es que es importante dejarles a los ni\u00f1os un legado que les permita tener un arte para la vida, un oficio que les brinde la oportunidad de realizarse en un \u00e1mbito profesional, porque el mundo laboral es un terreno competitivo, pero gracias a programas como este, la inclusi\u00f3n cada vez toma m\u00e1s fuerza y desaf\u00eda los l\u00edmites impuestos por una sociedad que no entiende de capacidades diferentes.<\/p>\n<p>Del otro lado del sal\u00f3n, los ni\u00f1os con discapacidad visual escuchan atentamente las indicaciones del docente que les va pasando objetos, y ellos palpando suavemente van identificando formas y texturas, as\u00ed van conociendo el mundo, haci\u00e9ndose una idea de ese lugar en el que habitan y del que los otros hablan porque, aunque sus ojos no perciban todo, sus otros sentidos est\u00e1n agudizados y de esta manera dotan de orden y significado el espacio exterior.<\/p>\n<p><strong>Alan, una historia memorable<\/strong><\/p>\n<div id=\"attachment_340796\" style=\"width: 1034px\" class=\"wp-caption alignnone\"><a href=\"https:\/\/www.medellin.gov.co\/es\/wp-content\/uploads\/2024\/09\/Foto-Alan_1.jpg\"><img aria-describedby=\"caption-attachment-340796\" loading=\"lazy\" class=\"size-large wp-image-340796\" src=\"https:\/\/www.medellin.gov.co\/es\/wp-content\/uploads\/2024\/09\/Foto-Alan_1-1024x680.jpg\" alt=\"\" width=\"1024\" height=\"680\" srcset=\"https:\/\/www.medellin.gov.co\/es\/wp-content\/uploads\/2024\/09\/Foto-Alan_1-1024x680.jpg 1024w, https:\/\/www.medellin.gov.co\/es\/wp-content\/uploads\/2024\/09\/Foto-Alan_1-300x199.jpg 300w, https:\/\/www.medellin.gov.co\/es\/wp-content\/uploads\/2024\/09\/Foto-Alan_1-150x100.jpg 150w, https:\/\/www.medellin.gov.co\/es\/wp-content\/uploads\/2024\/09\/Foto-Alan_1-768x510.jpg 768w, https:\/\/www.medellin.gov.co\/es\/wp-content\/uploads\/2024\/09\/Foto-Alan_1.jpg 1280w\" sizes=\"(max-width: 1024px) 100vw, 1024px\" \/><\/a><p id=\"caption-attachment-340796\" class=\"wp-caption-text\">Alan Mosquera Gamboa<\/p><\/div>\n<p>Alan Mosquera Gamboa es ciego de nacimiento y aunque no conoce el mundo de la misma forma que los dem\u00e1s, su carisma y actitud le han permitido conquistar el coraz\u00f3n de los docentes y dem\u00e1s compa\u00f1eros de la instituci\u00f3n. Con ayuda de su bast\u00f3n va caminando por la vida con una sonrisa, siempre dispuesto a alegrarle el d\u00eda con sus ocurrencias a todos los que tengan la fortuna de encontr\u00e1rselo.<\/p>\n<p><div class=\"iframe-container\"><iframe title=\"YouTube video player\" src=\"https:\/\/www.youtube.com\/embed\/H8kiK4iUBSI?si=VaTy5C_m0W9OUanf\" width=\"100%\" height=\"350\" frameborder=\"0\" allowfullscreen=\"allowfullscreen\"><span data-mce-type=\"bookmark\" style=\"display: inline-block; width: 0px; overflow: hidden; line-height: 0;\" class=\"mce_SELRES_start\">\ufeff<\/span><\/iframe><\/div><\/p>\n<p>Los creadores del <a href=\"https:\/\/www.medellin.gov.co\/es\/sala-de-prensa\/noticias\/el-programa-horizontes-2-0-inicio-la-formacion-de-100-ninas-y-ninos-de-medellin-en-ciencia-e-innovacion\/\" target=\"_blank\" rel=\"noopener\">programa Horizontes 2.0<\/a>, se dieron cuenta que era muy importante incluir a los padres de familia, para que ese inter\u00e9s no se quedara solo en las aulas, sino que fuera llevado a casa y de esta forma las conversaciones giren en torno a los nuevos aprendizajes de sus hijos, as\u00ed lo explic\u00f3 Sorayda Guti\u00e9rrez D\u00edaz, operadora del contrato.<\/p>\n<div id=\"attachment_340799\" style=\"width: 1034px\" class=\"wp-caption alignnone\"><a href=\"https:\/\/www.medellin.gov.co\/es\/wp-content\/uploads\/2024\/09\/Foto-Sorayda.jpg\" target=\"_blank\" rel=\"noopener\"><img aria-describedby=\"caption-attachment-340799\" loading=\"lazy\" class=\"wp-image-340799 size-large\" src=\"https:\/\/www.medellin.gov.co\/es\/wp-content\/uploads\/2024\/09\/Foto-Sorayda-1024x768.jpg\" alt=\"\" width=\"1024\" height=\"768\" srcset=\"https:\/\/www.medellin.gov.co\/es\/wp-content\/uploads\/2024\/09\/Foto-Sorayda-1024x768.jpg 1024w, https:\/\/www.medellin.gov.co\/es\/wp-content\/uploads\/2024\/09\/Foto-Sorayda-300x225.jpg 300w, https:\/\/www.medellin.gov.co\/es\/wp-content\/uploads\/2024\/09\/Foto-Sorayda-150x113.jpg 150w, https:\/\/www.medellin.gov.co\/es\/wp-content\/uploads\/2024\/09\/Foto-Sorayda-768x576.jpg 768w, https:\/\/www.medellin.gov.co\/es\/wp-content\/uploads\/2024\/09\/Foto-Sorayda.jpg 1137w\" sizes=\"(max-width: 1024px) 100vw, 1024px\" \/><\/a><p id=\"caption-attachment-340799\" class=\"wp-caption-text\">Sorayda Guti\u00e9rrez D\u00edaz<\/p><\/div>\n<p>Sorayda tambi\u00e9n hizo \u00e9nfasis en un punto de vital importancia: la desescolarizaci\u00f3n de ni\u00f1os y ni\u00f1as es m\u00e1s incidente en poblaciones con alg\u00fan tipo de discapacidad y precisamente, en aras de garantizar la permanencia en la instituci\u00f3n, el primer encuentro del programa fue con los padres de familia; all\u00ed se les habl\u00f3 de la importancia de acompa\u00f1ar el aprendizaje de los ni\u00f1os y de continuar con las actividades desarrolladas en clase.<\/p>\n<div id=\"attachment_340794\" style=\"width: 1034px\" class=\"wp-caption alignnone\"><a href=\"https:\/\/www.medellin.gov.co\/es\/wp-content\/uploads\/2024\/09\/Ninos-felices.jpg\" target=\"_blank\" rel=\"noopener\"><img aria-describedby=\"caption-attachment-340794\" loading=\"lazy\" class=\"wp-image-340794 size-large\" src=\"https:\/\/www.medellin.gov.co\/es\/wp-content\/uploads\/2024\/09\/Ninos-felices-1024x578.jpg\" alt=\"Programa Horizontes 2.0\" width=\"1024\" height=\"578\" srcset=\"https:\/\/www.medellin.gov.co\/es\/wp-content\/uploads\/2024\/09\/Ninos-felices-1024x578.jpg 1024w, https:\/\/www.medellin.gov.co\/es\/wp-content\/uploads\/2024\/09\/Ninos-felices-300x169.jpg 300w, https:\/\/www.medellin.gov.co\/es\/wp-content\/uploads\/2024\/09\/Ninos-felices-150x85.jpg 150w, https:\/\/www.medellin.gov.co\/es\/wp-content\/uploads\/2024\/09\/Ninos-felices-768x433.jpg 768w, https:\/\/www.medellin.gov.co\/es\/wp-content\/uploads\/2024\/09\/Ninos-felices.jpg 1280w\" sizes=\"(max-width: 1024px) 100vw, 1024px\" \/><\/a><p id=\"caption-attachment-340794\" class=\"wp-caption-text\">Programa Horizontes 2.0<\/p><\/div>\n<p>Tambi\u00e9n se habl\u00f3 en un primer momento sobre llevar el programa como clases extracurriculares, pero r\u00e1pidamente se articul\u00f3 con las \u00e1reas de Ciencias Sociales y Emprendimiento, y as\u00ed ha logrado despertar de forma m\u00e1s eficiente el inter\u00e9s de los ni\u00f1os en las clases.<\/p>\n<p>Y es que las clases no son como cualquier otra, son did\u00e1cticas, cargadas de actividades l\u00fadicas, de experimentos, de jugar y vivir la ciencia. As\u00ed descubri\u00f3 el equipo de <a href=\"https:\/\/rutanmedellin.org\/\" target=\"_blank\" rel=\"noopener\">Ruta N<\/a> que era la mejor forma de aprender.<\/p>\n\n\t\t<style type=\"text\/css\">\n\t\t\t#gallery-1 {\n\t\t\t\tmargin: auto;\n\t\t\t}\n\t\t\t#gallery-1 .gallery-item {\n\t\t\t\tfloat: left;\n\t\t\t\tmargin-top: 10px;\n\t\t\t\ttext-align: center;\n\t\t\t\twidth: 50%;\n\t\t\t}\n\t\t\t#gallery-1 img {\n\t\t\t\tborder: 2px solid #cfcfcf;\n\t\t\t}\n\t\t\t#gallery-1 .gallery-caption {\n\t\t\t\tmargin-left: 0;\n\t\t\t}\n\t\t\t\/* see gallery_shortcode() in wp-includes\/media.php *\/\n\t\t<\/style>\n\t\t<div id='gallery-1' class='gallery galleryid-342035 gallery-columns-2 gallery-size-large'><dl class='gallery-item'>\n\t\t\t<dt class='gallery-icon landscape'>\n\t\t\t\t<a href='https:\/\/www.medellin.gov.co\/es\/sala-de-prensa\/noticias\/en-medellin-se-tejen-hogares-desde-el-amor\/grupo\/'><img width=\"1024\" height=\"768\" src=\"https:\/\/www.medellin.gov.co\/es\/wp-content\/uploads\/2024\/09\/Grupo-1024x768.jpg\" class=\"attachment-large size-large\" alt=\"Programa Horizontes 2.0\" loading=\"lazy\" aria-describedby=\"gallery-1-340801\" srcset=\"https:\/\/www.medellin.gov.co\/es\/wp-content\/uploads\/2024\/09\/Grupo-1024x768.jpg 1024w, https:\/\/www.medellin.gov.co\/es\/wp-content\/uploads\/2024\/09\/Grupo-300x225.jpg 300w, https:\/\/www.medellin.gov.co\/es\/wp-content\/uploads\/2024\/09\/Grupo-150x113.jpg 150w, https:\/\/www.medellin.gov.co\/es\/wp-content\/uploads\/2024\/09\/Grupo-768x576.jpg 768w, https:\/\/www.medellin.gov.co\/es\/wp-content\/uploads\/2024\/09\/Grupo.jpg 1137w\" sizes=\"(max-width: 1024px) 100vw, 1024px\" \/><\/a>\n\t\t\t<\/dt>\n\t\t\t\t<dd class='wp-caption-text gallery-caption' id='gallery-1-340801'>\n\t\t\t\tPrograma Horizontes 2.0\n\t\t\t\t<\/dd><\/dl><dl class='gallery-item'>\n\t\t\t<dt class='gallery-icon landscape'>\n\t\t\t\t<a href='https:\/\/www.medellin.gov.co\/es\/sala-de-prensa\/noticias\/en-medellin-se-tejen-hogares-desde-el-amor\/nino-precioso\/'><img width=\"1024\" height=\"768\" src=\"https:\/\/www.medellin.gov.co\/es\/wp-content\/uploads\/2024\/09\/Nino-precioso-1024x768.jpg\" class=\"attachment-large size-large\" alt=\"Programa Horizontes 2.0\" loading=\"lazy\" aria-describedby=\"gallery-1-340804\" srcset=\"https:\/\/www.medellin.gov.co\/es\/wp-content\/uploads\/2024\/09\/Nino-precioso-1024x768.jpg 1024w, https:\/\/www.medellin.gov.co\/es\/wp-content\/uploads\/2024\/09\/Nino-precioso-300x225.jpg 300w, https:\/\/www.medellin.gov.co\/es\/wp-content\/uploads\/2024\/09\/Nino-precioso-150x113.jpg 150w, https:\/\/www.medellin.gov.co\/es\/wp-content\/uploads\/2024\/09\/Nino-precioso-768x576.jpg 768w, https:\/\/www.medellin.gov.co\/es\/wp-content\/uploads\/2024\/09\/Nino-precioso.jpg 1137w\" sizes=\"(max-width: 1024px) 100vw, 1024px\" \/><\/a>\n\t\t\t<\/dt>\n\t\t\t\t<dd class='wp-caption-text gallery-caption' id='gallery-1-340804'>\n\t\t\t\tPrograma Horizontes 2.0\n\t\t\t\t<\/dd><\/dl><br style=\"clear: both\" \/>\n\t\t<\/div>\n\n<p>En un proyecto pasado llamado <a href=\"https:\/\/www.saldarriagaconcha.org\/inclusteam-da-esperanzas-a-personas-con-discapacidad-intelectual-al-descubrir-y-potenciar-sus-habilidades\/\" target=\"_blank\" rel=\"noopener\">INCLUSTEAM<\/a>, se form\u00f3 a 25 personas con discapacidad en habilidades <a href=\"https:\/\/store.steampowered.com\/?l=spanish\" target=\"_blank\" rel=\"noopener\">STEAM: (Ciencia, Tecnolog\u00eda, Ingenier\u00eda, Arte y Matem\u00e1tica)<\/a> para visibilizar las capacidades de las personas con discapacidad y acercarlos a la econom\u00eda del conocimiento y de esta forma puedan acceder a un empleo y generar ingresos.<\/p>\n<p><strong>Los obst\u00e1culos est\u00e1n para vencerlos<\/strong><\/p>\n<div id=\"attachment_340798\" style=\"width: 1034px\" class=\"wp-caption alignnone\"><a href=\"https:\/\/www.medellin.gov.co\/es\/wp-content\/uploads\/2024\/09\/Foto-Michelle.jpg\" target=\"_blank\" rel=\"noopener\"><img aria-describedby=\"caption-attachment-340798\" loading=\"lazy\" class=\"wp-image-340798 size-large\" src=\"https:\/\/www.medellin.gov.co\/es\/wp-content\/uploads\/2024\/09\/Foto-Michelle-1024x768.jpg\" alt=\"\" width=\"1024\" height=\"768\" srcset=\"https:\/\/www.medellin.gov.co\/es\/wp-content\/uploads\/2024\/09\/Foto-Michelle-1024x768.jpg 1024w, https:\/\/www.medellin.gov.co\/es\/wp-content\/uploads\/2024\/09\/Foto-Michelle-300x225.jpg 300w, https:\/\/www.medellin.gov.co\/es\/wp-content\/uploads\/2024\/09\/Foto-Michelle-150x113.jpg 150w, https:\/\/www.medellin.gov.co\/es\/wp-content\/uploads\/2024\/09\/Foto-Michelle-768x576.jpg 768w, https:\/\/www.medellin.gov.co\/es\/wp-content\/uploads\/2024\/09\/Foto-Michelle.jpg 1137w\" sizes=\"(max-width: 1024px) 100vw, 1024px\" \/><\/a><p id=\"caption-attachment-340798\" class=\"wp-caption-text\">Michelle Andrea Ortiz Orozco<\/p><\/div>\n<p>De esta forma conocieron a Michelle Andrea Ortiz Orozco, quien primero fue alumna en <a href=\"https:\/\/www.saldarriagaconcha.org\/inclusteam-da-esperanzas-a-personas-con-discapacidad-intelectual-al-descubrir-y-potenciar-sus-habilidades\/\" target=\"_blank\" rel=\"noopener\">INCLUSTEAM<\/a> y ahora es docente y una inspiraci\u00f3n a seguir para ni\u00f1os y ni\u00f1as sordos, ciegos o con necesidades especiales en el aprendizaje.<\/p>\n<p><div class=\"iframe-container\"><iframe title=\"YouTube video player\" src=\"https:\/\/www.youtube.com\/embed\/4L4JEUGVi-Q?si=ytS1AEr6xQXxyyvD\" width=\"100%\" height=\"350\" frameborder=\"0\" allowfullscreen=\"allowfullscreen\"><span data-mce-type=\"bookmark\" style=\"display: inline-block; width: 0px; overflow: hidden; line-height: 0;\" class=\"mce_SELRES_start\">\ufeff<\/span><\/iframe><\/div><\/p>\n<p>El <a href=\"https:\/\/www.medellin.gov.co\/es\/sala-de-prensa\/noticias\/el-programa-horizontes-2-0-inicio-la-formacion-de-100-ninas-y-ninos-de-medellin-en-ciencia-e-innovacion\/\" target=\"_blank\" rel=\"noopener\">programa Horizontes 2.0<\/a>,\u00a0 tiene una duraci\u00f3n de tres meses y espera impactar a cada ni\u00f1o en lo m\u00e1s profundo de su ser, porque los docentes brindan un acompa\u00f1amiento integral a los ni\u00f1os.<\/p>\n<p>No solo se trabaja mente y cuerpo sino tambi\u00e9n su alma, un idioma que no tiene voz, ni ojos pero que es capaz de hacer sentir cualquier emoci\u00f3n que lo atreviese.<\/p>\n","protected":false},"excerpt":{"rendered":"<p>La Alcald\u00eda de Medell\u00edn, a trav\u00e9s de Ruta N, tiene en marcha el programa Horizontes 2.0, una apuesta\u00a0 para formar, a trav\u00e9s de la ciencia y la innovaci\u00f3n a ni\u00f1os entre los 9 y los &#8230;<\/p>\n","protected":false},"author":17,"featured_media":340800,"comment_status":"open","ping_status":"open","sticky":false,"template":"","format":"standard","meta":[],"categories":[17],"tags":[634,449],"formato_nota":[],"programas_tax":[],"acf":[],"_links":{"self":[{"href":"https:\/\/www.medellin.gov.co\/es\/wp-json\/wp\/v2\/posts\/342035"}],"collection":[{"href":"https:\/\/www.medellin.gov.co\/es\/wp-json\/wp\/v2\/posts"}],"about":[{"href":"https:\/\/www.medellin.gov.co\/es\/wp-json\/wp\/v2\/types\/post"}],"author":[{"embeddable":true,"href":"https:\/\/www.medellin.gov.co\/es\/wp-json\/wp\/v2\/users\/17"}],"replies":[{"embeddable":true,"href":"https:\/\/www.medellin.gov.co\/es\/wp-json\/wp\/v2\/comments?post=342035"}],"version-history":[{"count":3,"href":"https:\/\/www.medellin.gov.co\/es\/wp-json\/wp\/v2\/posts\/342035\/revisions"}],"predecessor-version":[{"id":346603,"href":"https:\/\/www.medellin.gov.co\/es\/wp-json\/wp\/v2\/posts\/342035\/revisions\/346603"}],"wp:featuredmedia":[{"embeddable":true,"href":"https:\/\/www.medellin.gov.co\/es\/wp-json\/wp\/v2\/media\/340800"}],"wp:attachment":[{"href":"https:\/\/www.medellin.gov.co\/es\/wp-json\/wp\/v2\/media?parent=342035"}],"wp:term":[{"taxonomy":"category","embeddable":true,"href":"https:\/\/www.medellin.gov.co\/es\/wp-json\/wp\/v2\/categories?post=342035"},{"taxonomy":"post_tag","embeddable":true,"href":"https:\/\/www.medellin.gov.co\/es\/wp-json\/wp\/v2\/tags?post=342035"},{"taxonomy":"formato_nota","embeddable":true,"href":"https:\/\/www.medellin.gov.co\/es\/wp-json\/wp\/v2\/formato_nota?post=342035"},{"taxonomy":"programas_tax","embeddable":true,"href":"https:\/\/www.medellin.gov.co\/es\/wp-json\/wp\/v2\/programas_tax?post=342035"}],"curies":[{"name":"wp","href":"https:\/\/api.w.org\/{rel}","templated":true}]}}