{"id":34205,"date":"2020-01-03T00:00:00","date_gmt":"2020-01-03T05:00:00","guid":{"rendered":"https:\/\/www.medellin.gov.co\/es\/saladeprensa\/noticias\/dagrd-hace-recomendaciones-para-segunda-temporada-seca\/"},"modified":"2022-03-27T22:26:54","modified_gmt":"2022-03-28T03:26:54","slug":"dagrd-hace-recomendaciones-para-segunda-temporada-seca","status":"publish","type":"post","link":"https:\/\/www.medellin.gov.co\/es\/sala-de-prensa\/noticias\/dagrd-hace-recomendaciones-para-segunda-temporada-seca\/","title":{"rendered":"DAGRD hace recomendaciones para segunda temporada seca"},"content":{"rendered":"<div class=\"wrap contenido\">\n<div class=\"noticia\">\n<div class=\"imagen\">\n<div class=\"divContImageNoticia\" style=\"background-image:url('\/irj\/go\/km\/docs\/galerias\/Imagenes\/Panor\u00e1micas de ciudad y sitios de inter\u00e9s\/500_400\/05.23.2016parquedebolivar1.jpg')\" rel=\"\/irj\/go\/km\/docs\/galerias\/Imagenes\/Panor\u00e1micas de ciudad y sitios de inter\u00e9s\/500_400\/05.23.2016parquedebolivar1.jpg\"><span style=\"display:none\"\/><\/div>\n<p>El Parque de Bol\u00edvar, es un parque urbano ubicado en plena zona c\u00e9ntrica de la ciudad; Comuna 10 &#8211; La Candelaria. Fue inaugurado en 1892 y denominado as\u00ed en homenaje al libertador Sim\u00f3n Bol\u00edvar.<\/p>\n<p>medellin.travel<\/p><\/div>\n<p class=\"fecha\"><span>2020-01-03<\/span><\/p>\n<p itemprop=\"name\">DAGRD hace recomendaciones para segunda temporada seca<\/p>\n<p>Por DAGRD<\/p>\n<div class=\"cuerpo\">\n<p><p>&bull; Durante el 2019 el Cuerpo Oficial de Bomberos Medell&iacute;n atendi&oacute; 325 incendios forestales.<br \/>&bull; 6 de estos incendios han sido causados por globos de mecha incandescente.<br \/>&bull; Durante el 2019 el DAGRD, atendi&oacute; 13.214 llamadas de emergencia a trav&eacute;s de la l&iacute;nea 123.<\/p>\n<p>Alcald&iacute;a de Medell&iacute;n hace un llamado ciudadano para evitar incendios durante la temporada seca.<\/p>\n<p>Ante el notable aumento de las temperaturas, al Alcald&iacute;a de Medell&iacute;n a trav&eacute;s del Departamento Administrativo de Gesti&oacute;n del Riesgo de Desastres -DAGRD- hace un llamado a la comunidad para que est&eacute; atenta al riesgo de incendios forestales que se pueden generar en la ciudad en el inicio de temporada seca.<\/p>\n<p>En 2019 el Cuerpo Oficial de Bomberos Medell&iacute;n&nbsp; atendi&oacute; 1524 incendios, de los cuales 325 fueron&nbsp; forestales, 615 estructurales, 142 vehiculares y 442 quemas en sitio p&uacute;blico.<br \/>&nbsp;<br \/>Es com&uacute;n en esta &eacute;poca, realizar fogones y quemas en v&iacute;a p&uacute;blica, salidas de campo a bosques y monta&ntilde;as, tenga presente las siguientes recomendaciones para evitar incendios:<\/p>\n<p>&#8211; Evite elevar globos de mecha incandescente, tienen alta probabilidad de generar incendios.<br \/>&#8211; Evite encender fogatas al salir de paseo o al ir de excursi&oacute;n a cualquiera de los cerros tutelares o zonas boscosas de los corregimientos, si as&iacute; lo hace, verifique hasta apagarlo completamente.<br \/>&#8211; Si sale de caminata a zona rural evite arrojar elementos como: colillas de cigarrillo encendidas, vidrio y\/o material combustible.<br \/>&#8211; Recuerde que est&aacute;n prohibidas las quemas de vegetaci&oacute;n en zonas boscosas.<br \/>&#8211; Disponga adecuadamente de los residuos vegetales y evite eliminarlos utilizando fuego.<br \/>&#8211; Al salir de casa evite dejar veladoras encendidas, esto puede generar incendios.<br \/>&#8211; Al salir de casa desconecte las instalaciones navide&ntilde;as.<br \/>&#8211; Si va a encender una chimenea tenga mucho cuidado con los objetos que hay a su alrededor: cortinas, camas y nocheros, estos elementos al hacer contacto con las llamas pueden propagar el fuego.<br \/>&#8211; Al salir de su vivienda revise que las llaves de agua, pipetas y gas domiciliario se encuentren totalmente cerradas.<br \/>&#8211; Si sale de su casa no deje electrodom&eacute;sticos conectados o encendidos.<br \/>&#8211; Si observa fuego en zonas boscosas, a&uacute;n cuando este sea de peque&ntilde;as proporciones, reporte de inmediato al N&uacute;mero &Uacute;nico de Seguridad y Emergencias 123.<\/p>\n<\/p>\n<p><span style=\"display:none\"\/><\/div>\n<div class=\"compartir\">Compartir en: <a title=\"\" href=\"http:\/\/www.facebook.com\/share.php?u=\" class=\"btCompartirFacebook btCompartir\" target=\"_blank\" rel=\"noopener\"><a title=\"\" href=\"http:\/\/twitter.com\/home?status=Haz%20clic%20para%20ver%20esta%20noticia%20en%20\" class=\"btCompartirTwitter btCompartir\"\/><a title=\"\" href=\"whatsapp:\/\/send?text=Haz%20clic%20para%20ver%20esta%20noticia%20en%20\" class=\"btCompartirWa btCompartir\"\/><\/div>\n<\/div>\n<p><script>try{comprobarImagen();fixBtnRedes();hitsMedellin();}catch(e){}<\/script><\/div>\n","protected":false},"excerpt":{"rendered":"<p>El Parque de Bol\u00edvar, es un parque urbano ubicado en plena zona c\u00e9ntrica de la ciudad; Comuna 10 &#8211; La Candelaria. Fue inaugurado en 1892 y denominado as\u00ed en homenaje al libertador Sim\u00f3n Bol\u00edvar. medellin.travel &#8230;<\/p>\n","protected":false},"author":1,"featured_media":57989,"comment_status":"open","ping_status":"open","sticky":false,"template":"","format":"standard","meta":[],"categories":[30,13],"tags":[435],"formato_nota":[],"programas_tax":[],"acf":[],"_links":{"self":[{"href":"https:\/\/www.medellin.gov.co\/es\/wp-json\/wp\/v2\/posts\/34205"}],"collection":[{"href":"https:\/\/www.medellin.gov.co\/es\/wp-json\/wp\/v2\/posts"}],"about":[{"href":"https:\/\/www.medellin.gov.co\/es\/wp-json\/wp\/v2\/types\/post"}],"author":[{"embeddable":true,"href":"https:\/\/www.medellin.gov.co\/es\/wp-json\/wp\/v2\/users\/1"}],"replies":[{"embeddable":true,"href":"https:\/\/www.medellin.gov.co\/es\/wp-json\/wp\/v2\/comments?post=34205"}],"version-history":[{"count":1,"href":"https:\/\/www.medellin.gov.co\/es\/wp-json\/wp\/v2\/posts\/34205\/revisions"}],"predecessor-version":[{"id":37232,"href":"https:\/\/www.medellin.gov.co\/es\/wp-json\/wp\/v2\/posts\/34205\/revisions\/37232"}],"wp:featuredmedia":[{"embeddable":true,"href":"https:\/\/www.medellin.gov.co\/es\/wp-json\/wp\/v2\/media\/57989"}],"wp:attachment":[{"href":"https:\/\/www.medellin.gov.co\/es\/wp-json\/wp\/v2\/media?parent=34205"}],"wp:term":[{"taxonomy":"category","embeddable":true,"href":"https:\/\/www.medellin.gov.co\/es\/wp-json\/wp\/v2\/categories?post=34205"},{"taxonomy":"post_tag","embeddable":true,"href":"https:\/\/www.medellin.gov.co\/es\/wp-json\/wp\/v2\/tags?post=34205"},{"taxonomy":"formato_nota","embeddable":true,"href":"https:\/\/www.medellin.gov.co\/es\/wp-json\/wp\/v2\/formato_nota?post=34205"},{"taxonomy":"programas_tax","embeddable":true,"href":"https:\/\/www.medellin.gov.co\/es\/wp-json\/wp\/v2\/programas_tax?post=34205"}],"curies":[{"name":"wp","href":"https:\/\/api.w.org\/{rel}","templated":true}]}}