{"id":342577,"date":"2024-09-13T16:27:48","date_gmt":"2024-09-13T21:27:48","guid":{"rendered":"https:\/\/www.medellin.gov.co\/es\/?p=342577"},"modified":"2024-09-13T18:18:14","modified_gmt":"2024-09-13T23:18:14","slug":"queremos-que-lleven-al-equipo-medellin-en-sus-hombros-y-en-sus-espaldas-natalia-ramirez-secretaria-de-gestion-humana","status":"publish","type":"post","link":"https:\/\/www.medellin.gov.co\/es\/sala-de-prensa\/noticias\/queremos-que-lleven-al-equipo-medellin-en-sus-hombros-y-en-sus-espaldas-natalia-ramirez-secretaria-de-gestion-humana\/","title":{"rendered":"\u00abQueremos que lleven al Equipo Medell\u00edn en sus hombros y en sus espaldas\u201d: Natalia Ram\u00edrez, secretaria de Gesti\u00f3n Humana"},"content":{"rendered":"<blockquote><p><em>En un sencillo acto realizado en el piso quinto de la Alcald\u00eda de Medell\u00edn, se entreg\u00f3 la bandera a la representaci\u00f3n que por nuestra ciudad estar\u00e1 compitiendo en los <a href=\"https:\/\/www.medellin.gov.co\/juegosnacionales\" target=\"_blank\" rel=\"noopener\">Juegos Nacionales Deportivos de Servidores P\u00fablicos<\/a> que tendr\u00e1n lugar en <a href=\"https:\/\/colombia.travel\/es\/barranquilla\" target=\"_blank\" rel=\"noopener\">Barranquilla<\/a>. All\u00ed se establecieron los compromisos de los deportistas y se dej\u00f3 claro que el objetivo es representar con decoro a nuestra ciudad y traerse el t\u00edtulo n\u00famero 14 de esas justas deportivas para nuestra capital.<\/em><\/p><\/blockquote>\n<p>A pocas horas de emprender el periplo que llevar\u00e1 a 225 integrantes de la delegaci\u00f3n de la <a href=\"https:\/\/www.medellin.gov.co\" target=\"_blank\" rel=\"noopener\">Alcald\u00eda de Medell\u00edn<\/a> a <a href=\"https:\/\/colombia.travel\/es\/barranquilla\" target=\"_blank\" rel=\"noopener\">Barranquilla<\/a> -la capital del Atl\u00e1ntico- para defender el t\u00edtulo de los <a href=\"https:\/\/www.medellin.gov.co\/juegosnacionales\" target=\"_blank\" rel=\"noopener\">XXII Juegos Nacionales Deportivos de Servidores P\u00fablicos<\/a>, 35 representantes que participar\u00e1n en estas justas recibieron la bandera que los acredita como los delegados para portar este s\u00edmbolo con respeto, \u00e9tica,\u00a0 responsabilidad y compromiso deportivo.<\/p>\n\n\t\t<style type=\"text\/css\">\n\t\t\t#gallery-1 {\n\t\t\t\tmargin: auto;\n\t\t\t}\n\t\t\t#gallery-1 .gallery-item {\n\t\t\t\tfloat: left;\n\t\t\t\tmargin-top: 10px;\n\t\t\t\ttext-align: center;\n\t\t\t\twidth: 50%;\n\t\t\t}\n\t\t\t#gallery-1 img {\n\t\t\t\tborder: 2px solid #cfcfcf;\n\t\t\t}\n\t\t\t#gallery-1 .gallery-caption {\n\t\t\t\tmargin-left: 0;\n\t\t\t}\n\t\t\t\/* see gallery_shortcode() in wp-includes\/media.php *\/\n\t\t<\/style>\n\t\t<div id='gallery-1' class='gallery galleryid-342577 gallery-columns-2 gallery-size-large'><dl class='gallery-item'>\n\t\t\t<dt class='gallery-icon landscape'>\n\t\t\t\t<a href='https:\/\/www.medellin.gov.co\/es\/sala-de-prensa\/noticias\/queremos-que-lleven-al-equipo-medellin-en-sus-hombros-y-en-sus-espaldas-natalia-ramirez-secretaria-de-gestion-humana\/entrega_bandera-7\/'><img width=\"1024\" height=\"682\" src=\"https:\/\/www.medellin.gov.co\/es\/wp-content\/uploads\/2024\/09\/Entrega_Bandera-7-1024x682.jpg\" class=\"attachment-large size-large\" alt=\"Entrega bandera Equipo Medell\u00edn\" loading=\"lazy\" aria-describedby=\"gallery-1-342685\" srcset=\"https:\/\/www.medellin.gov.co\/es\/wp-content\/uploads\/2024\/09\/Entrega_Bandera-7-1024x682.jpg 1024w, https:\/\/www.medellin.gov.co\/es\/wp-content\/uploads\/2024\/09\/Entrega_Bandera-7-300x200.jpg 300w, https:\/\/www.medellin.gov.co\/es\/wp-content\/uploads\/2024\/09\/Entrega_Bandera-7-150x100.jpg 150w, https:\/\/www.medellin.gov.co\/es\/wp-content\/uploads\/2024\/09\/Entrega_Bandera-7-768x512.jpg 768w, https:\/\/www.medellin.gov.co\/es\/wp-content\/uploads\/2024\/09\/Entrega_Bandera-7.jpg 1280w\" sizes=\"(max-width: 1024px) 100vw, 1024px\" \/><\/a>\n\t\t\t<\/dt>\n\t\t\t\t<dd class='wp-caption-text gallery-caption' id='gallery-1-342685'>\n\t\t\t\tEntrega bandera Equipo Medell\u00edn\n\t\t\t\t<\/dd><\/dl><dl class='gallery-item'>\n\t\t\t<dt class='gallery-icon landscape'>\n\t\t\t\t<a href='https:\/\/www.medellin.gov.co\/es\/sala-de-prensa\/noticias\/queremos-que-lleven-al-equipo-medellin-en-sus-hombros-y-en-sus-espaldas-natalia-ramirez-secretaria-de-gestion-humana\/entrega_bandera-3\/'><img width=\"1024\" height=\"682\" src=\"https:\/\/www.medellin.gov.co\/es\/wp-content\/uploads\/2024\/09\/Entrega_Bandera-3-1024x682.jpg\" class=\"attachment-large size-large\" alt=\"Entrega bandera Equipo Medell\u00edn\" loading=\"lazy\" aria-describedby=\"gallery-1-342678\" srcset=\"https:\/\/www.medellin.gov.co\/es\/wp-content\/uploads\/2024\/09\/Entrega_Bandera-3-1024x682.jpg 1024w, https:\/\/www.medellin.gov.co\/es\/wp-content\/uploads\/2024\/09\/Entrega_Bandera-3-300x200.jpg 300w, https:\/\/www.medellin.gov.co\/es\/wp-content\/uploads\/2024\/09\/Entrega_Bandera-3-150x100.jpg 150w, https:\/\/www.medellin.gov.co\/es\/wp-content\/uploads\/2024\/09\/Entrega_Bandera-3-768x512.jpg 768w, https:\/\/www.medellin.gov.co\/es\/wp-content\/uploads\/2024\/09\/Entrega_Bandera-3.jpg 1280w\" sizes=\"(max-width: 1024px) 100vw, 1024px\" \/><\/a>\n\t\t\t<\/dt>\n\t\t\t\t<dd class='wp-caption-text gallery-caption' id='gallery-1-342678'>\n\t\t\t\tEntrega bandera Equipo Medell\u00edn\n\t\t\t\t<\/dd><\/dl><br style=\"clear: both\" \/>\n\t\t<\/div>\n\n<p>Nuestro <strong>Equipo Medell\u00edn<\/strong>, nuestros deportistas,\u00a0 tendr\u00e1n al frente a una veintena de delegaciones y a temperaturas de unos 30\u00b0 C en promedio y una sensaci\u00f3n t\u00e9rmica cercana a los 37\u00b0 C.<\/p>\n<p><strong>Por el t\u00edtulo 14<\/strong><\/p>\n<p>Medell\u00edn ha ganado estos juegos en 13 ocasiones, la \u00faltima de ellas hace dos a\u00f1os en Yopal, Casanare, d\u00f3nde se compiti\u00f3 en las 21 modalidades deportivas que se tuvieron, destac\u00e1ndose la participaci\u00f3n en nataci\u00f3n, atletismo, triatl\u00f3n, voleibol, ciclismo y tenis de campo.<\/p>\n<div id=\"attachment_342680\" style=\"width: 1034px\" class=\"wp-caption alignnone\"><a href=\"https:\/\/www.medellin.gov.co\/es\/wp-content\/uploads\/2024\/09\/Entrega_Bandera-4.jpg\" target=\"_blank\" rel=\"noopener\"><img aria-describedby=\"caption-attachment-342680\" loading=\"lazy\" class=\"wp-image-342680 size-large\" src=\"https:\/\/www.medellin.gov.co\/es\/wp-content\/uploads\/2024\/09\/Entrega_Bandera-4-1024x682.jpg\" alt=\"\" width=\"1024\" height=\"682\" srcset=\"https:\/\/www.medellin.gov.co\/es\/wp-content\/uploads\/2024\/09\/Entrega_Bandera-4-1024x682.jpg 1024w, https:\/\/www.medellin.gov.co\/es\/wp-content\/uploads\/2024\/09\/Entrega_Bandera-4-300x200.jpg 300w, https:\/\/www.medellin.gov.co\/es\/wp-content\/uploads\/2024\/09\/Entrega_Bandera-4-150x100.jpg 150w, https:\/\/www.medellin.gov.co\/es\/wp-content\/uploads\/2024\/09\/Entrega_Bandera-4-768x512.jpg 768w, https:\/\/www.medellin.gov.co\/es\/wp-content\/uploads\/2024\/09\/Entrega_Bandera-4.jpg 1280w\" sizes=\"(max-width: 1024px) 100vw, 1024px\" \/><\/a><p id=\"caption-attachment-342680\" class=\"wp-caption-text\">Entrega bandera Equipo Medell\u00edn<\/p><\/div>\n<p>Estos juegos que se disputar\u00e1n en <a href=\"https:\/\/colombia.travel\/es\/barranquilla\" target=\"_blank\" rel=\"noopener\">Barranquilla<\/a> del 15 al 21 de septiembre, ser\u00e1n un \u00abaut\u00e9ntico carnaval\u00bb, d\u00f3nde nuestros deportistas estar\u00e1n acompa\u00f1ados por la alegr\u00eda, el ritmo y la tradici\u00f3n de nuestra cultura paisa y ser\u00e1 el momento para mostrar a las dem\u00e1s delegaciones, la calidad y destreza de nuestros servidores, porque el <strong>Equipo Medell\u00edn<\/strong>, somos todos.<\/p>\n<p><strong>Nuestro Equipo Medell\u00edn<\/strong><\/p>\n\n\t\t<style type=\"text\/css\">\n\t\t\t#gallery-2 {\n\t\t\t\tmargin: auto;\n\t\t\t}\n\t\t\t#gallery-2 .gallery-item {\n\t\t\t\tfloat: left;\n\t\t\t\tmargin-top: 10px;\n\t\t\t\ttext-align: center;\n\t\t\t\twidth: 50%;\n\t\t\t}\n\t\t\t#gallery-2 img {\n\t\t\t\tborder: 2px solid #cfcfcf;\n\t\t\t}\n\t\t\t#gallery-2 .gallery-caption {\n\t\t\t\tmargin-left: 0;\n\t\t\t}\n\t\t\t\/* see gallery_shortcode() in wp-includes\/media.php *\/\n\t\t<\/style>\n\t\t<div id='gallery-2' class='gallery galleryid-342577 gallery-columns-2 gallery-size-large'><dl class='gallery-item'>\n\t\t\t<dt class='gallery-icon landscape'>\n\t\t\t\t<a href='https:\/\/www.medellin.gov.co\/es\/sala-de-prensa\/noticias\/queremos-que-lleven-al-equipo-medellin-en-sus-hombros-y-en-sus-espaldas-natalia-ramirez-secretaria-de-gestion-humana\/entrega_bandera-2\/'><img width=\"1024\" height=\"682\" src=\"https:\/\/www.medellin.gov.co\/es\/wp-content\/uploads\/2024\/09\/Entrega_Bandera-2-1024x682.jpg\" class=\"attachment-large size-large\" alt=\"Entrega bandera Equipo Medell\u00edn\" loading=\"lazy\" aria-describedby=\"gallery-2-342675\" srcset=\"https:\/\/www.medellin.gov.co\/es\/wp-content\/uploads\/2024\/09\/Entrega_Bandera-2-1024x682.jpg 1024w, https:\/\/www.medellin.gov.co\/es\/wp-content\/uploads\/2024\/09\/Entrega_Bandera-2-300x200.jpg 300w, https:\/\/www.medellin.gov.co\/es\/wp-content\/uploads\/2024\/09\/Entrega_Bandera-2-150x100.jpg 150w, https:\/\/www.medellin.gov.co\/es\/wp-content\/uploads\/2024\/09\/Entrega_Bandera-2-768x512.jpg 768w, https:\/\/www.medellin.gov.co\/es\/wp-content\/uploads\/2024\/09\/Entrega_Bandera-2.jpg 1280w\" sizes=\"(max-width: 1024px) 100vw, 1024px\" \/><\/a>\n\t\t\t<\/dt>\n\t\t\t\t<dd class='wp-caption-text gallery-caption' id='gallery-2-342675'>\n\t\t\t\tEntrega bandera Equipo Medell\u00edn\n\t\t\t\t<\/dd><\/dl><dl class='gallery-item'>\n\t\t\t<dt class='gallery-icon landscape'>\n\t\t\t\t<a href='https:\/\/www.medellin.gov.co\/es\/sala-de-prensa\/noticias\/queremos-que-lleven-al-equipo-medellin-en-sus-hombros-y-en-sus-espaldas-natalia-ramirez-secretaria-de-gestion-humana\/entrega_bandera-5\/'><img width=\"1024\" height=\"682\" src=\"https:\/\/www.medellin.gov.co\/es\/wp-content\/uploads\/2024\/09\/Entrega_Bandera-5-1024x682.jpg\" class=\"attachment-large size-large\" alt=\"Entrega bandera Equipo Medell\u00edn\" loading=\"lazy\" aria-describedby=\"gallery-2-342681\" srcset=\"https:\/\/www.medellin.gov.co\/es\/wp-content\/uploads\/2024\/09\/Entrega_Bandera-5-1024x682.jpg 1024w, https:\/\/www.medellin.gov.co\/es\/wp-content\/uploads\/2024\/09\/Entrega_Bandera-5-300x200.jpg 300w, https:\/\/www.medellin.gov.co\/es\/wp-content\/uploads\/2024\/09\/Entrega_Bandera-5-150x100.jpg 150w, https:\/\/www.medellin.gov.co\/es\/wp-content\/uploads\/2024\/09\/Entrega_Bandera-5-768x512.jpg 768w, https:\/\/www.medellin.gov.co\/es\/wp-content\/uploads\/2024\/09\/Entrega_Bandera-5.jpg 1280w\" sizes=\"(max-width: 1024px) 100vw, 1024px\" \/><\/a>\n\t\t\t<\/dt>\n\t\t\t\t<dd class='wp-caption-text gallery-caption' id='gallery-2-342681'>\n\t\t\t\tEntrega bandera Equipo Medell\u00edn\n\t\t\t\t<\/dd><\/dl><br style=\"clear: both\" \/>\n\t\t<\/div>\n\n<p>Para Natalia Ram\u00edrez \u00c1ngel, <a href=\"https:\/\/www.medellin.gov.co\/es\/secretaria-de-gestion-humana\/\" target=\"_blank\" rel=\"noopener\">Secretar\u00eda de Gesti\u00f3n Humana y Atenci\u00f3n a la Ciudadan\u00eda<\/a> de la <a href=\"https:\/\/www.medellin.gov.co\" target=\"_blank\" rel=\"noopener\">Alcald\u00eda de Medell\u00edn<\/a>, \u201cCreemos tanto en nuestros servidores que est\u00e1n en los seleccionados, que incluso el uniforme que llevar\u00e1n puesto fue un tema en el que quise se parte fundamental; tanto es, que me puse a revisar uno por uno los uniformes de los pa\u00edses que estuvieron en los juegos ol\u00edmpicos y de ah\u00ed trajimos la inspiraci\u00f3n y entendimos que el nombre <a href=\"https:\/\/www.medellin.gov.co\" target=\"_blank\" rel=\"noopener\">Alcald\u00eda de Medell\u00edn<\/a> deb\u00eda trascender, porque somos m\u00e1s que el equipo Alcald\u00eda: somos el equipo de la ciudad y por eso, las chaquetas que llevar\u00e1n puestas nuestros deportistas tienen una frase muy significativa y maravillosa: \u2018Equipo Medell\u00edn\u2019, porque queremos que sientan que llevan a Medell\u00edn en sus hombros y en sus espaldas. Y esperamos que no solo sea un espacio de uni\u00f3n y de disfrute, sino que de verdad nos traigan la gloria\u201d.<\/p>\n<p><strong>El abanderado<\/strong><\/p>\n<p><div class=\"iframe-container\"><iframe title=\"YouTube video player\" src=\"https:\/\/www.youtube.com\/embed\/muBAyoWqjXM?si=50_KKQV5_RRtrWpO\" width=\"100%\" height=\"350\" frameborder=\"0\" allowfullscreen=\"allowfullscreen\"><span data-mce-type=\"bookmark\" style=\"display: inline-block; width: 0px; overflow: hidden; line-height: 0;\" class=\"mce_SELRES_start\">\ufeff<\/span><\/iframe><\/div><\/p>\n<p>Por su parte, Pr\u00f3spero \u00a0Mart\u00ednez Valoyes, abanderado del equipo, profesional universitario, servidor de la S<a href=\"https:\/\/www.medellin.gov.co\/es\/secretaria-suministros-y-servicios\/\" target=\"_blank\" rel=\"noopener\">ecretar\u00eda de Suministros y Servicios<\/a> y quien hace parte del equipo de f\u00fatbol de la Alcald\u00eda de Medell\u00edn, se refiri\u00f3 al sentimiento que le da tener este honor de portar la bandera del <strong>Equipo Medell\u00edn<\/strong>: \u201c.<\/p>\n\n\t\t<style type=\"text\/css\">\n\t\t\t#gallery-3 {\n\t\t\t\tmargin: auto;\n\t\t\t}\n\t\t\t#gallery-3 .gallery-item {\n\t\t\t\tfloat: left;\n\t\t\t\tmargin-top: 10px;\n\t\t\t\ttext-align: center;\n\t\t\t\twidth: 50%;\n\t\t\t}\n\t\t\t#gallery-3 img {\n\t\t\t\tborder: 2px solid #cfcfcf;\n\t\t\t}\n\t\t\t#gallery-3 .gallery-caption {\n\t\t\t\tmargin-left: 0;\n\t\t\t}\n\t\t\t\/* see gallery_shortcode() in wp-includes\/media.php *\/\n\t\t<\/style>\n\t\t<div id='gallery-3' class='gallery galleryid-342577 gallery-columns-2 gallery-size-large'><dl class='gallery-item'>\n\t\t\t<dt class='gallery-icon landscape'>\n\t\t\t\t<a href='https:\/\/www.medellin.gov.co\/es\/sala-de-prensa\/noticias\/queremos-que-lleven-al-equipo-medellin-en-sus-hombros-y-en-sus-espaldas-natalia-ramirez-secretaria-de-gestion-humana\/entrega-_boletas-2\/'><img width=\"1024\" height=\"577\" src=\"https:\/\/www.medellin.gov.co\/es\/wp-content\/uploads\/2024\/09\/entrega-_boletas-2-1024x577.jpg\" class=\"attachment-large size-large\" alt=\"\" loading=\"lazy\" srcset=\"https:\/\/www.medellin.gov.co\/es\/wp-content\/uploads\/2024\/09\/entrega-_boletas-2-1024x577.jpg 1024w, https:\/\/www.medellin.gov.co\/es\/wp-content\/uploads\/2024\/09\/entrega-_boletas-2-300x169.jpg 300w, https:\/\/www.medellin.gov.co\/es\/wp-content\/uploads\/2024\/09\/entrega-_boletas-2-150x84.jpg 150w, https:\/\/www.medellin.gov.co\/es\/wp-content\/uploads\/2024\/09\/entrega-_boletas-2-768x433.jpg 768w, https:\/\/www.medellin.gov.co\/es\/wp-content\/uploads\/2024\/09\/entrega-_boletas-2.jpg 1280w\" sizes=\"(max-width: 1024px) 100vw, 1024px\" \/><\/a>\n\t\t\t<\/dt><\/dl><dl class='gallery-item'>\n\t\t\t<dt class='gallery-icon landscape'>\n\t\t\t\t<a href='https:\/\/www.medellin.gov.co\/es\/sala-de-prensa\/noticias\/queremos-que-lleven-al-equipo-medellin-en-sus-hombros-y-en-sus-espaldas-natalia-ramirez-secretaria-de-gestion-humana\/entrega-_boletas-1\/'><img width=\"1024\" height=\"577\" src=\"https:\/\/www.medellin.gov.co\/es\/wp-content\/uploads\/2024\/09\/entrega-_boletas-1-1024x577.jpg\" class=\"attachment-large size-large\" alt=\"\" loading=\"lazy\" srcset=\"https:\/\/www.medellin.gov.co\/es\/wp-content\/uploads\/2024\/09\/entrega-_boletas-1-1024x577.jpg 1024w, https:\/\/www.medellin.gov.co\/es\/wp-content\/uploads\/2024\/09\/entrega-_boletas-1-300x169.jpg 300w, https:\/\/www.medellin.gov.co\/es\/wp-content\/uploads\/2024\/09\/entrega-_boletas-1-150x84.jpg 150w, https:\/\/www.medellin.gov.co\/es\/wp-content\/uploads\/2024\/09\/entrega-_boletas-1-768x433.jpg 768w, https:\/\/www.medellin.gov.co\/es\/wp-content\/uploads\/2024\/09\/entrega-_boletas-1.jpg 1280w\" sizes=\"(max-width: 1024px) 100vw, 1024px\" \/><\/a>\n\t\t\t<\/dt><\/dl><br style=\"clear: both\" \/><dl class='gallery-item'>\n\t\t\t<dt class='gallery-icon landscape'>\n\t\t\t\t<a href='https:\/\/www.medellin.gov.co\/es\/sala-de-prensa\/noticias\/queremos-que-lleven-al-equipo-medellin-en-sus-hombros-y-en-sus-espaldas-natalia-ramirez-secretaria-de-gestion-humana\/entrega-_boletas-3\/'><img width=\"1024\" height=\"577\" src=\"https:\/\/www.medellin.gov.co\/es\/wp-content\/uploads\/2024\/09\/entrega-_boletas-3-1024x577.jpg\" class=\"attachment-large size-large\" alt=\"\" loading=\"lazy\" srcset=\"https:\/\/www.medellin.gov.co\/es\/wp-content\/uploads\/2024\/09\/entrega-_boletas-3-1024x577.jpg 1024w, https:\/\/www.medellin.gov.co\/es\/wp-content\/uploads\/2024\/09\/entrega-_boletas-3-300x169.jpg 300w, https:\/\/www.medellin.gov.co\/es\/wp-content\/uploads\/2024\/09\/entrega-_boletas-3-150x84.jpg 150w, https:\/\/www.medellin.gov.co\/es\/wp-content\/uploads\/2024\/09\/entrega-_boletas-3-768x433.jpg 768w, https:\/\/www.medellin.gov.co\/es\/wp-content\/uploads\/2024\/09\/entrega-_boletas-3.jpg 1280w\" sizes=\"(max-width: 1024px) 100vw, 1024px\" \/><\/a>\n\t\t\t<\/dt><\/dl><dl class='gallery-item'>\n\t\t\t<dt class='gallery-icon landscape'>\n\t\t\t\t<a href='https:\/\/www.medellin.gov.co\/es\/sala-de-prensa\/noticias\/queremos-que-lleven-al-equipo-medellin-en-sus-hombros-y-en-sus-espaldas-natalia-ramirez-secretaria-de-gestion-humana\/entrega-_boletas-4\/'><img width=\"1024\" height=\"577\" src=\"https:\/\/www.medellin.gov.co\/es\/wp-content\/uploads\/2024\/09\/entrega-_boletas-4-1024x577.jpg\" class=\"attachment-large size-large\" alt=\"\" loading=\"lazy\" srcset=\"https:\/\/www.medellin.gov.co\/es\/wp-content\/uploads\/2024\/09\/entrega-_boletas-4-1024x577.jpg 1024w, https:\/\/www.medellin.gov.co\/es\/wp-content\/uploads\/2024\/09\/entrega-_boletas-4-300x169.jpg 300w, https:\/\/www.medellin.gov.co\/es\/wp-content\/uploads\/2024\/09\/entrega-_boletas-4-150x84.jpg 150w, https:\/\/www.medellin.gov.co\/es\/wp-content\/uploads\/2024\/09\/entrega-_boletas-4-768x433.jpg 768w, https:\/\/www.medellin.gov.co\/es\/wp-content\/uploads\/2024\/09\/entrega-_boletas-4.jpg 1280w\" sizes=\"(max-width: 1024px) 100vw, 1024px\" \/><\/a>\n\t\t\t<\/dt><\/dl><br style=\"clear: both\" \/>\n\t\t<\/div>\n\n<p>La <a href=\"https:\/\/www.medellin.gov.co\/es\/secretaria-de-gestion-humana\/\" target=\"_blank\" rel=\"noopener\">Secretar\u00eda de Gesti\u00f3n Humana y Atenci\u00f3n a la Ciudadan\u00eda<\/a>, ultima los detalles finales para que todos los deportistas y cuerpos t\u00e9cnicos comiencen a construir esta historia que los llevar\u00e1 a tener una actuaci\u00f3n destacada y memorable, y dejar\u00e1n en alto el nombre del Distrito y el de todos los servidores que laboramos en la <a href=\"https:\/\/www.medellin.gov.co\" target=\"_blank\" rel=\"noopener\">Alcald\u00eda de Medell\u00edn<\/a>.<\/p>\n","protected":false},"excerpt":{"rendered":"<p>En un sencillo acto realizado en el piso quinto de la Alcald\u00eda de Medell\u00edn, se entreg\u00f3 la bandera a la representaci\u00f3n que por nuestra ciudad estar\u00e1 compitiendo en los Juegos Nacionales Deportivos de Servidores P\u00fablicos &#8230;<\/p>\n","protected":false},"author":17,"featured_media":342673,"comment_status":"open","ping_status":"open","sticky":false,"template":"","format":"standard","meta":[],"categories":[2],"tags":[689],"formato_nota":[],"programas_tax":[],"acf":[],"_links":{"self":[{"href":"https:\/\/www.medellin.gov.co\/es\/wp-json\/wp\/v2\/posts\/342577"}],"collection":[{"href":"https:\/\/www.medellin.gov.co\/es\/wp-json\/wp\/v2\/posts"}],"about":[{"href":"https:\/\/www.medellin.gov.co\/es\/wp-json\/wp\/v2\/types\/post"}],"author":[{"embeddable":true,"href":"https:\/\/www.medellin.gov.co\/es\/wp-json\/wp\/v2\/users\/17"}],"replies":[{"embeddable":true,"href":"https:\/\/www.medellin.gov.co\/es\/wp-json\/wp\/v2\/comments?post=342577"}],"version-history":[{"count":4,"href":"https:\/\/www.medellin.gov.co\/es\/wp-json\/wp\/v2\/posts\/342577\/revisions"}],"predecessor-version":[{"id":342791,"href":"https:\/\/www.medellin.gov.co\/es\/wp-json\/wp\/v2\/posts\/342577\/revisions\/342791"}],"wp:featuredmedia":[{"embeddable":true,"href":"https:\/\/www.medellin.gov.co\/es\/wp-json\/wp\/v2\/media\/342673"}],"wp:attachment":[{"href":"https:\/\/www.medellin.gov.co\/es\/wp-json\/wp\/v2\/media?parent=342577"}],"wp:term":[{"taxonomy":"category","embeddable":true,"href":"https:\/\/www.medellin.gov.co\/es\/wp-json\/wp\/v2\/categories?post=342577"},{"taxonomy":"post_tag","embeddable":true,"href":"https:\/\/www.medellin.gov.co\/es\/wp-json\/wp\/v2\/tags?post=342577"},{"taxonomy":"formato_nota","embeddable":true,"href":"https:\/\/www.medellin.gov.co\/es\/wp-json\/wp\/v2\/formato_nota?post=342577"},{"taxonomy":"programas_tax","embeddable":true,"href":"https:\/\/www.medellin.gov.co\/es\/wp-json\/wp\/v2\/programas_tax?post=342577"}],"curies":[{"name":"wp","href":"https:\/\/api.w.org\/{rel}","templated":true}]}}