{"id":342744,"date":"2024-09-13T16:53:32","date_gmt":"2024-09-13T21:53:32","guid":{"rendered":"https:\/\/www.medellin.gov.co\/es\/?p=342744"},"modified":"2024-09-13T16:53:32","modified_gmt":"2024-09-13T21:53:32","slug":"en-la-fiesta-del-libro-y-la-cultura-se-realizo-la-septima-edicion-del-seminario-de-formacion-para-editores","status":"publish","type":"post","link":"https:\/\/www.medellin.gov.co\/es\/sala-de-prensa\/noticias\/en-la-fiesta-del-libro-y-la-cultura-se-realizo-la-septima-edicion-del-seminario-de-formacion-para-editores\/","title":{"rendered":"En la Fiesta del Libro y la Cultura se realiz\u00f3 la s\u00e9ptima edici\u00f3n del Seminario de Formaci\u00f3n para Editores"},"content":{"rendered":"<div class=\"page\" title=\"Page 1\">\n<div class=\"section\">\n<div class=\"layoutArea\">\n<div class=\"column\">\n<!--[if lt IE 9]><script>document.createElement('audio');<\/script><![endif]-->\n\t<div class=\"wp-playlist wp-audio-playlist wp-playlist-light\">\n\t\t\t<div class=\"wp-playlist-current-item\"><\/div>\n\t\t<audio controls=\"controls\" preload=\"none\" width=\"640\"\n\t\t\t><\/audio>\n\t<div class=\"wp-playlist-next\"><\/div>\n\t<div class=\"wp-playlist-prev\"><\/div>\n\t<noscript>\n\t<ol>\n\t\t<li><a href='https:\/\/www.medellin.gov.co\/es\/wp-content\/uploads\/2024\/09\/Septima-edicion-seminario-formacion-para-editores-01.mp3'>Palabras de V\u00edctor Malumi\u00e1n, fundador de Ediciones Godot y de la Feria de Editores (FED)<\/a><\/li>\t<\/ol>\n\t<\/noscript>\n\t<script type=\"application\/json\" class=\"wp-playlist-script\">{\"type\":\"audio\",\"tracklist\":true,\"tracknumbers\":true,\"images\":true,\"artists\":true,\"tracks\":[{\"src\":\"https:\\\/\\\/www.medellin.gov.co\\\/es\\\/wp-content\\\/uploads\\\/2024\\\/09\\\/Septima-edicion-seminario-formacion-para-editores-01.mp3\",\"type\":\"audio\\\/mpeg\",\"title\":\"Palabras de V\\u00edctor Malumi\\u00e1n, fundador de Ediciones Godot y de la Feria de Editores (FED)\",\"caption\":\"\",\"description\":\"\\u00abPalabras de V\\u00edctor Malumi\\u00e1n, fundador de Ediciones Godot y de la Feria de Editores (FED)\\u00bb.\",\"meta\":{\"year\":\"2024\",\"length_formatted\":\"0:43\"},\"image\":{\"src\":\"https:\\\/\\\/www.medellin.gov.co\\\/es\\\/wp-includes\\\/images\\\/media\\\/audio.png\",\"width\":48,\"height\":64},\"thumb\":{\"src\":\"https:\\\/\\\/www.medellin.gov.co\\\/es\\\/wp-includes\\\/images\\\/media\\\/audio.png\",\"width\":48,\"height\":64}}]}<\/script>\n<\/div>\n\t\n<p>Durante tres di\u0301as y con la participacio\u0301n de 210 personas, el Seminario de Formacio\u0301n para Editores abordo\u0301 el tema de la distribucio\u0301n de libros de forma independiente y auto\u0301noma. El espacio fue organizado por el pregrado en Literatura de la Universidad Eafit y su editorial, junto a Comfama y los Eventos del Libro de Medelli\u0301n.<\/p>\n<p>El encuentro conto\u0301 con apoyo del Centro Regional para el Fomento del Libro en Ame\u0301rica Latina y el Caribe (Cerlalc) y reunio\u0301 a autores, libreros, ilustradores y acade\u0301micos para discutir co\u0301mo mejorar la circulacio\u0301n y sostenibilidad del libro en la era digital.<\/p>\n<div id=\"attachment_342749\" style=\"width: 1210px\" class=\"wp-caption aligncenter\"><a href=\"https:\/\/www.medellin.gov.co\/es\/wp-content\/uploads\/2024\/09\/Septima-edicion-seminario-formacion-para-editores-2.jpg\" target=\"_blank\" rel=\"noopener\"><img aria-describedby=\"caption-attachment-342749\" loading=\"lazy\" class=\"wp-image-342749 size-full\" title=\"En la Fiesta del Libro y la Cultura se realiz\u00f3 la s\u00e9ptima edici\u00f3n del Seminario de Formaci\u00f3n para Editores\" src=\"https:\/\/www.medellin.gov.co\/es\/wp-content\/uploads\/2024\/09\/Septima-edicion-seminario-formacion-para-editores-2.jpg\" alt=\"En la Fiesta del Libro y la Cultura se realiz\u00f3 la s\u00e9ptima edici\u00f3n del Seminario de Formaci\u00f3n para Editores\" width=\"1200\" height=\"675\" srcset=\"https:\/\/www.medellin.gov.co\/es\/wp-content\/uploads\/2024\/09\/Septima-edicion-seminario-formacion-para-editores-2.jpg 1200w, https:\/\/www.medellin.gov.co\/es\/wp-content\/uploads\/2024\/09\/Septima-edicion-seminario-formacion-para-editores-2-300x169.jpg 300w, https:\/\/www.medellin.gov.co\/es\/wp-content\/uploads\/2024\/09\/Septima-edicion-seminario-formacion-para-editores-2-1024x576.jpg 1024w, https:\/\/www.medellin.gov.co\/es\/wp-content\/uploads\/2024\/09\/Septima-edicion-seminario-formacion-para-editores-2-150x84.jpg 150w, https:\/\/www.medellin.gov.co\/es\/wp-content\/uploads\/2024\/09\/Septima-edicion-seminario-formacion-para-editores-2-768x432.jpg 768w\" sizes=\"(max-width: 1200px) 100vw, 1200px\" \/><\/a><p id=\"caption-attachment-342749\" class=\"wp-caption-text\">En la Fiesta del Libro y la Cultura se realiz\u00f3 la s\u00e9ptima edici\u00f3n del Seminario de Formaci\u00f3n para Editores &#8211; Foto alcaldia de Medell\u00edn<\/p><\/div>\n<p>\u201c<em>Ante la pregunta de co\u0301mo hacemos para sobrevivir en el siglo XXI, sobre todo con la pugna por tiempo ocioso ante el streaming y otras actividades que nos llevan un poco al monopolio de la atencio\u0301n, creo que el gran secreto es que las editoriales se han vuelto ma\u0301s creativas y apuntan a pu\u0301blicos mucho ma\u0301s especi\u0301ficos<\/em>\u201d, dijo el editor argentino, Vi\u0301ctor Malumia\u0301n, fundador de Ediciones Godot y de la Feria de Editores (FED).<\/p>\n<p>Otros invitados internacionales fueron Paula Canal Huarte (agente literaria en Indent Literaty Agency, de Espan\u0303a), Galo Ghigliotto (fundador de la feria de editoriales independientes La Furia del Libro, de Chile), Santiago Tobo\u0301n y Felipe Rosete (de la editorial Sexto Piso, de Espan\u0303a).<\/p>\n<p>La programacio\u0301n completa de la Fiesta del Libro y la Cultura puede ser consultada en <a href=\"https:\/\/fiestadellibroylacultura.com\/\" target=\"_blank\" rel=\"noopener\">https:\/\/fiestadellibroylacultura.com\/<\/a>.<\/p>\n<\/div>\n<\/div>\n<\/div>\n<\/div>\n","protected":false},"excerpt":{"rendered":"<p>Durante tres di\u0301as y con la participacio\u0301n de 210 personas, el Seminario de Formacio\u0301n para Editores abordo\u0301 el tema de la distribucio\u0301n de libros de forma independiente y auto\u0301noma. El espacio fue organizado por el &#8230;<\/p>\n","protected":false},"author":84,"featured_media":342745,"comment_status":"open","ping_status":"open","sticky":false,"template":"","format":"standard","meta":[],"categories":[17],"tags":[444,455],"formato_nota":[],"programas_tax":[],"acf":[],"_links":{"self":[{"href":"https:\/\/www.medellin.gov.co\/es\/wp-json\/wp\/v2\/posts\/342744"}],"collection":[{"href":"https:\/\/www.medellin.gov.co\/es\/wp-json\/wp\/v2\/posts"}],"about":[{"href":"https:\/\/www.medellin.gov.co\/es\/wp-json\/wp\/v2\/types\/post"}],"author":[{"embeddable":true,"href":"https:\/\/www.medellin.gov.co\/es\/wp-json\/wp\/v2\/users\/84"}],"replies":[{"embeddable":true,"href":"https:\/\/www.medellin.gov.co\/es\/wp-json\/wp\/v2\/comments?post=342744"}],"version-history":[{"count":1,"href":"https:\/\/www.medellin.gov.co\/es\/wp-json\/wp\/v2\/posts\/342744\/revisions"}],"predecessor-version":[{"id":342755,"href":"https:\/\/www.medellin.gov.co\/es\/wp-json\/wp\/v2\/posts\/342744\/revisions\/342755"}],"wp:featuredmedia":[{"embeddable":true,"href":"https:\/\/www.medellin.gov.co\/es\/wp-json\/wp\/v2\/media\/342745"}],"wp:attachment":[{"href":"https:\/\/www.medellin.gov.co\/es\/wp-json\/wp\/v2\/media?parent=342744"}],"wp:term":[{"taxonomy":"category","embeddable":true,"href":"https:\/\/www.medellin.gov.co\/es\/wp-json\/wp\/v2\/categories?post=342744"},{"taxonomy":"post_tag","embeddable":true,"href":"https:\/\/www.medellin.gov.co\/es\/wp-json\/wp\/v2\/tags?post=342744"},{"taxonomy":"formato_nota","embeddable":true,"href":"https:\/\/www.medellin.gov.co\/es\/wp-json\/wp\/v2\/formato_nota?post=342744"},{"taxonomy":"programas_tax","embeddable":true,"href":"https:\/\/www.medellin.gov.co\/es\/wp-json\/wp\/v2\/programas_tax?post=342744"}],"curies":[{"name":"wp","href":"https:\/\/api.w.org\/{rel}","templated":true}]}}