{"id":342753,"date":"2024-09-13T17:42:53","date_gmt":"2024-09-13T22:42:53","guid":{"rendered":"https:\/\/www.medellin.gov.co\/es\/?p=342753"},"modified":"2024-09-15T23:17:01","modified_gmt":"2024-09-16T04:17:01","slug":"soy-valluno-de-nacimiento-pero-desde-la-parte-sentimental-mucho-mas-antioqueno-wbeimar-munoz","status":"publish","type":"post","link":"https:\/\/www.medellin.gov.co\/es\/sala-de-prensa\/noticias\/soy-valluno-de-nacimiento-pero-desde-la-parte-sentimental-mucho-mas-antioqueno-wbeimar-munoz\/","title":{"rendered":"\u00abSoy valluno de nacimiento, pero desde la parte sentimental, mucho m\u00e1s antioque\u00f1o\u00bb: Wbeimar Mu\u00f1oz"},"content":{"rendered":"<blockquote><p><em>En la 18 Fiesta del Libro y la Cultura de Medell\u00edn, el reconocido periodista deportivo <a href=\"https:\/\/es.wikipedia.org\/wiki\/Wbeimar_Mu%C3%B1oz\">Wbeimar Mu\u00f1oz Ceballos<\/a> present\u00f3 su libro biogr\u00e1fico <\/em>Wbeimar lo dice<em>. Conversamos con \u00e9l sobre su vasta carrera en medios de comunicaci\u00f3n, sus sentimientos por la ciudad y las ense\u00f1anzas que les ofrece a las nuevas generaciones de periodistas.<\/em><em>\u00a0<\/em><\/p><\/blockquote>\n<p><strong>\u00bfC\u00f3mo fue la experiencia de publicar su biograf\u00eda?<\/strong><\/p>\n<p>\u201cYo hac\u00eda mucho rato estaba por escribir un libro, y el primer paso fue en 1994, cuando jugamos el Mundial de Estados Unidos, ven\u00edamos de golear a Argentina, 5 \u2013 0, y para mucha gente, el favorito para ganar y fue el primer equipo eliminado. Entonces, \u201cBolillo\u201d (Hern\u00e1n Dar\u00edo G\u00f3mez) me dijo un d\u00eda: \u2018\u00bfPor qu\u00e9 no escrib\u00eds un libro sobre toda esta historia de Nacional, que incluya Copa Libertadores y adem\u00e1s que es la base de Selecci\u00f3n colombiana?\u2019 Y yo, con mucho gusto, lo hice con dibujitos para explicarle al m\u00e1s erudito en f\u00fatbol o al m\u00e1s ignorante, c\u00f3mo jugaba Nacional t\u00e1cticamente. Cuando ocurre lo de Andr\u00e9s Escobar, a m\u00ed eso me dio un dolor tremendo, cog\u00ed los originales y los rasgu\u00e9. Pasaron varios a\u00f1os, hasta que hace aproximadamente 7 a\u00f1os me contrat\u00f3 la Alcald\u00eda de Medell\u00edn para dar una charla sobre los <em>hooligans<\/em> con Jorge Barraza, periodista argentino. Y como me avisaron con mucho tiempo, yo en 5 meses o 6, me devor\u00e9 el material sociol\u00f3gico, antropol\u00f3gico, psicol\u00f3gico, de ese fen\u00f3meno social que eran las barras bravas en Europa. Y Jorge me entusiasm\u00f3 mucho y me present\u00f3 a la gente de Planeta para que escribiera un libro sobre f\u00fatbol. Yo le dije: \u2018Yo no tengo tiempo, la verdad, porque yo me mantengo con los libros y a eso le dedico 10, 12 horas al d\u00eda para distraerme\u2019. Entonces, Planeta volvi\u00f3 sobre el libro el a\u00f1o pasado, y lo que hice fue que les dije otra vez: \u2018No\u2019. Entonces me llamaron de Planeta: \u2018Vamos a hacer una cosa: vamos a mandarle un periodista y usted cu\u00e9ntele su vida y \u00e9l la escribe\u2019. Vino Andr\u00e9s R\u00edos L\u00f3pez, que es hijo de Juan Guillermo, el \u201cPote\u201d R\u00edos, y ven\u00eda una o dos semanas al mes, ajustamos entre 22 y 24 horas de charla y \u00e9l las pas\u00f3 al libro y le dio una forma narrativa, un estilo y un orden cronol\u00f3gico\u201d.<\/p>\n<div id=\"attachment_342778\" style=\"width: 1034px\" class=\"wp-caption alignnone\"><a href=\"https:\/\/www.medellin.gov.co\/es\/wp-content\/uploads\/2024\/09\/Wbeimar_1.jpg\" target=\"_blank\" rel=\"noopener\"><img aria-describedby=\"caption-attachment-342778\" loading=\"lazy\" class=\"wp-image-342778 size-large\" src=\"https:\/\/www.medellin.gov.co\/es\/wp-content\/uploads\/2024\/09\/Wbeimar_1-1024x768.jpg\" alt=\"\" width=\"1024\" height=\"768\" srcset=\"https:\/\/www.medellin.gov.co\/es\/wp-content\/uploads\/2024\/09\/Wbeimar_1-1024x768.jpg 1024w, https:\/\/www.medellin.gov.co\/es\/wp-content\/uploads\/2024\/09\/Wbeimar_1-300x225.jpg 300w, https:\/\/www.medellin.gov.co\/es\/wp-content\/uploads\/2024\/09\/Wbeimar_1-150x113.jpg 150w, https:\/\/www.medellin.gov.co\/es\/wp-content\/uploads\/2024\/09\/Wbeimar_1-768x576.jpg 768w, https:\/\/www.medellin.gov.co\/es\/wp-content\/uploads\/2024\/09\/Wbeimar_1.jpg 1280w\" sizes=\"(max-width: 1024px) 100vw, 1024px\" \/><\/a><p id=\"caption-attachment-342778\" class=\"wp-caption-text\">Wbeimar Mu\u00f1oz Ceballos y Daniel Echeverri Cardona<\/p><\/div>\n<p><strong>\u00bfCu\u00e1l es esa an\u00e9cdota que recuerda con mucha alegr\u00eda y forj\u00f3 esa carrera tan brillante que hoy sigue despertando admiraci\u00f3n?<\/strong><\/p>\n<p>\u201cEn esos comienzos yo era mucho m\u00e1s de la parte cultural que de la deportiva, porque yo de 1961 en adelante, siendo pelado, llegu\u00e9 a ser director de la <a href=\"https:\/\/udea.edu.co\/emisoracultural\" target=\"_blank\" rel=\"noopener\">Emisora Cultural de la Universidad de Antioquia<\/a> y me toc\u00f3 aprender a los golpes, yo no sab\u00eda nada de \u00f3pera ni de zarzuela ni de m\u00fasica cl\u00e1sica, pero bueno, para ocupar el cargo me toc\u00f3, y por fortuna me asesor\u00e9 de gente que sab\u00eda de m\u00fasica, de la cual aprend\u00ed mucho, y me hice con el tiempo muy aficionado a la \u00f3pera. Cuando llego a Caracol, Jaime Tob\u00f3n de la Roche, que era un narrador muy famoso en aquel entonces, ten\u00eda un programa que se llamaba <em>El caf\u00e9 del deporte<\/em>, que fue, dir\u00eda yo, la g\u00e9nesis de <em>La pol\u00e9mica<\/em> que tuvo Caracol despu\u00e9s. \u00c9l me dec\u00eda: \u2018Andate metiendo en el deporte\u2019. Entonces un d\u00eda vino Alex Gorayeb, presidente del Deportivo Cali, gran dirigente, y le pregunt\u00e9: \u2018\u00bfY usted qu\u00e9 opina de Sir Stanley Rous, ese famoso puntero derecho de Inglaterra que jug\u00f3 hasta los 55 a\u00f1os de titular? \u00bfC\u00f3mo analizar\u00eda esa longevidad deportiva?\u2019 Y \u00e9l, dentro de su acento filipino: \u2018Usted es un bruto. \u00bfC\u00f3mo confunde a Sir Stanley Rous, presidente de FIFA, con Stanley Matthews, el jugador de Inglaterra?\u2019 Ten\u00eda toda la raz\u00f3n. No volv\u00ed a preguntar, sal\u00ed de ah\u00ed y me fui llorando para el apartamento. \u2018Tendr\u00e9 que aprender de f\u00fatbol, porque una humillaci\u00f3n de esta no la vuelvo a sufrir\u2019. Hoy en d\u00eda se lo agradezco mucho. Con el tiempo, cuando \u00e9l fue el manejador de la Selecci\u00f3n colombiana y puso a Bilardo en la Selecci\u00f3n, cada vez que ven\u00eda a Medell\u00edn con el Deportivo Cali me llamaba al Hotel Inter, y nos qued\u00e1bamos un s\u00e1bado desde las 8:00 p. m. hasta las 4:00 a. m. tomando tinto y hablando de f\u00fatbol, y con Bilardo. Fue mi comienzo deportivo. Despu\u00e9s de eso me fui a hacer mi primer curso a Argentina, de la AFA (Asociaci\u00f3n del F\u00fatbol Argentino) en Buenos Aires, y desde entonces, me he preocupado mucho por seguir estudiando, haciendo pasant\u00edas con t\u00e9cnicos famosos, conversando con ellos, haciendo cursos en Brasil, Chile, Argentina y Espa\u00f1a; hice cinco m\u00e1steres entre 2002 y 2022, y hoy en d\u00eda sigo estudiando mucho de t\u00e1ctica, vivo actualizado, me encanta\u201d.<\/p>\n\n\t\t<style type=\"text\/css\">\n\t\t\t#gallery-1 {\n\t\t\t\tmargin: auto;\n\t\t\t}\n\t\t\t#gallery-1 .gallery-item {\n\t\t\t\tfloat: left;\n\t\t\t\tmargin-top: 10px;\n\t\t\t\ttext-align: center;\n\t\t\t\twidth: 50%;\n\t\t\t}\n\t\t\t#gallery-1 img {\n\t\t\t\tborder: 2px solid #cfcfcf;\n\t\t\t}\n\t\t\t#gallery-1 .gallery-caption {\n\t\t\t\tmargin-left: 0;\n\t\t\t}\n\t\t\t\/* see gallery_shortcode() in wp-includes\/media.php *\/\n\t\t<\/style>\n\t\t<div id='gallery-1' class='gallery galleryid-342753 gallery-columns-2 gallery-size-large'><dl class='gallery-item'>\n\t\t\t<dt class='gallery-icon landscape'>\n\t\t\t\t<a href='https:\/\/www.medellin.gov.co\/es\/sala-de-prensa\/noticias\/soy-valluno-de-nacimiento-pero-desde-la-parte-sentimental-mucho-mas-antioqueno-wbeimar-munoz\/libreta-2\/'><img width=\"1024\" height=\"768\" src=\"https:\/\/www.medellin.gov.co\/es\/wp-content\/uploads\/2024\/09\/Libreta-2-1024x768.jpg\" class=\"attachment-large size-large\" alt=\"\" loading=\"lazy\" srcset=\"https:\/\/www.medellin.gov.co\/es\/wp-content\/uploads\/2024\/09\/Libreta-2-1024x768.jpg 1024w, https:\/\/www.medellin.gov.co\/es\/wp-content\/uploads\/2024\/09\/Libreta-2-300x225.jpg 300w, https:\/\/www.medellin.gov.co\/es\/wp-content\/uploads\/2024\/09\/Libreta-2-150x113.jpg 150w, https:\/\/www.medellin.gov.co\/es\/wp-content\/uploads\/2024\/09\/Libreta-2-768x576.jpg 768w, https:\/\/www.medellin.gov.co\/es\/wp-content\/uploads\/2024\/09\/Libreta-2.jpg 1137w\" sizes=\"(max-width: 1024px) 100vw, 1024px\" \/><\/a>\n\t\t\t<\/dt><\/dl><dl class='gallery-item'>\n\t\t\t<dt class='gallery-icon landscape'>\n\t\t\t\t<a href='https:\/\/www.medellin.gov.co\/es\/sala-de-prensa\/noticias\/soy-valluno-de-nacimiento-pero-desde-la-parte-sentimental-mucho-mas-antioqueno-wbeimar-munoz\/libreta-1\/'><img width=\"1024\" height=\"768\" src=\"https:\/\/www.medellin.gov.co\/es\/wp-content\/uploads\/2024\/09\/Libreta-1-1024x768.jpg\" class=\"attachment-large size-large\" alt=\"\" loading=\"lazy\" srcset=\"https:\/\/www.medellin.gov.co\/es\/wp-content\/uploads\/2024\/09\/Libreta-1-1024x768.jpg 1024w, https:\/\/www.medellin.gov.co\/es\/wp-content\/uploads\/2024\/09\/Libreta-1-300x225.jpg 300w, https:\/\/www.medellin.gov.co\/es\/wp-content\/uploads\/2024\/09\/Libreta-1-150x113.jpg 150w, https:\/\/www.medellin.gov.co\/es\/wp-content\/uploads\/2024\/09\/Libreta-1-768x576.jpg 768w, https:\/\/www.medellin.gov.co\/es\/wp-content\/uploads\/2024\/09\/Libreta-1.jpg 1137w\" sizes=\"(max-width: 1024px) 100vw, 1024px\" \/><\/a>\n\t\t\t<\/dt><\/dl><br style=\"clear: both\" \/>\n\t\t<\/div>\n\n<h6>Wbeimar Mu\u00f1oz, conocido como \u00abEl Maestro\u00bb y \u00abEl M\u00e1s T\u00e9cnico de la Radio\u00bb, con su libreta de apuntes de t\u00e1ctica de f\u00fatbol.<\/h6>\n<p><strong>\u00bfUsted qu\u00e9 formaci\u00f3n acad\u00e9mica tiene?<\/strong><\/p>\n<p>\u201cHice tres a\u00f1os de Derecho en los a\u00f1os 80, pero no pude terminar porque me coincidi\u00f3 con un infarto y estuve muy enfermo un tiempo. Tengo un Doctorado <em>Honoris Causa<\/em> de la <a href=\"https:\/\/www.uac.edu.co\/pregrado\/comunicacion-social-periodismo\/\" target=\"_blank\" rel=\"noopener\">Universidad Aut\u00f3noma del Caribe en Periodismo y Comunicaci\u00f3n Social<\/a> y estoy ahora terminando Literatura y Filolog\u00eda. Mi proyecto es comenzar en febrero del pr\u00f3ximo a\u00f1o <a href=\"https:\/\/www.upb.edu.co\/es\/pregrados\/filosofia-medellin\" target=\"_blank\" rel=\"noopener\">Filosof\u00eda en la Universidad Pontificia Bolivariana<\/a> y tan pronto termine hacer la culminaci\u00f3n de mi carrera de Derecho. Mi formaci\u00f3n no es tanto la acad\u00e9mica, sino a trav\u00e9s de los libros, porque soy un ratoncito de biblioteca\u201d.<\/p>\n<div id=\"attachment_342765\" style=\"width: 1034px\" class=\"wp-caption alignnone\"><a href=\"https:\/\/www.medellin.gov.co\/es\/wp-content\/uploads\/2024\/09\/Diplomas.jpg\"><img aria-describedby=\"caption-attachment-342765\" loading=\"lazy\" class=\"wp-image-342765 size-large\" src=\"https:\/\/www.medellin.gov.co\/es\/wp-content\/uploads\/2024\/09\/Diplomas-1024x768.jpg\" alt=\"\" width=\"1024\" height=\"768\" srcset=\"https:\/\/www.medellin.gov.co\/es\/wp-content\/uploads\/2024\/09\/Diplomas-1024x768.jpg 1024w, https:\/\/www.medellin.gov.co\/es\/wp-content\/uploads\/2024\/09\/Diplomas-300x225.jpg 300w, https:\/\/www.medellin.gov.co\/es\/wp-content\/uploads\/2024\/09\/Diplomas-150x113.jpg 150w, https:\/\/www.medellin.gov.co\/es\/wp-content\/uploads\/2024\/09\/Diplomas-768x576.jpg 768w, https:\/\/www.medellin.gov.co\/es\/wp-content\/uploads\/2024\/09\/Diplomas.jpg 1137w\" sizes=\"(max-width: 1024px) 100vw, 1024px\" \/><\/a><p id=\"caption-attachment-342765\" class=\"wp-caption-text\">Algunos de los t\u00edtulos acad\u00e9micos de Wbeimar Mu\u00f1oz<\/p><\/div>\n<p><strong>\u00bfC\u00f3mo ha sido esta experiencia ahora que tiene canal de YouTube?<\/strong><\/p>\n<p>\u201cNo soy experto en el tema digital. He tenido que aprender un poco por la universidad. Pero tengo una fortuna en la vida: Dios me ha dado muchos amigos y empezaron a llamarme para motivarme a abrir un <a href=\"https:\/\/www.youtube.com\/@wbeimarlodice2023\" target=\"_blank\" rel=\"noopener\">canal de YouTube<\/a>. No tengo camar\u00f3grafo; yo me grabo, me queda el cuadro torcido. Tengo un compa\u00f1ero que me ayuda mucho, que es Camilo Andr\u00e9s Botero. Tengo otra persona, que es experta en mercadeo digital, que ya lo sube y lo hace p\u00fablico y le da sus retoques. Entonces, comenzamos muy rudimentariamente, sumando 5.000, 10.000, ya pasamos los 14.000 seguidores\u201d.<\/p>\n<p><div class=\"iframe-container\"><iframe title=\"YouTube video player\" src=\"https:\/\/www.youtube.com\/embed\/yrEpsCCLgyQ?si=mC28VxL5S_5RtfVb\" width=\"100%\" height=\"350\" frameborder=\"0\" allowfullscreen=\"allowfullscreen\"><span data-mce-type=\"bookmark\" style=\"display: inline-block; width: 0px; overflow: hidden; line-height: 0;\" class=\"mce_SELRES_start\">\ufeff<\/span><\/iframe><\/div><br \/>\n<strong>\u00bfLe parece que el ascenso vertiginoso del mundo digital y las redes sociales ha deformado el oficio del periodismo, en especial en la radio?<\/strong><\/p>\n<p>\u201cClaro, lo que pasa es que en el mundo digital las nuevas tecnolog\u00edas avanzan a un ritmo impresionante<strong>. <\/strong>Yo me quedo sorprendido. Estaba leyendo en estos d\u00edas mucho sobre inteligencia artificial, la inteligencia artificial se est\u00e1 tomando el mundo. Y las grandes empresas van a crecer m\u00e1s a trav\u00e9s de eso porque las peque\u00f1as y medianas no tienen el capital para hacer una tecnolog\u00eda muy alta. Lo que me da temor es qu\u00e9 va a pasar con el tiempo. El hombre seguir\u00e1 siendo creativo y la m\u00e1quina trabaja con unos algoritmos donde no hay creatividad, es decir, te transmiten el conocimiento, te dan el concepto, pero los pa\u00edses est\u00e1n muy atrasados en legislaci\u00f3n sobre inteligencia artificial. Est\u00e1n atrasados, inclusive, tambi\u00e9n en el tema de redes sociales. Las redes son muy buenas por la inmediatez de la comunicaci\u00f3n, la inteligencia artificial por el tratamiento de datos a gran escala en poco tiempo. Pero a m\u00ed me surgen varias preguntas: \u00bfqu\u00e9 va a pasar con la \u00e9tica, con el sesgo de la informaci\u00f3n, con la posverdad, si esa inteligencia artificial es manipulada? El manejo de la informaci\u00f3n como todos la queremos es que se informe y forme opini\u00f3n, pero a trav\u00e9s de la verdad, imparcialidad, objetividad. Vigilar que estos medios digitales no hagan del mundo los esclavos del gran hermano\u201d.<\/p>\n<p><strong>Usted naci\u00f3 en Sevilla (Valle del Cauca). \u00bfC\u00f3mo lleg\u00f3 a Medell\u00edn? H\u00e1blenos un poco de su vida familiar<\/strong><\/p>\n<div id=\"attachment_342779\" style=\"width: 1034px\" class=\"wp-caption alignnone\"><a href=\"https:\/\/www.medellin.gov.co\/es\/wp-content\/uploads\/2024\/09\/Wbeimar_2.jpg\"><img aria-describedby=\"caption-attachment-342779\" loading=\"lazy\" class=\"size-large wp-image-342779\" src=\"https:\/\/www.medellin.gov.co\/es\/wp-content\/uploads\/2024\/09\/Wbeimar_2-1024x768.jpg\" alt=\"\" width=\"1024\" height=\"768\" srcset=\"https:\/\/www.medellin.gov.co\/es\/wp-content\/uploads\/2024\/09\/Wbeimar_2-1024x768.jpg 1024w, https:\/\/www.medellin.gov.co\/es\/wp-content\/uploads\/2024\/09\/Wbeimar_2-300x225.jpg 300w, https:\/\/www.medellin.gov.co\/es\/wp-content\/uploads\/2024\/09\/Wbeimar_2-150x113.jpg 150w, https:\/\/www.medellin.gov.co\/es\/wp-content\/uploads\/2024\/09\/Wbeimar_2-768x576.jpg 768w, https:\/\/www.medellin.gov.co\/es\/wp-content\/uploads\/2024\/09\/Wbeimar_2.jpg 1280w\" sizes=\"(max-width: 1024px) 100vw, 1024px\" \/><\/a><p id=\"caption-attachment-342779\" class=\"wp-caption-text\">Wbeimar Mu\u00f1oz Ceballos<\/p><\/div>\n<p>\u201cVine a Medell\u00edn siendo muy pelado. Termin\u00e9 el bachillerato de 15 a\u00f1os. Cuando ten\u00eda 13, un t\u00edo m\u00e9dico, Octavio Mu\u00f1oz Garc\u00eda, que fue compa\u00f1ero de consultorio de Jorge Franco V\u00e9lez, el autor de <em>Hildebrando<\/em>, me invit\u00f3 a que viniera a Medell\u00edn, que me recib\u00eda en la casa, para que terminara quinto y sexto de bachillerato en el <a href=\"https:\/\/bibliotecadigital.udea.edu.co\/handle\/10495\/1368\" target=\"_blank\" rel=\"noopener\">Liceo de la Universidad de Antioquia<\/a>. Y cuando termin\u00e9 quinto, entre otras cosas, me dio pena con \u00e9l estarlo molestando y me independic\u00e9 porque logr\u00e9 con un profesor, don Mario Aristiz\u00e1bal, que era del Instituto de Ense\u00f1anza Media de San Javier, conseguir un espacio en Radio Sinfon\u00eda 910 AM, en aquella \u00e9poca, y hac\u00edamos un programa los domingos y logramos un patrocinio de una marca de camisas. Con esa platica ya pod\u00eda independizarme. Consegu\u00ed un apartamento con un muchacho Jaime Montoya, que luego fue magistrado de tribunal en la parte laboral, muy amigo y paisano. Me qued\u00e9 en Antioquia y me he sentido valluno de nacimiento, pero dir\u00eda que desde la parte sentimental, mucho m\u00e1s antioque\u00f1o, porque Sevilla es producto de una migraci\u00f3n que hubo del Suroeste antioque\u00f1o. Esa adaptaci\u00f3n para m\u00ed fue muy r\u00e1pida aqu\u00ed en Medell\u00edn, adem\u00e1s porque ten\u00eda familia por parte de pap\u00e1 y mam\u00e1. Tengo hijos de dos matrimonios, tengo dos hijas ya mayores y tres hijos tambi\u00e9n mayores todos, profesionales. Siempre les dije: \u2018Plata no les dejo porque no soy una persona rica, pero s\u00ed les dejo estudio\u2019. Es la parte fundamental de un padre frente a sus hijos\u201d.<\/p>\n<p><strong>Usted es un referente para muchos periodistas. \u00bfNos puede mencionar alg\u00fan referente suyo, sea colombiano o extranjero?<\/strong><\/p>\n<p>\u201cEn la \u00e9poca en que viv\u00ed en Argentina tuve la fortuna de conocer a tres personajes: uno, Jos\u00e9 Mar\u00eda Mu\u00f1oz, relator de Am\u00e9rica, muri\u00f3 en el a\u00f1o 95, era el narrador m\u00e1s escuchado en Argentina; un comentarista, llamado Enzo Ardig\u00f3, muri\u00f3 antes del Mundial de Argentina de 1978; tambi\u00e9n hice muy buena amistad con Osvaldo Ardizzone. Yo todos los viernes acompa\u00f1aba a don Osvaldo a sus entrevistas para una revista que fue para m\u00ed la m\u00e1s famosa del mundo del deporte: El Gr\u00e1fico. Y \u00e9l se iba sin una grabadora, sin un l\u00e1piz, sin una libreta, a entrevistar al personaje, con tan buena memoria que el lunes, que yo le\u00eda el art\u00edculo, dec\u00eda que ni grabada. Y era un hombre fabuloso, era un hombre de unas met\u00e1foras hermosas, por una parte, pero por otra de un humanismo grande\u201d.<\/p>\n<div id=\"attachment_342776\" style=\"width: 1034px\" class=\"wp-caption alignnone\"><a href=\"https:\/\/www.medellin.gov.co\/es\/wp-content\/uploads\/2024\/09\/Premio.jpg\" target=\"_blank\" rel=\"noopener\"><img aria-describedby=\"caption-attachment-342776\" loading=\"lazy\" class=\"wp-image-342776 size-large\" src=\"https:\/\/www.medellin.gov.co\/es\/wp-content\/uploads\/2024\/09\/Premio-1024x768.jpg\" alt=\"Wbeimar Mu\u00f1oz Ceballos\" width=\"1024\" height=\"768\" srcset=\"https:\/\/www.medellin.gov.co\/es\/wp-content\/uploads\/2024\/09\/Premio-1024x768.jpg 1024w, https:\/\/www.medellin.gov.co\/es\/wp-content\/uploads\/2024\/09\/Premio-300x225.jpg 300w, https:\/\/www.medellin.gov.co\/es\/wp-content\/uploads\/2024\/09\/Premio-150x113.jpg 150w, https:\/\/www.medellin.gov.co\/es\/wp-content\/uploads\/2024\/09\/Premio-768x576.jpg 768w, https:\/\/www.medellin.gov.co\/es\/wp-content\/uploads\/2024\/09\/Premio.jpg 1137w\" sizes=\"(max-width: 1024px) 100vw, 1024px\" \/><\/a><p id=\"caption-attachment-342776\" class=\"wp-caption-text\">Wbeimar Mu\u00f1oz toma el Premio Rey de Espa\u00f1a, uno de los reconocimientos que ha recibido por la calidad de su trabajo period\u00edstico<\/p><\/div>\n<p><strong>\u00bfC\u00f3mo ha sido esa transici\u00f3n en su vida, del agite de comentar partidos de f\u00fatbol, participar en programas de opini\u00f3n, y ahora en una faceta un poco m\u00e1s reflexiva, de las letras?<\/strong><\/p>\n<p>\u201cSiempre he escrito, lo que pasa es que libros no, pero yo tuve en mi programa una secci\u00f3n que se llamaba <em>Carta abierta a Jos\u00e9 Pueblo<\/em>, que era una cosa muy l\u00edrica, porque yo a los 14 a\u00f1os comet\u00eda poes\u00eda, para emplearle un t\u00e9rmino de un buen amigo, que es Daniel Samper Pizano, una de esas \u00e9pocas, la primera noviecita y todo, c\u00f3mo no le vas a escribir un verso. A m\u00ed la literatura me gust\u00f3 mucho, fui un gran lector, tuve una fortuna muy grande: el Liceo Antioque\u00f1o ten\u00eda una formaci\u00f3n cl\u00e1sica, human\u00edstica. Uno llegaba a sexto de bachillerato y ya se hab\u00eda le\u00eddo a los grandes de la literatura. A los 14, el primer libro que le\u00ed fue Fouch\u00e9, de Stefan Zweig, y en colegio un maestro me dijo: \u2018Usted es un buen lector, y si usted sigue de buen lector, va a ser una persona grande, importante\u2019, y a m\u00ed eso me impact\u00f3. Yo hab\u00eda le\u00eddo a Tolst\u00f3i, a Dostoyevski, a Henry Miller\u2026 Y uno se iba formando en ese af\u00e1n de lectura, y ya uno se vuelve un lector tan \u00e1vido que, si uno pasa unas semanas sin leer un libro, se siente como enfermo. Yo agradezco mucho que me haya tocado esa \u00e9poca. No me toc\u00f3 estudiar griego, pero s\u00ed lat\u00edn y el lat\u00edn es fundamental como ra\u00edz del espa\u00f1ol\u201d.<\/p>\n<div id=\"attachment_342764\" style=\"width: 1034px\" class=\"wp-caption alignnone\"><a href=\"https:\/\/www.medellin.gov.co\/es\/wp-content\/uploads\/2024\/09\/Biblioteca.jpg\" target=\"_blank\" rel=\"noopener\"><img aria-describedby=\"caption-attachment-342764\" loading=\"lazy\" class=\"wp-image-342764 size-large\" src=\"https:\/\/www.medellin.gov.co\/es\/wp-content\/uploads\/2024\/09\/Biblioteca-1024x768.jpg\" alt=\"\" width=\"1024\" height=\"768\" srcset=\"https:\/\/www.medellin.gov.co\/es\/wp-content\/uploads\/2024\/09\/Biblioteca-1024x768.jpg 1024w, https:\/\/www.medellin.gov.co\/es\/wp-content\/uploads\/2024\/09\/Biblioteca-300x225.jpg 300w, https:\/\/www.medellin.gov.co\/es\/wp-content\/uploads\/2024\/09\/Biblioteca-150x113.jpg 150w, https:\/\/www.medellin.gov.co\/es\/wp-content\/uploads\/2024\/09\/Biblioteca-768x576.jpg 768w, https:\/\/www.medellin.gov.co\/es\/wp-content\/uploads\/2024\/09\/Biblioteca.jpg 1137w\" sizes=\"(max-width: 1024px) 100vw, 1024px\" \/><\/a><p id=\"caption-attachment-342764\" class=\"wp-caption-text\">Una de las grandes pasiones de Wbeimar Mu\u00f1oz es la lectura. Aqu\u00ed una parte de su biblioteca<\/p><\/div>\n<p><strong>Le vamos a mencionar a algunos colegas suyos, referentes en Colombia, y pedirle que de cada uno nos diga una palabra o una frase que lo defina.<\/strong><\/p>\n<p><strong>Hern\u00e1n Pel\u00e1ez.<\/strong><\/p>\n<p>\u201cUn hombre de una memoria fotogr\u00e1fica y un gran se\u00f1or de la profesi\u00f3n\u201d.<\/p>\n<p><strong>Iv\u00e1n Mej\u00eda.<\/strong><\/p>\n<p>\u201cIv\u00e1n comenz\u00f3 conmigo, de esos alumnos que uno recuerda con mucho cari\u00f1o, de los m\u00e1s estudiosos que tiene el f\u00fatbol colombiano, y para m\u00ed, el que mejor ve el f\u00fatbol en el pa\u00eds\u201d.<\/p>\n<div id=\"attachment_342785\" style=\"width: 1034px\" class=\"wp-caption alignnone\"><a href=\"https:\/\/www.medellin.gov.co\/es\/wp-content\/uploads\/2024\/09\/Viera-2.jpg\"><img aria-describedby=\"caption-attachment-342785\" loading=\"lazy\" class=\"size-large wp-image-342785\" src=\"https:\/\/www.medellin.gov.co\/es\/wp-content\/uploads\/2024\/09\/Viera-2-1024x694.jpg\" alt=\"\" width=\"1024\" height=\"694\" srcset=\"https:\/\/www.medellin.gov.co\/es\/wp-content\/uploads\/2024\/09\/Viera-2-1024x694.jpg 1024w, https:\/\/www.medellin.gov.co\/es\/wp-content\/uploads\/2024\/09\/Viera-2-300x203.jpg 300w, https:\/\/www.medellin.gov.co\/es\/wp-content\/uploads\/2024\/09\/Viera-2-150x102.jpg 150w, https:\/\/www.medellin.gov.co\/es\/wp-content\/uploads\/2024\/09\/Viera-2-768x521.jpg 768w, https:\/\/www.medellin.gov.co\/es\/wp-content\/uploads\/2024\/09\/Viera-2.jpg 1280w\" sizes=\"(max-width: 1024px) 100vw, 1024px\" \/><\/a><p id=\"caption-attachment-342785\" class=\"wp-caption-text\">Hern\u00e1n Pel\u00e1ez, Iv\u00e1n Mej\u00eda. Carlos Antonio V\u00e9lez y Wbeimar Mu\u00f1oz. Foto: capsulas.com.co<\/p><\/div>\n<p><strong>\u201cEl Paisita\u201d M\u00fanera Eastman.<\/strong><\/p>\n<p>\u201cTrabaj\u00f3 conmigo varios a\u00f1os, hace mucho tiempo no lo veo\u201d.<\/p>\n<p><strong>Jorge Eli\u00e9cer Campuzano.<\/strong><\/p>\n<p>\u201cOtro gran amigo Jorge Eli\u00e9cer. Los argentinos, cuando hay una persona exultante en bonhom\u00eda dicen que es un \u2018pan de Dios\u2019. Para m\u00ed, Jorge Eli\u00e9cer es un gran narrador, pero sobre todas las cosas, lo primigenio es que es un pan de Dios\u201d.<\/p>\n<p><strong>\u00c9dgar Perea.<\/strong><\/p>\n<p>\u201cFue un hermano para m\u00ed, lamentablemente se fue. Con \u00e9l tengo cientos de an\u00e9cdotas, viajes por el mundo entero, lo quise como un hermano\u201d.<\/p>\n<p><strong>Carlos Antonio V\u00e9lez.<\/strong><\/p>\n<p>\u201cOtro de los hombres estudiosos del f\u00fatbol, un hombre serio, profesional, dedicado, muy respetable en la profesi\u00f3n\u201d.<\/p>\n<p><strong>Gustavo, el \u201cTato\u201d Sanint.<\/strong><\/p>\n<p>\u201cEl Tato es otro de los alumnos nuestros. Ya tiene su programa en un canal de YouTube. Ese es otro de los personajes que yo dir\u00eda que lo quiero como un hijo\u201d.<\/p>\n<div id=\"attachment_342783\" style=\"width: 1034px\" class=\"wp-caption alignnone\"><a href=\"https:\/\/www.medellin.gov.co\/es\/wp-content\/uploads\/2024\/09\/Grupo-radial-Medellin-2-.jpg\"><img aria-describedby=\"caption-attachment-342783\" loading=\"lazy\" class=\"size-large wp-image-342783\" src=\"https:\/\/www.medellin.gov.co\/es\/wp-content\/uploads\/2024\/09\/Grupo-radial-Medellin-2--1024x720.jpg\" alt=\"\" width=\"1024\" height=\"720\" srcset=\"https:\/\/www.medellin.gov.co\/es\/wp-content\/uploads\/2024\/09\/Grupo-radial-Medellin-2--1024x720.jpg 1024w, https:\/\/www.medellin.gov.co\/es\/wp-content\/uploads\/2024\/09\/Grupo-radial-Medellin-2--300x211.jpg 300w, https:\/\/www.medellin.gov.co\/es\/wp-content\/uploads\/2024\/09\/Grupo-radial-Medellin-2--150x105.jpg 150w, https:\/\/www.medellin.gov.co\/es\/wp-content\/uploads\/2024\/09\/Grupo-radial-Medellin-2--768x540.jpg 768w, https:\/\/www.medellin.gov.co\/es\/wp-content\/uploads\/2024\/09\/Grupo-radial-Medellin-2-.jpg 1280w\" sizes=\"(max-width: 1024px) 100vw, 1024px\" \/><\/a><p id=\"caption-attachment-342783\" class=\"wp-caption-text\">1992. Wbeimar Mu\u00f1oz Ceballos y el narrador Gustavo Tato Sanint, acompa\u00f1ados por Francisco Maturana. Foto: capsulas.com.co<\/p><\/div>\n<p><strong>Usted fue alcalde c\u00edvico del deporte y la cultura de Medell\u00edn y nos contaron que lo invitaron en alguna ocasi\u00f3n a participar en pol\u00edtica, a aspirar al Concejo de Medell\u00edn. \u00bfC\u00f3mo ha sido ese rol c\u00edvico \u2013 pol\u00edtico suyo?<\/strong><\/p>\n<p>\u201cEl pol\u00edtico: nunca quise equivocarme, pero a m\u00ed s\u00ed me llamaron para ser concejal en este periodo del 24. Ten\u00eda muy buenas ideas y me entusiasm\u00e9 mucho, pero me puse a averiguar con pol\u00edticos amigos muy importantes, exalcaldes, exgobernadores&#8230; Y yo recordaba las palabras de Rodrigo Saldarriaga, no s\u00e9 si lo recuerdas, que fue el director del Peque\u00f1o Teatro. Una vez se lanz\u00f3 a la Gobernaci\u00f3n y \u00e9l me dec\u00eda: \u2018En pol\u00edtica por donde metas el dedo sale pus\u2019. Y llegu\u00e9 a la conclusi\u00f3n de que era mejor que no. Porque mira, si t\u00fa no votas con tus compa\u00f1eros, ah\u00ed tienes los enemigos, la misma facci\u00f3n pol\u00edtica. Y si votas contra los otros, tambi\u00e9n los vas a tener. Y yo conozco el caso de personas aqu\u00ed que han ensuciado su nombre y que han sido personas honestas a toda prueba. Y lo de alcalde c\u00edvico: yo estuve cuatro a\u00f1os (1996 \u2013 1999) haciendo b\u00e1sicamente una labor social. Ese es un cargo <em>ad honorem<\/em>, eso no se cobra. Y trat\u00e9 en ese tiempo de hacer una recogida de armas en las comunas, logramos recoger muchas y entregarlas a la brigada, a cambio de hacer peque\u00f1as bibliotecas o entregar libros, o hacer escenarios deportivos peque\u00f1os. Yo creo que en ese aspecto jugu\u00e9 bastante bien\u201d.<\/p>\n<div id=\"attachment_342781\" style=\"width: 1034px\" class=\"wp-caption alignnone\"><a href=\"https:\/\/www.medellin.gov.co\/es\/wp-content\/uploads\/2024\/09\/Wbeimar_3.jpg\" target=\"_blank\" rel=\"noopener\"><img aria-describedby=\"caption-attachment-342781\" loading=\"lazy\" class=\"wp-image-342781 size-large\" src=\"https:\/\/www.medellin.gov.co\/es\/wp-content\/uploads\/2024\/09\/Wbeimar_3-1024x768.jpg\" alt=\"\" width=\"1024\" height=\"768\" srcset=\"https:\/\/www.medellin.gov.co\/es\/wp-content\/uploads\/2024\/09\/Wbeimar_3-1024x768.jpg 1024w, https:\/\/www.medellin.gov.co\/es\/wp-content\/uploads\/2024\/09\/Wbeimar_3-300x225.jpg 300w, https:\/\/www.medellin.gov.co\/es\/wp-content\/uploads\/2024\/09\/Wbeimar_3-150x113.jpg 150w, https:\/\/www.medellin.gov.co\/es\/wp-content\/uploads\/2024\/09\/Wbeimar_3-768x576.jpg 768w, https:\/\/www.medellin.gov.co\/es\/wp-content\/uploads\/2024\/09\/Wbeimar_3.jpg 1280w\" sizes=\"(max-width: 1024px) 100vw, 1024px\" \/><\/a><p id=\"caption-attachment-342781\" class=\"wp-caption-text\">Wbeimar Mu\u00f1oz Ceballos<\/p><\/div>\n<p><strong>\u00bf<\/strong><strong>Un consejo que usted les pueda dar a los periodistas de medios alternativos, independientes, comunitarios, que muchas veces no tienen tanta exposici\u00f3n, que hacen una labor silenciosa en sus territorios?<\/strong><\/p>\n<p>\u201cYo creo que el oyente de uno es como un hermano. Yo por lo menos los quise toda la vida y yo siempre les dije que los quer\u00eda mucho. Y hoy en d\u00eda cuando los recuerdo tambi\u00e9n les digo que los amo. Y a mi mujer se lo recuerdo todos los d\u00edas y a mis hijos y a mis amigos cuando me llaman yo les digo: te quiero. No dejes pasar un d\u00eda de tu vida sin expresarle el amor a la gente que est\u00e1 en tu coraz\u00f3n. Y lo otro que le aprend\u00ed a Leo Buscaglia (escritor estadounidense) y que se los recuerdo a los estudiantes de comunicaci\u00f3n cuando me invitan a una charla: nunca dejes pasar un solo d\u00eda de tu vida sin aprender algo nuevo. Ese es el mensaje para el periodista\u201d.<\/p>\n<div id=\"attachment_342758\" style=\"width: 1034px\" class=\"wp-caption alignnone\"><a href=\"https:\/\/www.medellin.gov.co\/es\/wp-content\/uploads\/2024\/09\/Balcon1.jpg\"><img aria-describedby=\"caption-attachment-342758\" loading=\"lazy\" class=\"size-large wp-image-342758\" src=\"https:\/\/www.medellin.gov.co\/es\/wp-content\/uploads\/2024\/09\/Balcon1-1024x768.jpg\" alt=\"\" width=\"1024\" height=\"768\" srcset=\"https:\/\/www.medellin.gov.co\/es\/wp-content\/uploads\/2024\/09\/Balcon1-1024x768.jpg 1024w, https:\/\/www.medellin.gov.co\/es\/wp-content\/uploads\/2024\/09\/Balcon1-300x225.jpg 300w, https:\/\/www.medellin.gov.co\/es\/wp-content\/uploads\/2024\/09\/Balcon1-150x113.jpg 150w, https:\/\/www.medellin.gov.co\/es\/wp-content\/uploads\/2024\/09\/Balcon1-768x576.jpg 768w, https:\/\/www.medellin.gov.co\/es\/wp-content\/uploads\/2024\/09\/Balcon1.jpg 1137w\" sizes=\"(max-width: 1024px) 100vw, 1024px\" \/><\/a><p id=\"caption-attachment-342758\" class=\"wp-caption-text\">Wbeimar Mu\u00f1oz Ceballos es reconocido tambi\u00e9n como un gran conversador<\/p><\/div>\n<p><strong>Por \u00faltimo, para usted, \u00bfqu\u00e9 significa Medell\u00edn?<\/strong><\/p>\n<p>\u201cYo tengo tres ciudades que amo: <a href=\"http:\/\/www.sevilla-valle.gov.co\/\" target=\"_blank\" rel=\"noopener\">Sevilla (Valle del Cauca)<\/a> me dio la vida y la familia; Par\u00eds, donde muchas veces he querido vivir, pero econ\u00f3micamente no he podido radicarme un tiempo all\u00e1. Y la otra, Medell\u00edn. Medell\u00edn me dio el amor, los hijos, la profesi\u00f3n. Un d\u00eda yo hablaba con mi mujer. En el a\u00f1o 75, a finales, Caracol me nombra director general de la cadena. Entonces me llama Jaime Tob\u00f3n de la Roche y me dice: \u2018\u00bfQu\u00e9 te vas a ir para Bogot\u00e1 a ese fr\u00edo? No, qu\u00e9date aqu\u00ed. Ah, porque yo me iba inclusive de la radio a trabajar con una agencia de publicidad a la que prest\u00e9 servicios y, con trabajos m\u00edos como copywriter, gan\u00f3 varios premios India Catalina. Entonces me dijo: \u2018No, qu\u00e9date aqu\u00ed que yo mejor te abro un espacio inicialmente de media hora y no te cobro el arrendamiento y t\u00fa pagas a tus empleados y vendes la publicidad\u2019. Y ah\u00ed naci\u00f3<a href=\"https:\/\/www.youtube.com\/@wbeimarlodice2023\" target=\"_blank\" rel=\"noopener\"> <em>Wbeimar lo dice<\/em><\/a>. Entonces yo le dec\u00eda a mi mujer, un d\u00eda: \u2018\u00bfYo por qu\u00e9 no me fui para Bogot\u00e1?\u2019 Porque a los que se fueron, como Javier Hern\u00e1ndez Bonnet, que se fue mucho despu\u00e9s; Carlos Antonio V\u00e9lez y otros por el estilo, que ganan millonadas. Entonces yo no s\u00e9 por qu\u00e9 en ese momento no me acord\u00e9 sino de la plata. Estar\u00eda rico, le dec\u00eda yo a mi mujer\u2019. Y se queda mir\u00e1ndome fijamente y me dice: \u2018\u00bfS\u00ed? \u00bfY Bogot\u00e1 te hubiera dado el mismo cari\u00f1o que te da Antioquia, que por donde andas la gente te trata con ese respeto, ese amor, ese agradecimiento por todo el coraz\u00f3n que le diste?\u2019 Y ese d\u00eda mi mujer me dio una lecci\u00f3n que jam\u00e1s olvidar\u00e9: primero est\u00e1 ese amor de la gente; el dinero es secundario. Yo creo que uno vive m\u00e1s del cari\u00f1o, del afecto, del amor de los cong\u00e9neres, que de la plata que te echas al bolsillo y se va por el mismo hueco de siempre\u201d.<\/p>\n<div id=\"attachment_342761\" style=\"width: 1034px\" class=\"wp-caption alignnone\"><a href=\"https:\/\/www.medellin.gov.co\/es\/wp-content\/uploads\/2024\/09\/Balcon2.jpg\" target=\"_blank\" rel=\"noopener\"><img aria-describedby=\"caption-attachment-342761\" loading=\"lazy\" class=\"wp-image-342761 size-large\" src=\"https:\/\/www.medellin.gov.co\/es\/wp-content\/uploads\/2024\/09\/Balcon2-1024x768.jpg\" alt=\"\" width=\"1024\" height=\"768\" srcset=\"https:\/\/www.medellin.gov.co\/es\/wp-content\/uploads\/2024\/09\/Balcon2-1024x768.jpg 1024w, https:\/\/www.medellin.gov.co\/es\/wp-content\/uploads\/2024\/09\/Balcon2-300x225.jpg 300w, https:\/\/www.medellin.gov.co\/es\/wp-content\/uploads\/2024\/09\/Balcon2-150x113.jpg 150w, https:\/\/www.medellin.gov.co\/es\/wp-content\/uploads\/2024\/09\/Balcon2-768x576.jpg 768w, https:\/\/www.medellin.gov.co\/es\/wp-content\/uploads\/2024\/09\/Balcon2.jpg 1137w\" sizes=\"(max-width: 1024px) 100vw, 1024px\" \/><\/a><p id=\"caption-attachment-342761\" class=\"wp-caption-text\">Wbeimar Mu\u00f1oz Ceballos<\/p><\/div>\n","protected":false},"excerpt":{"rendered":"<p>En la 18 Fiesta del Libro y la Cultura de Medell\u00edn, el reconocido periodista deportivo Wbeimar Mu\u00f1oz Ceballos present\u00f3 su libro biogr\u00e1fico Wbeimar lo dice. Conversamos con \u00e9l sobre su vasta carrera en medios de &#8230;<\/p>\n","protected":false},"author":17,"featured_media":342761,"comment_status":"open","ping_status":"open","sticky":false,"template":"","format":"standard","meta":[],"categories":[531,31],"tags":[444,428],"formato_nota":[],"programas_tax":[],"acf":[],"_links":{"self":[{"href":"https:\/\/www.medellin.gov.co\/es\/wp-json\/wp\/v2\/posts\/342753"}],"collection":[{"href":"https:\/\/www.medellin.gov.co\/es\/wp-json\/wp\/v2\/posts"}],"about":[{"href":"https:\/\/www.medellin.gov.co\/es\/wp-json\/wp\/v2\/types\/post"}],"author":[{"embeddable":true,"href":"https:\/\/www.medellin.gov.co\/es\/wp-json\/wp\/v2\/users\/17"}],"replies":[{"embeddable":true,"href":"https:\/\/www.medellin.gov.co\/es\/wp-json\/wp\/v2\/comments?post=342753"}],"version-history":[{"count":1,"href":"https:\/\/www.medellin.gov.co\/es\/wp-json\/wp\/v2\/posts\/342753\/revisions"}],"predecessor-version":[{"id":342788,"href":"https:\/\/www.medellin.gov.co\/es\/wp-json\/wp\/v2\/posts\/342753\/revisions\/342788"}],"wp:featuredmedia":[{"embeddable":true,"href":"https:\/\/www.medellin.gov.co\/es\/wp-json\/wp\/v2\/media\/342761"}],"wp:attachment":[{"href":"https:\/\/www.medellin.gov.co\/es\/wp-json\/wp\/v2\/media?parent=342753"}],"wp:term":[{"taxonomy":"category","embeddable":true,"href":"https:\/\/www.medellin.gov.co\/es\/wp-json\/wp\/v2\/categories?post=342753"},{"taxonomy":"post_tag","embeddable":true,"href":"https:\/\/www.medellin.gov.co\/es\/wp-json\/wp\/v2\/tags?post=342753"},{"taxonomy":"formato_nota","embeddable":true,"href":"https:\/\/www.medellin.gov.co\/es\/wp-json\/wp\/v2\/formato_nota?post=342753"},{"taxonomy":"programas_tax","embeddable":true,"href":"https:\/\/www.medellin.gov.co\/es\/wp-json\/wp\/v2\/programas_tax?post=342753"}],"curies":[{"name":"wp","href":"https:\/\/api.w.org\/{rel}","templated":true}]}}