{"id":34342,"date":"2020-03-04T00:00:00","date_gmt":"2020-03-04T05:00:00","guid":{"rendered":"https:\/\/www.medellin.gov.co\/es\/saladeprensa\/noticias\/la-alcaldia-de-medellin-avanza-con-acciones-que-mejoran-la-calidad-de-vida-de-los-adultos-mayores\/"},"modified":"2022-03-27T22:29:33","modified_gmt":"2022-03-28T03:29:33","slug":"la-alcaldia-de-medellin-avanza-con-acciones-que-mejoran-la-calidad-de-vida-de-los-adultos-mayores","status":"publish","type":"post","link":"https:\/\/www.medellin.gov.co\/es\/sala-de-prensa\/noticias\/la-alcaldia-de-medellin-avanza-con-acciones-que-mejoran-la-calidad-de-vida-de-los-adultos-mayores\/","title":{"rendered":"La Alcald\u00eda de Medell\u00edn avanza con acciones que mejoran la calidad de vida de los adultos mayores"},"content":{"rendered":"<div class=\"wrap contenido\">\n<div class=\"noticia\">\n<div class=\"imagen\">\n<div class=\"divContImageNoticia\" style=\"background-image:url('\/irj\/go\/km\/docs\/galerias\/Imagenes\/Galer\u00eda d\u00eda a d\u00eda 2020\/500_400\/20200304_AdultoMayor1.jpg')\" rel=\"\/irj\/go\/km\/docs\/galerias\/Imagenes\/Galer\u00eda d\u00eda a d\u00eda 2020\/500_400\/20200304_AdultoMayor1.jpg\"><span style=\"display:none\"\/><\/div>\n<p>La Alcald\u00eda de Medell\u00edn avanza con acciones que mejoran la calidad de vida de los adultos mayores.<\/p>\n<p>Foto Alcald\u00eda de Medell\u00edn<\/p><\/div>\n<p class=\"fecha\"><span>2020-03-04<\/span><\/p>\n<p itemprop=\"name\">La Alcald\u00eda de Medell\u00edn avanza con acciones que mejoran la calidad de vida de los adultos mayores<\/p>\n<p>Por Ver\u00f3nica Ospina Galeano<\/p>\n<div class=\"cuerpo\">\n<p><p>.: En la Colonia de Belencito se fortalecieron los servicios de gerontolog&iacute;a, alimentaci&oacute;n, psicolog&iacute;a y trabajo social, entre otros.<br \/>.: La Administraci&oacute;n Municipal renov&oacute; la capilla de la Colonia con una inversi&oacute;n de $211 millones.<br \/>.: En el lugar habitan 250 personas mayores quienes reciben atenci&oacute;n integral.<br \/>.: <a target=\"_blank\" href=\"\/irj\/go\/km\/docs\/\/galerias\/Audios\/Audios d\u00eda a d\u00eda 2020\/20200304_SecretariaInclusion_01_01.mp3\" rel=\"noopener\"><span style=\"color: #3366ff;\">||Audio|| Palabras de&nbsp;M&oacute;nica G&oacute;mez, secretaria de Inclusi&oacute;n Social, Familia y Derechos Humanos<\/span><\/a>.<br \/>.: <a target=\"_blank\" href=\"\/irj\/go\/km\/docs\/\/galerias\/Audios\/Audios d\u00eda a d\u00eda 2020\/20200304_AdultaMayorColonia_01_01.mp3\" rel=\"noopener\"><span style=\"color: #3366ff;\">||Audio|| Palabras de&nbsp;Bernarda de Jes&uacute;s Berr&iacute;o, beneficiaria centro La Colonia Bel&eacute;n<\/span><\/a>.<\/p>\n<p>&nbsp;La Alcald&iacute;a de Medell&iacute;n mejor&oacute; las condiciones de los 250 adultos mayores quienes habitan en la Colonia de Belencito, por medio de la renovaci&oacute;n de espacios y del fortalecimiento de la oferta institucional para su calidad de vida.<\/p>\n<p><a href=\"\/irj\/go\/km\/docs\/galerias\/Imagenes\/Galer&iacute;a d&iacute;a a d&iacute;a 2020\/20200304_AdultoMayor2.jpeg\"><img title=\" La Alcald&iacute;a de Medell&iacute;n avanza con acciones que mejoran la calidad de vida de los adultos mayores\" alt=\" La Alcald&iacute;a de Medell&iacute;n avanza con acciones que mejoran la calidad de vida de los adultos mayores\" width=\"100%\" src=\"\/irj\/go\/km\/docs\/galerias\/Imagenes\/Galer&iacute;a d&iacute;a a d&iacute;a 2020\/1000_450\/20200304_AdultoMayor2.jpg\"\/><\/a>&nbsp;<\/p>\n<p>All&iacute;, se ejecutaron obras en la capilla que requirieron una inversi&oacute;n de $211 millones y tuvieron una duraci&oacute;n de siete meses. Adem&aacute;s, se modernizaron los calentadores de agua de las duchas. Con estas acciones se busca que tengan todas las condiciones para llevar una vejez digna.&nbsp;<\/p>\n<p>&ldquo;Este es un hecho muy importante porque es reconocer a las personas mayores a quienes debemos acompa&ntilde;ar para que no se queden en el olvido. No solo es la inauguraci&oacute;n de la capilla sino tambi&eacute;n de la escuela donde se les va a dar clase y a reconocer el valor que ellos tienen&rdquo;, dijo la secretaria de Inclusi&oacute;n Social, Familia y Derechos Humanos, M&oacute;nica G&oacute;mez Laverde.&nbsp;<\/p>\n<p>La Colonia de Belencito es un programa que brinda atenci&oacute;n por medio de profesionales en gerontolog&iacute;a, psicolog&iacute;a, fisioterapia, terapia ocupacional y trabajo social.&nbsp;<\/p>\n<p>En este espacio se fortalecen sus habilidades art&iacute;sticas por medio de talleres de danza, teatro, artes pl&aacute;sticas y manualidades, actividades que se realizan para promover una vejez activa y saludable.&nbsp;<\/p>\n<p>El lugar tambi&eacute;n tiene la Escuela Crecer, una metodolog&iacute;a que les permite reforzar sus conocimientos en varias &aacute;reas y potenciar sus habilidades.&nbsp;<\/p>\n<p>&ldquo;Tenemos unas zonas verdes hermosas y &aacute;rboles frutales, tambi&eacute;n una capilla reci&eacute;n restaurada y un teatro. Me gustar&iacute;a invitar a los j&oacute;venes y a los ni&ntilde;os para que intercambien con nosotros aqu&iacute; una charla, contarles historias y mostrarles c&oacute;mo es de hermosa nuestra casa&rdquo;, dijo Orlando Mu&ntilde;oz, usuario de la Colonia hace siete a&ntilde;os.&nbsp;<\/p>\n<p>La Administraci&oacute;n Municipal invita a las familias de Medell&iacute;n para que cuiden a sus personas mayores, los acompa&ntilde;en y los acojan, adem&aacute;s de llamar a la L&iacute;nea 123 Social en los casos en que se requiera la protecci&oacute;n de personas de esta poblaci&oacute;n y as&iacute; garantizarles sus derechos.<\/p>\n<\/p>\n<p><span style=\"display:none\"\/><\/div>\n<div class=\"compartir\">Compartir en: <a title=\"\" href=\"http:\/\/www.facebook.com\/share.php?u=\" class=\"btCompartirFacebook btCompartir\" target=\"_blank\" rel=\"noopener\"><a title=\"\" href=\"http:\/\/twitter.com\/home?status=Haz%20clic%20para%20ver%20esta%20noticia%20en%20\" class=\"btCompartirTwitter btCompartir\"\/><a title=\"\" href=\"whatsapp:\/\/send?text=Haz%20clic%20para%20ver%20esta%20noticia%20en%20\" class=\"btCompartirWa btCompartir\"\/><\/div>\n<\/div>\n<p><script>try{comprobarImagen();fixBtnRedes();hitsMedellin();}catch(e){}<\/script><\/div>\n","protected":false},"excerpt":{"rendered":"<p>La Alcald\u00eda de Medell\u00edn avanza con acciones que mejoran la calidad de vida de los adultos mayores. Foto Alcald\u00eda de Medell\u00edn 2020-03-04 La Alcald\u00eda de Medell\u00edn avanza con acciones que mejoran la calidad de vida &#8230;<\/p>\n","protected":false},"author":1,"featured_media":58126,"comment_status":"open","ping_status":"open","sticky":false,"template":"","format":"standard","meta":[],"categories":[1],"tags":[437,451,435],"formato_nota":[],"programas_tax":[],"acf":[],"_links":{"self":[{"href":"https:\/\/www.medellin.gov.co\/es\/wp-json\/wp\/v2\/posts\/34342"}],"collection":[{"href":"https:\/\/www.medellin.gov.co\/es\/wp-json\/wp\/v2\/posts"}],"about":[{"href":"https:\/\/www.medellin.gov.co\/es\/wp-json\/wp\/v2\/types\/post"}],"author":[{"embeddable":true,"href":"https:\/\/www.medellin.gov.co\/es\/wp-json\/wp\/v2\/users\/1"}],"replies":[{"embeddable":true,"href":"https:\/\/www.medellin.gov.co\/es\/wp-json\/wp\/v2\/comments?post=34342"}],"version-history":[{"count":1,"href":"https:\/\/www.medellin.gov.co\/es\/wp-json\/wp\/v2\/posts\/34342\/revisions"}],"predecessor-version":[{"id":37369,"href":"https:\/\/www.medellin.gov.co\/es\/wp-json\/wp\/v2\/posts\/34342\/revisions\/37369"}],"wp:featuredmedia":[{"embeddable":true,"href":"https:\/\/www.medellin.gov.co\/es\/wp-json\/wp\/v2\/media\/58126"}],"wp:attachment":[{"href":"https:\/\/www.medellin.gov.co\/es\/wp-json\/wp\/v2\/media?parent=34342"}],"wp:term":[{"taxonomy":"category","embeddable":true,"href":"https:\/\/www.medellin.gov.co\/es\/wp-json\/wp\/v2\/categories?post=34342"},{"taxonomy":"post_tag","embeddable":true,"href":"https:\/\/www.medellin.gov.co\/es\/wp-json\/wp\/v2\/tags?post=34342"},{"taxonomy":"formato_nota","embeddable":true,"href":"https:\/\/www.medellin.gov.co\/es\/wp-json\/wp\/v2\/formato_nota?post=34342"},{"taxonomy":"programas_tax","embeddable":true,"href":"https:\/\/www.medellin.gov.co\/es\/wp-json\/wp\/v2\/programas_tax?post=34342"}],"curies":[{"name":"wp","href":"https:\/\/api.w.org\/{rel}","templated":true}]}}