{"id":343808,"date":"2024-09-17T15:25:18","date_gmt":"2024-09-17T20:25:18","guid":{"rendered":"https:\/\/www.medellin.gov.co\/es\/?p=343808"},"modified":"2024-09-17T15:31:36","modified_gmt":"2024-09-17T20:31:36","slug":"en-su-nueva-consolidacion-como-tacita-de-plata-este-ano-van-888-intervenciones-de-limpieza-y-mantenimiento-en-diferentes-puntos-de-medellin","status":"publish","type":"post","link":"https:\/\/www.medellin.gov.co\/es\/sala-de-prensa\/noticias\/en-su-nueva-consolidacion-como-tacita-de-plata-este-ano-van-888-intervenciones-de-limpieza-y-mantenimiento-en-diferentes-puntos-de-medellin\/","title":{"rendered":"En su nueva consolidaci\u00f3n como \u201ctacita de plata\u201d, este a\u00f1o van 888 intervenciones de limpieza y mantenimiento en diferentes puntos de Medell\u00edn"},"content":{"rendered":"<div class=\"page\" title=\"Page 1\">\n<div class=\"section\">\n<div class=\"layoutArea\">\n<div class=\"column\">\n<ul>\n<li><strong>Como parte de las acciones, se han recolectado 22.647 metros cu\u0301bicos de residuos so\u0301lidos.<\/strong><\/li>\n<li><strong>El Comite\u0301 de Aseo y Ornato de Medelli\u0301n cumple 39 an\u0303os liderando la tarea de promocio\u0301n de buenas pra\u0301cticas ambientales.<\/strong><\/li>\n<li><strong>La ciudad ha sido referente nacional en la gestio\u0301n integral de residuos y en la limpieza de espacios pu\u0301blicos.<\/strong><\/li>\n<\/ul>\n<!--[if lt IE 9]><script>document.createElement('audio');<\/script><![endif]-->\n\t<div class=\"wp-playlist wp-audio-playlist wp-playlist-light\">\n\t\t\t<div class=\"wp-playlist-current-item\"><\/div>\n\t\t<audio controls=\"controls\" preload=\"none\" width=\"640\"\n\t\t\t><\/audio>\n\t<div class=\"wp-playlist-next\"><\/div>\n\t<div class=\"wp-playlist-prev\"><\/div>\n\t<noscript>\n\t<ol>\n\t\t<li><a href='https:\/\/www.medellin.gov.co\/es\/wp-content\/uploads\/2024\/09\/Tacita-de-plata-limpieza-y-mantenimiento-01.mp3'>Palabras de Federico Guti\u00e9rrez Zuluaga, alcalde de Medell\u00edn<\/a><\/li>\t<\/ol>\n\t<\/noscript>\n\t<script type=\"application\/json\" class=\"wp-playlist-script\">{\"type\":\"audio\",\"tracklist\":true,\"tracknumbers\":true,\"images\":true,\"artists\":true,\"tracks\":[{\"src\":\"https:\\\/\\\/www.medellin.gov.co\\\/es\\\/wp-content\\\/uploads\\\/2024\\\/09\\\/Tacita-de-plata-limpieza-y-mantenimiento-01.mp3\",\"type\":\"audio\\\/mpeg\",\"title\":\"Palabras de Federico Guti\\u00e9rrez Zuluaga, alcalde de Medell\\u00edn\",\"caption\":\"\",\"description\":\"\\u00abPalabras de Federico Guti\\u00e9rrez Zuluaga, alcalde de Medell\\u00edn\\u00bb.\",\"meta\":{\"length_formatted\":\"2:32\"},\"image\":{\"src\":\"https:\\\/\\\/www.medellin.gov.co\\\/es\\\/wp-includes\\\/images\\\/media\\\/audio.png\",\"width\":48,\"height\":64},\"thumb\":{\"src\":\"https:\\\/\\\/www.medellin.gov.co\\\/es\\\/wp-includes\\\/images\\\/media\\\/audio.png\",\"width\":48,\"height\":64}}]}<\/script>\n<\/div>\n\t\n<p>En la conmemoracio\u0301n del Di\u0301a Mundial de la Limpieza y de los 39 an\u0303os del Comite\u0301 de Aseo y Ornato, la Administracio\u0301n Distrital reafirma su compromiso con el cuidado del entorno urbano al alcanzar 888 intervenciones en lo que va de 2024. Estas acciones no solo resaltan el esfuerzo por mantener una ciudad ma\u0301s limpia y ordenada, sino tambie\u0301n el papel clave de las alianzas entre el sector pu\u0301blico, el sector privado, la academia y la comunidad.<\/p>\n<p>\u201c<em>Desde hace casi cuatro de\u0301cadas, miles de personas han puesto su corazo\u0301n en mantener limpia y hermosa nuestra ciudad. Y eso no es solo trabajo de un di\u0301a, es un esfuerzo constante. Durante todo este tiempo, hemos trabajado de la mano con el sector privado, la academia y, sobre todo, con ustedes, los ciudadanos<\/em>\u201d, dijo el alcalde de Medelli\u0301n, Federico Gutie\u0301rrez Zuluaga.<\/p>\n<div id=\"attachment_343810\" style=\"width: 685px\" class=\"wp-caption aligncenter\"><a href=\"https:\/\/www.medellin.gov.co\/es\/wp-content\/uploads\/2024\/09\/Tacita-de-plata-limpieza-y-mantenimiento-1.jpg\" target=\"_blank\" rel=\"noopener\"><img aria-describedby=\"caption-attachment-343810\" loading=\"lazy\" class=\"wp-image-343810 size-full\" title=\"En su nueva consolidaci\u00f3n como \u201ctacita de plata\u201d, este a\u00f1o van 888 intervenciones de limpieza y mantenimiento en diferentes puntos de Medell\u00edn\" src=\"https:\/\/www.medellin.gov.co\/es\/wp-content\/uploads\/2024\/09\/Tacita-de-plata-limpieza-y-mantenimiento-1.jpg\" alt=\"En su nueva consolidaci\u00f3n como \u201ctacita de plata\u201d, este a\u00f1o van 888 intervenciones de limpieza y mantenimiento en diferentes puntos de Medell\u00edn\" width=\"675\" height=\"900\" srcset=\"https:\/\/www.medellin.gov.co\/es\/wp-content\/uploads\/2024\/09\/Tacita-de-plata-limpieza-y-mantenimiento-1.jpg 675w, https:\/\/www.medellin.gov.co\/es\/wp-content\/uploads\/2024\/09\/Tacita-de-plata-limpieza-y-mantenimiento-1-225x300.jpg 225w, https:\/\/www.medellin.gov.co\/es\/wp-content\/uploads\/2024\/09\/Tacita-de-plata-limpieza-y-mantenimiento-1-113x150.jpg 113w\" sizes=\"(max-width: 675px) 100vw, 675px\" \/><\/a><p id=\"caption-attachment-343810\" class=\"wp-caption-text\">En su nueva consolidaci\u00f3n como \u201ctacita de plata\u201d, este a\u00f1o van 888 intervenciones de limpieza y mantenimiento en diferentes puntos de Medell\u00edn &#8211; Foto alcaldia de Medell\u00edn<\/p><\/div>\n<p>Entre las labores se destaca la recoleccio\u0301n de 22.647 metros cu\u0301bicos de residuos voluminosos, ordinarios y de construccio\u0301n, asi\u0301 como el lavado y mantenimiento de 1.600.000 metros cuadrados de superficies urbanas. Adicionalmente, se han intervenido 3.8 millones de metros cuadrados de zonas verdes, jardineri\u0301a y pintura, con lo que se ha mejorado la este\u0301tica y la calidad de vida.<\/p>\n<p>Adicionalmente y como parte de los esfuerzos para fomentar una cultura ciudadana de respeto y cuidado del medio ambiente, 18.984 personas han sido sensibilizadas en buenas pra\u0301cticas durante el an\u0303o. A trave\u0301s de estas actividades, se busca que cada ciudadano se sume al compromiso de mantener las calles y espacios pu\u0301blicos en o\u0301ptimas condiciones.<\/p>\n<div class=\"page\" title=\"Page 2\">\n<div class=\"section\">\n<div class=\"layoutArea\">\n<div class=\"column\">\n<p>La Alcaldi\u0301a de Medelli\u0301n resalta la trayectoria e importancia del Comite\u0301 de Aseo y Ornato, un grupo que, desde su creacio\u0301n, hace 39 an\u0303os, ha sido fundamental en la promocio\u0301n de buenas pra\u0301cticas ambientales. Este trabajo colaborativo ha permitido que la ciudad se posicione como un referente nacional en la gestio\u0301n integral de residuos y en la limpieza de espacios pu\u0301blicos.<\/p>\n<div id=\"attachment_343815\" style=\"width: 959px\" class=\"wp-caption aligncenter\"><a href=\"https:\/\/www.medellin.gov.co\/es\/wp-content\/uploads\/2024\/09\/Tacita-de-plata-limpieza-y-mantenimiento-2.jpg\" target=\"_blank\" rel=\"noopener\"><img aria-describedby=\"caption-attachment-343815\" loading=\"lazy\" class=\"wp-image-343815 size-full\" title=\"En su nueva consolidaci\u00f3n como \u201ctacita de plata\u201d, este a\u00f1o van 888 intervenciones de limpieza y mantenimiento en diferentes puntos de Medell\u00edn\" src=\"https:\/\/www.medellin.gov.co\/es\/wp-content\/uploads\/2024\/09\/Tacita-de-plata-limpieza-y-mantenimiento-2.jpg\" alt=\"En su nueva consolidaci\u00f3n como \u201ctacita de plata\u201d, este a\u00f1o van 888 intervenciones de limpieza y mantenimiento en diferentes puntos de Medell\u00edn\" width=\"949\" height=\"900\" srcset=\"https:\/\/www.medellin.gov.co\/es\/wp-content\/uploads\/2024\/09\/Tacita-de-plata-limpieza-y-mantenimiento-2.jpg 949w, https:\/\/www.medellin.gov.co\/es\/wp-content\/uploads\/2024\/09\/Tacita-de-plata-limpieza-y-mantenimiento-2-300x285.jpg 300w, https:\/\/www.medellin.gov.co\/es\/wp-content\/uploads\/2024\/09\/Tacita-de-plata-limpieza-y-mantenimiento-2-150x142.jpg 150w, https:\/\/www.medellin.gov.co\/es\/wp-content\/uploads\/2024\/09\/Tacita-de-plata-limpieza-y-mantenimiento-2-768x728.jpg 768w\" sizes=\"(max-width: 949px) 100vw, 949px\" \/><\/a><p id=\"caption-attachment-343815\" class=\"wp-caption-text\">En su nueva consolidaci\u00f3n como \u201ctacita de plata\u201d, este a\u00f1o van 888 intervenciones de limpieza y mantenimiento en diferentes puntos de Medell\u00edn &#8211; Foto alcaldia de Medell\u00edn<\/p><\/div>\n<p>\u201c<em>Gracias a ese trabajo en equipo, hoy Medelli\u0301n es un referente en cuidado ambiental y limpieza en todo el pai\u0301s. Y no es solo por lo que hacemos desde la Alcaldi\u0301a o desde entidades como Emvarias, EPM o la Secretari\u0301a de Movilidad, sino por lo que cada uno de ustedes hace di\u0301a a di\u0301a en sus hogares, en sus trabajos y en las calles de nuestra ciudad<\/em>\u201d, agrego\u0301 el mandatario.<\/p>\n<p>El llamado a la ciudadani\u0301a es a que, de manera conjunta, continu\u0301e construyendo una ciudad ma\u0301s limpia y sostenible, y a disponer los residuos en los lugares y horarios autorizados, en una accio\u0301n que aunque sencilla generara\u0301 gran impacto. Adema\u0301s, se invita a cada habitante a apropiarse de su entorno, cuidando los espacios donde vive, trabaja y se recrea, con el fin de mantener a Medelli\u0301n como una \u00abtacita de plata\u00bb.<\/p>\n<\/div>\n<\/div>\n<\/div>\n<\/div>\n<\/div>\n<\/div>\n<\/div>\n<\/div>\n","protected":false},"excerpt":{"rendered":"<p>Como parte de las acciones, se han recolectado 22.647 metros cu\u0301bicos de residuos so\u0301lidos. El Comite\u0301 de Aseo y Ornato de Medelli\u0301n cumple 39 an\u0303os liderando la tarea de promocio\u0301n de buenas pra\u0301cticas ambientales. La &#8230;<\/p>\n","protected":false},"author":84,"featured_media":343816,"comment_status":"open","ping_status":"open","sticky":false,"template":"","format":"standard","meta":[],"categories":[13],"tags":[437,455],"formato_nota":[],"programas_tax":[],"acf":[],"_links":{"self":[{"href":"https:\/\/www.medellin.gov.co\/es\/wp-json\/wp\/v2\/posts\/343808"}],"collection":[{"href":"https:\/\/www.medellin.gov.co\/es\/wp-json\/wp\/v2\/posts"}],"about":[{"href":"https:\/\/www.medellin.gov.co\/es\/wp-json\/wp\/v2\/types\/post"}],"author":[{"embeddable":true,"href":"https:\/\/www.medellin.gov.co\/es\/wp-json\/wp\/v2\/users\/84"}],"replies":[{"embeddable":true,"href":"https:\/\/www.medellin.gov.co\/es\/wp-json\/wp\/v2\/comments?post=343808"}],"version-history":[{"count":1,"href":"https:\/\/www.medellin.gov.co\/es\/wp-json\/wp\/v2\/posts\/343808\/revisions"}],"predecessor-version":[{"id":343848,"href":"https:\/\/www.medellin.gov.co\/es\/wp-json\/wp\/v2\/posts\/343808\/revisions\/343848"}],"wp:featuredmedia":[{"embeddable":true,"href":"https:\/\/www.medellin.gov.co\/es\/wp-json\/wp\/v2\/media\/343816"}],"wp:attachment":[{"href":"https:\/\/www.medellin.gov.co\/es\/wp-json\/wp\/v2\/media?parent=343808"}],"wp:term":[{"taxonomy":"category","embeddable":true,"href":"https:\/\/www.medellin.gov.co\/es\/wp-json\/wp\/v2\/categories?post=343808"},{"taxonomy":"post_tag","embeddable":true,"href":"https:\/\/www.medellin.gov.co\/es\/wp-json\/wp\/v2\/tags?post=343808"},{"taxonomy":"formato_nota","embeddable":true,"href":"https:\/\/www.medellin.gov.co\/es\/wp-json\/wp\/v2\/formato_nota?post=343808"},{"taxonomy":"programas_tax","embeddable":true,"href":"https:\/\/www.medellin.gov.co\/es\/wp-json\/wp\/v2\/programas_tax?post=343808"}],"curies":[{"name":"wp","href":"https:\/\/api.w.org\/{rel}","templated":true}]}}