{"id":343851,"date":"2024-09-17T15:50:46","date_gmt":"2024-09-17T20:50:46","guid":{"rendered":"https:\/\/www.medellin.gov.co\/es\/?p=343851"},"modified":"2024-09-19T10:30:09","modified_gmt":"2024-09-19T15:30:09","slug":"estudiantes-de-colegios-de-medellin-podran-participar-en-concurso-que-promueve-la-conciencia-y-proteccion-contra-las-violencias-sexuales","status":"publish","type":"post","link":"https:\/\/www.medellin.gov.co\/es\/sala-de-prensa\/noticias\/estudiantes-de-colegios-de-medellin-podran-participar-en-concurso-que-promueve-la-conciencia-y-proteccion-contra-las-violencias-sexuales\/","title":{"rendered":"Estudiantes de colegios de Medell\u00edn podr\u00e1n participar en concurso que promueve la conciencia y protecci\u00f3n contra las violencias sexuales"},"content":{"rendered":"<div class=\"page\" title=\"Page 1\">\n<div class=\"section\">\n<div class=\"layoutArea\">\n<div class=\"column\">\n<ul>\n<li>Los interesados podr\u00e1n participar hasta el 4 de octubre.<\/li>\n<li>Seis instituciones sera\u0301n las ganadoras de este concurso que motiva la participacio\u0301n de los estudiantes de colegios pu\u0301blicos y privados.<\/li>\n<li>En lo que va de 2024, Tejiendo Hogares ha llegado a 14.000 nin\u0303as, nin\u0303os y adolescentes con espacios de formacio\u0301n y experiencias arti\u0301sticas.<\/li>\n<\/ul>\n<!--[if lt IE 9]><script>document.createElement('audio');<\/script><![endif]-->\n\t<div class=\"wp-playlist wp-audio-playlist wp-playlist-light\">\n\t\t\t<div class=\"wp-playlist-current-item\"><\/div>\n\t\t<audio controls=\"controls\" preload=\"none\" width=\"640\"\n\t\t\t><\/audio>\n\t<div class=\"wp-playlist-next\"><\/div>\n\t<div class=\"wp-playlist-prev\"><\/div>\n\t<noscript>\n\t<ol>\n\t\t<li><a href='https:\/\/www.medellin.gov.co\/es\/wp-content\/uploads\/2024\/09\/Estudiantes-de-colegios-de-Medellin-proteccion-01.mp3'>Palabras de Federico Gutie\u0301rrez Zuluaga, alcalde de Medell\u00edn (Intervenci\u00f3n 1)<\/a><\/li><li><a href='https:\/\/www.medellin.gov.co\/es\/wp-content\/uploads\/2024\/09\/Estudiantes-de-colegios-de-Medellin-proteccion-03.mp3'>Palabras de Federico Gutie\u0301rrez Zuluaga, alcalde de Medell\u00edn (Intervenci\u00f3n 2)<\/a><\/li><li><a href='https:\/\/www.medellin.gov.co\/es\/wp-content\/uploads\/2024\/09\/Estudiantes-de-colegios-de-Medellin-proteccion-04.mp3'>Palabras de Federico Gutie\u0301rrez Zuluaga, alcalde de Medell\u00edn (Intervenci\u00f3n 3)<\/a><\/li><li><a href='https:\/\/www.medellin.gov.co\/es\/wp-content\/uploads\/2024\/09\/Estudiantes-de-colegios-de-Medellin-proteccion-05.mp3'>Palabras de Federico Gutie\u0301rrez Zuluaga, alcalde de Medell\u00edn (Intervenci\u00f3n 4)<\/a><\/li><li><a href='https:\/\/www.medellin.gov.co\/es\/wp-content\/uploads\/2024\/09\/Estudiantes-de-colegios-de-Medellin-proteccion-06.mp3'>Palabras de Federico Gutie\u0301rrez Zuluaga, alcalde de Medell\u00edn (Intervenci\u00f3n 5)<\/a><\/li><li><a href='https:\/\/www.medellin.gov.co\/es\/wp-content\/uploads\/2024\/09\/Estudiantes-de-colegios-de-Medellin-proteccion-07.mp3'>Palabras de Federico Gutie\u0301rrez Zuluaga, alcalde de Medell\u00edn (Intervenci\u00f3n 6)<\/a><\/li><li><a href='https:\/\/www.medellin.gov.co\/es\/wp-content\/uploads\/2024\/09\/Estudiantes-de-colegios-de-Medellin-proteccion-02.mp3'>Palabras de Margarita Go\u0301mez Mari\u0301n, primera dama de Medell\u00edn<\/a><\/li>\t<\/ol>\n\t<\/noscript>\n\t<script type=\"application\/json\" class=\"wp-playlist-script\">{\"type\":\"audio\",\"tracklist\":true,\"tracknumbers\":true,\"images\":true,\"artists\":true,\"tracks\":[{\"src\":\"https:\\\/\\\/www.medellin.gov.co\\\/es\\\/wp-content\\\/uploads\\\/2024\\\/09\\\/Estudiantes-de-colegios-de-Medellin-proteccion-01.mp3\",\"type\":\"audio\\\/mpeg\",\"title\":\"Palabras de Federico Gutie\\u0301rrez Zuluaga, alcalde de Medell\\u00edn (Intervenci\\u00f3n 1)\",\"caption\":\"\",\"description\":\"\\u00abPalabras de Federico Gutie\\u0301rrez Zuluaga, alcalde de Medell\\u00edn (Intervenci\\u00f3n 1)\\u00bb.\",\"meta\":{\"length_formatted\":\"2:48\"},\"image\":{\"src\":\"https:\\\/\\\/www.medellin.gov.co\\\/es\\\/wp-includes\\\/images\\\/media\\\/audio.png\",\"width\":48,\"height\":64},\"thumb\":{\"src\":\"https:\\\/\\\/www.medellin.gov.co\\\/es\\\/wp-includes\\\/images\\\/media\\\/audio.png\",\"width\":48,\"height\":64}},{\"src\":\"https:\\\/\\\/www.medellin.gov.co\\\/es\\\/wp-content\\\/uploads\\\/2024\\\/09\\\/Estudiantes-de-colegios-de-Medellin-proteccion-03.mp3\",\"type\":\"audio\\\/mpeg\",\"title\":\"Palabras de Federico Gutie\\u0301rrez Zuluaga, alcalde de Medell\\u00edn (Intervenci\\u00f3n 2)\",\"caption\":\"\",\"description\":\"\\u00abPalabras de Federico Gutie\\u0301rrez Zuluaga, alcalde de Medell\\u00edn (Intervenci\\u00f3n 2)\\u00bb.\",\"meta\":{\"length_formatted\":\"2:16\"},\"image\":{\"src\":\"https:\\\/\\\/www.medellin.gov.co\\\/es\\\/wp-includes\\\/images\\\/media\\\/audio.png\",\"width\":48,\"height\":64},\"thumb\":{\"src\":\"https:\\\/\\\/www.medellin.gov.co\\\/es\\\/wp-includes\\\/images\\\/media\\\/audio.png\",\"width\":48,\"height\":64}},{\"src\":\"https:\\\/\\\/www.medellin.gov.co\\\/es\\\/wp-content\\\/uploads\\\/2024\\\/09\\\/Estudiantes-de-colegios-de-Medellin-proteccion-04.mp3\",\"type\":\"audio\\\/mpeg\",\"title\":\"Palabras de Federico Gutie\\u0301rrez Zuluaga, alcalde de Medell\\u00edn (Intervenci\\u00f3n 3)\",\"caption\":\"\",\"description\":\"\\u00abPalabras de Federico Gutie\\u0301rrez Zuluaga, alcalde de Medell\\u00edn (Intervenci\\u00f3n 3)\\u00bb.\",\"meta\":{\"length_formatted\":\"3:28\"},\"image\":{\"src\":\"https:\\\/\\\/www.medellin.gov.co\\\/es\\\/wp-includes\\\/images\\\/media\\\/audio.png\",\"width\":48,\"height\":64},\"thumb\":{\"src\":\"https:\\\/\\\/www.medellin.gov.co\\\/es\\\/wp-includes\\\/images\\\/media\\\/audio.png\",\"width\":48,\"height\":64}},{\"src\":\"https:\\\/\\\/www.medellin.gov.co\\\/es\\\/wp-content\\\/uploads\\\/2024\\\/09\\\/Estudiantes-de-colegios-de-Medellin-proteccion-05.mp3\",\"type\":\"audio\\\/mpeg\",\"title\":\"Palabras de Federico Gutie\\u0301rrez Zuluaga, alcalde de Medell\\u00edn (Intervenci\\u00f3n 4)\",\"caption\":\"\",\"description\":\"\\u00abPalabras de Federico Gutie\\u0301rrez Zuluaga, alcalde de Medell\\u00edn (Intervenci\\u00f3n 4)\\u00bb.\",\"meta\":{\"length_formatted\":\"1:48\"},\"image\":{\"src\":\"https:\\\/\\\/www.medellin.gov.co\\\/es\\\/wp-includes\\\/images\\\/media\\\/audio.png\",\"width\":48,\"height\":64},\"thumb\":{\"src\":\"https:\\\/\\\/www.medellin.gov.co\\\/es\\\/wp-includes\\\/images\\\/media\\\/audio.png\",\"width\":48,\"height\":64}},{\"src\":\"https:\\\/\\\/www.medellin.gov.co\\\/es\\\/wp-content\\\/uploads\\\/2024\\\/09\\\/Estudiantes-de-colegios-de-Medellin-proteccion-06.mp3\",\"type\":\"audio\\\/mpeg\",\"title\":\"Palabras de Federico Gutie\\u0301rrez Zuluaga, alcalde de Medell\\u00edn (Intervenci\\u00f3n 5)\",\"caption\":\"\",\"description\":\"\\u00abPalabras de Federico Gutie\\u0301rrez Zuluaga, alcalde de Medell\\u00edn (Intervenci\\u00f3n 5)\\u00bb.\",\"meta\":{\"length_formatted\":\"2:40\"},\"image\":{\"src\":\"https:\\\/\\\/www.medellin.gov.co\\\/es\\\/wp-includes\\\/images\\\/media\\\/audio.png\",\"width\":48,\"height\":64},\"thumb\":{\"src\":\"https:\\\/\\\/www.medellin.gov.co\\\/es\\\/wp-includes\\\/images\\\/media\\\/audio.png\",\"width\":48,\"height\":64}},{\"src\":\"https:\\\/\\\/www.medellin.gov.co\\\/es\\\/wp-content\\\/uploads\\\/2024\\\/09\\\/Estudiantes-de-colegios-de-Medellin-proteccion-07.mp3\",\"type\":\"audio\\\/mpeg\",\"title\":\"Palabras de Federico Gutie\\u0301rrez Zuluaga, alcalde de Medell\\u00edn (Intervenci\\u00f3n 6)\",\"caption\":\"\",\"description\":\"\\u00abPalabras de Federico Gutie\\u0301rrez Zuluaga, alcalde de Medell\\u00edn (Intervenci\\u00f3n 6)\\u00bb.\",\"meta\":{\"length_formatted\":\"1:38\"},\"image\":{\"src\":\"https:\\\/\\\/www.medellin.gov.co\\\/es\\\/wp-includes\\\/images\\\/media\\\/audio.png\",\"width\":48,\"height\":64},\"thumb\":{\"src\":\"https:\\\/\\\/www.medellin.gov.co\\\/es\\\/wp-includes\\\/images\\\/media\\\/audio.png\",\"width\":48,\"height\":64}},{\"src\":\"https:\\\/\\\/www.medellin.gov.co\\\/es\\\/wp-content\\\/uploads\\\/2024\\\/09\\\/Estudiantes-de-colegios-de-Medellin-proteccion-02.mp3\",\"type\":\"audio\\\/mpeg\",\"title\":\"Palabras de Margarita Go\\u0301mez Mari\\u0301n, primera dama de Medell\\u00edn\",\"caption\":\"\",\"description\":\"\\u00abPalabras de Margarita Go\\u0301mez Mari\\u0301n, primera dama de Medell\\u00edn\\u00bb.\",\"meta\":{\"length_formatted\":\"1:01\"},\"image\":{\"src\":\"https:\\\/\\\/www.medellin.gov.co\\\/es\\\/wp-includes\\\/images\\\/media\\\/audio.png\",\"width\":48,\"height\":64},\"thumb\":{\"src\":\"https:\\\/\\\/www.medellin.gov.co\\\/es\\\/wp-includes\\\/images\\\/media\\\/audio.png\",\"width\":48,\"height\":64}}]}<\/script>\n<\/div>\n\t\n<p>La Alcaldi\u0301a de Medelli\u0301n, a trave\u0301s del Despacho de la Primera Dama, presento\u0301 el concurso #ConMiCuerpoNadieSeMete, una iniciativa que busca promover la conciencia y la proteccio\u0301n de las violencias sexuales, y que esta\u0301 dirigida a nin\u0303as, nin\u0303os y adolescentes.<\/p>\n<div id=\"attachment_343864\" style=\"width: 1210px\" class=\"wp-caption aligncenter\"><a href=\"https:\/\/www.medellin.gov.co\/es\/wp-content\/uploads\/2024\/09\/Estudiantes-de-colegios-de-Medellin-proteccion-4.jpg\" target=\"_blank\" rel=\"noopener\"><img aria-describedby=\"caption-attachment-343864\" loading=\"lazy\" class=\"wp-image-343864 size-full\" title=\"Estudiantes de colegios de Medell\u00edn podr\u00e1n participar en concurso que promueve la conciencia y protecci\u00f3n contra las violencias sexuales\" src=\"https:\/\/www.medellin.gov.co\/es\/wp-content\/uploads\/2024\/09\/Estudiantes-de-colegios-de-Medellin-proteccion-4.jpg\" alt=\"Estudiantes de colegios de Medell\u00edn podr\u00e1n participar en concurso que promueve la conciencia y protecci\u00f3n contra las violencias sexuales\" width=\"1200\" height=\"835\" srcset=\"https:\/\/www.medellin.gov.co\/es\/wp-content\/uploads\/2024\/09\/Estudiantes-de-colegios-de-Medellin-proteccion-4.jpg 1200w, https:\/\/www.medellin.gov.co\/es\/wp-content\/uploads\/2024\/09\/Estudiantes-de-colegios-de-Medellin-proteccion-4-300x209.jpg 300w, https:\/\/www.medellin.gov.co\/es\/wp-content\/uploads\/2024\/09\/Estudiantes-de-colegios-de-Medellin-proteccion-4-1024x713.jpg 1024w, https:\/\/www.medellin.gov.co\/es\/wp-content\/uploads\/2024\/09\/Estudiantes-de-colegios-de-Medellin-proteccion-4-150x104.jpg 150w, https:\/\/www.medellin.gov.co\/es\/wp-content\/uploads\/2024\/09\/Estudiantes-de-colegios-de-Medellin-proteccion-4-768x534.jpg 768w\" sizes=\"(max-width: 1200px) 100vw, 1200px\" \/><\/a><p id=\"caption-attachment-343864\" class=\"wp-caption-text\">Estudiantes de colegios de Medell\u00edn podr\u00e1n participar en concurso que promueve la conciencia y protecci\u00f3n contra las violencias sexuales &#8211; Foto alcaldia de Medell\u00edn<\/p><\/div>\n<p>\u201c<em>Yo les pido a los li\u0301deres estudiantiles que se vayan por cada salo\u0301n, pi\u0301danle permiso a los profesores, dedi\u0301quenle tiempo a esto, vayan donde los ma\u0301s chiquitos. En los recreos ace\u0301rquense a los grupitos y hablen con las nin\u0303as y los nin\u0303os de estos temas; ju\u0301ntense entre colegios pu\u0301blicos y privados; sepan escuchar porque se encontrara\u0301n casos de nin\u0303as y nin\u0303os que se van a derrumbar ante ustedes porque esta\u0301n siendo abusados. Ustedes tienen que prepararse tambie\u0301n como li\u0301deres para ayudar a los dema\u0301s<\/em>\u201d, dijo el alcalde Federico Gutie\u0301rrez Zuluaga.<\/p>\n<p>Este concurso esta\u0301 disen\u0303ado para motivar la participacio\u0301n de las y los estudiantes de colegios pu\u0301blicos y privados, y con e\u0301l se espera que seis instituciones educativas de la ciudad sean reconocidas por su apropiacio\u0301n e innovacio\u0301n con este mensaje.<\/p>\n<div id=\"attachment_343860\" style=\"width: 1210px\" class=\"wp-caption aligncenter\"><a href=\"https:\/\/www.medellin.gov.co\/es\/wp-content\/uploads\/2024\/09\/Estudiantes-de-colegios-de-Medellin-proteccion-3.jpg\" target=\"_blank\" rel=\"noopener\"><img aria-describedby=\"caption-attachment-343860\" loading=\"lazy\" class=\"wp-image-343860 size-full\" title=\"Estudiantes de colegios de Medell\u00edn podr\u00e1n participar en concurso que promueve la conciencia y protecci\u00f3n contra las violencias sexuales\" src=\"https:\/\/www.medellin.gov.co\/es\/wp-content\/uploads\/2024\/09\/Estudiantes-de-colegios-de-Medellin-proteccion-3.jpg\" alt=\"Estudiantes de colegios de Medell\u00edn podr\u00e1n participar en concurso que promueve la conciencia y protecci\u00f3n contra las violencias sexuales\" width=\"1200\" height=\"799\" srcset=\"https:\/\/www.medellin.gov.co\/es\/wp-content\/uploads\/2024\/09\/Estudiantes-de-colegios-de-Medellin-proteccion-3.jpg 1200w, https:\/\/www.medellin.gov.co\/es\/wp-content\/uploads\/2024\/09\/Estudiantes-de-colegios-de-Medellin-proteccion-3-300x200.jpg 300w, https:\/\/www.medellin.gov.co\/es\/wp-content\/uploads\/2024\/09\/Estudiantes-de-colegios-de-Medellin-proteccion-3-1024x682.jpg 1024w, https:\/\/www.medellin.gov.co\/es\/wp-content\/uploads\/2024\/09\/Estudiantes-de-colegios-de-Medellin-proteccion-3-150x100.jpg 150w, https:\/\/www.medellin.gov.co\/es\/wp-content\/uploads\/2024\/09\/Estudiantes-de-colegios-de-Medellin-proteccion-3-768x511.jpg 768w\" sizes=\"(max-width: 1200px) 100vw, 1200px\" \/><\/a><p id=\"caption-attachment-343860\" class=\"wp-caption-text\">Estudiantes de colegios de Medell\u00edn podr\u00e1n participar en concurso que promueve la conciencia y protecci\u00f3n contra las violencias sexuales &#8211; Foto alcaldia de Medell\u00edn<\/p><\/div>\n<p>\u201c<em>Cada uno de nosotros puede ser un agente protector. Estoy convencida de que cada uno, desde su rol, como ciudadanos, como tenderos, como agentes de tra\u0301nsito o como polici\u0301as pueden hacer algo, y los li\u0301deres estudiantiles tienen esa gran posibilidad de comenzar a transmitir en sus instituciones este mensaje de prevencio\u0301n, de contar esto en sus hogares y de que sepan que ustedes se saben cuidar<\/em>\u201d, expreso\u0301 la primera dama de Medelli\u0301n, Margarita Go\u0301mez Mari\u0301n.<\/p>\n<div class=\"page\" title=\"Page 2\">\n<div class=\"section\">\n<div class=\"layoutArea\">\n<div class=\"column\">\n<p>Los interesados podr\u00e1n participar hasta el 4 de octubre. Los alumnos debera\u0301n presentar sus propuestas en formato digital, abordando ejes tema\u0301ticos como: \u00bfPor que\u0301 nadie me puede tocar mis partes i\u0301ntimas? \u00bfCua\u0301les son los tipos de violencias sexuales? \u00bfA quie\u0301n le pido ayuda si alguien me quiere hacer dan\u0303o? y \u00bfCua\u0301les son las rutas institucionales de atencio\u0301n?<\/p>\n\n\t\t<style type=\"text\/css\">\n\t\t\t#gallery-1 {\n\t\t\t\tmargin: auto;\n\t\t\t}\n\t\t\t#gallery-1 .gallery-item {\n\t\t\t\tfloat: left;\n\t\t\t\tmargin-top: 10px;\n\t\t\t\ttext-align: center;\n\t\t\t\twidth: 50%;\n\t\t\t}\n\t\t\t#gallery-1 img {\n\t\t\t\tborder: 2px solid #cfcfcf;\n\t\t\t}\n\t\t\t#gallery-1 .gallery-caption {\n\t\t\t\tmargin-left: 0;\n\t\t\t}\n\t\t\t\/* see gallery_shortcode() in wp-includes\/media.php *\/\n\t\t<\/style>\n\t\t<div id='gallery-1' class='gallery galleryid-343851 gallery-columns-2 gallery-size-large'><dl class='gallery-item'>\n\t\t\t<dt class='gallery-icon landscape'>\n\t\t\t\t<a href='https:\/\/www.medellin.gov.co\/es\/sala-de-prensa\/noticias\/estudiantes-de-colegios-de-medellin-podran-participar-en-concurso-que-promueve-la-conciencia-y-proteccion-contra-las-violencias-sexuales\/estudiantes-de-colegios-de-medellin-proteccion-1\/'><img width=\"1024\" height=\"681\" src=\"https:\/\/www.medellin.gov.co\/es\/wp-content\/uploads\/2024\/09\/Estudiantes-de-colegios-de-Medellin-proteccion-1-1024x681.jpg\" class=\"attachment-large size-large\" alt=\"Estudiantes de colegios de Medell\u00edn podr\u00e1n participar en concurso que promueve la conciencia y protecci\u00f3n contra las violencias sexuales\" loading=\"lazy\" aria-describedby=\"gallery-1-343852\" srcset=\"https:\/\/www.medellin.gov.co\/es\/wp-content\/uploads\/2024\/09\/Estudiantes-de-colegios-de-Medellin-proteccion-1-1024x681.jpg 1024w, https:\/\/www.medellin.gov.co\/es\/wp-content\/uploads\/2024\/09\/Estudiantes-de-colegios-de-Medellin-proteccion-1-300x200.jpg 300w, https:\/\/www.medellin.gov.co\/es\/wp-content\/uploads\/2024\/09\/Estudiantes-de-colegios-de-Medellin-proteccion-1-150x100.jpg 150w, https:\/\/www.medellin.gov.co\/es\/wp-content\/uploads\/2024\/09\/Estudiantes-de-colegios-de-Medellin-proteccion-1-768x511.jpg 768w, https:\/\/www.medellin.gov.co\/es\/wp-content\/uploads\/2024\/09\/Estudiantes-de-colegios-de-Medellin-proteccion-1.jpg 1200w\" sizes=\"(max-width: 1024px) 100vw, 1024px\" \/><\/a>\n\t\t\t<\/dt>\n\t\t\t\t<dd class='wp-caption-text gallery-caption' id='gallery-1-343852'>\n\t\t\t\tEstudiantes de colegios de Medell\u00edn podr\u00e1n participar en concurso que promueve la conciencia y protecci\u00f3n contra las violencias sexuales &#8211; Foto alcaldia de Medell\u00edn\n\t\t\t\t<\/dd><\/dl><dl class='gallery-item'>\n\t\t\t<dt class='gallery-icon landscape'>\n\t\t\t\t<a href='https:\/\/www.medellin.gov.co\/es\/sala-de-prensa\/noticias\/estudiantes-de-colegios-de-medellin-podran-participar-en-concurso-que-promueve-la-conciencia-y-proteccion-contra-las-violencias-sexuales\/estudiantes-de-colegios-de-medellin-proteccion-5\/'><img width=\"1024\" height=\"682\" src=\"https:\/\/www.medellin.gov.co\/es\/wp-content\/uploads\/2024\/09\/Estudiantes-de-colegios-de-Medellin-proteccion-5-1024x682.jpg\" class=\"attachment-large size-large\" alt=\"Estudiantes de colegios de Medell\u00edn podr\u00e1n participar en concurso que promueve la conciencia y protecci\u00f3n contra las violencias sexuales\" loading=\"lazy\" aria-describedby=\"gallery-1-343867\" srcset=\"https:\/\/www.medellin.gov.co\/es\/wp-content\/uploads\/2024\/09\/Estudiantes-de-colegios-de-Medellin-proteccion-5-1024x682.jpg 1024w, https:\/\/www.medellin.gov.co\/es\/wp-content\/uploads\/2024\/09\/Estudiantes-de-colegios-de-Medellin-proteccion-5-300x200.jpg 300w, https:\/\/www.medellin.gov.co\/es\/wp-content\/uploads\/2024\/09\/Estudiantes-de-colegios-de-Medellin-proteccion-5-150x100.jpg 150w, https:\/\/www.medellin.gov.co\/es\/wp-content\/uploads\/2024\/09\/Estudiantes-de-colegios-de-Medellin-proteccion-5-768x511.jpg 768w, https:\/\/www.medellin.gov.co\/es\/wp-content\/uploads\/2024\/09\/Estudiantes-de-colegios-de-Medellin-proteccion-5.jpg 1200w\" sizes=\"(max-width: 1024px) 100vw, 1024px\" \/><\/a>\n\t\t\t<\/dt>\n\t\t\t\t<dd class='wp-caption-text gallery-caption' id='gallery-1-343867'>\n\t\t\t\tEstudiantes de colegios de Medell\u00edn podr\u00e1n participar en concurso que promueve la conciencia y protecci\u00f3n contra las violencias sexuales &#8211; Foto alcaldia de Medell\u00edn\n\t\t\t\t<\/dd><\/dl><br style=\"clear: both\" \/>\n\t\t<\/div>\n\n<p>La metodologi\u0301a es libre y se puede hacer uso de la creatividad para realizar juegos, exposiciones, dina\u0301micas y videos pedago\u0301gicos, entre otros. Un jurado evaluara\u0301 las propuestas en funcio\u0301n de la apropiacio\u0301n de los conceptos principales, interacciones y tra\u0301fico digital, asi\u0301 como su cara\u0301cter innovador. Se premiara\u0301 a los participantes en tres categori\u0301as.<\/p>\n<p>\u201c<em>Yo me cuido confiando en mi\u0301, en mis instintos, en las sen\u0303ales de alerta que mi propio cuerpo me da, porque nosotros sabemos cua\u0301ndo algo no nos gusta y tenemos todo el derecho a decir que esto no me gusta. Yo puedo decir no. Es una invitacio\u0301n a que el no tambie\u0301n es una respuesta, que podemos ayudar y que no nos quedemos callados ante lo que nos hace sentir incomodos<\/em>\u201d, sen\u0303alo\u0301 la estudiante Mari\u0301a Paulina Quintero, de la Institucio\u0301n Educativa Lola Gonza\u0301lez.<\/p>\n<p>En lo corrido de 2024, las autoridades han realizado la captura de 191 personas por delitos sexuales contra menores. Desde Tejiendo Hogares se cuenta con un equipo multidisciplinario de profesionales que durante el an\u0303o ha realizado 309 gestiones de activacio\u0301n de rutas en el Centro de Atencio\u0301n Integral a Vi\u0301ctimas de Abuso Sexual \u2013Caivas de la Fiscali\u0301a, y ha ofrecido atencio\u0301n terape\u0301utica individual a 58 nin\u0303os, adolescentes y sus familias, para ayudarlos a superar el trauma.<\/p>\n<div id=\"attachment_343871\" style=\"width: 843px\" class=\"wp-caption aligncenter\"><a href=\"https:\/\/www.medellin.gov.co\/es\/wp-content\/uploads\/2024\/09\/Estudiantes-de-colegios-de-Medellin-proteccion-6.jpg\" target=\"_blank\" rel=\"noopener\"><img aria-describedby=\"caption-attachment-343871\" loading=\"lazy\" class=\"wp-image-343871 size-full\" title=\"Estudiantes de colegios de Medell\u00edn podr\u00e1n participar en concurso que promueve la conciencia y protecci\u00f3n contra las violencias sexuales\" src=\"https:\/\/www.medellin.gov.co\/es\/wp-content\/uploads\/2024\/09\/Estudiantes-de-colegios-de-Medellin-proteccion-6.jpg\" alt=\"Estudiantes de colegios de Medell\u00edn podr\u00e1n participar en concurso que promueve la conciencia y protecci\u00f3n contra las violencias sexuales\" width=\"833\" height=\"900\" srcset=\"https:\/\/www.medellin.gov.co\/es\/wp-content\/uploads\/2024\/09\/Estudiantes-de-colegios-de-Medellin-proteccion-6.jpg 833w, https:\/\/www.medellin.gov.co\/es\/wp-content\/uploads\/2024\/09\/Estudiantes-de-colegios-de-Medellin-proteccion-6-278x300.jpg 278w, https:\/\/www.medellin.gov.co\/es\/wp-content\/uploads\/2024\/09\/Estudiantes-de-colegios-de-Medellin-proteccion-6-139x150.jpg 139w, https:\/\/www.medellin.gov.co\/es\/wp-content\/uploads\/2024\/09\/Estudiantes-de-colegios-de-Medellin-proteccion-6-768x830.jpg 768w\" sizes=\"(max-width: 833px) 100vw, 833px\" \/><\/a><p id=\"caption-attachment-343871\" class=\"wp-caption-text\">Estudiantes de colegios de Medell\u00edn podr\u00e1n participar en concurso que promueve la conciencia y protecci\u00f3n contra las violencias sexuales &#8211; Foto alcaldia de Medell\u00edn<\/p><\/div>\n<p>Asi\u0301 mismo, por medio de esta iniciativa, se han impactado 14.000 nin\u0303as, nin\u0303os y adolescentes en instituciones educativas, con espacios de formacio\u0301n y experiencias pedago\u0301gicas para entregarles herramientas de prevencio\u0301n.<\/p>\n<p>Para ma\u0301s informacio\u0301n sobre las bases del concurso e inscripciones, se puede visitar el sitio <a href=\"https:\/\/www.medellin.gov.co\" target=\"_blank\" rel=\"noopener\">www.medellin.gov.co<\/a><\/p>\n<\/div>\n<\/div>\n<\/div>\n<\/div>\n<\/div>\n<\/div>\n<\/div>\n<\/div>\n","protected":false},"excerpt":{"rendered":"<p>Los interesados podr\u00e1n participar hasta el 4 de octubre. Seis instituciones sera\u0301n las ganadoras de este concurso que motiva la participacio\u0301n de los estudiantes de colegios pu\u0301blicos y privados. En lo que va de 2024, &#8230;<\/p>\n","protected":false},"author":84,"featured_media":343855,"comment_status":"open","ping_status":"open","sticky":false,"template":"","format":"standard","meta":[],"categories":[285],"tags":[437,455],"formato_nota":[],"programas_tax":[],"acf":[],"_links":{"self":[{"href":"https:\/\/www.medellin.gov.co\/es\/wp-json\/wp\/v2\/posts\/343851"}],"collection":[{"href":"https:\/\/www.medellin.gov.co\/es\/wp-json\/wp\/v2\/posts"}],"about":[{"href":"https:\/\/www.medellin.gov.co\/es\/wp-json\/wp\/v2\/types\/post"}],"author":[{"embeddable":true,"href":"https:\/\/www.medellin.gov.co\/es\/wp-json\/wp\/v2\/users\/84"}],"replies":[{"embeddable":true,"href":"https:\/\/www.medellin.gov.co\/es\/wp-json\/wp\/v2\/comments?post=343851"}],"version-history":[{"count":2,"href":"https:\/\/www.medellin.gov.co\/es\/wp-json\/wp\/v2\/posts\/343851\/revisions"}],"predecessor-version":[{"id":344832,"href":"https:\/\/www.medellin.gov.co\/es\/wp-json\/wp\/v2\/posts\/343851\/revisions\/344832"}],"wp:featuredmedia":[{"embeddable":true,"href":"https:\/\/www.medellin.gov.co\/es\/wp-json\/wp\/v2\/media\/343855"}],"wp:attachment":[{"href":"https:\/\/www.medellin.gov.co\/es\/wp-json\/wp\/v2\/media?parent=343851"}],"wp:term":[{"taxonomy":"category","embeddable":true,"href":"https:\/\/www.medellin.gov.co\/es\/wp-json\/wp\/v2\/categories?post=343851"},{"taxonomy":"post_tag","embeddable":true,"href":"https:\/\/www.medellin.gov.co\/es\/wp-json\/wp\/v2\/tags?post=343851"},{"taxonomy":"formato_nota","embeddable":true,"href":"https:\/\/www.medellin.gov.co\/es\/wp-json\/wp\/v2\/formato_nota?post=343851"},{"taxonomy":"programas_tax","embeddable":true,"href":"https:\/\/www.medellin.gov.co\/es\/wp-json\/wp\/v2\/programas_tax?post=343851"}],"curies":[{"name":"wp","href":"https:\/\/api.w.org\/{rel}","templated":true}]}}