{"id":343910,"date":"2024-09-18T09:03:44","date_gmt":"2024-09-18T14:03:44","guid":{"rendered":"https:\/\/www.medellin.gov.co\/es\/?p=343910"},"modified":"2024-09-18T10:03:19","modified_gmt":"2024-09-18T15:03:19","slug":"la-alcaldia-me-ayudo-a-cumplir-el-sueno-de-mis-padres-regresar-al-camino-correcto-y-vivir-bien-carlos-gonzalez","status":"publish","type":"post","link":"https:\/\/www.medellin.gov.co\/es\/sala-de-prensa\/noticias\/la-alcaldia-me-ayudo-a-cumplir-el-sueno-de-mis-padres-regresar-al-camino-correcto-y-vivir-bien-carlos-gonzalez\/","title":{"rendered":"\u201cLa Alcald\u00eda me ayud\u00f3 a cumplir el sue\u00f1o de mis padres: regresar al camino correcto y vivir bien\u201d: Carlos Gonz\u00e1lez"},"content":{"rendered":"<p>Carlos Arturo Gonz\u00e1lez es servidor de la <a href=\"https:\/\/www.medellin.gov.co\/es\/secretaria-seguridad\/\" target=\"_blank\" rel=\"noopener\">Secretar\u00eda de Seguridad y Convivencia<\/a>, Cuenta con 16 a\u00f1os en la <a href=\"https:\/\/www.medellin.gov.co\" target=\"_blank\" rel=\"noopener\">Administraci\u00f3n Distrital<\/a> como auxiliar administrativo en inspecciones de polic\u00eda. Su familia la conforman tres hermanas y sus padres; estos \u00faltimos, ya fallecidos. \u00c9l vive con una de ellas, que tiene una discapacidad, y por la que responde con un amor inmenso de esos que ya ni se ven.<\/p>\n<div id=\"attachment_343992\" style=\"width: 1034px\" class=\"wp-caption alignnone\"><a href=\"https:\/\/www.medellin.gov.co\/es\/wp-content\/uploads\/2024\/09\/Seleccionado_Futbol_salon-17.jpg\" target=\"_blank\" rel=\"noopener\"><img aria-describedby=\"caption-attachment-343992\" loading=\"lazy\" class=\"wp-image-343992 size-large\" src=\"https:\/\/www.medellin.gov.co\/es\/wp-content\/uploads\/2024\/09\/Seleccionado_Futbol_salon-17-1024x682.jpg\" alt=\"\" width=\"1024\" height=\"682\" srcset=\"https:\/\/www.medellin.gov.co\/es\/wp-content\/uploads\/2024\/09\/Seleccionado_Futbol_salon-17-1024x682.jpg 1024w, https:\/\/www.medellin.gov.co\/es\/wp-content\/uploads\/2024\/09\/Seleccionado_Futbol_salon-17-300x200.jpg 300w, https:\/\/www.medellin.gov.co\/es\/wp-content\/uploads\/2024\/09\/Seleccionado_Futbol_salon-17-150x100.jpg 150w, https:\/\/www.medellin.gov.co\/es\/wp-content\/uploads\/2024\/09\/Seleccionado_Futbol_salon-17-768x512.jpg 768w, https:\/\/www.medellin.gov.co\/es\/wp-content\/uploads\/2024\/09\/Seleccionado_Futbol_salon-17.jpg 1280w\" sizes=\"(max-width: 1024px) 100vw, 1024px\" \/><\/a><p id=\"caption-attachment-343992\" class=\"wp-caption-text\">Carlos Arturo Gonz\u00e1lez<\/p><\/div>\n<p>Es padre de dos hijos deportistas y que est\u00e1n felices por el cambio de vida de su padre: <em>\u201cEllos me dan mucha energ\u00eda y moral. Me siento feliz, porque yo ya les doy buen ejemplo\u201d.<\/em><\/p>\n<p>Carlos ya suma dos participaciones en <a href=\"https:\/\/www.medellin.gov.co\/juegosnacionales\" target=\"_blank\" rel=\"noopener\">Juegos Nacionales Deportivos de Servidores P\u00fablicos<\/a>; sus primeros en <a href=\"https:\/\/www.yopal-casanare.gov.co\/\" target=\"_blank\" rel=\"noopener\">Yopal<\/a> y estos en <a href=\"https:\/\/colombia.travel\/es\/barranquilla\" target=\"_blank\" rel=\"noopener\">Barranquilla<\/a>. <em>\u201cY aspiro a colgarme la dorada en estas justas, como lo decretamos en el \u00faltimo entrenamiento en el Club La Isabela\u201d, <\/em>apunta.<\/p>\n\n\t\t<style type=\"text\/css\">\n\t\t\t#gallery-1 {\n\t\t\t\tmargin: auto;\n\t\t\t}\n\t\t\t#gallery-1 .gallery-item {\n\t\t\t\tfloat: left;\n\t\t\t\tmargin-top: 10px;\n\t\t\t\ttext-align: center;\n\t\t\t\twidth: 50%;\n\t\t\t}\n\t\t\t#gallery-1 img {\n\t\t\t\tborder: 2px solid #cfcfcf;\n\t\t\t}\n\t\t\t#gallery-1 .gallery-caption {\n\t\t\t\tmargin-left: 0;\n\t\t\t}\n\t\t\t\/* see gallery_shortcode() in wp-includes\/media.php *\/\n\t\t<\/style>\n\t\t<div id='gallery-1' class='gallery galleryid-343910 gallery-columns-2 gallery-size-large'><dl class='gallery-item'>\n\t\t\t<dt class='gallery-icon landscape'>\n\t\t\t\t<a href='https:\/\/www.medellin.gov.co\/es\/sala-de-prensa\/noticias\/la-alcaldia-me-ayudo-a-cumplir-el-sueno-de-mis-padres-regresar-al-camino-correcto-y-vivir-bien-carlos-gonzalez\/seleccionado_futbol_salon-8\/'><img width=\"1024\" height=\"682\" src=\"https:\/\/www.medellin.gov.co\/es\/wp-content\/uploads\/2024\/09\/Seleccionado_Futbol_salon-8-1024x682.jpg\" class=\"attachment-large size-large\" alt=\"\" loading=\"lazy\" aria-describedby=\"gallery-1-343972\" srcset=\"https:\/\/www.medellin.gov.co\/es\/wp-content\/uploads\/2024\/09\/Seleccionado_Futbol_salon-8-1024x682.jpg 1024w, https:\/\/www.medellin.gov.co\/es\/wp-content\/uploads\/2024\/09\/Seleccionado_Futbol_salon-8-300x200.jpg 300w, https:\/\/www.medellin.gov.co\/es\/wp-content\/uploads\/2024\/09\/Seleccionado_Futbol_salon-8-150x100.jpg 150w, https:\/\/www.medellin.gov.co\/es\/wp-content\/uploads\/2024\/09\/Seleccionado_Futbol_salon-8-768x512.jpg 768w, https:\/\/www.medellin.gov.co\/es\/wp-content\/uploads\/2024\/09\/Seleccionado_Futbol_salon-8.jpg 1280w\" sizes=\"(max-width: 1024px) 100vw, 1024px\" \/><\/a>\n\t\t\t<\/dt>\n\t\t\t\t<dd class='wp-caption-text gallery-caption' id='gallery-1-343972'>\n\t\t\t\tSeleccionado f\u00fatbol de sal\u00f3n masculino\n\t\t\t\t<\/dd><\/dl><dl class='gallery-item'>\n\t\t\t<dt class='gallery-icon landscape'>\n\t\t\t\t<a href='https:\/\/www.medellin.gov.co\/es\/sala-de-prensa\/noticias\/la-alcaldia-me-ayudo-a-cumplir-el-sueno-de-mis-padres-regresar-al-camino-correcto-y-vivir-bien-carlos-gonzalez\/seleccionado_futbol_salon-25\/'><img width=\"1024\" height=\"682\" src=\"https:\/\/www.medellin.gov.co\/es\/wp-content\/uploads\/2024\/09\/Seleccionado_Futbol_salon-25-1024x682.jpg\" class=\"attachment-large size-large\" alt=\"\" loading=\"lazy\" aria-describedby=\"gallery-1-344006\" srcset=\"https:\/\/www.medellin.gov.co\/es\/wp-content\/uploads\/2024\/09\/Seleccionado_Futbol_salon-25-1024x682.jpg 1024w, https:\/\/www.medellin.gov.co\/es\/wp-content\/uploads\/2024\/09\/Seleccionado_Futbol_salon-25-300x200.jpg 300w, https:\/\/www.medellin.gov.co\/es\/wp-content\/uploads\/2024\/09\/Seleccionado_Futbol_salon-25-150x100.jpg 150w, https:\/\/www.medellin.gov.co\/es\/wp-content\/uploads\/2024\/09\/Seleccionado_Futbol_salon-25-768x512.jpg 768w, https:\/\/www.medellin.gov.co\/es\/wp-content\/uploads\/2024\/09\/Seleccionado_Futbol_salon-25.jpg 1280w\" sizes=\"(max-width: 1024px) 100vw, 1024px\" \/><\/a>\n\t\t\t<\/dt>\n\t\t\t\t<dd class='wp-caption-text gallery-caption' id='gallery-1-344006'>\n\t\t\t\tCarlos Arturo Gonz\u00e1lez\n\t\t\t\t<\/dd><\/dl><br style=\"clear: both\" \/>\n\t\t<\/div>\n\n<p>Carlos Gonz\u00e1lez, como \u00e9l mismo se define, es un joven con muchas metas que se mantiene agradecido por la vida y el trabajo que Dios le dio en la\u00a0<a href=\"https:\/\/www.medellin.gov.co\/\" target=\"_blank\" rel=\"noopener\">Alcald\u00eda de Medell\u00edn<\/a>.<\/p>\n<div id=\"attachment_343988\" style=\"width: 1034px\" class=\"wp-caption alignnone\"><a href=\"https:\/\/www.medellin.gov.co\/es\/wp-content\/uploads\/2024\/09\/Seleccionado_Futbol_salon-15.jpg\" target=\"_blank\" rel=\"noopener\"><img aria-describedby=\"caption-attachment-343988\" loading=\"lazy\" class=\"wp-image-343988 size-large\" src=\"https:\/\/www.medellin.gov.co\/es\/wp-content\/uploads\/2024\/09\/Seleccionado_Futbol_salon-15-1024x682.jpg\" alt=\"\" width=\"1024\" height=\"682\" srcset=\"https:\/\/www.medellin.gov.co\/es\/wp-content\/uploads\/2024\/09\/Seleccionado_Futbol_salon-15-1024x682.jpg 1024w, https:\/\/www.medellin.gov.co\/es\/wp-content\/uploads\/2024\/09\/Seleccionado_Futbol_salon-15-300x200.jpg 300w, https:\/\/www.medellin.gov.co\/es\/wp-content\/uploads\/2024\/09\/Seleccionado_Futbol_salon-15-150x100.jpg 150w, https:\/\/www.medellin.gov.co\/es\/wp-content\/uploads\/2024\/09\/Seleccionado_Futbol_salon-15-768x512.jpg 768w, https:\/\/www.medellin.gov.co\/es\/wp-content\/uploads\/2024\/09\/Seleccionado_Futbol_salon-15.jpg 1280w\" sizes=\"(max-width: 1024px) 100vw, 1024px\" \/><\/a><p id=\"caption-attachment-343988\" class=\"wp-caption-text\">Carlos Arturo Gonz\u00e1lez<\/p><\/div>\n<p><em>\u201cYo me mantengo feliz con la vida por este trabajo tan lindo que me dio y porque me ayud\u00f3 a cambiar mi vida. Una vida que estaba permeada por las drogas, el alcohol y muchas situaciones negativas que me ten\u00edan por el camino equivocado. Yo creo que la fuerza para salir de esos momentos y las acciones que se quedaron en el olvido fue Dios, porque yo solo no hubiera sido capaz. \u00c9l me puso a escoger entre dos caminos y yo escog\u00ed el apropiado\u201d, <\/em>expresa.<\/p>\n\n\t\t<style type=\"text\/css\">\n\t\t\t#gallery-2 {\n\t\t\t\tmargin: auto;\n\t\t\t}\n\t\t\t#gallery-2 .gallery-item {\n\t\t\t\tfloat: left;\n\t\t\t\tmargin-top: 10px;\n\t\t\t\ttext-align: center;\n\t\t\t\twidth: 50%;\n\t\t\t}\n\t\t\t#gallery-2 img {\n\t\t\t\tborder: 2px solid #cfcfcf;\n\t\t\t}\n\t\t\t#gallery-2 .gallery-caption {\n\t\t\t\tmargin-left: 0;\n\t\t\t}\n\t\t\t\/* see gallery_shortcode() in wp-includes\/media.php *\/\n\t\t<\/style>\n\t\t<div id='gallery-2' class='gallery galleryid-343910 gallery-columns-2 gallery-size-large'><dl class='gallery-item'>\n\t\t\t<dt class='gallery-icon landscape'>\n\t\t\t\t<a href='https:\/\/www.medellin.gov.co\/es\/sala-de-prensa\/noticias\/la-alcaldia-me-ayudo-a-cumplir-el-sueno-de-mis-padres-regresar-al-camino-correcto-y-vivir-bien-carlos-gonzalez\/seleccionado_futbol_salon-29\/'><img width=\"1024\" height=\"682\" src=\"https:\/\/www.medellin.gov.co\/es\/wp-content\/uploads\/2024\/09\/Seleccionado_Futbol_salon-29-1024x682.jpg\" class=\"attachment-large size-large\" alt=\"\" loading=\"lazy\" aria-describedby=\"gallery-2-344012\" srcset=\"https:\/\/www.medellin.gov.co\/es\/wp-content\/uploads\/2024\/09\/Seleccionado_Futbol_salon-29-1024x682.jpg 1024w, https:\/\/www.medellin.gov.co\/es\/wp-content\/uploads\/2024\/09\/Seleccionado_Futbol_salon-29-300x200.jpg 300w, https:\/\/www.medellin.gov.co\/es\/wp-content\/uploads\/2024\/09\/Seleccionado_Futbol_salon-29-150x100.jpg 150w, https:\/\/www.medellin.gov.co\/es\/wp-content\/uploads\/2024\/09\/Seleccionado_Futbol_salon-29-768x512.jpg 768w, https:\/\/www.medellin.gov.co\/es\/wp-content\/uploads\/2024\/09\/Seleccionado_Futbol_salon-29.jpg 1280w\" sizes=\"(max-width: 1024px) 100vw, 1024px\" \/><\/a>\n\t\t\t<\/dt>\n\t\t\t\t<dd class='wp-caption-text gallery-caption' id='gallery-2-344012'>\n\t\t\t\tCarlos Arturo Gonz\u00e1lez\n\t\t\t\t<\/dd><\/dl><dl class='gallery-item'>\n\t\t\t<dt class='gallery-icon landscape'>\n\t\t\t\t<a href='https:\/\/www.medellin.gov.co\/es\/sala-de-prensa\/noticias\/la-alcaldia-me-ayudo-a-cumplir-el-sueno-de-mis-padres-regresar-al-camino-correcto-y-vivir-bien-carlos-gonzalez\/seleccionado_futbol_salon-22\/'><img width=\"1024\" height=\"682\" src=\"https:\/\/www.medellin.gov.co\/es\/wp-content\/uploads\/2024\/09\/Seleccionado_Futbol_salon-22-1024x682.jpg\" class=\"attachment-large size-large\" alt=\"\" loading=\"lazy\" aria-describedby=\"gallery-2-344001\" srcset=\"https:\/\/www.medellin.gov.co\/es\/wp-content\/uploads\/2024\/09\/Seleccionado_Futbol_salon-22-1024x682.jpg 1024w, https:\/\/www.medellin.gov.co\/es\/wp-content\/uploads\/2024\/09\/Seleccionado_Futbol_salon-22-300x200.jpg 300w, https:\/\/www.medellin.gov.co\/es\/wp-content\/uploads\/2024\/09\/Seleccionado_Futbol_salon-22-150x100.jpg 150w, https:\/\/www.medellin.gov.co\/es\/wp-content\/uploads\/2024\/09\/Seleccionado_Futbol_salon-22-768x512.jpg 768w, https:\/\/www.medellin.gov.co\/es\/wp-content\/uploads\/2024\/09\/Seleccionado_Futbol_salon-22.jpg 1280w\" sizes=\"(max-width: 1024px) 100vw, 1024px\" \/><\/a>\n\t\t\t<\/dt>\n\t\t\t\t<dd class='wp-caption-text gallery-caption' id='gallery-2-344001'>\n\t\t\t\tCarlos Arturo Gonz\u00e1lez\n\t\t\t\t<\/dd><\/dl><br style=\"clear: both\" \/>\n\t\t<\/div>\n\n<p>Carlos vivi\u00f3 todo este proceso en Bello y ahora en el <a href=\"https:\/\/www.medellin.gov.co\/giscatalogacion\/srv\/api\/records\/cd120e87-79ea-4549-8f0d-b64dbfc6a027\" target=\"_blank\" rel=\"noopener\">Doce de Octubre<\/a>, noroccidente de Medell\u00edn, lugar que lo ve como el sitio del renacer y la esperanza: <em>\u201cHubo un momento en el que me cans\u00e9 de ver sufrir a mi familia, de vivir maluco y de ver tantos momentos desafortunados que pasaban frente a mis ojos. Ya estaba cansado de la violencia, de las drogas y del alcohol en el cual estaba inmerso desde los 11 a\u00f1os y que logr\u00e9 erradicar hace 18 a\u00f1os, en el 2006, cuando tom\u00e9 la decisi\u00f3n y me puse a trabajar en procesos comunitarios con la <a href=\"https:\/\/caritascolombiana.org\/arquidiocesis-de-medellin-ponernos-en-los-zapatos-del-otro-del-que-sufre\/\" target=\"_blank\" rel=\"noopener\">Pastoral Social de la Arquidi\u00f3cesis de Medell\u00edn<\/a>, instituci\u00f3n que me guio y me tiene hoy como un servidor p\u00fablico, labor que amo y que me encanta prestar de cara a todos los ciudadanos\u201d.<\/em><\/p>\n<p><strong>Carlos es la base de nuestra alegr\u00eda<\/strong><\/p>\n<p>Daniel Felipe Bedoya Bustamante, entrenador de los equipos de f\u00fatbol de sal\u00f3n masculino y femenino del Distrito, dice acerca de Carlos: <em>\u201cEs una persona que, con su alegr\u00eda, su compromiso, su actitud, sus ganas de salir adelante ha llevado a que este grupo no pierda la armon\u00eda, las ganas, el objetivo que nos trazamos en La Isabela en el \u00faltimo entrenamiento. \u00c9l es la persona que nos une, porque yo tambi\u00e9n me incluyo ah\u00ed. Con \u00e9l un desayuno es bacano, un almuerzo es bacano. En las noches estamos haciendo comitivas y esa alegr\u00eda que mantiene nunca se apaga. \u00c9l es la base de esa alegr\u00eda. En el campo de juego es el n\u00famero 10. Es un jugador que deja todo y que explota sus virtudes. Le cuesta, como a todos nos cuesta, la t\u00e1ctica, pero arriba es letal\u201d.<\/em><\/p>\n\n\t\t<style type=\"text\/css\">\n\t\t\t#gallery-3 {\n\t\t\t\tmargin: auto;\n\t\t\t}\n\t\t\t#gallery-3 .gallery-item {\n\t\t\t\tfloat: left;\n\t\t\t\tmargin-top: 10px;\n\t\t\t\ttext-align: center;\n\t\t\t\twidth: 50%;\n\t\t\t}\n\t\t\t#gallery-3 img {\n\t\t\t\tborder: 2px solid #cfcfcf;\n\t\t\t}\n\t\t\t#gallery-3 .gallery-caption {\n\t\t\t\tmargin-left: 0;\n\t\t\t}\n\t\t\t\/* see gallery_shortcode() in wp-includes\/media.php *\/\n\t\t<\/style>\n\t\t<div id='gallery-3' class='gallery galleryid-343910 gallery-columns-2 gallery-size-large'><dl class='gallery-item'>\n\t\t\t<dt class='gallery-icon landscape'>\n\t\t\t\t<a href='https:\/\/www.medellin.gov.co\/es\/sala-de-prensa\/noticias\/la-alcaldia-me-ayudo-a-cumplir-el-sueno-de-mis-padres-regresar-al-camino-correcto-y-vivir-bien-carlos-gonzalez\/seleccionado_futbol_salon-12\/'><img width=\"1024\" height=\"682\" src=\"https:\/\/www.medellin.gov.co\/es\/wp-content\/uploads\/2024\/09\/Seleccionado_Futbol_salon-12-1024x682.jpg\" class=\"attachment-large size-large\" alt=\"\" loading=\"lazy\" aria-describedby=\"gallery-3-343981\" srcset=\"https:\/\/www.medellin.gov.co\/es\/wp-content\/uploads\/2024\/09\/Seleccionado_Futbol_salon-12-1024x682.jpg 1024w, https:\/\/www.medellin.gov.co\/es\/wp-content\/uploads\/2024\/09\/Seleccionado_Futbol_salon-12-300x200.jpg 300w, https:\/\/www.medellin.gov.co\/es\/wp-content\/uploads\/2024\/09\/Seleccionado_Futbol_salon-12-150x100.jpg 150w, https:\/\/www.medellin.gov.co\/es\/wp-content\/uploads\/2024\/09\/Seleccionado_Futbol_salon-12-768x512.jpg 768w, https:\/\/www.medellin.gov.co\/es\/wp-content\/uploads\/2024\/09\/Seleccionado_Futbol_salon-12.jpg 1280w\" sizes=\"(max-width: 1024px) 100vw, 1024px\" \/><\/a>\n\t\t\t<\/dt>\n\t\t\t\t<dd class='wp-caption-text gallery-caption' id='gallery-3-343981'>\n\t\t\t\tCarlos Arturo Gonz\u00e1lez y Daniel Felipe Bedoya Bustamante\n\t\t\t\t<\/dd><\/dl><dl class='gallery-item'>\n\t\t\t<dt class='gallery-icon landscape'>\n\t\t\t\t<a href='https:\/\/www.medellin.gov.co\/es\/sala-de-prensa\/noticias\/la-alcaldia-me-ayudo-a-cumplir-el-sueno-de-mis-padres-regresar-al-camino-correcto-y-vivir-bien-carlos-gonzalez\/seleccionado_futbol_salon-20\/'><img width=\"1024\" height=\"682\" src=\"https:\/\/www.medellin.gov.co\/es\/wp-content\/uploads\/2024\/09\/Seleccionado_Futbol_salon-20-1024x682.jpg\" class=\"attachment-large size-large\" alt=\"\" loading=\"lazy\" aria-describedby=\"gallery-3-343997\" srcset=\"https:\/\/www.medellin.gov.co\/es\/wp-content\/uploads\/2024\/09\/Seleccionado_Futbol_salon-20-1024x682.jpg 1024w, https:\/\/www.medellin.gov.co\/es\/wp-content\/uploads\/2024\/09\/Seleccionado_Futbol_salon-20-300x200.jpg 300w, https:\/\/www.medellin.gov.co\/es\/wp-content\/uploads\/2024\/09\/Seleccionado_Futbol_salon-20-150x100.jpg 150w, https:\/\/www.medellin.gov.co\/es\/wp-content\/uploads\/2024\/09\/Seleccionado_Futbol_salon-20-768x512.jpg 768w, https:\/\/www.medellin.gov.co\/es\/wp-content\/uploads\/2024\/09\/Seleccionado_Futbol_salon-20.jpg 1280w\" sizes=\"(max-width: 1024px) 100vw, 1024px\" \/><\/a>\n\t\t\t<\/dt>\n\t\t\t\t<dd class='wp-caption-text gallery-caption' id='gallery-3-343997'>\n\t\t\t\tCarlos Arturo Gonz\u00e1lez\n\t\t\t\t<\/dd><\/dl><br style=\"clear: both\" \/>\n\t\t<\/div>\n\n\n\t\t<style type=\"text\/css\">\n\t\t\t#gallery-4 {\n\t\t\t\tmargin: auto;\n\t\t\t}\n\t\t\t#gallery-4 .gallery-item {\n\t\t\t\tfloat: left;\n\t\t\t\tmargin-top: 10px;\n\t\t\t\ttext-align: center;\n\t\t\t\twidth: 50%;\n\t\t\t}\n\t\t\t#gallery-4 img {\n\t\t\t\tborder: 2px solid #cfcfcf;\n\t\t\t}\n\t\t\t#gallery-4 .gallery-caption {\n\t\t\t\tmargin-left: 0;\n\t\t\t}\n\t\t\t\/* see gallery_shortcode() in wp-includes\/media.php *\/\n\t\t<\/style>\n\t\t<div id='gallery-4' class='gallery galleryid-343910 gallery-columns-2 gallery-size-large'><dl class='gallery-item'>\n\t\t\t<dt class='gallery-icon landscape'>\n\t\t\t\t<a href='https:\/\/www.medellin.gov.co\/es\/sala-de-prensa\/noticias\/la-alcaldia-me-ayudo-a-cumplir-el-sueno-de-mis-padres-regresar-al-camino-correcto-y-vivir-bien-carlos-gonzalez\/seleccionado_futbol_salon-18\/'><img width=\"1024\" height=\"682\" src=\"https:\/\/www.medellin.gov.co\/es\/wp-content\/uploads\/2024\/09\/Seleccionado_Futbol_salon-18-1024x682.jpg\" class=\"attachment-large size-large\" alt=\"\" loading=\"lazy\" aria-describedby=\"gallery-4-343993\" srcset=\"https:\/\/www.medellin.gov.co\/es\/wp-content\/uploads\/2024\/09\/Seleccionado_Futbol_salon-18-1024x682.jpg 1024w, https:\/\/www.medellin.gov.co\/es\/wp-content\/uploads\/2024\/09\/Seleccionado_Futbol_salon-18-300x200.jpg 300w, https:\/\/www.medellin.gov.co\/es\/wp-content\/uploads\/2024\/09\/Seleccionado_Futbol_salon-18-150x100.jpg 150w, https:\/\/www.medellin.gov.co\/es\/wp-content\/uploads\/2024\/09\/Seleccionado_Futbol_salon-18-768x512.jpg 768w, https:\/\/www.medellin.gov.co\/es\/wp-content\/uploads\/2024\/09\/Seleccionado_Futbol_salon-18.jpg 1280w\" sizes=\"(max-width: 1024px) 100vw, 1024px\" \/><\/a>\n\t\t\t<\/dt>\n\t\t\t\t<dd class='wp-caption-text gallery-caption' id='gallery-4-343993'>\n\t\t\t\tCarlos Arturo Gonz\u00e1lez\n\t\t\t\t<\/dd><\/dl><dl class='gallery-item'>\n\t\t\t<dt class='gallery-icon landscape'>\n\t\t\t\t<a href='https:\/\/www.medellin.gov.co\/es\/sala-de-prensa\/noticias\/la-alcaldia-me-ayudo-a-cumplir-el-sueno-de-mis-padres-regresar-al-camino-correcto-y-vivir-bien-carlos-gonzalez\/seleccionado_futbol_salon-23\/'><img width=\"1024\" height=\"682\" src=\"https:\/\/www.medellin.gov.co\/es\/wp-content\/uploads\/2024\/09\/Seleccionado_Futbol_salon-23-1024x682.jpg\" class=\"attachment-large size-large\" alt=\"\" loading=\"lazy\" aria-describedby=\"gallery-4-344002\" srcset=\"https:\/\/www.medellin.gov.co\/es\/wp-content\/uploads\/2024\/09\/Seleccionado_Futbol_salon-23-1024x682.jpg 1024w, https:\/\/www.medellin.gov.co\/es\/wp-content\/uploads\/2024\/09\/Seleccionado_Futbol_salon-23-300x200.jpg 300w, https:\/\/www.medellin.gov.co\/es\/wp-content\/uploads\/2024\/09\/Seleccionado_Futbol_salon-23-150x100.jpg 150w, https:\/\/www.medellin.gov.co\/es\/wp-content\/uploads\/2024\/09\/Seleccionado_Futbol_salon-23-768x512.jpg 768w, https:\/\/www.medellin.gov.co\/es\/wp-content\/uploads\/2024\/09\/Seleccionado_Futbol_salon-23.jpg 1280w\" sizes=\"(max-width: 1024px) 100vw, 1024px\" \/><\/a>\n\t\t\t<\/dt>\n\t\t\t\t<dd class='wp-caption-text gallery-caption' id='gallery-4-344002'>\n\t\t\t\tCarlos Arturo Gonz\u00e1lez\n\t\t\t\t<\/dd><\/dl><br style=\"clear: both\" \/>\n\t\t<\/div>\n\n<p><strong>\u201cCarlos es bacano, parchado como el mismo se define y un ser cambiado\u201d<\/strong><\/p>\n<p>Camilo Pulido, servidor de la <a href=\"https:\/\/www.medellin.gov.co\/es\/secretaria-de-movilidad\/\" target=\"_blank\" rel=\"noopener\">Secretar\u00eda de Movilidad<\/a>, Carlos significa un ejemplo de que se pueden adelantar procesos. Carlos es un ejemplo vivo que la persona que quiere y tiene la capacidad y la voluntad mental puede superar cualquier obst\u00e1culo en la vida y reinsertarse a una comunidad, prestar un servicio p\u00fablico. Haber cambiado una situaci\u00f3n anterior adversa por una positiva, poder ingresar al Distrito ha sido maravilloso y para el equipo es un gran aporte porque es un ejemplo de superaci\u00f3n personal que todo debemos conocer. En el campo de juego se destaca como goleador, como pivote (centrocampista), es quien nos ayuda a solucionar partidos dif\u00edciles. Carlos es bacano, parchado como el mismo se define y un ser cambiado.<\/p>\n\n\t\t<style type=\"text\/css\">\n\t\t\t#gallery-5 {\n\t\t\t\tmargin: auto;\n\t\t\t}\n\t\t\t#gallery-5 .gallery-item {\n\t\t\t\tfloat: left;\n\t\t\t\tmargin-top: 10px;\n\t\t\t\ttext-align: center;\n\t\t\t\twidth: 50%;\n\t\t\t}\n\t\t\t#gallery-5 img {\n\t\t\t\tborder: 2px solid #cfcfcf;\n\t\t\t}\n\t\t\t#gallery-5 .gallery-caption {\n\t\t\t\tmargin-left: 0;\n\t\t\t}\n\t\t\t\/* see gallery_shortcode() in wp-includes\/media.php *\/\n\t\t<\/style>\n\t\t<div id='gallery-5' class='gallery galleryid-343910 gallery-columns-2 gallery-size-large'><dl class='gallery-item'>\n\t\t\t<dt class='gallery-icon landscape'>\n\t\t\t\t<a href='https:\/\/www.medellin.gov.co\/es\/sala-de-prensa\/noticias\/la-alcaldia-me-ayudo-a-cumplir-el-sueno-de-mis-padres-regresar-al-camino-correcto-y-vivir-bien-carlos-gonzalez\/seleccionado_futbol_salon-24\/'><img width=\"1024\" height=\"682\" src=\"https:\/\/www.medellin.gov.co\/es\/wp-content\/uploads\/2024\/09\/Seleccionado_Futbol_salon-24-1024x682.jpg\" class=\"attachment-large size-large\" alt=\"\" loading=\"lazy\" aria-describedby=\"gallery-5-344004\" srcset=\"https:\/\/www.medellin.gov.co\/es\/wp-content\/uploads\/2024\/09\/Seleccionado_Futbol_salon-24-1024x682.jpg 1024w, https:\/\/www.medellin.gov.co\/es\/wp-content\/uploads\/2024\/09\/Seleccionado_Futbol_salon-24-300x200.jpg 300w, https:\/\/www.medellin.gov.co\/es\/wp-content\/uploads\/2024\/09\/Seleccionado_Futbol_salon-24-150x100.jpg 150w, https:\/\/www.medellin.gov.co\/es\/wp-content\/uploads\/2024\/09\/Seleccionado_Futbol_salon-24-768x512.jpg 768w, https:\/\/www.medellin.gov.co\/es\/wp-content\/uploads\/2024\/09\/Seleccionado_Futbol_salon-24.jpg 1280w\" sizes=\"(max-width: 1024px) 100vw, 1024px\" \/><\/a>\n\t\t\t<\/dt>\n\t\t\t\t<dd class='wp-caption-text gallery-caption' id='gallery-5-344004'>\n\t\t\t\tCarlos Arturo Gonz\u00e1lez\n\t\t\t\t<\/dd><\/dl><dl class='gallery-item'>\n\t\t\t<dt class='gallery-icon landscape'>\n\t\t\t\t<a href='https:\/\/www.medellin.gov.co\/es\/sala-de-prensa\/noticias\/la-alcaldia-me-ayudo-a-cumplir-el-sueno-de-mis-padres-regresar-al-camino-correcto-y-vivir-bien-carlos-gonzalez\/seleccionado_futbol_salon-21\/'><img width=\"1024\" height=\"682\" src=\"https:\/\/www.medellin.gov.co\/es\/wp-content\/uploads\/2024\/09\/Seleccionado_Futbol_salon-21-1024x682.jpg\" class=\"attachment-large size-large\" alt=\"\" loading=\"lazy\" aria-describedby=\"gallery-5-343999\" srcset=\"https:\/\/www.medellin.gov.co\/es\/wp-content\/uploads\/2024\/09\/Seleccionado_Futbol_salon-21-1024x682.jpg 1024w, https:\/\/www.medellin.gov.co\/es\/wp-content\/uploads\/2024\/09\/Seleccionado_Futbol_salon-21-300x200.jpg 300w, https:\/\/www.medellin.gov.co\/es\/wp-content\/uploads\/2024\/09\/Seleccionado_Futbol_salon-21-150x100.jpg 150w, https:\/\/www.medellin.gov.co\/es\/wp-content\/uploads\/2024\/09\/Seleccionado_Futbol_salon-21-768x512.jpg 768w, https:\/\/www.medellin.gov.co\/es\/wp-content\/uploads\/2024\/09\/Seleccionado_Futbol_salon-21.jpg 1280w\" sizes=\"(max-width: 1024px) 100vw, 1024px\" \/><\/a>\n\t\t\t<\/dt>\n\t\t\t\t<dd class='wp-caption-text gallery-caption' id='gallery-5-343999'>\n\t\t\t\tCarlos Arturo Gonz\u00e1lez\n\t\t\t\t<\/dd><\/dl><br style=\"clear: both\" \/>\n\t\t<\/div>\n\n<p>En el partido de este martes, 17 de septiembre, Carlos ingres\u00f3 en el segundo tiempo con todas las ganas y el amor de sus hijos. Con la actitud, trabajo en equipo y su persistencia dio resultados, pues marc\u00f3 dos de los siete goles con que la Alcald\u00eda de Medell\u00edn venci\u00f3 7 \u2013 3 a la <a href=\"https:\/\/www.chitaga-nortedesantander.gov.co\/\" target=\"_blank\" rel=\"noopener\">Alcald\u00eda de Chitag\u00e1 (Norte de Santander)<\/a>. Y como dice el profe Daniel Felipe: <em>\u201c\u00a1\u00c9l arriba es letal!\u201d.<\/em><\/p>\n\n\t\t<style type=\"text\/css\">\n\t\t\t#gallery-6 {\n\t\t\t\tmargin: auto;\n\t\t\t}\n\t\t\t#gallery-6 .gallery-item {\n\t\t\t\tfloat: left;\n\t\t\t\tmargin-top: 10px;\n\t\t\t\ttext-align: center;\n\t\t\t\twidth: 33%;\n\t\t\t}\n\t\t\t#gallery-6 img {\n\t\t\t\tborder: 2px solid #cfcfcf;\n\t\t\t}\n\t\t\t#gallery-6 .gallery-caption {\n\t\t\t\tmargin-left: 0;\n\t\t\t}\n\t\t\t\/* see gallery_shortcode() in wp-includes\/media.php *\/\n\t\t<\/style>\n\t\t<div id='gallery-6' class='gallery galleryid-343910 gallery-columns-3 gallery-size-large'><dl class='gallery-item'>\n\t\t\t<dt class='gallery-icon landscape'>\n\t\t\t\t<a href='https:\/\/www.medellin.gov.co\/es\/sala-de-prensa\/noticias\/la-alcaldia-me-ayudo-a-cumplir-el-sueno-de-mis-padres-regresar-al-camino-correcto-y-vivir-bien-carlos-gonzalez\/seleccionado_futbol_salon-52\/'><img width=\"1024\" height=\"682\" src=\"https:\/\/www.medellin.gov.co\/es\/wp-content\/uploads\/2024\/09\/Seleccionado_Futbol_salon-52-1024x682.jpg\" class=\"attachment-large size-large\" alt=\"\" loading=\"lazy\" aria-describedby=\"gallery-6-344051\" srcset=\"https:\/\/www.medellin.gov.co\/es\/wp-content\/uploads\/2024\/09\/Seleccionado_Futbol_salon-52-1024x682.jpg 1024w, https:\/\/www.medellin.gov.co\/es\/wp-content\/uploads\/2024\/09\/Seleccionado_Futbol_salon-52-300x200.jpg 300w, https:\/\/www.medellin.gov.co\/es\/wp-content\/uploads\/2024\/09\/Seleccionado_Futbol_salon-52-150x100.jpg 150w, https:\/\/www.medellin.gov.co\/es\/wp-content\/uploads\/2024\/09\/Seleccionado_Futbol_salon-52-768x512.jpg 768w, https:\/\/www.medellin.gov.co\/es\/wp-content\/uploads\/2024\/09\/Seleccionado_Futbol_salon-52.jpg 1280w\" sizes=\"(max-width: 1024px) 100vw, 1024px\" \/><\/a>\n\t\t\t<\/dt>\n\t\t\t\t<dd class='wp-caption-text gallery-caption' id='gallery-6-344051'>\n\t\t\t\tSeleccionado f\u00fatbol de sal\u00f3n masculino\n\t\t\t\t<\/dd><\/dl><dl class='gallery-item'>\n\t\t\t<dt class='gallery-icon landscape'>\n\t\t\t\t<a href='https:\/\/www.medellin.gov.co\/es\/sala-de-prensa\/noticias\/la-alcaldia-me-ayudo-a-cumplir-el-sueno-de-mis-padres-regresar-al-camino-correcto-y-vivir-bien-carlos-gonzalez\/seleccionado_futbol_salon-27\/'><img width=\"1024\" height=\"682\" src=\"https:\/\/www.medellin.gov.co\/es\/wp-content\/uploads\/2024\/09\/Seleccionado_Futbol_salon-27-1024x682.jpg\" class=\"attachment-large size-large\" alt=\"\" loading=\"lazy\" aria-describedby=\"gallery-6-344009\" srcset=\"https:\/\/www.medellin.gov.co\/es\/wp-content\/uploads\/2024\/09\/Seleccionado_Futbol_salon-27-1024x682.jpg 1024w, https:\/\/www.medellin.gov.co\/es\/wp-content\/uploads\/2024\/09\/Seleccionado_Futbol_salon-27-300x200.jpg 300w, https:\/\/www.medellin.gov.co\/es\/wp-content\/uploads\/2024\/09\/Seleccionado_Futbol_salon-27-150x100.jpg 150w, https:\/\/www.medellin.gov.co\/es\/wp-content\/uploads\/2024\/09\/Seleccionado_Futbol_salon-27-768x512.jpg 768w, https:\/\/www.medellin.gov.co\/es\/wp-content\/uploads\/2024\/09\/Seleccionado_Futbol_salon-27.jpg 1280w\" sizes=\"(max-width: 1024px) 100vw, 1024px\" \/><\/a>\n\t\t\t<\/dt>\n\t\t\t\t<dd class='wp-caption-text gallery-caption' id='gallery-6-344009'>\n\t\t\t\tSeleccionado f\u00fatbol de sal\u00f3n masculino\n\t\t\t\t<\/dd><\/dl><dl class='gallery-item'>\n\t\t\t<dt class='gallery-icon landscape'>\n\t\t\t\t<a href='https:\/\/www.medellin.gov.co\/es\/sala-de-prensa\/noticias\/la-alcaldia-me-ayudo-a-cumplir-el-sueno-de-mis-padres-regresar-al-camino-correcto-y-vivir-bien-carlos-gonzalez\/seleccionado_futbol_salon-30\/'><img width=\"1024\" height=\"682\" src=\"https:\/\/www.medellin.gov.co\/es\/wp-content\/uploads\/2024\/09\/Seleccionado_Futbol_salon-30-1024x682.jpg\" class=\"attachment-large size-large\" alt=\"\" loading=\"lazy\" aria-describedby=\"gallery-6-344013\" srcset=\"https:\/\/www.medellin.gov.co\/es\/wp-content\/uploads\/2024\/09\/Seleccionado_Futbol_salon-30-1024x682.jpg 1024w, https:\/\/www.medellin.gov.co\/es\/wp-content\/uploads\/2024\/09\/Seleccionado_Futbol_salon-30-300x200.jpg 300w, https:\/\/www.medellin.gov.co\/es\/wp-content\/uploads\/2024\/09\/Seleccionado_Futbol_salon-30-150x100.jpg 150w, https:\/\/www.medellin.gov.co\/es\/wp-content\/uploads\/2024\/09\/Seleccionado_Futbol_salon-30-768x512.jpg 768w, https:\/\/www.medellin.gov.co\/es\/wp-content\/uploads\/2024\/09\/Seleccionado_Futbol_salon-30.jpg 1280w\" sizes=\"(max-width: 1024px) 100vw, 1024px\" \/><\/a>\n\t\t\t<\/dt>\n\t\t\t\t<dd class='wp-caption-text gallery-caption' id='gallery-6-344013'>\n\t\t\t\tSeleccionado f\u00fatbol de sal\u00f3n masculino\n\t\t\t\t<\/dd><\/dl><br style=\"clear: both\" \/><dl class='gallery-item'>\n\t\t\t<dt class='gallery-icon landscape'>\n\t\t\t\t<a href='https:\/\/www.medellin.gov.co\/es\/sala-de-prensa\/noticias\/la-alcaldia-me-ayudo-a-cumplir-el-sueno-de-mis-padres-regresar-al-camino-correcto-y-vivir-bien-carlos-gonzalez\/seleccionado_futbol_salon-53\/'><img width=\"1024\" height=\"682\" src=\"https:\/\/www.medellin.gov.co\/es\/wp-content\/uploads\/2024\/09\/Seleccionado_Futbol_salon-53-1024x682.jpg\" class=\"attachment-large size-large\" alt=\"\" loading=\"lazy\" aria-describedby=\"gallery-6-344052\" srcset=\"https:\/\/www.medellin.gov.co\/es\/wp-content\/uploads\/2024\/09\/Seleccionado_Futbol_salon-53-1024x682.jpg 1024w, https:\/\/www.medellin.gov.co\/es\/wp-content\/uploads\/2024\/09\/Seleccionado_Futbol_salon-53-300x200.jpg 300w, https:\/\/www.medellin.gov.co\/es\/wp-content\/uploads\/2024\/09\/Seleccionado_Futbol_salon-53-150x100.jpg 150w, https:\/\/www.medellin.gov.co\/es\/wp-content\/uploads\/2024\/09\/Seleccionado_Futbol_salon-53-768x512.jpg 768w, https:\/\/www.medellin.gov.co\/es\/wp-content\/uploads\/2024\/09\/Seleccionado_Futbol_salon-53.jpg 1280w\" sizes=\"(max-width: 1024px) 100vw, 1024px\" \/><\/a>\n\t\t\t<\/dt>\n\t\t\t\t<dd class='wp-caption-text gallery-caption' id='gallery-6-344052'>\n\t\t\t\tSeleccionado f\u00fatbol de sal\u00f3n masculino\n\t\t\t\t<\/dd><\/dl><dl class='gallery-item'>\n\t\t\t<dt class='gallery-icon landscape'>\n\t\t\t\t<a href='https:\/\/www.medellin.gov.co\/es\/sala-de-prensa\/noticias\/la-alcaldia-me-ayudo-a-cumplir-el-sueno-de-mis-padres-regresar-al-camino-correcto-y-vivir-bien-carlos-gonzalez\/seleccionado_futbol_salon-36\/'><img width=\"1024\" height=\"682\" src=\"https:\/\/www.medellin.gov.co\/es\/wp-content\/uploads\/2024\/09\/Seleccionado_Futbol_salon-36-1024x682.jpg\" class=\"attachment-large size-large\" alt=\"\" loading=\"lazy\" srcset=\"https:\/\/www.medellin.gov.co\/es\/wp-content\/uploads\/2024\/09\/Seleccionado_Futbol_salon-36-1024x682.jpg 1024w, https:\/\/www.medellin.gov.co\/es\/wp-content\/uploads\/2024\/09\/Seleccionado_Futbol_salon-36-300x200.jpg 300w, https:\/\/www.medellin.gov.co\/es\/wp-content\/uploads\/2024\/09\/Seleccionado_Futbol_salon-36-150x100.jpg 150w, https:\/\/www.medellin.gov.co\/es\/wp-content\/uploads\/2024\/09\/Seleccionado_Futbol_salon-36-768x512.jpg 768w, https:\/\/www.medellin.gov.co\/es\/wp-content\/uploads\/2024\/09\/Seleccionado_Futbol_salon-36.jpg 1280w\" sizes=\"(max-width: 1024px) 100vw, 1024px\" \/><\/a>\n\t\t\t<\/dt><\/dl><dl class='gallery-item'>\n\t\t\t<dt class='gallery-icon landscape'>\n\t\t\t\t<a href='https:\/\/www.medellin.gov.co\/es\/sala-de-prensa\/noticias\/la-alcaldia-me-ayudo-a-cumplir-el-sueno-de-mis-padres-regresar-al-camino-correcto-y-vivir-bien-carlos-gonzalez\/seleccionado_futbol_salon-14\/'><img width=\"1024\" height=\"682\" src=\"https:\/\/www.medellin.gov.co\/es\/wp-content\/uploads\/2024\/09\/Seleccionado_Futbol_salon-14-1024x682.jpg\" class=\"attachment-large size-large\" alt=\"\" loading=\"lazy\" aria-describedby=\"gallery-6-343987\" srcset=\"https:\/\/www.medellin.gov.co\/es\/wp-content\/uploads\/2024\/09\/Seleccionado_Futbol_salon-14-1024x682.jpg 1024w, https:\/\/www.medellin.gov.co\/es\/wp-content\/uploads\/2024\/09\/Seleccionado_Futbol_salon-14-300x200.jpg 300w, https:\/\/www.medellin.gov.co\/es\/wp-content\/uploads\/2024\/09\/Seleccionado_Futbol_salon-14-150x100.jpg 150w, https:\/\/www.medellin.gov.co\/es\/wp-content\/uploads\/2024\/09\/Seleccionado_Futbol_salon-14-768x512.jpg 768w, https:\/\/www.medellin.gov.co\/es\/wp-content\/uploads\/2024\/09\/Seleccionado_Futbol_salon-14.jpg 1280w\" sizes=\"(max-width: 1024px) 100vw, 1024px\" \/><\/a>\n\t\t\t<\/dt>\n\t\t\t\t<dd class='wp-caption-text gallery-caption' id='gallery-6-343987'>\n\t\t\t\tSeleccionado f\u00fatbol de sal\u00f3n masculino\n\t\t\t\t<\/dd><\/dl><br style=\"clear: both\" \/><dl class='gallery-item'>\n\t\t\t<dt class='gallery-icon landscape'>\n\t\t\t\t<a href='https:\/\/www.medellin.gov.co\/es\/sala-de-prensa\/noticias\/la-alcaldia-me-ayudo-a-cumplir-el-sueno-de-mis-padres-regresar-al-camino-correcto-y-vivir-bien-carlos-gonzalez\/seleccionado_futbol_salon-13\/'><img width=\"1024\" height=\"682\" src=\"https:\/\/www.medellin.gov.co\/es\/wp-content\/uploads\/2024\/09\/Seleccionado_Futbol_salon-13-1024x682.jpg\" class=\"attachment-large size-large\" alt=\"\" loading=\"lazy\" aria-describedby=\"gallery-6-343984\" srcset=\"https:\/\/www.medellin.gov.co\/es\/wp-content\/uploads\/2024\/09\/Seleccionado_Futbol_salon-13-1024x682.jpg 1024w, https:\/\/www.medellin.gov.co\/es\/wp-content\/uploads\/2024\/09\/Seleccionado_Futbol_salon-13-300x200.jpg 300w, https:\/\/www.medellin.gov.co\/es\/wp-content\/uploads\/2024\/09\/Seleccionado_Futbol_salon-13-150x100.jpg 150w, https:\/\/www.medellin.gov.co\/es\/wp-content\/uploads\/2024\/09\/Seleccionado_Futbol_salon-13-768x512.jpg 768w, https:\/\/www.medellin.gov.co\/es\/wp-content\/uploads\/2024\/09\/Seleccionado_Futbol_salon-13.jpg 1280w\" sizes=\"(max-width: 1024px) 100vw, 1024px\" \/><\/a>\n\t\t\t<\/dt>\n\t\t\t\t<dd class='wp-caption-text gallery-caption' id='gallery-6-343984'>\n\t\t\t\tCarlos Arturo Gonz\u00e1lez\n\t\t\t\t<\/dd><\/dl><dl class='gallery-item'>\n\t\t\t<dt class='gallery-icon landscape'>\n\t\t\t\t<a href='https:\/\/www.medellin.gov.co\/es\/sala-de-prensa\/noticias\/la-alcaldia-me-ayudo-a-cumplir-el-sueno-de-mis-padres-regresar-al-camino-correcto-y-vivir-bien-carlos-gonzalez\/seleccionado_futbol_salon-8\/'><img width=\"1024\" height=\"682\" src=\"https:\/\/www.medellin.gov.co\/es\/wp-content\/uploads\/2024\/09\/Seleccionado_Futbol_salon-8-1024x682.jpg\" class=\"attachment-large size-large\" alt=\"\" loading=\"lazy\" aria-describedby=\"gallery-6-343972\" srcset=\"https:\/\/www.medellin.gov.co\/es\/wp-content\/uploads\/2024\/09\/Seleccionado_Futbol_salon-8-1024x682.jpg 1024w, https:\/\/www.medellin.gov.co\/es\/wp-content\/uploads\/2024\/09\/Seleccionado_Futbol_salon-8-300x200.jpg 300w, https:\/\/www.medellin.gov.co\/es\/wp-content\/uploads\/2024\/09\/Seleccionado_Futbol_salon-8-150x100.jpg 150w, https:\/\/www.medellin.gov.co\/es\/wp-content\/uploads\/2024\/09\/Seleccionado_Futbol_salon-8-768x512.jpg 768w, https:\/\/www.medellin.gov.co\/es\/wp-content\/uploads\/2024\/09\/Seleccionado_Futbol_salon-8.jpg 1280w\" sizes=\"(max-width: 1024px) 100vw, 1024px\" \/><\/a>\n\t\t\t<\/dt>\n\t\t\t\t<dd class='wp-caption-text gallery-caption' id='gallery-6-343972'>\n\t\t\t\tSeleccionado f\u00fatbol de sal\u00f3n masculino\n\t\t\t\t<\/dd><\/dl><dl class='gallery-item'>\n\t\t\t<dt class='gallery-icon landscape'>\n\t\t\t\t<a href='https:\/\/www.medellin.gov.co\/es\/sala-de-prensa\/noticias\/la-alcaldia-me-ayudo-a-cumplir-el-sueno-de-mis-padres-regresar-al-camino-correcto-y-vivir-bien-carlos-gonzalez\/seleccionado_futbol_salon-9\/'><img width=\"1024\" height=\"682\" src=\"https:\/\/www.medellin.gov.co\/es\/wp-content\/uploads\/2024\/09\/Seleccionado_Futbol_salon-9-1024x682.jpg\" class=\"attachment-large size-large\" alt=\"\" loading=\"lazy\" aria-describedby=\"gallery-6-343974\" srcset=\"https:\/\/www.medellin.gov.co\/es\/wp-content\/uploads\/2024\/09\/Seleccionado_Futbol_salon-9-1024x682.jpg 1024w, https:\/\/www.medellin.gov.co\/es\/wp-content\/uploads\/2024\/09\/Seleccionado_Futbol_salon-9-300x200.jpg 300w, https:\/\/www.medellin.gov.co\/es\/wp-content\/uploads\/2024\/09\/Seleccionado_Futbol_salon-9-150x100.jpg 150w, https:\/\/www.medellin.gov.co\/es\/wp-content\/uploads\/2024\/09\/Seleccionado_Futbol_salon-9-768x512.jpg 768w, https:\/\/www.medellin.gov.co\/es\/wp-content\/uploads\/2024\/09\/Seleccionado_Futbol_salon-9.jpg 1280w\" sizes=\"(max-width: 1024px) 100vw, 1024px\" \/><\/a>\n\t\t\t<\/dt>\n\t\t\t\t<dd class='wp-caption-text gallery-caption' id='gallery-6-343974'>\n\t\t\t\tSeleccionado f\u00fatbol de sal\u00f3n masculino\n\t\t\t\t<\/dd><\/dl><br style=\"clear: both\" \/><dl class='gallery-item'>\n\t\t\t<dt class='gallery-icon landscape'>\n\t\t\t\t<a href='https:\/\/www.medellin.gov.co\/es\/sala-de-prensa\/noticias\/la-alcaldia-me-ayudo-a-cumplir-el-sueno-de-mis-padres-regresar-al-camino-correcto-y-vivir-bien-carlos-gonzalez\/seleccionado_futbol_salon-7\/'><img width=\"1024\" height=\"682\" src=\"https:\/\/www.medellin.gov.co\/es\/wp-content\/uploads\/2024\/09\/Seleccionado_Futbol_salon-7-1024x682.jpg\" class=\"attachment-large size-large\" alt=\"\" loading=\"lazy\" aria-describedby=\"gallery-6-343971\" srcset=\"https:\/\/www.medellin.gov.co\/es\/wp-content\/uploads\/2024\/09\/Seleccionado_Futbol_salon-7-1024x682.jpg 1024w, https:\/\/www.medellin.gov.co\/es\/wp-content\/uploads\/2024\/09\/Seleccionado_Futbol_salon-7-300x200.jpg 300w, https:\/\/www.medellin.gov.co\/es\/wp-content\/uploads\/2024\/09\/Seleccionado_Futbol_salon-7-150x100.jpg 150w, https:\/\/www.medellin.gov.co\/es\/wp-content\/uploads\/2024\/09\/Seleccionado_Futbol_salon-7-768x512.jpg 768w, https:\/\/www.medellin.gov.co\/es\/wp-content\/uploads\/2024\/09\/Seleccionado_Futbol_salon-7.jpg 1280w\" sizes=\"(max-width: 1024px) 100vw, 1024px\" \/><\/a>\n\t\t\t<\/dt>\n\t\t\t\t<dd class='wp-caption-text gallery-caption' id='gallery-6-343971'>\n\t\t\t\tSeleccionado f\u00fatbol de sal\u00f3n masculino\n\t\t\t\t<\/dd><\/dl><dl class='gallery-item'>\n\t\t\t<dt class='gallery-icon landscape'>\n\t\t\t\t<a href='https:\/\/www.medellin.gov.co\/es\/sala-de-prensa\/noticias\/la-alcaldia-me-ayudo-a-cumplir-el-sueno-de-mis-padres-regresar-al-camino-correcto-y-vivir-bien-carlos-gonzalez\/seleccionado_futbol_salon-11\/'><img width=\"1024\" height=\"682\" src=\"https:\/\/www.medellin.gov.co\/es\/wp-content\/uploads\/2024\/09\/Seleccionado_Futbol_salon-11-1024x682.jpg\" class=\"attachment-large size-large\" alt=\"\" loading=\"lazy\" aria-describedby=\"gallery-6-343979\" srcset=\"https:\/\/www.medellin.gov.co\/es\/wp-content\/uploads\/2024\/09\/Seleccionado_Futbol_salon-11-1024x682.jpg 1024w, https:\/\/www.medellin.gov.co\/es\/wp-content\/uploads\/2024\/09\/Seleccionado_Futbol_salon-11-300x200.jpg 300w, https:\/\/www.medellin.gov.co\/es\/wp-content\/uploads\/2024\/09\/Seleccionado_Futbol_salon-11-150x100.jpg 150w, https:\/\/www.medellin.gov.co\/es\/wp-content\/uploads\/2024\/09\/Seleccionado_Futbol_salon-11-768x512.jpg 768w, https:\/\/www.medellin.gov.co\/es\/wp-content\/uploads\/2024\/09\/Seleccionado_Futbol_salon-11.jpg 1280w\" sizes=\"(max-width: 1024px) 100vw, 1024px\" \/><\/a>\n\t\t\t<\/dt>\n\t\t\t\t<dd class='wp-caption-text gallery-caption' id='gallery-6-343979'>\n\t\t\t\tSeleccionado f\u00fatbol de sal\u00f3n masculino\n\t\t\t\t<\/dd><\/dl><dl class='gallery-item'>\n\t\t\t<dt class='gallery-icon landscape'>\n\t\t\t\t<a href='https:\/\/www.medellin.gov.co\/es\/sala-de-prensa\/noticias\/la-alcaldia-me-ayudo-a-cumplir-el-sueno-de-mis-padres-regresar-al-camino-correcto-y-vivir-bien-carlos-gonzalez\/seleccionado_futbol_salon-1\/'><img width=\"1024\" height=\"682\" src=\"https:\/\/www.medellin.gov.co\/es\/wp-content\/uploads\/2024\/09\/Seleccionado_Futbol_salon-1-1024x682.jpg\" class=\"attachment-large size-large\" alt=\"\" loading=\"lazy\" aria-describedby=\"gallery-6-343960\" srcset=\"https:\/\/www.medellin.gov.co\/es\/wp-content\/uploads\/2024\/09\/Seleccionado_Futbol_salon-1-1024x682.jpg 1024w, https:\/\/www.medellin.gov.co\/es\/wp-content\/uploads\/2024\/09\/Seleccionado_Futbol_salon-1-300x200.jpg 300w, https:\/\/www.medellin.gov.co\/es\/wp-content\/uploads\/2024\/09\/Seleccionado_Futbol_salon-1-150x100.jpg 150w, https:\/\/www.medellin.gov.co\/es\/wp-content\/uploads\/2024\/09\/Seleccionado_Futbol_salon-1-768x512.jpg 768w, https:\/\/www.medellin.gov.co\/es\/wp-content\/uploads\/2024\/09\/Seleccionado_Futbol_salon-1.jpg 1280w\" sizes=\"(max-width: 1024px) 100vw, 1024px\" \/><\/a>\n\t\t\t<\/dt>\n\t\t\t\t<dd class='wp-caption-text gallery-caption' id='gallery-6-343960'>\n\t\t\t\tSeleccionado f\u00fatbol de sal\u00f3n masculino\n\t\t\t\t<\/dd><\/dl><br style=\"clear: both\" \/>\n\t\t<\/div>\n\n<p><strong>Segundo d\u00eda de competencia y el comienzo de algunos deportes individuales<\/strong><\/p>\n<p>Durante el segundo d\u00eda de competencia, el martes 17 de septiembre, los seleccionados del Distrito continuaron con su participaci\u00f3n con los siguientes resultados:<\/p>\n<ul>\n<li>La competencia de ciclismo por equipos, que se iba a realizar en el <a href=\"https:\/\/colombia.travel\/es\/barranquilla\" target=\"_blank\" rel=\"noopener\">Malec\u00f3n de Barranquilla<\/a>, tuvo que ser cancelada por el no pr\u00e9stamo de las v\u00edas.<\/li>\n<li>El tenis de mesa comenz\u00f3 con la participaci\u00f3n de las duplas mixtas. Medell\u00edn no logr\u00f3 clasificar a ninguna de ellas a las fases finales.<\/li>\n<\/ul>\n\n\t\t<style type=\"text\/css\">\n\t\t\t#gallery-7 {\n\t\t\t\tmargin: auto;\n\t\t\t}\n\t\t\t#gallery-7 .gallery-item {\n\t\t\t\tfloat: left;\n\t\t\t\tmargin-top: 10px;\n\t\t\t\ttext-align: center;\n\t\t\t\twidth: 33%;\n\t\t\t}\n\t\t\t#gallery-7 img {\n\t\t\t\tborder: 2px solid #cfcfcf;\n\t\t\t}\n\t\t\t#gallery-7 .gallery-caption {\n\t\t\t\tmargin-left: 0;\n\t\t\t}\n\t\t\t\/* see gallery_shortcode() in wp-includes\/media.php *\/\n\t\t<\/style>\n\t\t<div id='gallery-7' class='gallery galleryid-343910 gallery-columns-3 gallery-size-large'><dl class='gallery-item'>\n\t\t\t<dt class='gallery-icon landscape'>\n\t\t\t\t<a href='https:\/\/www.medellin.gov.co\/es\/sala-de-prensa\/noticias\/la-alcaldia-me-ayudo-a-cumplir-el-sueno-de-mis-padres-regresar-al-camino-correcto-y-vivir-bien-carlos-gonzalez\/seleccionado-tenis-de-mesa-17\/'><img width=\"1024\" height=\"682\" src=\"https:\/\/www.medellin.gov.co\/es\/wp-content\/uploads\/2024\/09\/Seleccionado-tenis-de-mesa-17-1024x682.jpg\" class=\"attachment-large size-large\" alt=\"\" loading=\"lazy\" aria-describedby=\"gallery-7-343954\" srcset=\"https:\/\/www.medellin.gov.co\/es\/wp-content\/uploads\/2024\/09\/Seleccionado-tenis-de-mesa-17-1024x682.jpg 1024w, https:\/\/www.medellin.gov.co\/es\/wp-content\/uploads\/2024\/09\/Seleccionado-tenis-de-mesa-17-300x200.jpg 300w, https:\/\/www.medellin.gov.co\/es\/wp-content\/uploads\/2024\/09\/Seleccionado-tenis-de-mesa-17-150x100.jpg 150w, https:\/\/www.medellin.gov.co\/es\/wp-content\/uploads\/2024\/09\/Seleccionado-tenis-de-mesa-17-768x512.jpg 768w, https:\/\/www.medellin.gov.co\/es\/wp-content\/uploads\/2024\/09\/Seleccionado-tenis-de-mesa-17.jpg 1280w\" sizes=\"(max-width: 1024px) 100vw, 1024px\" \/><\/a>\n\t\t\t<\/dt>\n\t\t\t\t<dd class='wp-caption-text gallery-caption' id='gallery-7-343954'>\n\t\t\t\tSeleccionado de tenis de mesa\n\t\t\t\t<\/dd><\/dl><dl class='gallery-item'>\n\t\t\t<dt class='gallery-icon landscape'>\n\t\t\t\t<a href='https:\/\/www.medellin.gov.co\/es\/sala-de-prensa\/noticias\/la-alcaldia-me-ayudo-a-cumplir-el-sueno-de-mis-padres-regresar-al-camino-correcto-y-vivir-bien-carlos-gonzalez\/seleccionado-tenis-de-mesa-18\/'><img width=\"1024\" height=\"682\" src=\"https:\/\/www.medellin.gov.co\/es\/wp-content\/uploads\/2024\/09\/Seleccionado-tenis-de-mesa-18-1024x682.jpg\" class=\"attachment-large size-large\" alt=\"\" loading=\"lazy\" aria-describedby=\"gallery-7-343957\" srcset=\"https:\/\/www.medellin.gov.co\/es\/wp-content\/uploads\/2024\/09\/Seleccionado-tenis-de-mesa-18-1024x682.jpg 1024w, https:\/\/www.medellin.gov.co\/es\/wp-content\/uploads\/2024\/09\/Seleccionado-tenis-de-mesa-18-300x200.jpg 300w, https:\/\/www.medellin.gov.co\/es\/wp-content\/uploads\/2024\/09\/Seleccionado-tenis-de-mesa-18-150x100.jpg 150w, https:\/\/www.medellin.gov.co\/es\/wp-content\/uploads\/2024\/09\/Seleccionado-tenis-de-mesa-18-768x512.jpg 768w, https:\/\/www.medellin.gov.co\/es\/wp-content\/uploads\/2024\/09\/Seleccionado-tenis-de-mesa-18.jpg 1280w\" sizes=\"(max-width: 1024px) 100vw, 1024px\" \/><\/a>\n\t\t\t<\/dt>\n\t\t\t\t<dd class='wp-caption-text gallery-caption' id='gallery-7-343957'>\n\t\t\t\tSeleccionado de tenis de mesa\n\t\t\t\t<\/dd><\/dl><dl class='gallery-item'>\n\t\t\t<dt class='gallery-icon landscape'>\n\t\t\t\t<a href='https:\/\/www.medellin.gov.co\/es\/sala-de-prensa\/noticias\/la-alcaldia-me-ayudo-a-cumplir-el-sueno-de-mis-padres-regresar-al-camino-correcto-y-vivir-bien-carlos-gonzalez\/seleccionado-tenis-de-mesa-11\/'><img width=\"1024\" height=\"682\" src=\"https:\/\/www.medellin.gov.co\/es\/wp-content\/uploads\/2024\/09\/Seleccionado-tenis-de-mesa-11-1024x682.jpg\" class=\"attachment-large size-large\" alt=\"\" loading=\"lazy\" aria-describedby=\"gallery-7-343943\" srcset=\"https:\/\/www.medellin.gov.co\/es\/wp-content\/uploads\/2024\/09\/Seleccionado-tenis-de-mesa-11-1024x682.jpg 1024w, https:\/\/www.medellin.gov.co\/es\/wp-content\/uploads\/2024\/09\/Seleccionado-tenis-de-mesa-11-300x200.jpg 300w, https:\/\/www.medellin.gov.co\/es\/wp-content\/uploads\/2024\/09\/Seleccionado-tenis-de-mesa-11-150x100.jpg 150w, https:\/\/www.medellin.gov.co\/es\/wp-content\/uploads\/2024\/09\/Seleccionado-tenis-de-mesa-11-768x512.jpg 768w, https:\/\/www.medellin.gov.co\/es\/wp-content\/uploads\/2024\/09\/Seleccionado-tenis-de-mesa-11.jpg 1280w\" sizes=\"(max-width: 1024px) 100vw, 1024px\" \/><\/a>\n\t\t\t<\/dt>\n\t\t\t\t<dd class='wp-caption-text gallery-caption' id='gallery-7-343943'>\n\t\t\t\tSeleccionado de tenis de mesa\n\t\t\t\t<\/dd><\/dl><br style=\"clear: both\" \/><dl class='gallery-item'>\n\t\t\t<dt class='gallery-icon landscape'>\n\t\t\t\t<a href='https:\/\/www.medellin.gov.co\/es\/sala-de-prensa\/noticias\/la-alcaldia-me-ayudo-a-cumplir-el-sueno-de-mis-padres-regresar-al-camino-correcto-y-vivir-bien-carlos-gonzalez\/seleccionado-tenis-de-mesa-12\/'><img width=\"1024\" height=\"682\" src=\"https:\/\/www.medellin.gov.co\/es\/wp-content\/uploads\/2024\/09\/Seleccionado-tenis-de-mesa-12-1024x682.jpg\" class=\"attachment-large size-large\" alt=\"\" loading=\"lazy\" aria-describedby=\"gallery-7-343945\" srcset=\"https:\/\/www.medellin.gov.co\/es\/wp-content\/uploads\/2024\/09\/Seleccionado-tenis-de-mesa-12-1024x682.jpg 1024w, https:\/\/www.medellin.gov.co\/es\/wp-content\/uploads\/2024\/09\/Seleccionado-tenis-de-mesa-12-300x200.jpg 300w, https:\/\/www.medellin.gov.co\/es\/wp-content\/uploads\/2024\/09\/Seleccionado-tenis-de-mesa-12-150x100.jpg 150w, https:\/\/www.medellin.gov.co\/es\/wp-content\/uploads\/2024\/09\/Seleccionado-tenis-de-mesa-12-768x512.jpg 768w, https:\/\/www.medellin.gov.co\/es\/wp-content\/uploads\/2024\/09\/Seleccionado-tenis-de-mesa-12.jpg 1280w\" sizes=\"(max-width: 1024px) 100vw, 1024px\" \/><\/a>\n\t\t\t<\/dt>\n\t\t\t\t<dd class='wp-caption-text gallery-caption' id='gallery-7-343945'>\n\t\t\t\tSeleccionado de tenis de mesa\n\t\t\t\t<\/dd><\/dl><dl class='gallery-item'>\n\t\t\t<dt class='gallery-icon landscape'>\n\t\t\t\t<a href='https:\/\/www.medellin.gov.co\/es\/sala-de-prensa\/noticias\/la-alcaldia-me-ayudo-a-cumplir-el-sueno-de-mis-padres-regresar-al-camino-correcto-y-vivir-bien-carlos-gonzalez\/seleccionado-tenis-de-mesa-7\/'><img width=\"1024\" height=\"682\" src=\"https:\/\/www.medellin.gov.co\/es\/wp-content\/uploads\/2024\/09\/Seleccionado-tenis-de-mesa-7-1024x682.jpg\" class=\"attachment-large size-large\" alt=\"\" loading=\"lazy\" aria-describedby=\"gallery-7-343937\" srcset=\"https:\/\/www.medellin.gov.co\/es\/wp-content\/uploads\/2024\/09\/Seleccionado-tenis-de-mesa-7-1024x682.jpg 1024w, https:\/\/www.medellin.gov.co\/es\/wp-content\/uploads\/2024\/09\/Seleccionado-tenis-de-mesa-7-300x200.jpg 300w, https:\/\/www.medellin.gov.co\/es\/wp-content\/uploads\/2024\/09\/Seleccionado-tenis-de-mesa-7-150x100.jpg 150w, https:\/\/www.medellin.gov.co\/es\/wp-content\/uploads\/2024\/09\/Seleccionado-tenis-de-mesa-7-768x512.jpg 768w, https:\/\/www.medellin.gov.co\/es\/wp-content\/uploads\/2024\/09\/Seleccionado-tenis-de-mesa-7.jpg 1280w\" sizes=\"(max-width: 1024px) 100vw, 1024px\" \/><\/a>\n\t\t\t<\/dt>\n\t\t\t\t<dd class='wp-caption-text gallery-caption' id='gallery-7-343937'>\n\t\t\t\tSeleccionado de tenis de mesa\n\t\t\t\t<\/dd><\/dl><dl class='gallery-item'>\n\t\t\t<dt class='gallery-icon landscape'>\n\t\t\t\t<a href='https:\/\/www.medellin.gov.co\/es\/sala-de-prensa\/noticias\/la-alcaldia-me-ayudo-a-cumplir-el-sueno-de-mis-padres-regresar-al-camino-correcto-y-vivir-bien-carlos-gonzalez\/seleccionado-tenis-de-mesa-4\/'><img width=\"1024\" height=\"682\" src=\"https:\/\/www.medellin.gov.co\/es\/wp-content\/uploads\/2024\/09\/Seleccionado-tenis-de-mesa-4-1024x682.jpg\" class=\"attachment-large size-large\" alt=\"\" loading=\"lazy\" aria-describedby=\"gallery-7-343932\" srcset=\"https:\/\/www.medellin.gov.co\/es\/wp-content\/uploads\/2024\/09\/Seleccionado-tenis-de-mesa-4-1024x682.jpg 1024w, https:\/\/www.medellin.gov.co\/es\/wp-content\/uploads\/2024\/09\/Seleccionado-tenis-de-mesa-4-300x200.jpg 300w, https:\/\/www.medellin.gov.co\/es\/wp-content\/uploads\/2024\/09\/Seleccionado-tenis-de-mesa-4-150x100.jpg 150w, https:\/\/www.medellin.gov.co\/es\/wp-content\/uploads\/2024\/09\/Seleccionado-tenis-de-mesa-4-768x512.jpg 768w, https:\/\/www.medellin.gov.co\/es\/wp-content\/uploads\/2024\/09\/Seleccionado-tenis-de-mesa-4.jpg 1280w\" sizes=\"(max-width: 1024px) 100vw, 1024px\" \/><\/a>\n\t\t\t<\/dt>\n\t\t\t\t<dd class='wp-caption-text gallery-caption' id='gallery-7-343932'>\n\t\t\t\tSeleccionado de tenis de mesa\n\t\t\t\t<\/dd><\/dl><br style=\"clear: both\" \/><dl class='gallery-item'>\n\t\t\t<dt class='gallery-icon landscape'>\n\t\t\t\t<a href='https:\/\/www.medellin.gov.co\/es\/sala-de-prensa\/noticias\/la-alcaldia-me-ayudo-a-cumplir-el-sueno-de-mis-padres-regresar-al-camino-correcto-y-vivir-bien-carlos-gonzalez\/seleccionado-tenis-de-mesa-8\/'><img width=\"1024\" height=\"682\" src=\"https:\/\/www.medellin.gov.co\/es\/wp-content\/uploads\/2024\/09\/Seleccionado-tenis-de-mesa-8-1024x682.jpg\" class=\"attachment-large size-large\" alt=\"\" loading=\"lazy\" aria-describedby=\"gallery-7-343939\" srcset=\"https:\/\/www.medellin.gov.co\/es\/wp-content\/uploads\/2024\/09\/Seleccionado-tenis-de-mesa-8-1024x682.jpg 1024w, https:\/\/www.medellin.gov.co\/es\/wp-content\/uploads\/2024\/09\/Seleccionado-tenis-de-mesa-8-300x200.jpg 300w, https:\/\/www.medellin.gov.co\/es\/wp-content\/uploads\/2024\/09\/Seleccionado-tenis-de-mesa-8-150x100.jpg 150w, https:\/\/www.medellin.gov.co\/es\/wp-content\/uploads\/2024\/09\/Seleccionado-tenis-de-mesa-8-768x512.jpg 768w, https:\/\/www.medellin.gov.co\/es\/wp-content\/uploads\/2024\/09\/Seleccionado-tenis-de-mesa-8.jpg 1280w\" sizes=\"(max-width: 1024px) 100vw, 1024px\" \/><\/a>\n\t\t\t<\/dt>\n\t\t\t\t<dd class='wp-caption-text gallery-caption' id='gallery-7-343939'>\n\t\t\t\tSeleccionado de tenis de mesa\n\t\t\t\t<\/dd><\/dl><dl class='gallery-item'>\n\t\t\t<dt class='gallery-icon landscape'>\n\t\t\t\t<a href='https:\/\/www.medellin.gov.co\/es\/sala-de-prensa\/noticias\/la-alcaldia-me-ayudo-a-cumplir-el-sueno-de-mis-padres-regresar-al-camino-correcto-y-vivir-bien-carlos-gonzalez\/seleccionado-tenis-de-mesa-2\/'><img width=\"1024\" height=\"682\" src=\"https:\/\/www.medellin.gov.co\/es\/wp-content\/uploads\/2024\/09\/Seleccionado-tenis-de-mesa-2-1024x682.jpg\" class=\"attachment-large size-large\" alt=\"\" loading=\"lazy\" aria-describedby=\"gallery-7-343928\" srcset=\"https:\/\/www.medellin.gov.co\/es\/wp-content\/uploads\/2024\/09\/Seleccionado-tenis-de-mesa-2-1024x682.jpg 1024w, https:\/\/www.medellin.gov.co\/es\/wp-content\/uploads\/2024\/09\/Seleccionado-tenis-de-mesa-2-300x200.jpg 300w, https:\/\/www.medellin.gov.co\/es\/wp-content\/uploads\/2024\/09\/Seleccionado-tenis-de-mesa-2-150x100.jpg 150w, https:\/\/www.medellin.gov.co\/es\/wp-content\/uploads\/2024\/09\/Seleccionado-tenis-de-mesa-2-768x512.jpg 768w, https:\/\/www.medellin.gov.co\/es\/wp-content\/uploads\/2024\/09\/Seleccionado-tenis-de-mesa-2.jpg 1280w\" sizes=\"(max-width: 1024px) 100vw, 1024px\" \/><\/a>\n\t\t\t<\/dt>\n\t\t\t\t<dd class='wp-caption-text gallery-caption' id='gallery-7-343928'>\n\t\t\t\tSeleccionado de tenis de mesa\n\t\t\t\t<\/dd><\/dl><dl class='gallery-item'>\n\t\t\t<dt class='gallery-icon landscape'>\n\t\t\t\t<a href='https:\/\/www.medellin.gov.co\/es\/sala-de-prensa\/noticias\/la-alcaldia-me-ayudo-a-cumplir-el-sueno-de-mis-padres-regresar-al-camino-correcto-y-vivir-bien-carlos-gonzalez\/seleccionado-tenis-de-mesa-9\/'><img width=\"1024\" height=\"682\" src=\"https:\/\/www.medellin.gov.co\/es\/wp-content\/uploads\/2024\/09\/Seleccionado-tenis-de-mesa-9-1024x682.jpg\" class=\"attachment-large size-large\" alt=\"\" loading=\"lazy\" aria-describedby=\"gallery-7-343941\" srcset=\"https:\/\/www.medellin.gov.co\/es\/wp-content\/uploads\/2024\/09\/Seleccionado-tenis-de-mesa-9-1024x682.jpg 1024w, https:\/\/www.medellin.gov.co\/es\/wp-content\/uploads\/2024\/09\/Seleccionado-tenis-de-mesa-9-300x200.jpg 300w, https:\/\/www.medellin.gov.co\/es\/wp-content\/uploads\/2024\/09\/Seleccionado-tenis-de-mesa-9-150x100.jpg 150w, https:\/\/www.medellin.gov.co\/es\/wp-content\/uploads\/2024\/09\/Seleccionado-tenis-de-mesa-9-768x512.jpg 768w, https:\/\/www.medellin.gov.co\/es\/wp-content\/uploads\/2024\/09\/Seleccionado-tenis-de-mesa-9.jpg 1280w\" sizes=\"(max-width: 1024px) 100vw, 1024px\" \/><\/a>\n\t\t\t<\/dt>\n\t\t\t\t<dd class='wp-caption-text gallery-caption' id='gallery-7-343941'>\n\t\t\t\tSeleccionado de tenis de mesa\n\t\t\t\t<\/dd><\/dl><br style=\"clear: both\" \/>\n\t\t<\/div>\n\n<ul>\n<li>El bolo masculino y femenino, que se juega en el Spinning Center Buenavista, aport\u00f3 las dos primeras medallas al ganar el bronce, tanto en femenino como en masculino. Los rivales que destronaron al Equipo Medell\u00edn fueron Valle del Cauca y Cali.<\/li>\n<\/ul>\n<div id=\"attachment_343921\" style=\"width: 1034px\" class=\"wp-caption alignnone\"><a href=\"https:\/\/www.medellin.gov.co\/es\/wp-content\/uploads\/2024\/09\/Bolos_equipos_1.jpg\" target=\"_blank\" rel=\"noopener\"><img aria-describedby=\"caption-attachment-343921\" loading=\"lazy\" class=\"wp-image-343921 size-large\" src=\"https:\/\/www.medellin.gov.co\/es\/wp-content\/uploads\/2024\/09\/Bolos_equipos_1-1024x680.jpg\" alt=\"\" width=\"1024\" height=\"680\" srcset=\"https:\/\/www.medellin.gov.co\/es\/wp-content\/uploads\/2024\/09\/Bolos_equipos_1-1024x680.jpg 1024w, https:\/\/www.medellin.gov.co\/es\/wp-content\/uploads\/2024\/09\/Bolos_equipos_1-300x199.jpg 300w, https:\/\/www.medellin.gov.co\/es\/wp-content\/uploads\/2024\/09\/Bolos_equipos_1-150x100.jpg 150w, https:\/\/www.medellin.gov.co\/es\/wp-content\/uploads\/2024\/09\/Bolos_equipos_1-768x510.jpg 768w, https:\/\/www.medellin.gov.co\/es\/wp-content\/uploads\/2024\/09\/Bolos_equipos_1.jpg 1280w\" sizes=\"(max-width: 1024px) 100vw, 1024px\" \/><\/a><p id=\"caption-attachment-343921\" class=\"wp-caption-text\">Seleccionado de bolos<\/p><\/div>\n<ul>\n<li>El dueto de v\u00f3ley-playa masculino perdi\u00f3 dos sets a cero ante el combinado de Atl\u00e1ntico. Por su parte, las damas volvieron a ganar 2 \u2013 0 ante su similar de Guaviare.<\/li>\n<\/ul>\n<div id=\"attachment_343918\" style=\"width: 1034px\" class=\"wp-caption alignnone\"><a href=\"https:\/\/www.medellin.gov.co\/es\/wp-content\/uploads\/2024\/09\/Voleiplaya_masculino_1.jpg\"><img aria-describedby=\"caption-attachment-343918\" loading=\"lazy\" class=\"size-large wp-image-343918\" src=\"https:\/\/www.medellin.gov.co\/es\/wp-content\/uploads\/2024\/09\/Voleiplaya_masculino_1-1024x680.jpg\" alt=\"\" width=\"1024\" height=\"680\" srcset=\"https:\/\/www.medellin.gov.co\/es\/wp-content\/uploads\/2024\/09\/Voleiplaya_masculino_1-1024x680.jpg 1024w, https:\/\/www.medellin.gov.co\/es\/wp-content\/uploads\/2024\/09\/Voleiplaya_masculino_1-300x199.jpg 300w, https:\/\/www.medellin.gov.co\/es\/wp-content\/uploads\/2024\/09\/Voleiplaya_masculino_1-150x100.jpg 150w, https:\/\/www.medellin.gov.co\/es\/wp-content\/uploads\/2024\/09\/Voleiplaya_masculino_1-768x510.jpg 768w, https:\/\/www.medellin.gov.co\/es\/wp-content\/uploads\/2024\/09\/Voleiplaya_masculino_1.jpg 1280w\" sizes=\"(max-width: 1024px) 100vw, 1024px\" \/><\/a><p id=\"caption-attachment-343918\" class=\"wp-caption-text\">Seleccionado de voleiplaya masculino<\/p><\/div>\n<ul>\n<li>Los sextetos de voleibol masculino y femenino lograron victorias id\u00e9nticas por marcador de 3 a 0. Las damas vencieron a Yopal y los caballeros, a Sincelejo.<\/li>\n<\/ul>\n\n\t\t<style type=\"text\/css\">\n\t\t\t#gallery-8 {\n\t\t\t\tmargin: auto;\n\t\t\t}\n\t\t\t#gallery-8 .gallery-item {\n\t\t\t\tfloat: left;\n\t\t\t\tmargin-top: 10px;\n\t\t\t\ttext-align: center;\n\t\t\t\twidth: 50%;\n\t\t\t}\n\t\t\t#gallery-8 img {\n\t\t\t\tborder: 2px solid #cfcfcf;\n\t\t\t}\n\t\t\t#gallery-8 .gallery-caption {\n\t\t\t\tmargin-left: 0;\n\t\t\t}\n\t\t\t\/* see gallery_shortcode() in wp-includes\/media.php *\/\n\t\t<\/style>\n\t\t<div id='gallery-8' class='gallery galleryid-343910 gallery-columns-2 gallery-size-large'><dl class='gallery-item'>\n\t\t\t<dt class='gallery-icon landscape'>\n\t\t\t\t<a href='https:\/\/www.medellin.gov.co\/es\/sala-de-prensa\/noticias\/la-alcaldia-me-ayudo-a-cumplir-el-sueno-de-mis-padres-regresar-al-camino-correcto-y-vivir-bien-carlos-gonzalez\/seleccionado_voleibol_m_1\/'><img width=\"1024\" height=\"680\" src=\"https:\/\/www.medellin.gov.co\/es\/wp-content\/uploads\/2024\/09\/Seleccionado_Voleibol_M_1-1024x680.jpg\" class=\"attachment-large size-large\" alt=\"\" loading=\"lazy\" aria-describedby=\"gallery-8-343915\" srcset=\"https:\/\/www.medellin.gov.co\/es\/wp-content\/uploads\/2024\/09\/Seleccionado_Voleibol_M_1-1024x680.jpg 1024w, https:\/\/www.medellin.gov.co\/es\/wp-content\/uploads\/2024\/09\/Seleccionado_Voleibol_M_1-300x199.jpg 300w, https:\/\/www.medellin.gov.co\/es\/wp-content\/uploads\/2024\/09\/Seleccionado_Voleibol_M_1-150x100.jpg 150w, https:\/\/www.medellin.gov.co\/es\/wp-content\/uploads\/2024\/09\/Seleccionado_Voleibol_M_1-768x510.jpg 768w, https:\/\/www.medellin.gov.co\/es\/wp-content\/uploads\/2024\/09\/Seleccionado_Voleibol_M_1.jpg 1280w\" sizes=\"(max-width: 1024px) 100vw, 1024px\" \/><\/a>\n\t\t\t<\/dt>\n\t\t\t\t<dd class='wp-caption-text gallery-caption' id='gallery-8-343915'>\n\t\t\t\tSeleccionado de voleibol masculino\n\t\t\t\t<\/dd><\/dl><dl class='gallery-item'>\n\t\t\t<dt class='gallery-icon landscape'>\n\t\t\t\t<a href='https:\/\/www.medellin.gov.co\/es\/sala-de-prensa\/noticias\/la-alcaldia-me-ayudo-a-cumplir-el-sueno-de-mis-padres-regresar-al-camino-correcto-y-vivir-bien-carlos-gonzalez\/seleccionado_voleibol_f_2\/'><img width=\"1024\" height=\"680\" src=\"https:\/\/www.medellin.gov.co\/es\/wp-content\/uploads\/2024\/09\/Seleccionado_Voleibol_F_2-1024x680.jpg\" class=\"attachment-large size-large\" alt=\"\" loading=\"lazy\" aria-describedby=\"gallery-8-343914\" srcset=\"https:\/\/www.medellin.gov.co\/es\/wp-content\/uploads\/2024\/09\/Seleccionado_Voleibol_F_2-1024x680.jpg 1024w, https:\/\/www.medellin.gov.co\/es\/wp-content\/uploads\/2024\/09\/Seleccionado_Voleibol_F_2-300x199.jpg 300w, https:\/\/www.medellin.gov.co\/es\/wp-content\/uploads\/2024\/09\/Seleccionado_Voleibol_F_2-150x100.jpg 150w, https:\/\/www.medellin.gov.co\/es\/wp-content\/uploads\/2024\/09\/Seleccionado_Voleibol_F_2-768x510.jpg 768w, https:\/\/www.medellin.gov.co\/es\/wp-content\/uploads\/2024\/09\/Seleccionado_Voleibol_F_2.jpg 1280w\" sizes=\"(max-width: 1024px) 100vw, 1024px\" \/><\/a>\n\t\t\t<\/dt>\n\t\t\t\t<dd class='wp-caption-text gallery-caption' id='gallery-8-343914'>\n\t\t\t\tSeleccionado de voleibol femenino\n\t\t\t\t<\/dd><\/dl><br style=\"clear: both\" \/>\n\t\t<\/div>\n\n<ul>\n<li>Las selecciones masculina y femenina de f\u00fatbol de sal\u00f3n lograron su clasificaci\u00f3n anticipada al ganar los dos encuentros en las canchas de la Universidad del Atl\u00e1ntico. Los hombres vencieron a primera hora, por 7 a 3, a la Alcald\u00eda de Chitag\u00e1 (Norte de Santander), en tanto que las damas derrotaron a Bol\u00edvar 6 \u2013 1.<\/li>\n<\/ul>\n<div id=\"attachment_344039\" style=\"width: 1034px\" class=\"wp-caption alignnone\"><a href=\"https:\/\/www.medellin.gov.co\/es\/wp-content\/uploads\/2024\/09\/Seleccionado_Futbol_salon-44.jpg\" target=\"_blank\" rel=\"noopener\"><img aria-describedby=\"caption-attachment-344039\" loading=\"lazy\" class=\"wp-image-344039 size-large\" src=\"https:\/\/www.medellin.gov.co\/es\/wp-content\/uploads\/2024\/09\/Seleccionado_Futbol_salon-44-1024x682.jpg\" alt=\"\" width=\"1024\" height=\"682\" srcset=\"https:\/\/www.medellin.gov.co\/es\/wp-content\/uploads\/2024\/09\/Seleccionado_Futbol_salon-44-1024x682.jpg 1024w, https:\/\/www.medellin.gov.co\/es\/wp-content\/uploads\/2024\/09\/Seleccionado_Futbol_salon-44-300x200.jpg 300w, https:\/\/www.medellin.gov.co\/es\/wp-content\/uploads\/2024\/09\/Seleccionado_Futbol_salon-44-150x100.jpg 150w, https:\/\/www.medellin.gov.co\/es\/wp-content\/uploads\/2024\/09\/Seleccionado_Futbol_salon-44-768x512.jpg 768w, https:\/\/www.medellin.gov.co\/es\/wp-content\/uploads\/2024\/09\/Seleccionado_Futbol_salon-44.jpg 1280w\" sizes=\"(max-width: 1024px) 100vw, 1024px\" \/><\/a><p id=\"caption-attachment-344039\" class=\"wp-caption-text\">Seleccionado f\u00fatbol de sal\u00f3n masculino y femenino<\/p><\/div>\n\n\t\t<style type=\"text\/css\">\n\t\t\t#gallery-9 {\n\t\t\t\tmargin: auto;\n\t\t\t}\n\t\t\t#gallery-9 .gallery-item {\n\t\t\t\tfloat: left;\n\t\t\t\tmargin-top: 10px;\n\t\t\t\ttext-align: center;\n\t\t\t\twidth: 33%;\n\t\t\t}\n\t\t\t#gallery-9 img {\n\t\t\t\tborder: 2px solid #cfcfcf;\n\t\t\t}\n\t\t\t#gallery-9 .gallery-caption {\n\t\t\t\tmargin-left: 0;\n\t\t\t}\n\t\t\t\/* see gallery_shortcode() in wp-includes\/media.php *\/\n\t\t<\/style>\n\t\t<div id='gallery-9' class='gallery galleryid-343910 gallery-columns-3 gallery-size-large'><dl class='gallery-item'>\n\t\t\t<dt class='gallery-icon landscape'>\n\t\t\t\t<a href='https:\/\/www.medellin.gov.co\/es\/sala-de-prensa\/noticias\/la-alcaldia-me-ayudo-a-cumplir-el-sueno-de-mis-padres-regresar-al-camino-correcto-y-vivir-bien-carlos-gonzalez\/seleccionado_futbol_salon-19\/'><img width=\"1024\" height=\"682\" src=\"https:\/\/www.medellin.gov.co\/es\/wp-content\/uploads\/2024\/09\/Seleccionado_Futbol_salon-19-1024x682.jpg\" class=\"attachment-large size-large\" alt=\"\" loading=\"lazy\" aria-describedby=\"gallery-9-343996\" srcset=\"https:\/\/www.medellin.gov.co\/es\/wp-content\/uploads\/2024\/09\/Seleccionado_Futbol_salon-19-1024x682.jpg 1024w, https:\/\/www.medellin.gov.co\/es\/wp-content\/uploads\/2024\/09\/Seleccionado_Futbol_salon-19-300x200.jpg 300w, https:\/\/www.medellin.gov.co\/es\/wp-content\/uploads\/2024\/09\/Seleccionado_Futbol_salon-19-150x100.jpg 150w, https:\/\/www.medellin.gov.co\/es\/wp-content\/uploads\/2024\/09\/Seleccionado_Futbol_salon-19-768x512.jpg 768w, https:\/\/www.medellin.gov.co\/es\/wp-content\/uploads\/2024\/09\/Seleccionado_Futbol_salon-19.jpg 1280w\" sizes=\"(max-width: 1024px) 100vw, 1024px\" \/><\/a>\n\t\t\t<\/dt>\n\t\t\t\t<dd class='wp-caption-text gallery-caption' id='gallery-9-343996'>\n\t\t\t\tSeleccionado de f\u00fatbol de sal\u00f3n femenino\n\t\t\t\t<\/dd><\/dl><dl class='gallery-item'>\n\t\t\t<dt class='gallery-icon landscape'>\n\t\t\t\t<a href='https:\/\/www.medellin.gov.co\/es\/sala-de-prensa\/noticias\/la-alcaldia-me-ayudo-a-cumplir-el-sueno-de-mis-padres-regresar-al-camino-correcto-y-vivir-bien-carlos-gonzalez\/seleccionado_futbol_salon-50\/'><img width=\"1024\" height=\"682\" src=\"https:\/\/www.medellin.gov.co\/es\/wp-content\/uploads\/2024\/09\/Seleccionado_Futbol_salon-50-1024x682.jpg\" class=\"attachment-large size-large\" alt=\"\" loading=\"lazy\" aria-describedby=\"gallery-9-344048\" srcset=\"https:\/\/www.medellin.gov.co\/es\/wp-content\/uploads\/2024\/09\/Seleccionado_Futbol_salon-50-1024x682.jpg 1024w, https:\/\/www.medellin.gov.co\/es\/wp-content\/uploads\/2024\/09\/Seleccionado_Futbol_salon-50-300x200.jpg 300w, https:\/\/www.medellin.gov.co\/es\/wp-content\/uploads\/2024\/09\/Seleccionado_Futbol_salon-50-150x100.jpg 150w, https:\/\/www.medellin.gov.co\/es\/wp-content\/uploads\/2024\/09\/Seleccionado_Futbol_salon-50-768x512.jpg 768w, https:\/\/www.medellin.gov.co\/es\/wp-content\/uploads\/2024\/09\/Seleccionado_Futbol_salon-50.jpg 1280w\" sizes=\"(max-width: 1024px) 100vw, 1024px\" \/><\/a>\n\t\t\t<\/dt>\n\t\t\t\t<dd class='wp-caption-text gallery-caption' id='gallery-9-344048'>\n\t\t\t\tSeleccionado de f\u00fatbol de sal\u00f3n femenino\n\t\t\t\t<\/dd><\/dl><dl class='gallery-item'>\n\t\t\t<dt class='gallery-icon landscape'>\n\t\t\t\t<a href='https:\/\/www.medellin.gov.co\/es\/sala-de-prensa\/noticias\/la-alcaldia-me-ayudo-a-cumplir-el-sueno-de-mis-padres-regresar-al-camino-correcto-y-vivir-bien-carlos-gonzalez\/seleccionado_futbol_salon-49\/'><img width=\"1024\" height=\"682\" src=\"https:\/\/www.medellin.gov.co\/es\/wp-content\/uploads\/2024\/09\/Seleccionado_Futbol_salon-49-1024x682.jpg\" class=\"attachment-large size-large\" alt=\"\" loading=\"lazy\" aria-describedby=\"gallery-9-344047\" srcset=\"https:\/\/www.medellin.gov.co\/es\/wp-content\/uploads\/2024\/09\/Seleccionado_Futbol_salon-49-1024x682.jpg 1024w, https:\/\/www.medellin.gov.co\/es\/wp-content\/uploads\/2024\/09\/Seleccionado_Futbol_salon-49-300x200.jpg 300w, https:\/\/www.medellin.gov.co\/es\/wp-content\/uploads\/2024\/09\/Seleccionado_Futbol_salon-49-150x100.jpg 150w, https:\/\/www.medellin.gov.co\/es\/wp-content\/uploads\/2024\/09\/Seleccionado_Futbol_salon-49-768x512.jpg 768w, https:\/\/www.medellin.gov.co\/es\/wp-content\/uploads\/2024\/09\/Seleccionado_Futbol_salon-49.jpg 1280w\" sizes=\"(max-width: 1024px) 100vw, 1024px\" \/><\/a>\n\t\t\t<\/dt>\n\t\t\t\t<dd class='wp-caption-text gallery-caption' id='gallery-9-344047'>\n\t\t\t\tSeleccionado de f\u00fatbol de sal\u00f3n femenino\n\t\t\t\t<\/dd><\/dl><br style=\"clear: both\" \/><dl class='gallery-item'>\n\t\t\t<dt class='gallery-icon landscape'>\n\t\t\t\t<a href='https:\/\/www.medellin.gov.co\/es\/sala-de-prensa\/noticias\/la-alcaldia-me-ayudo-a-cumplir-el-sueno-de-mis-padres-regresar-al-camino-correcto-y-vivir-bien-carlos-gonzalez\/seleccionado_futbol_salon-43\/'><img width=\"1024\" height=\"682\" src=\"https:\/\/www.medellin.gov.co\/es\/wp-content\/uploads\/2024\/09\/Seleccionado_Futbol_salon-43-1024x682.jpg\" class=\"attachment-large size-large\" alt=\"\" loading=\"lazy\" aria-describedby=\"gallery-9-344036\" srcset=\"https:\/\/www.medellin.gov.co\/es\/wp-content\/uploads\/2024\/09\/Seleccionado_Futbol_salon-43-1024x682.jpg 1024w, https:\/\/www.medellin.gov.co\/es\/wp-content\/uploads\/2024\/09\/Seleccionado_Futbol_salon-43-300x200.jpg 300w, https:\/\/www.medellin.gov.co\/es\/wp-content\/uploads\/2024\/09\/Seleccionado_Futbol_salon-43-150x100.jpg 150w, https:\/\/www.medellin.gov.co\/es\/wp-content\/uploads\/2024\/09\/Seleccionado_Futbol_salon-43-768x512.jpg 768w, https:\/\/www.medellin.gov.co\/es\/wp-content\/uploads\/2024\/09\/Seleccionado_Futbol_salon-43.jpg 1280w\" sizes=\"(max-width: 1024px) 100vw, 1024px\" \/><\/a>\n\t\t\t<\/dt>\n\t\t\t\t<dd class='wp-caption-text gallery-caption' id='gallery-9-344036'>\n\t\t\t\tSeleccionado de f\u00fatbol de sal\u00f3n femenino\n\t\t\t\t<\/dd><\/dl><dl class='gallery-item'>\n\t\t\t<dt class='gallery-icon landscape'>\n\t\t\t\t<a href='https:\/\/www.medellin.gov.co\/es\/sala-de-prensa\/noticias\/la-alcaldia-me-ayudo-a-cumplir-el-sueno-de-mis-padres-regresar-al-camino-correcto-y-vivir-bien-carlos-gonzalez\/seleccionado_futbol_salon-47\/'><img width=\"1024\" height=\"682\" src=\"https:\/\/www.medellin.gov.co\/es\/wp-content\/uploads\/2024\/09\/Seleccionado_Futbol_salon-47-1024x682.jpg\" class=\"attachment-large size-large\" alt=\"\" loading=\"lazy\" aria-describedby=\"gallery-9-344043\" srcset=\"https:\/\/www.medellin.gov.co\/es\/wp-content\/uploads\/2024\/09\/Seleccionado_Futbol_salon-47-1024x682.jpg 1024w, https:\/\/www.medellin.gov.co\/es\/wp-content\/uploads\/2024\/09\/Seleccionado_Futbol_salon-47-300x200.jpg 300w, https:\/\/www.medellin.gov.co\/es\/wp-content\/uploads\/2024\/09\/Seleccionado_Futbol_salon-47-150x100.jpg 150w, https:\/\/www.medellin.gov.co\/es\/wp-content\/uploads\/2024\/09\/Seleccionado_Futbol_salon-47-768x512.jpg 768w, https:\/\/www.medellin.gov.co\/es\/wp-content\/uploads\/2024\/09\/Seleccionado_Futbol_salon-47.jpg 1280w\" sizes=\"(max-width: 1024px) 100vw, 1024px\" \/><\/a>\n\t\t\t<\/dt>\n\t\t\t\t<dd class='wp-caption-text gallery-caption' id='gallery-9-344043'>\n\t\t\t\tSeleccionado de f\u00fatbol de sal\u00f3n femenino\n\t\t\t\t<\/dd><\/dl><dl class='gallery-item'>\n\t\t\t<dt class='gallery-icon landscape'>\n\t\t\t\t<a href='https:\/\/www.medellin.gov.co\/es\/sala-de-prensa\/noticias\/la-alcaldia-me-ayudo-a-cumplir-el-sueno-de-mis-padres-regresar-al-camino-correcto-y-vivir-bien-carlos-gonzalez\/seleccionado_futbol_salon-42\/'><img width=\"1024\" height=\"682\" src=\"https:\/\/www.medellin.gov.co\/es\/wp-content\/uploads\/2024\/09\/Seleccionado_Futbol_salon-42-1024x682.jpg\" class=\"attachment-large size-large\" alt=\"\" loading=\"lazy\" aria-describedby=\"gallery-9-344033\" srcset=\"https:\/\/www.medellin.gov.co\/es\/wp-content\/uploads\/2024\/09\/Seleccionado_Futbol_salon-42-1024x682.jpg 1024w, https:\/\/www.medellin.gov.co\/es\/wp-content\/uploads\/2024\/09\/Seleccionado_Futbol_salon-42-300x200.jpg 300w, https:\/\/www.medellin.gov.co\/es\/wp-content\/uploads\/2024\/09\/Seleccionado_Futbol_salon-42-150x100.jpg 150w, https:\/\/www.medellin.gov.co\/es\/wp-content\/uploads\/2024\/09\/Seleccionado_Futbol_salon-42-768x512.jpg 768w, https:\/\/www.medellin.gov.co\/es\/wp-content\/uploads\/2024\/09\/Seleccionado_Futbol_salon-42.jpg 1280w\" sizes=\"(max-width: 1024px) 100vw, 1024px\" \/><\/a>\n\t\t\t<\/dt>\n\t\t\t\t<dd class='wp-caption-text gallery-caption' id='gallery-9-344033'>\n\t\t\t\tSeleccionado de f\u00fatbol de sal\u00f3n femenino\n\t\t\t\t<\/dd><\/dl><br style=\"clear: both\" \/><dl class='gallery-item'>\n\t\t\t<dt class='gallery-icon landscape'>\n\t\t\t\t<a href='https:\/\/www.medellin.gov.co\/es\/sala-de-prensa\/noticias\/la-alcaldia-me-ayudo-a-cumplir-el-sueno-de-mis-padres-regresar-al-camino-correcto-y-vivir-bien-carlos-gonzalez\/seleccionado_futbol_salon-41\/'><img width=\"1024\" height=\"682\" src=\"https:\/\/www.medellin.gov.co\/es\/wp-content\/uploads\/2024\/09\/Seleccionado_Futbol_salon-41-1024x682.jpg\" class=\"attachment-large size-large\" alt=\"\" loading=\"lazy\" aria-describedby=\"gallery-9-344030\" srcset=\"https:\/\/www.medellin.gov.co\/es\/wp-content\/uploads\/2024\/09\/Seleccionado_Futbol_salon-41-1024x682.jpg 1024w, https:\/\/www.medellin.gov.co\/es\/wp-content\/uploads\/2024\/09\/Seleccionado_Futbol_salon-41-300x200.jpg 300w, https:\/\/www.medellin.gov.co\/es\/wp-content\/uploads\/2024\/09\/Seleccionado_Futbol_salon-41-150x100.jpg 150w, https:\/\/www.medellin.gov.co\/es\/wp-content\/uploads\/2024\/09\/Seleccionado_Futbol_salon-41-768x512.jpg 768w, https:\/\/www.medellin.gov.co\/es\/wp-content\/uploads\/2024\/09\/Seleccionado_Futbol_salon-41.jpg 1280w\" sizes=\"(max-width: 1024px) 100vw, 1024px\" \/><\/a>\n\t\t\t<\/dt>\n\t\t\t\t<dd class='wp-caption-text gallery-caption' id='gallery-9-344030'>\n\t\t\t\tSeleccionado de f\u00fatbol de sal\u00f3n femenino\n\t\t\t\t<\/dd><\/dl><dl class='gallery-item'>\n\t\t\t<dt class='gallery-icon landscape'>\n\t\t\t\t<a href='https:\/\/www.medellin.gov.co\/es\/sala-de-prensa\/noticias\/la-alcaldia-me-ayudo-a-cumplir-el-sueno-de-mis-padres-regresar-al-camino-correcto-y-vivir-bien-carlos-gonzalez\/seleccionado_futbol_salon-40\/'><img width=\"1024\" height=\"682\" src=\"https:\/\/www.medellin.gov.co\/es\/wp-content\/uploads\/2024\/09\/Seleccionado_Futbol_salon-40-1024x682.jpg\" class=\"attachment-large size-large\" alt=\"\" loading=\"lazy\" aria-describedby=\"gallery-9-344028\" srcset=\"https:\/\/www.medellin.gov.co\/es\/wp-content\/uploads\/2024\/09\/Seleccionado_Futbol_salon-40-1024x682.jpg 1024w, https:\/\/www.medellin.gov.co\/es\/wp-content\/uploads\/2024\/09\/Seleccionado_Futbol_salon-40-300x200.jpg 300w, https:\/\/www.medellin.gov.co\/es\/wp-content\/uploads\/2024\/09\/Seleccionado_Futbol_salon-40-150x100.jpg 150w, https:\/\/www.medellin.gov.co\/es\/wp-content\/uploads\/2024\/09\/Seleccionado_Futbol_salon-40-768x512.jpg 768w, https:\/\/www.medellin.gov.co\/es\/wp-content\/uploads\/2024\/09\/Seleccionado_Futbol_salon-40.jpg 1280w\" sizes=\"(max-width: 1024px) 100vw, 1024px\" \/><\/a>\n\t\t\t<\/dt>\n\t\t\t\t<dd class='wp-caption-text gallery-caption' id='gallery-9-344028'>\n\t\t\t\tSeleccionado de f\u00fatbol de sal\u00f3n femenino\n\t\t\t\t<\/dd><\/dl><dl class='gallery-item'>\n\t\t\t<dt class='gallery-icon landscape'>\n\t\t\t\t<a href='https:\/\/www.medellin.gov.co\/es\/sala-de-prensa\/noticias\/la-alcaldia-me-ayudo-a-cumplir-el-sueno-de-mis-padres-regresar-al-camino-correcto-y-vivir-bien-carlos-gonzalez\/seleccionado_futbol_salon-34\/'><img width=\"1024\" height=\"682\" src=\"https:\/\/www.medellin.gov.co\/es\/wp-content\/uploads\/2024\/09\/Seleccionado_Futbol_salon-34-1024x682.jpg\" class=\"attachment-large size-large\" alt=\"\" loading=\"lazy\" aria-describedby=\"gallery-9-344019\" srcset=\"https:\/\/www.medellin.gov.co\/es\/wp-content\/uploads\/2024\/09\/Seleccionado_Futbol_salon-34-1024x682.jpg 1024w, https:\/\/www.medellin.gov.co\/es\/wp-content\/uploads\/2024\/09\/Seleccionado_Futbol_salon-34-300x200.jpg 300w, https:\/\/www.medellin.gov.co\/es\/wp-content\/uploads\/2024\/09\/Seleccionado_Futbol_salon-34-150x100.jpg 150w, https:\/\/www.medellin.gov.co\/es\/wp-content\/uploads\/2024\/09\/Seleccionado_Futbol_salon-34-768x512.jpg 768w, https:\/\/www.medellin.gov.co\/es\/wp-content\/uploads\/2024\/09\/Seleccionado_Futbol_salon-34.jpg 1280w\" sizes=\"(max-width: 1024px) 100vw, 1024px\" \/><\/a>\n\t\t\t<\/dt>\n\t\t\t\t<dd class='wp-caption-text gallery-caption' id='gallery-9-344019'>\n\t\t\t\tSeleccionado de f\u00fatbol de sal\u00f3n femenino\n\t\t\t\t<\/dd><\/dl><br style=\"clear: both\" \/>\n\t\t<\/div>\n\n<ul>\n<li>El tenis de campo empez\u00f3 su participaci\u00f3n en cuadros Round Robin, donde pasan los dos primeros de cada cuadro. Ya han jugado dos hombres (1 ganado y otro en juego suspendido por iluminaci\u00f3n); quedan pendientes dos por iniciar este mi\u00e9rcoles, 18 de septiembre. En femenino ya han jugado tres damas (2 ganados, 1 perdido); queda una pendiente por jugar.<\/li>\n<li>En baloncesto, tanto hombres como mujeres ganaron sus encuentros y el mi\u00e9rcoles 18 de septiembre terminar\u00e1 la fase de grupos. Las damas vencieron 33 \u2013 9 a Bello y los hombres doblegaron a Cartagena 26 \u2013 16.<\/li>\n<\/ul>\n\n\t\t<style type=\"text\/css\">\n\t\t\t#gallery-10 {\n\t\t\t\tmargin: auto;\n\t\t\t}\n\t\t\t#gallery-10 .gallery-item {\n\t\t\t\tfloat: left;\n\t\t\t\tmargin-top: 10px;\n\t\t\t\ttext-align: center;\n\t\t\t\twidth: 50%;\n\t\t\t}\n\t\t\t#gallery-10 img {\n\t\t\t\tborder: 2px solid #cfcfcf;\n\t\t\t}\n\t\t\t#gallery-10 .gallery-caption {\n\t\t\t\tmargin-left: 0;\n\t\t\t}\n\t\t\t\/* see gallery_shortcode() in wp-includes\/media.php *\/\n\t\t<\/style>\n\t\t<div id='gallery-10' class='gallery galleryid-343910 gallery-columns-2 gallery-size-large'><dl class='gallery-item'>\n\t\t\t<dt class='gallery-icon landscape'>\n\t\t\t\t<a href='https:\/\/www.medellin.gov.co\/es\/sala-de-prensa\/noticias\/la-alcaldia-me-ayudo-a-cumplir-el-sueno-de-mis-padres-regresar-al-camino-correcto-y-vivir-bien-carlos-gonzalez\/seleccinado_baloncesto_femenino_1\/'><img width=\"1024\" height=\"682\" src=\"https:\/\/www.medellin.gov.co\/es\/wp-content\/uploads\/2024\/09\/Seleccinado_baloncesto_femenino_1-1024x682.jpg\" class=\"attachment-large size-large\" alt=\"\" loading=\"lazy\" aria-describedby=\"gallery-10-344079\" srcset=\"https:\/\/www.medellin.gov.co\/es\/wp-content\/uploads\/2024\/09\/Seleccinado_baloncesto_femenino_1-1024x682.jpg 1024w, https:\/\/www.medellin.gov.co\/es\/wp-content\/uploads\/2024\/09\/Seleccinado_baloncesto_femenino_1-300x200.jpg 300w, https:\/\/www.medellin.gov.co\/es\/wp-content\/uploads\/2024\/09\/Seleccinado_baloncesto_femenino_1-150x100.jpg 150w, https:\/\/www.medellin.gov.co\/es\/wp-content\/uploads\/2024\/09\/Seleccinado_baloncesto_femenino_1-768x512.jpg 768w, https:\/\/www.medellin.gov.co\/es\/wp-content\/uploads\/2024\/09\/Seleccinado_baloncesto_femenino_1.jpg 1280w\" sizes=\"(max-width: 1024px) 100vw, 1024px\" \/><\/a>\n\t\t\t<\/dt>\n\t\t\t\t<dd class='wp-caption-text gallery-caption' id='gallery-10-344079'>\n\t\t\t\tSeleccionado baloncesto femenino\n\t\t\t\t<\/dd><\/dl><dl class='gallery-item'>\n\t\t\t<dt class='gallery-icon landscape'>\n\t\t\t\t<a href='https:\/\/www.medellin.gov.co\/es\/sala-de-prensa\/noticias\/la-alcaldia-me-ayudo-a-cumplir-el-sueno-de-mis-padres-regresar-al-camino-correcto-y-vivir-bien-carlos-gonzalez\/seleccinado_baloncesto_femenino_41\/'><img width=\"1024\" height=\"682\" src=\"https:\/\/www.medellin.gov.co\/es\/wp-content\/uploads\/2024\/09\/Seleccinado_baloncesto_femenino_41-1024x682.jpg\" class=\"attachment-large size-large\" alt=\"\" loading=\"lazy\" aria-describedby=\"gallery-10-344085\" srcset=\"https:\/\/www.medellin.gov.co\/es\/wp-content\/uploads\/2024\/09\/Seleccinado_baloncesto_femenino_41-1024x682.jpg 1024w, https:\/\/www.medellin.gov.co\/es\/wp-content\/uploads\/2024\/09\/Seleccinado_baloncesto_femenino_41-300x200.jpg 300w, https:\/\/www.medellin.gov.co\/es\/wp-content\/uploads\/2024\/09\/Seleccinado_baloncesto_femenino_41-150x100.jpg 150w, https:\/\/www.medellin.gov.co\/es\/wp-content\/uploads\/2024\/09\/Seleccinado_baloncesto_femenino_41-768x512.jpg 768w, https:\/\/www.medellin.gov.co\/es\/wp-content\/uploads\/2024\/09\/Seleccinado_baloncesto_femenino_41.jpg 1280w\" sizes=\"(max-width: 1024px) 100vw, 1024px\" \/><\/a>\n\t\t\t<\/dt>\n\t\t\t\t<dd class='wp-caption-text gallery-caption' id='gallery-10-344085'>\n\t\t\t\tSeleccionado baloncesto femenino\n\t\t\t\t<\/dd><\/dl><br style=\"clear: both\" \/>\n\t\t<\/div>\n\n\n\t\t<style type=\"text\/css\">\n\t\t\t#gallery-11 {\n\t\t\t\tmargin: auto;\n\t\t\t}\n\t\t\t#gallery-11 .gallery-item {\n\t\t\t\tfloat: left;\n\t\t\t\tmargin-top: 10px;\n\t\t\t\ttext-align: center;\n\t\t\t\twidth: 50%;\n\t\t\t}\n\t\t\t#gallery-11 img {\n\t\t\t\tborder: 2px solid #cfcfcf;\n\t\t\t}\n\t\t\t#gallery-11 .gallery-caption {\n\t\t\t\tmargin-left: 0;\n\t\t\t}\n\t\t\t\/* see gallery_shortcode() in wp-includes\/media.php *\/\n\t\t<\/style>\n\t\t<div id='gallery-11' class='gallery galleryid-343910 gallery-columns-2 gallery-size-large'><dl class='gallery-item'>\n\t\t\t<dt class='gallery-icon landscape'>\n\t\t\t\t<a href='https:\/\/www.medellin.gov.co\/es\/sala-de-prensa\/noticias\/la-alcaldia-me-ayudo-a-cumplir-el-sueno-de-mis-padres-regresar-al-camino-correcto-y-vivir-bien-carlos-gonzalez\/selcionado_baloncsto_masulino-5\/'><img width=\"1024\" height=\"682\" src=\"https:\/\/www.medellin.gov.co\/es\/wp-content\/uploads\/2024\/09\/Selcionado_baloncsto_masulino-5-1024x682.jpg\" class=\"attachment-large size-large\" alt=\"\" loading=\"lazy\" aria-describedby=\"gallery-11-344094\" srcset=\"https:\/\/www.medellin.gov.co\/es\/wp-content\/uploads\/2024\/09\/Selcionado_baloncsto_masulino-5-1024x682.jpg 1024w, https:\/\/www.medellin.gov.co\/es\/wp-content\/uploads\/2024\/09\/Selcionado_baloncsto_masulino-5-300x200.jpg 300w, https:\/\/www.medellin.gov.co\/es\/wp-content\/uploads\/2024\/09\/Selcionado_baloncsto_masulino-5-150x100.jpg 150w, https:\/\/www.medellin.gov.co\/es\/wp-content\/uploads\/2024\/09\/Selcionado_baloncsto_masulino-5-768x512.jpg 768w, https:\/\/www.medellin.gov.co\/es\/wp-content\/uploads\/2024\/09\/Selcionado_baloncsto_masulino-5.jpg 1280w\" sizes=\"(max-width: 1024px) 100vw, 1024px\" \/><\/a>\n\t\t\t<\/dt>\n\t\t\t\t<dd class='wp-caption-text gallery-caption' id='gallery-11-344094'>\n\t\t\t\tSeleccionado baloncesto masculino\n\t\t\t\t<\/dd><\/dl><dl class='gallery-item'>\n\t\t\t<dt class='gallery-icon landscape'>\n\t\t\t\t<a href='https:\/\/www.medellin.gov.co\/es\/sala-de-prensa\/noticias\/la-alcaldia-me-ayudo-a-cumplir-el-sueno-de-mis-padres-regresar-al-camino-correcto-y-vivir-bien-carlos-gonzalez\/selcionado_baloncsto_masulino-10\/'><img width=\"1024\" height=\"682\" src=\"https:\/\/www.medellin.gov.co\/es\/wp-content\/uploads\/2024\/09\/Selcionado_baloncsto_masulino-10-1024x682.jpg\" class=\"attachment-large size-large\" alt=\"\" loading=\"lazy\" aria-describedby=\"gallery-11-344102\" srcset=\"https:\/\/www.medellin.gov.co\/es\/wp-content\/uploads\/2024\/09\/Selcionado_baloncsto_masulino-10-1024x682.jpg 1024w, https:\/\/www.medellin.gov.co\/es\/wp-content\/uploads\/2024\/09\/Selcionado_baloncsto_masulino-10-300x200.jpg 300w, https:\/\/www.medellin.gov.co\/es\/wp-content\/uploads\/2024\/09\/Selcionado_baloncsto_masulino-10-150x100.jpg 150w, https:\/\/www.medellin.gov.co\/es\/wp-content\/uploads\/2024\/09\/Selcionado_baloncsto_masulino-10-768x512.jpg 768w, https:\/\/www.medellin.gov.co\/es\/wp-content\/uploads\/2024\/09\/Selcionado_baloncsto_masulino-10.jpg 1280w\" sizes=\"(max-width: 1024px) 100vw, 1024px\" \/><\/a>\n\t\t\t<\/dt>\n\t\t\t\t<dd class='wp-caption-text gallery-caption' id='gallery-11-344102'>\n\t\t\t\tSeleccionado baloncesto masculino\n\t\t\t\t<\/dd><\/dl><br style=\"clear: both\" \/>\n\t\t<\/div>\n\n<ul>\n<li>El f\u00fatbol cerr\u00f3 la programaci\u00f3n en el estadio Moderno. El Distrito venci\u00f3 2 \u2013 0 a Sucre y logr\u00f3 el paso a la siguiente fase del torneo.<\/li>\n<\/ul>\n<div id=\"attachment_343925\" style=\"width: 1034px\" class=\"wp-caption alignnone\"><a href=\"https:\/\/www.medellin.gov.co\/es\/wp-content\/uploads\/2024\/09\/slccionaado_futbol_1.jpg\"><img aria-describedby=\"caption-attachment-343925\" loading=\"lazy\" class=\"size-large wp-image-343925\" src=\"https:\/\/www.medellin.gov.co\/es\/wp-content\/uploads\/2024\/09\/slccionaado_futbol_1-1024x680.jpg\" alt=\"\" width=\"1024\" height=\"680\" srcset=\"https:\/\/www.medellin.gov.co\/es\/wp-content\/uploads\/2024\/09\/slccionaado_futbol_1-1024x680.jpg 1024w, https:\/\/www.medellin.gov.co\/es\/wp-content\/uploads\/2024\/09\/slccionaado_futbol_1-300x199.jpg 300w, https:\/\/www.medellin.gov.co\/es\/wp-content\/uploads\/2024\/09\/slccionaado_futbol_1-150x100.jpg 150w, https:\/\/www.medellin.gov.co\/es\/wp-content\/uploads\/2024\/09\/slccionaado_futbol_1-768x510.jpg 768w, https:\/\/www.medellin.gov.co\/es\/wp-content\/uploads\/2024\/09\/slccionaado_futbol_1.jpg 1280w\" sizes=\"(max-width: 1024px) 100vw, 1024px\" \/><\/a><p id=\"caption-attachment-343925\" class=\"wp-caption-text\">Seleccionado de f\u00fatbol<\/p><\/div>\n","protected":false},"excerpt":{"rendered":"<p>Carlos Arturo Gonz\u00e1lez es servidor de la Secretar\u00eda de Seguridad y Convivencia, Cuenta con 16 a\u00f1os en la Administraci\u00f3n Distrital como auxiliar administrativo en inspecciones de polic\u00eda. Su familia la conforman tres hermanas y sus &#8230;<\/p>\n","protected":false},"author":17,"featured_media":343999,"comment_status":"open","ping_status":"open","sticky":false,"template":"","format":"standard","meta":[],"categories":[2],"tags":[689,428],"formato_nota":[],"programas_tax":[],"acf":[],"_links":{"self":[{"href":"https:\/\/www.medellin.gov.co\/es\/wp-json\/wp\/v2\/posts\/343910"}],"collection":[{"href":"https:\/\/www.medellin.gov.co\/es\/wp-json\/wp\/v2\/posts"}],"about":[{"href":"https:\/\/www.medellin.gov.co\/es\/wp-json\/wp\/v2\/types\/post"}],"author":[{"embeddable":true,"href":"https:\/\/www.medellin.gov.co\/es\/wp-json\/wp\/v2\/users\/17"}],"replies":[{"embeddable":true,"href":"https:\/\/www.medellin.gov.co\/es\/wp-json\/wp\/v2\/comments?post=343910"}],"version-history":[{"count":7,"href":"https:\/\/www.medellin.gov.co\/es\/wp-json\/wp\/v2\/posts\/343910\/revisions"}],"predecessor-version":[{"id":344263,"href":"https:\/\/www.medellin.gov.co\/es\/wp-json\/wp\/v2\/posts\/343910\/revisions\/344263"}],"wp:featuredmedia":[{"embeddable":true,"href":"https:\/\/www.medellin.gov.co\/es\/wp-json\/wp\/v2\/media\/343999"}],"wp:attachment":[{"href":"https:\/\/www.medellin.gov.co\/es\/wp-json\/wp\/v2\/media?parent=343910"}],"wp:term":[{"taxonomy":"category","embeddable":true,"href":"https:\/\/www.medellin.gov.co\/es\/wp-json\/wp\/v2\/categories?post=343910"},{"taxonomy":"post_tag","embeddable":true,"href":"https:\/\/www.medellin.gov.co\/es\/wp-json\/wp\/v2\/tags?post=343910"},{"taxonomy":"formato_nota","embeddable":true,"href":"https:\/\/www.medellin.gov.co\/es\/wp-json\/wp\/v2\/formato_nota?post=343910"},{"taxonomy":"programas_tax","embeddable":true,"href":"https:\/\/www.medellin.gov.co\/es\/wp-json\/wp\/v2\/programas_tax?post=343910"}],"curies":[{"name":"wp","href":"https:\/\/api.w.org\/{rel}","templated":true}]}}