{"id":344167,"date":"2024-09-18T07:53:46","date_gmt":"2024-09-18T12:53:46","guid":{"rendered":"https:\/\/www.medellin.gov.co\/es\/?p=344167"},"modified":"2024-09-18T07:53:46","modified_gmt":"2024-09-18T12:53:46","slug":"medellin-celebro-la-gran-noche-de-los-talentos-y-liderazgos-de-las-mujeres-en-sus-20-anos","status":"publish","type":"post","link":"https:\/\/www.medellin.gov.co\/es\/sala-de-prensa\/noticias\/medellin-celebro-la-gran-noche-de-los-talentos-y-liderazgos-de-las-mujeres-en-sus-20-anos\/","title":{"rendered":"Medell\u00edn celebr\u00f3 la Gran Noche de los Talentos y Liderazgos de las Mujeres en sus 20 a\u00f1os"},"content":{"rendered":"<div class=\"page\" title=\"Page 1\">\n<div class=\"layoutArea\">\n<div class=\"column\">\n<ul>\n<li><strong>Este evento trasciende los estereotipos y construye nuevos referentes para las mujeres de la ciudad.<\/strong><\/li>\n<li><strong>Por primera vez en la historia del concurso, se alcanzo\u0301 una cifra re\u0301cord de inscripciones con 483 candidaturas.<\/strong><\/li>\n<li><strong>En total, 13 mujeres fueron galardonadas, cada una con un esti\u0301mulo econo\u0301mico de $9 millones.<\/strong><\/li>\n<\/ul>\n<!--[if lt IE 9]><script>document.createElement('audio');<\/script><![endif]-->\n\t<div class=\"wp-playlist wp-audio-playlist wp-playlist-light\">\n\t\t\t<div class=\"wp-playlist-current-item\"><\/div>\n\t\t<audio controls=\"controls\" preload=\"none\" width=\"640\"\n\t\t\t><\/audio>\n\t<div class=\"wp-playlist-next\"><\/div>\n\t<div class=\"wp-playlist-prev\"><\/div>\n\t<noscript>\n\t<ol>\n\t\t<li><a href='https:\/\/www.medellin.gov.co\/es\/wp-content\/uploads\/2024\/09\/Gran-noceh-de-los-talentos-y-liderazgos-de-las-mujeres-01.mp3'>Palabras de Federico Guti\u00e9rrez Zuluaga., alcalde de Medell\u00edn<\/a><\/li><li><a href='https:\/\/www.medellin.gov.co\/es\/wp-content\/uploads\/2024\/09\/Gran-noceh-de-los-talentos-y-liderazgos-de-las-mujeres-02.mp3'>Palabras de Valeria Molina G\u00f3mez, secretaria de las Mujeres<\/a><\/li><li><a href='https:\/\/www.medellin.gov.co\/es\/wp-content\/uploads\/2024\/09\/Gran-noceh-de-los-talentos-y-liderazgos-de-las-mujeres-03.mp3'>Palabras de Manuela Aguiar Guiral, ganadora en la modalidad de Mujeres Talento, categor\u00eda deporte<\/a><\/li><li><a href='https:\/\/www.medellin.gov.co\/es\/wp-content\/uploads\/2024\/09\/Gran-noceh-de-los-talentos-y-liderazgos-de-las-mujeres-04.mp3'>Palabras de Susana Villegas, ganadora en la modalidad Mujeres Talento, categor\u00eda Liderazgo Social, Pol\u00edtico y Comunitario<\/a><\/li>\t<\/ol>\n\t<\/noscript>\n\t<script type=\"application\/json\" class=\"wp-playlist-script\">{\"type\":\"audio\",\"tracklist\":true,\"tracknumbers\":true,\"images\":true,\"artists\":true,\"tracks\":[{\"src\":\"https:\\\/\\\/www.medellin.gov.co\\\/es\\\/wp-content\\\/uploads\\\/2024\\\/09\\\/Gran-noceh-de-los-talentos-y-liderazgos-de-las-mujeres-01.mp3\",\"type\":\"audio\\\/mpeg\",\"title\":\"Palabras de Federico Guti\\u00e9rrez Zuluaga., alcalde de Medell\\u00edn\",\"caption\":\"\",\"description\":\"\\u00abPalabras de Federico Guti\\u00e9rrez Zuluaga., alcalde de Medell\\u00edn\\u00bb.\",\"meta\":{\"length_formatted\":\"2:06\"},\"image\":{\"src\":\"https:\\\/\\\/www.medellin.gov.co\\\/es\\\/wp-includes\\\/images\\\/media\\\/audio.png\",\"width\":48,\"height\":64},\"thumb\":{\"src\":\"https:\\\/\\\/www.medellin.gov.co\\\/es\\\/wp-includes\\\/images\\\/media\\\/audio.png\",\"width\":48,\"height\":64}},{\"src\":\"https:\\\/\\\/www.medellin.gov.co\\\/es\\\/wp-content\\\/uploads\\\/2024\\\/09\\\/Gran-noceh-de-los-talentos-y-liderazgos-de-las-mujeres-02.mp3\",\"type\":\"audio\\\/mpeg\",\"title\":\"Palabras de Valeria Molina G\\u00f3mez, secretaria de las Mujeres\",\"caption\":\"\",\"description\":\"\\u00abPalabras de Valeria Molina G\\u00f3mez, secretaria de las Mujeres\\u00bb.\",\"meta\":{\"length_formatted\":\"0:44\"},\"image\":{\"src\":\"https:\\\/\\\/www.medellin.gov.co\\\/es\\\/wp-includes\\\/images\\\/media\\\/audio.png\",\"width\":48,\"height\":64},\"thumb\":{\"src\":\"https:\\\/\\\/www.medellin.gov.co\\\/es\\\/wp-includes\\\/images\\\/media\\\/audio.png\",\"width\":48,\"height\":64}},{\"src\":\"https:\\\/\\\/www.medellin.gov.co\\\/es\\\/wp-content\\\/uploads\\\/2024\\\/09\\\/Gran-noceh-de-los-talentos-y-liderazgos-de-las-mujeres-03.mp3\",\"type\":\"audio\\\/mpeg\",\"title\":\"Palabras de Manuela Aguiar Guiral, ganadora en la modalidad de Mujeres Talento, categor\\u00eda deporte\",\"caption\":\"\",\"description\":\"\\u00abPalabras de Manuela Aguiar Guiral, ganadora en la modalidad de Mujeres Talento, categor\\u00eda deporte\\u00bb.\",\"meta\":{\"length_formatted\":\"0:22\"},\"image\":{\"src\":\"https:\\\/\\\/www.medellin.gov.co\\\/es\\\/wp-includes\\\/images\\\/media\\\/audio.png\",\"width\":48,\"height\":64},\"thumb\":{\"src\":\"https:\\\/\\\/www.medellin.gov.co\\\/es\\\/wp-includes\\\/images\\\/media\\\/audio.png\",\"width\":48,\"height\":64}},{\"src\":\"https:\\\/\\\/www.medellin.gov.co\\\/es\\\/wp-content\\\/uploads\\\/2024\\\/09\\\/Gran-noceh-de-los-talentos-y-liderazgos-de-las-mujeres-04.mp3\",\"type\":\"audio\\\/mpeg\",\"title\":\"Palabras de Susana Villegas, ganadora en la modalidad Mujeres Talento, categor\\u00eda Liderazgo Social, Pol\\u00edtico y Comunitario\",\"caption\":\"\",\"description\":\"\\u00abPalabras de Susana Villegas, ganadora en la modalidad Mujeres Talento, categor\\u00eda Liderazgo Social, Pol\\u00edtico y Comunitario\\u00bb.\",\"meta\":{\"length_formatted\":\"0:21\"},\"image\":{\"src\":\"https:\\\/\\\/www.medellin.gov.co\\\/es\\\/wp-includes\\\/images\\\/media\\\/audio.png\",\"width\":48,\"height\":64},\"thumb\":{\"src\":\"https:\\\/\\\/www.medellin.gov.co\\\/es\\\/wp-includes\\\/images\\\/media\\\/audio.png\",\"width\":48,\"height\":64}}]}<\/script>\n<\/div>\n\t\n<p>El Teatro Metropolitano Jose\u0301 Gutie\u0301rrez Go\u0301mez fue el escenario de la Gran Noche de los Talentos y Liderazgos de las Mujeres, un evento organizado por la Administracio\u0301n Distrital para reconocer a mujeres que con su compromiso han dejado huellas significativas en diversas a\u0301reas.<\/p>\n<p>Este an\u0303o, por primera vez en la historia del concurso, se alcanzo\u0301 una cifra re\u0301cord de inscripciones con 483 aspirantes entre los 14 y 96 an\u0303os. En total, 13 fueron galardonadas. Cada una recibio\u0301 un esti\u0301mulo econo\u0301mico de $9 millones.<\/p>\n<div id=\"attachment_344181\" style=\"width: 1210px\" class=\"wp-caption aligncenter\"><a href=\"https:\/\/www.medellin.gov.co\/es\/wp-content\/uploads\/2024\/09\/Gran-noceh-de-los-talentos-y-liderazgos-de-las-mujeres-5.jpg\" target=\"_blank\" rel=\"noopener\"><img aria-describedby=\"caption-attachment-344181\" loading=\"lazy\" class=\"wp-image-344181 size-full\" title=\"Medell\u00edn celebr\u00f3 la Gran Noche de los Talentos y Liderazgos de las Mujeres en sus 20 a\u00f1os\" src=\"https:\/\/www.medellin.gov.co\/es\/wp-content\/uploads\/2024\/09\/Gran-noceh-de-los-talentos-y-liderazgos-de-las-mujeres-5.jpg\" alt=\"Medell\u00edn celebr\u00f3 la Gran Noche de los Talentos y Liderazgos de las Mujeres en sus 20 a\u00f1os\" width=\"1200\" height=\"799\" srcset=\"https:\/\/www.medellin.gov.co\/es\/wp-content\/uploads\/2024\/09\/Gran-noceh-de-los-talentos-y-liderazgos-de-las-mujeres-5.jpg 1200w, https:\/\/www.medellin.gov.co\/es\/wp-content\/uploads\/2024\/09\/Gran-noceh-de-los-talentos-y-liderazgos-de-las-mujeres-5-300x200.jpg 300w, https:\/\/www.medellin.gov.co\/es\/wp-content\/uploads\/2024\/09\/Gran-noceh-de-los-talentos-y-liderazgos-de-las-mujeres-5-1024x682.jpg 1024w, https:\/\/www.medellin.gov.co\/es\/wp-content\/uploads\/2024\/09\/Gran-noceh-de-los-talentos-y-liderazgos-de-las-mujeres-5-150x100.jpg 150w, https:\/\/www.medellin.gov.co\/es\/wp-content\/uploads\/2024\/09\/Gran-noceh-de-los-talentos-y-liderazgos-de-las-mujeres-5-768x511.jpg 768w\" sizes=\"(max-width: 1200px) 100vw, 1200px\" \/><\/a><p id=\"caption-attachment-344181\" class=\"wp-caption-text\">Medell\u00edn celebr\u00f3 la Gran Noche de los Talentos y Liderazgos de las Mujeres en sus 20 a\u00f1os &#8211; Foto alcaldia de Medell\u00edn<\/p><\/div>\n<p>El alcalde de Medelli\u0301n, Federico Gutie\u0301rrez Zuluaga, expreso\u0301 que la ciudad ha salido adelante, incluso en los momentos ma\u0301s difi\u0301ciles, gracias al talante de nuestras mujeres.<\/p>\n<p>\u201c<em>Cuando uno se devuelve unos an\u0303os, a las de\u0301cadas de los 80 y principios de los 90, y entiende lo que paso\u0301 en nuestra sociedad cuando e\u0301ramos la ciudad ma\u0301s violenta del mundo, \u00bfquie\u0301nes eran las que se encargaban de los hogares por la violencia, donde mori\u0301an tantas personas, muchas de ellas hombres, jo\u0301venes, familias que se quedaban sin los papa\u0301s? \u00bfquie\u0301nes sacaron a Medelli\u0301n adelante?: las mujeres<\/em>\u201d, apunto\u0301 Gutie\u0301rrez Zuluaga.<\/p>\n<div id=\"attachment_344176\" style=\"width: 1210px\" class=\"wp-caption aligncenter\"><a href=\"https:\/\/www.medellin.gov.co\/es\/wp-content\/uploads\/2024\/09\/Gran-noceh-de-los-talentos-y-liderazgos-de-las-mujeres-3.jpg\" target=\"_blank\" rel=\"noopener\"><img aria-describedby=\"caption-attachment-344176\" loading=\"lazy\" class=\"wp-image-344176 size-full\" title=\"Medell\u00edn celebr\u00f3 la Gran Noche de los Talentos y Liderazgos de las Mujeres en sus 20 a\u00f1os\" src=\"https:\/\/www.medellin.gov.co\/es\/wp-content\/uploads\/2024\/09\/Gran-noceh-de-los-talentos-y-liderazgos-de-las-mujeres-3.jpg\" alt=\"Medell\u00edn celebr\u00f3 la Gran Noche de los Talentos y Liderazgos de las Mujeres en sus 20 a\u00f1os\" width=\"1200\" height=\"799\" srcset=\"https:\/\/www.medellin.gov.co\/es\/wp-content\/uploads\/2024\/09\/Gran-noceh-de-los-talentos-y-liderazgos-de-las-mujeres-3.jpg 1200w, https:\/\/www.medellin.gov.co\/es\/wp-content\/uploads\/2024\/09\/Gran-noceh-de-los-talentos-y-liderazgos-de-las-mujeres-3-300x200.jpg 300w, https:\/\/www.medellin.gov.co\/es\/wp-content\/uploads\/2024\/09\/Gran-noceh-de-los-talentos-y-liderazgos-de-las-mujeres-3-1024x682.jpg 1024w, https:\/\/www.medellin.gov.co\/es\/wp-content\/uploads\/2024\/09\/Gran-noceh-de-los-talentos-y-liderazgos-de-las-mujeres-3-150x100.jpg 150w, https:\/\/www.medellin.gov.co\/es\/wp-content\/uploads\/2024\/09\/Gran-noceh-de-los-talentos-y-liderazgos-de-las-mujeres-3-768x511.jpg 768w\" sizes=\"(max-width: 1200px) 100vw, 1200px\" \/><\/a><p id=\"caption-attachment-344176\" class=\"wp-caption-text\">Medell\u00edn celebr\u00f3 la Gran Noche de los Talentos y Liderazgos de las Mujeres en sus 20 a\u00f1os &#8211; Foto alcaldia de Medell\u00edn<\/p><\/div>\n<p>El mandatario distrital, a su vez, resalto\u0301 que hoy en la ciudad sobresalen liderazgos femeninos en lo poli\u0301tico, social y deportivo, y destaco\u0301 que el nu\u0301mero de inscripciones al concurso se duplico\u0301 con respecto al an\u0303o anterior.<\/p>\n<div class=\"page\" title=\"Page 2\">\n<div class=\"layoutArea\">\n<div class=\"column\">\n<p>\u201c<em>No todas son ganadoras, pero seguira\u0301n trabajando por sus comunidades y las vamos a continuar apoyando. Eso para nosotros es fundamental<\/em>\u201d, an\u0303adio\u0301.<\/p>\n<p>La secretaria de las Mujeres, Valeria Molina Go\u0301mez, dijo que el nu\u0301mero de mujeres presentadas al concurso es histo\u0301rico y que con esto desde el Distrito le apuesta a fortalecer sus autonomi\u0301as para que ellas puedan alcanzar su mayor potencial\u201d<\/p>\n<div id=\"attachment_344173\" style=\"width: 1210px\" class=\"wp-caption aligncenter\"><a href=\"https:\/\/www.medellin.gov.co\/es\/wp-content\/uploads\/2024\/09\/Gran-noceh-de-los-talentos-y-liderazgos-de-las-mujeres-2.jpg\" target=\"_blank\" rel=\"noopener\"><img aria-describedby=\"caption-attachment-344173\" loading=\"lazy\" class=\"wp-image-344173 size-full\" title=\"Medell\u00edn celebr\u00f3 la Gran Noche de los Talentos y Liderazgos de las Mujeres en sus 20 a\u00f1os\" src=\"https:\/\/www.medellin.gov.co\/es\/wp-content\/uploads\/2024\/09\/Gran-noceh-de-los-talentos-y-liderazgos-de-las-mujeres-2.jpg\" alt=\"Medell\u00edn celebr\u00f3 la Gran Noche de los Talentos y Liderazgos de las Mujeres en sus 20 a\u00f1os\" width=\"1200\" height=\"799\" srcset=\"https:\/\/www.medellin.gov.co\/es\/wp-content\/uploads\/2024\/09\/Gran-noceh-de-los-talentos-y-liderazgos-de-las-mujeres-2.jpg 1200w, https:\/\/www.medellin.gov.co\/es\/wp-content\/uploads\/2024\/09\/Gran-noceh-de-los-talentos-y-liderazgos-de-las-mujeres-2-300x200.jpg 300w, https:\/\/www.medellin.gov.co\/es\/wp-content\/uploads\/2024\/09\/Gran-noceh-de-los-talentos-y-liderazgos-de-las-mujeres-2-1024x682.jpg 1024w, https:\/\/www.medellin.gov.co\/es\/wp-content\/uploads\/2024\/09\/Gran-noceh-de-los-talentos-y-liderazgos-de-las-mujeres-2-150x100.jpg 150w, https:\/\/www.medellin.gov.co\/es\/wp-content\/uploads\/2024\/09\/Gran-noceh-de-los-talentos-y-liderazgos-de-las-mujeres-2-768x511.jpg 768w\" sizes=\"(max-width: 1200px) 100vw, 1200px\" \/><\/a><p id=\"caption-attachment-344173\" class=\"wp-caption-text\">Medell\u00edn celebr\u00f3 la Gran Noche de los Talentos y Liderazgos de las Mujeres en sus 20 a\u00f1os &#8211; Foto alcaldia de Medell\u00edn<\/p><\/div>\n<p>\u201c<em>Con el alcalde, secretarios y ma\u0301s de 47 jurados, podemos decir que las mujeres esta\u0301n transformando la ciudad. Queremos seguir contando con las mujeres y sus proyectos, cerca de la Secretari\u0301a de las Mujeres y que podamos, cada vez ma\u0301s, hacer de Medelli\u0301n una ciudad para todas<\/em>\u201d, asevero\u0301 Molina Go\u0301mez.<\/p>\n<p>En la modalidad de Reconocimiento a los Liderazgos para mujeres mayores de 29 an\u0303os, las galardonadas fueron: Marcela London\u0303o Carvajal en la categori\u0301a de Liderazgo en Servicio Pu\u0301blico; Cristina Mari\u0301a Gallego Gallego en Liderazgo Poli\u0301tico; E\u0301rica Cristina Muriel Holgui\u0301n en Liderazgo Social y Comunitario; y Martha Ine\u0301s Valderrama Barrera en Liderazgo en Investigacio\u0301n. Adema\u0301s, se otorgo\u0301 la Mencio\u0301n Especial \u201cMa\u0301s Vivas que Nunca\u201d, patrocinada por TENA Discreet, a Diana Cristina Parra Salazar, por su trabajo en beneficio del bienestar de otras mujeres.<\/p>\n<p>En la modalidad de Mujeres Jo\u0301venes Talento, las premiadas fueron: Azly Jiriani Pareja Jaramillo en la categori\u0301a Junior; Salome\u0301 Restrepo Mun\u0303oz en Medioambiente y Sostenibilidad; Laura Daniela Villegas Villa en Ciencias Exactas; Manuela Aguiar Guiral en Deporte, Recreacio\u0301n y Actividad Fi\u0301sica; Danna Cristina Sua\u0301rez Tejada en Ciencias Sociales; Juliana Vanegas Marti\u0301nez en Artes; Susana Villegas Sa\u0301nchez en Liderazgo Social, Poli\u0301tico y Comunitario; y Stefani\u0301a Tasco\u0301n Parra en Emprendimiento.<\/p>\n<div id=\"attachment_344169\" style=\"width: 1210px\" class=\"wp-caption aligncenter\"><a href=\"https:\/\/www.medellin.gov.co\/es\/wp-content\/uploads\/2024\/09\/Gran-noceh-de-los-talentos-y-liderazgos-de-las-mujeres-1.jpg\" target=\"_blank\" rel=\"noopener\"><img aria-describedby=\"caption-attachment-344169\" loading=\"lazy\" class=\"wp-image-344169 size-full\" title=\"Medell\u00edn celebr\u00f3 la Gran Noche de los Talentos y Liderazgos de las Mujeres en sus 20 a\u00f1os\" src=\"https:\/\/www.medellin.gov.co\/es\/wp-content\/uploads\/2024\/09\/Gran-noceh-de-los-talentos-y-liderazgos-de-las-mujeres-1.jpg\" alt=\"Medell\u00edn celebr\u00f3 la Gran Noche de los Talentos y Liderazgos de las Mujeres en sus 20 a\u00f1os\" width=\"1200\" height=\"799\" srcset=\"https:\/\/www.medellin.gov.co\/es\/wp-content\/uploads\/2024\/09\/Gran-noceh-de-los-talentos-y-liderazgos-de-las-mujeres-1.jpg 1200w, https:\/\/www.medellin.gov.co\/es\/wp-content\/uploads\/2024\/09\/Gran-noceh-de-los-talentos-y-liderazgos-de-las-mujeres-1-300x200.jpg 300w, https:\/\/www.medellin.gov.co\/es\/wp-content\/uploads\/2024\/09\/Gran-noceh-de-los-talentos-y-liderazgos-de-las-mujeres-1-1024x682.jpg 1024w, https:\/\/www.medellin.gov.co\/es\/wp-content\/uploads\/2024\/09\/Gran-noceh-de-los-talentos-y-liderazgos-de-las-mujeres-1-150x100.jpg 150w, https:\/\/www.medellin.gov.co\/es\/wp-content\/uploads\/2024\/09\/Gran-noceh-de-los-talentos-y-liderazgos-de-las-mujeres-1-768x511.jpg 768w\" sizes=\"(max-width: 1200px) 100vw, 1200px\" \/><\/a><p id=\"caption-attachment-344169\" class=\"wp-caption-text\">Medell\u00edn celebr\u00f3 la Gran Noche de los Talentos y Liderazgos de las Mujeres en sus 20 a\u00f1os &#8211; Foto alcaldia de Medell\u00edn<\/p><\/div>\n<p>Manuela Aguiar Guiral, reconocida en la modalidad de Mujeres Talento, categori\u0301a deporte, expreso\u0301 su gratitud por el concurso, ya que fue \u201c<em>un proceso enriquecedor, bonito que me permitio\u0301 reconocerme, y reconocer los talentos que tengo. Hoy gracias a esto puedo saber y reconocerme como la gran mujer que soy<\/em>\u201d.<\/p>\n<p>Por su parte, Susana Villegas, estudiante de u\u0301ltimo an\u0303o de Medicina, y otra de las galardonadas, explico\u0301 que trabaja, con amigos, \u201cen un proyecto con el que buscan brindarles acceso a la salud a las comunidades ma\u0301s vulnerables\u201d.<\/p>\n<div class=\"page\" title=\"Page 3\">\n<div class=\"layoutArea\">\n<div class=\"column\">\n<p>Esta oportunidad marca un hito especial, pues son 20 an\u0303os del Concurso Mujeres Jo\u0301venes Talento, creado en 2004 para reemplazar al tradicional reinado de belleza de la Feria de las Flores. Este cambio fue una declaracio\u0301n sobre la necesidad de modificar los referentes que la ciudad ofreci\u0301a para las nin\u0303as, promoviendo la visibilizacio\u0301n de mujeres como li\u0301deres en diversos campos y destacando su capacidad y compromiso, ma\u0301s alla\u0301 de los estereotipos fi\u0301sicos.<\/p>\n<p>La Gran Noche de los Talentos y Liderazgos de las Mujeres se consolida como un evento emblema\u0301tico que resalta sus logros y fortalece el compromiso de la Alcaldi\u0301a de Medelli\u0301n con la igualdad de ge\u0301nero y la promocio\u0301n del talento de las mujeres.<\/p>\n<\/div>\n<\/div>\n<\/div>\n<\/div>\n<\/div>\n<\/div>\n<\/div>\n<\/div>\n<\/div>\n","protected":false},"excerpt":{"rendered":"<p>Este evento trasciende los estereotipos y construye nuevos referentes para las mujeres de la ciudad. Por primera vez en la historia del concurso, se alcanzo\u0301 una cifra re\u0301cord de inscripciones con 483 candidaturas. En total, &#8230;<\/p>\n","protected":false},"author":84,"featured_media":344179,"comment_status":"open","ping_status":"open","sticky":false,"template":"","format":"standard","meta":[],"categories":[15],"tags":[428,455],"formato_nota":[],"programas_tax":[],"acf":[],"_links":{"self":[{"href":"https:\/\/www.medellin.gov.co\/es\/wp-json\/wp\/v2\/posts\/344167"}],"collection":[{"href":"https:\/\/www.medellin.gov.co\/es\/wp-json\/wp\/v2\/posts"}],"about":[{"href":"https:\/\/www.medellin.gov.co\/es\/wp-json\/wp\/v2\/types\/post"}],"author":[{"embeddable":true,"href":"https:\/\/www.medellin.gov.co\/es\/wp-json\/wp\/v2\/users\/84"}],"replies":[{"embeddable":true,"href":"https:\/\/www.medellin.gov.co\/es\/wp-json\/wp\/v2\/comments?post=344167"}],"version-history":[{"count":1,"href":"https:\/\/www.medellin.gov.co\/es\/wp-json\/wp\/v2\/posts\/344167\/revisions"}],"predecessor-version":[{"id":344183,"href":"https:\/\/www.medellin.gov.co\/es\/wp-json\/wp\/v2\/posts\/344167\/revisions\/344183"}],"wp:featuredmedia":[{"embeddable":true,"href":"https:\/\/www.medellin.gov.co\/es\/wp-json\/wp\/v2\/media\/344179"}],"wp:attachment":[{"href":"https:\/\/www.medellin.gov.co\/es\/wp-json\/wp\/v2\/media?parent=344167"}],"wp:term":[{"taxonomy":"category","embeddable":true,"href":"https:\/\/www.medellin.gov.co\/es\/wp-json\/wp\/v2\/categories?post=344167"},{"taxonomy":"post_tag","embeddable":true,"href":"https:\/\/www.medellin.gov.co\/es\/wp-json\/wp\/v2\/tags?post=344167"},{"taxonomy":"formato_nota","embeddable":true,"href":"https:\/\/www.medellin.gov.co\/es\/wp-json\/wp\/v2\/formato_nota?post=344167"},{"taxonomy":"programas_tax","embeddable":true,"href":"https:\/\/www.medellin.gov.co\/es\/wp-json\/wp\/v2\/programas_tax?post=344167"}],"curies":[{"name":"wp","href":"https:\/\/api.w.org\/{rel}","templated":true}]}}