{"id":344184,"date":"2024-09-18T08:15:12","date_gmt":"2024-09-18T13:15:12","guid":{"rendered":"https:\/\/www.medellin.gov.co\/es\/?p=344184"},"modified":"2024-09-18T08:15:12","modified_gmt":"2024-09-18T13:15:12","slug":"por-primera-vez-medellin-realizara-la-semana-del-turismo-y-el-entretenimiento-con-actividades-de-entrada-libre","status":"publish","type":"post","link":"https:\/\/www.medellin.gov.co\/es\/sala-de-prensa\/noticias\/por-primera-vez-medellin-realizara-la-semana-del-turismo-y-el-entretenimiento-con-actividades-de-entrada-libre\/","title":{"rendered":"Por primera vez, Medell\u00edn realizar\u00e1 la Semana del Turismo y el Entretenimiento con actividades de entrada libre"},"content":{"rendered":"<div class=\"page\" title=\"Page 1\">\n<div class=\"section\">\n<div class=\"layoutArea\">\n<div class=\"column\">\n<ul>\n<li><strong>Recorridos, entrega de reconocimientos y la firma de dos acuerdos son algunos de los eventos programados.<\/strong><\/li>\n<li><strong>Doce entidades apoyan la Ruta de la Formalizacio\u0301n que asesora a las empresas para que legalicen sus negocios turi\u0301sticos.<\/strong><\/li>\n<\/ul>\n<!--[if lt IE 9]><script>document.createElement('audio');<\/script><![endif]-->\n\t<div class=\"wp-playlist wp-audio-playlist wp-playlist-light\">\n\t\t\t<div class=\"wp-playlist-current-item\"><\/div>\n\t\t<audio controls=\"controls\" preload=\"none\" width=\"640\"\n\t\t\t><\/audio>\n\t<div class=\"wp-playlist-next\"><\/div>\n\t<div class=\"wp-playlist-prev\"><\/div>\n\t<noscript>\n\t<ol>\n\t\t<li><a href='https:\/\/www.medellin.gov.co\/es\/wp-content\/uploads\/2024\/09\/Semana-del-turismo-y-entretenimiento-01.mp3'>Palabras de Jos\u00e9 Alejandro Gonz\u00e1lez, secretario de Turismo y Entretenimiento<\/a><\/li>\t<\/ol>\n\t<\/noscript>\n\t<script type=\"application\/json\" class=\"wp-playlist-script\">{\"type\":\"audio\",\"tracklist\":true,\"tracknumbers\":true,\"images\":true,\"artists\":true,\"tracks\":[{\"src\":\"https:\\\/\\\/www.medellin.gov.co\\\/es\\\/wp-content\\\/uploads\\\/2024\\\/09\\\/Semana-del-turismo-y-entretenimiento-01.mp3\",\"type\":\"audio\\\/mpeg\",\"title\":\"Palabras de Jos\\u00e9 Alejandro Gonz\\u00e1lez, secretario de Turismo y Entretenimiento\",\"caption\":\"\",\"description\":\"\\u00abPalabras de Jos\\u00e9 Alejandro Gonz\\u00e1lez, secretario de Turismo y Entretenimiento\\u00bb.\",\"meta\":{\"year\":\"2024\",\"length_formatted\":\"0:33\"},\"image\":{\"src\":\"https:\\\/\\\/www.medellin.gov.co\\\/es\\\/wp-includes\\\/images\\\/media\\\/audio.png\",\"width\":48,\"height\":64},\"thumb\":{\"src\":\"https:\\\/\\\/www.medellin.gov.co\\\/es\\\/wp-includes\\\/images\\\/media\\\/audio.png\",\"width\":48,\"height\":64}}]}<\/script>\n<\/div>\n\t\n<p>Con una programacio\u0301n que incluye recorridos para la ciudadani\u0301a y actividades para los operadores de servicio turi\u0301stico, Medelli\u0301n vivira\u0301 por primera vez la Semana del Turismo y el Entretenimiento del 23 al 27 de septiembre.<\/p>\n<div id=\"attachment_344187\" style=\"width: 1210px\" class=\"wp-caption aligncenter\"><a href=\"https:\/\/www.medellin.gov.co\/es\/wp-content\/uploads\/2024\/09\/Semana-del-turismo-y-entretenimiento-2.jpg\" target=\"_blank\" rel=\"noopener\"><img aria-describedby=\"caption-attachment-344187\" loading=\"lazy\" class=\"wp-image-344187 size-full\" title=\"Por primera vez, Medell\u00edn realizar\u00e1 la Semana del Turismo y el Entretenimiento con actividades de entrada libre\" src=\"https:\/\/www.medellin.gov.co\/es\/wp-content\/uploads\/2024\/09\/Semana-del-turismo-y-entretenimiento-2.jpg\" alt=\"Por primera vez, Medell\u00edn realizar\u00e1 la Semana del Turismo y el Entretenimiento con actividades de entrada libre\" width=\"1200\" height=\"799\" srcset=\"https:\/\/www.medellin.gov.co\/es\/wp-content\/uploads\/2024\/09\/Semana-del-turismo-y-entretenimiento-2.jpg 1200w, https:\/\/www.medellin.gov.co\/es\/wp-content\/uploads\/2024\/09\/Semana-del-turismo-y-entretenimiento-2-300x200.jpg 300w, https:\/\/www.medellin.gov.co\/es\/wp-content\/uploads\/2024\/09\/Semana-del-turismo-y-entretenimiento-2-1024x682.jpg 1024w, https:\/\/www.medellin.gov.co\/es\/wp-content\/uploads\/2024\/09\/Semana-del-turismo-y-entretenimiento-2-150x100.jpg 150w, https:\/\/www.medellin.gov.co\/es\/wp-content\/uploads\/2024\/09\/Semana-del-turismo-y-entretenimiento-2-768x511.jpg 768w\" sizes=\"(max-width: 1200px) 100vw, 1200px\" \/><\/a><p id=\"caption-attachment-344187\" class=\"wp-caption-text\">Por primera vez, Medell\u00edn realizar\u00e1 la Semana del Turismo y el Entretenimiento con actividades de entrada libre &#8211; Foto alcaldia de Medell\u00edn<\/p><\/div>\n<p>Uno de los espacios sera\u0301 la Ruta de la Formalizacio\u0301n, que se llevara\u0301 a cabo el 24 de septiembre, entre las 8:00 a. m. y las 5:00 p. m., en Plaza Mayor. Alli\u0301, entidades como la Dian, Sayco y Acinpro, y la Ca\u0301mara de Comercio orientara\u0301n a empresas y emprendimientos en la legalizacio\u0301n de sus servicios turi\u0301sticos.<\/p>\n<p>\u201c<em>Vamos a tener varios eventos, entre ellos uno central con los prestadores de servicios turi\u0301sticos del Distrito. Adema\u0301s, tendremos unos recorridos en nuestras comunas. En esta semana conoceremos esta ciudad que tiene tanto por ofrecer<\/em>\u201d, expreso\u0301 el secretario de Turismo y Entretenimiento, Jose\u0301 Alejandro Gonza\u0301lez.<\/p>\n<div id=\"attachment_344188\" style=\"width: 1210px\" class=\"wp-caption aligncenter\"><a href=\"https:\/\/www.medellin.gov.co\/es\/wp-content\/uploads\/2024\/09\/Semana-del-turismo-y-entretenimiento-3.jpg\" target=\"_blank\" rel=\"noopener\"><img aria-describedby=\"caption-attachment-344188\" loading=\"lazy\" class=\"wp-image-344188 size-full\" title=\"Por primera vez, Medell\u00edn realizar\u00e1 la Semana del Turismo y el Entretenimiento con actividades de entrada libre\" src=\"https:\/\/www.medellin.gov.co\/es\/wp-content\/uploads\/2024\/09\/Semana-del-turismo-y-entretenimiento-3.jpg\" alt=\"Por primera vez, Medell\u00edn realizar\u00e1 la Semana del Turismo y el Entretenimiento con actividades de entrada libre\" width=\"1200\" height=\"798\" srcset=\"https:\/\/www.medellin.gov.co\/es\/wp-content\/uploads\/2024\/09\/Semana-del-turismo-y-entretenimiento-3.jpg 1200w, https:\/\/www.medellin.gov.co\/es\/wp-content\/uploads\/2024\/09\/Semana-del-turismo-y-entretenimiento-3-300x200.jpg 300w, https:\/\/www.medellin.gov.co\/es\/wp-content\/uploads\/2024\/09\/Semana-del-turismo-y-entretenimiento-3-1024x681.jpg 1024w, https:\/\/www.medellin.gov.co\/es\/wp-content\/uploads\/2024\/09\/Semana-del-turismo-y-entretenimiento-3-150x100.jpg 150w, https:\/\/www.medellin.gov.co\/es\/wp-content\/uploads\/2024\/09\/Semana-del-turismo-y-entretenimiento-3-768x511.jpg 768w\" sizes=\"(max-width: 1200px) 100vw, 1200px\" \/><\/a><p id=\"caption-attachment-344188\" class=\"wp-caption-text\">Por primera vez, Medell\u00edn realizar\u00e1 la Semana del Turismo y el Entretenimiento con actividades de entrada libre &#8211; Foto alcaldia de Medell\u00edn<\/p><\/div>\n<p>El pu\u0301blico general puede participar de los recorridos guiados, con entrada libre, para conocer y disfrutar atractivos como el Centro, Parque Arvi\u0301, Constelaciones (Manrique), entre otros. Las inscripciones no tienen costo y esta\u0301n habilitadas a trave\u0301s de <a href=\"https:\/\/www.medellin.travel\/\" target=\"_blank\" rel=\"noopener\">medellin.travel<\/a>.<\/p>\n<p>Para conmemorar el Di\u0301a Mundial del Turismo, el mie\u0301rcoles 25 de septiembre, se entregara\u0301n reconocimientos a personalidades del sector y se firmara\u0301n dos acuerdos: uno para el redisen\u0303o de la estrategia gastrono\u0301mica Medelli\u0301n Si\u0301 Sabe y el otro para que jo\u0301venes del programa Parceros sean parte de la industria turi\u0301stica con los representantes gremiales.<\/p>\n<div id=\"attachment_344189\" style=\"width: 1210px\" class=\"wp-caption aligncenter\"><a href=\"https:\/\/www.medellin.gov.co\/es\/wp-content\/uploads\/2024\/09\/Semana-del-turismo-y-entretenimiento-4.jpg\" target=\"_blank\" rel=\"noopener\"><img aria-describedby=\"caption-attachment-344189\" loading=\"lazy\" class=\"wp-image-344189 size-full\" title=\"Por primera vez, Medell\u00edn realizar\u00e1 la Semana del Turismo y el Entretenimiento con actividades de entrada libre\" src=\"https:\/\/www.medellin.gov.co\/es\/wp-content\/uploads\/2024\/09\/Semana-del-turismo-y-entretenimiento-4.jpg\" alt=\"Por primera vez, Medell\u00edn realizar\u00e1 la Semana del Turismo y el Entretenimiento con actividades de entrada libre\" width=\"1200\" height=\"673\" srcset=\"https:\/\/www.medellin.gov.co\/es\/wp-content\/uploads\/2024\/09\/Semana-del-turismo-y-entretenimiento-4.jpg 1200w, https:\/\/www.medellin.gov.co\/es\/wp-content\/uploads\/2024\/09\/Semana-del-turismo-y-entretenimiento-4-300x168.jpg 300w, https:\/\/www.medellin.gov.co\/es\/wp-content\/uploads\/2024\/09\/Semana-del-turismo-y-entretenimiento-4-1024x574.jpg 1024w, https:\/\/www.medellin.gov.co\/es\/wp-content\/uploads\/2024\/09\/Semana-del-turismo-y-entretenimiento-4-150x84.jpg 150w, https:\/\/www.medellin.gov.co\/es\/wp-content\/uploads\/2024\/09\/Semana-del-turismo-y-entretenimiento-4-768x431.jpg 768w\" sizes=\"(max-width: 1200px) 100vw, 1200px\" \/><\/a><p id=\"caption-attachment-344189\" class=\"wp-caption-text\">Por primera vez, Medell\u00edn realizar\u00e1 la Semana del Turismo y el Entretenimiento con actividades de entrada libre &#8211; Foto alcaldia de Medell\u00edn<\/p><\/div>\n<div class=\"page\" title=\"Page 2\">\n<div class=\"section\">\n<div class=\"layoutArea\">\n<div class=\"column\">\n<p>La semana finalizara\u0301 con charlas sobre cultura turi\u0301stica y marca ciudad, dirigidas a empresarios, la academia y entidades que hacen parte del ecosistema del turismo y el entretenimiento en el Distrito.<\/p>\n<\/div>\n<\/div>\n<\/div>\n<\/div>\n<\/div>\n<\/div>\n<\/div>\n<\/div>\n","protected":false},"excerpt":{"rendered":"<p>Recorridos, entrega de reconocimientos y la firma de dos acuerdos son algunos de los eventos programados. Doce entidades apoyan la Ruta de la Formalizacio\u0301n que asesora a las empresas para que legalicen sus negocios turi\u0301sticos. &#8230;<\/p>\n","protected":false},"author":84,"featured_media":344185,"comment_status":"open","ping_status":"open","sticky":false,"template":"","format":"standard","meta":[],"categories":[690],"tags":[634,455,430],"formato_nota":[],"programas_tax":[],"acf":[],"_links":{"self":[{"href":"https:\/\/www.medellin.gov.co\/es\/wp-json\/wp\/v2\/posts\/344184"}],"collection":[{"href":"https:\/\/www.medellin.gov.co\/es\/wp-json\/wp\/v2\/posts"}],"about":[{"href":"https:\/\/www.medellin.gov.co\/es\/wp-json\/wp\/v2\/types\/post"}],"author":[{"embeddable":true,"href":"https:\/\/www.medellin.gov.co\/es\/wp-json\/wp\/v2\/users\/84"}],"replies":[{"embeddable":true,"href":"https:\/\/www.medellin.gov.co\/es\/wp-json\/wp\/v2\/comments?post=344184"}],"version-history":[{"count":1,"href":"https:\/\/www.medellin.gov.co\/es\/wp-json\/wp\/v2\/posts\/344184\/revisions"}],"predecessor-version":[{"id":344192,"href":"https:\/\/www.medellin.gov.co\/es\/wp-json\/wp\/v2\/posts\/344184\/revisions\/344192"}],"wp:featuredmedia":[{"embeddable":true,"href":"https:\/\/www.medellin.gov.co\/es\/wp-json\/wp\/v2\/media\/344185"}],"wp:attachment":[{"href":"https:\/\/www.medellin.gov.co\/es\/wp-json\/wp\/v2\/media?parent=344184"}],"wp:term":[{"taxonomy":"category","embeddable":true,"href":"https:\/\/www.medellin.gov.co\/es\/wp-json\/wp\/v2\/categories?post=344184"},{"taxonomy":"post_tag","embeddable":true,"href":"https:\/\/www.medellin.gov.co\/es\/wp-json\/wp\/v2\/tags?post=344184"},{"taxonomy":"formato_nota","embeddable":true,"href":"https:\/\/www.medellin.gov.co\/es\/wp-json\/wp\/v2\/formato_nota?post=344184"},{"taxonomy":"programas_tax","embeddable":true,"href":"https:\/\/www.medellin.gov.co\/es\/wp-json\/wp\/v2\/programas_tax?post=344184"}],"curies":[{"name":"wp","href":"https:\/\/api.w.org\/{rel}","templated":true}]}}