{"id":344195,"date":"2024-09-18T08:58:51","date_gmt":"2024-09-18T13:58:51","guid":{"rendered":"https:\/\/www.medellin.gov.co\/es\/?p=344195"},"modified":"2024-09-18T08:58:51","modified_gmt":"2024-09-18T13:58:51","slug":"74-familias-de-medellin-se-fortalecen-para-ser-entornos-seguros-para-ninas-ninos-y-adolescentes","status":"publish","type":"post","link":"https:\/\/www.medellin.gov.co\/es\/sala-de-prensa\/noticias\/74-familias-de-medellin-se-fortalecen-para-ser-entornos-seguros-para-ninas-ninos-y-adolescentes\/","title":{"rendered":"74 familias de Medell\u00edn se fortalecen para ser entornos seguros para ni\u00f1as, ni\u00f1os y adolescentes"},"content":{"rendered":"<ul>\n<li class=\"p1\"><b>Estos grupos familiares aprendieron sobre crianza positiva, manejo de\u00a0<\/b><b>emociones, resoluci\u00f3n de conflictos y erradicaci\u00f3n de las violencias, entre\u00a0<\/b><b>otros temas.<\/b><\/li>\n<li class=\"p1\"><b>288 beneficiarios recibieron atenci\u00f3n psicosocial domiciliaria.<\/b><\/li>\n<li class=\"p1\"><b>Violencia intrafamiliar, vulneraci\u00f3n de derechos por comportamientos o\u00a0<\/b><b>trastornos mentales, negligencia f\u00edsica, emocional y psicoafectiva fueron\u00a0<\/b><b>algunas problem\u00e1ticas detectadas.<\/b><\/li>\n<\/ul>\n<!--[if lt IE 9]><script>document.createElement('audio');<\/script><![endif]-->\n\t<div class=\"wp-playlist wp-audio-playlist wp-playlist-light\">\n\t\t\t<div class=\"wp-playlist-current-item\"><\/div>\n\t\t<audio controls=\"controls\" preload=\"none\" width=\"640\"\n\t\t\t><\/audio>\n\t<div class=\"wp-playlist-next\"><\/div>\n\t<div class=\"wp-playlist-prev\"><\/div>\n\t<noscript>\n\t<ol>\n\t\t<li><a href='https:\/\/www.medellin.gov.co\/es\/wp-content\/uploads\/2024\/09\/Familias-de-medellin-se-fortalecen-entornos-seguros-01.mp3'>Palabras de Paola Giraldo, directora t\u00e9cnica de la Unidad de Ni\u00f1ez<\/a><\/li><li><a href='https:\/\/www.medellin.gov.co\/es\/wp-content\/uploads\/2024\/09\/Familias-de-medellin-se-fortalecen-entornos-seguros-02.mp3'>Palabras de Sandra Montoya, participante Entornos Protectores<\/a><\/li><li><a href='https:\/\/www.medellin.gov.co\/es\/wp-content\/uploads\/2024\/09\/Familias-de-medellin-se-fortalecen-entornos-seguros-03.mp3'>Palabras de Luz Elena Vargas, participante Entornos Protectores<\/a><\/li>\t<\/ol>\n\t<\/noscript>\n\t<script type=\"application\/json\" class=\"wp-playlist-script\">{\"type\":\"audio\",\"tracklist\":true,\"tracknumbers\":true,\"images\":true,\"artists\":true,\"tracks\":[{\"src\":\"https:\\\/\\\/www.medellin.gov.co\\\/es\\\/wp-content\\\/uploads\\\/2024\\\/09\\\/Familias-de-medellin-se-fortalecen-entornos-seguros-01.mp3\",\"type\":\"audio\\\/mpeg\",\"title\":\"Palabras de Paola Giraldo, directora t\\u00e9cnica de la Unidad de Ni\\u00f1ez\",\"caption\":\"\",\"description\":\"\\u00abPalabras de Paola Giraldo, directora t\\u00e9cnica de la Unidad de Ni\\u00f1ez\\u00bb.\",\"meta\":{\"length_formatted\":\"1:26\"},\"image\":{\"src\":\"https:\\\/\\\/www.medellin.gov.co\\\/es\\\/wp-includes\\\/images\\\/media\\\/audio.png\",\"width\":48,\"height\":64},\"thumb\":{\"src\":\"https:\\\/\\\/www.medellin.gov.co\\\/es\\\/wp-includes\\\/images\\\/media\\\/audio.png\",\"width\":48,\"height\":64}},{\"src\":\"https:\\\/\\\/www.medellin.gov.co\\\/es\\\/wp-content\\\/uploads\\\/2024\\\/09\\\/Familias-de-medellin-se-fortalecen-entornos-seguros-02.mp3\",\"type\":\"audio\\\/mpeg\",\"title\":\"Palabras de Sandra Montoya, participante Entornos Protectores\",\"caption\":\"\",\"description\":\"\\u00abPalabras de Sandra Montoya, participante Entornos Protectores\\u00bb.\",\"meta\":{\"length_formatted\":\"0:29\"},\"image\":{\"src\":\"https:\\\/\\\/www.medellin.gov.co\\\/es\\\/wp-includes\\\/images\\\/media\\\/audio.png\",\"width\":48,\"height\":64},\"thumb\":{\"src\":\"https:\\\/\\\/www.medellin.gov.co\\\/es\\\/wp-includes\\\/images\\\/media\\\/audio.png\",\"width\":48,\"height\":64}},{\"src\":\"https:\\\/\\\/www.medellin.gov.co\\\/es\\\/wp-content\\\/uploads\\\/2024\\\/09\\\/Familias-de-medellin-se-fortalecen-entornos-seguros-03.mp3\",\"type\":\"audio\\\/mpeg\",\"title\":\"Palabras de Luz Elena Vargas, participante Entornos Protectores\",\"caption\":\"\",\"description\":\"\\u00abPalabras de Luz Elena Vargas, participante Entornos Protectores\\u00bb.\",\"meta\":{\"length_formatted\":\"1:02\"},\"image\":{\"src\":\"https:\\\/\\\/www.medellin.gov.co\\\/es\\\/wp-includes\\\/images\\\/media\\\/audio.png\",\"width\":48,\"height\":64},\"thumb\":{\"src\":\"https:\\\/\\\/www.medellin.gov.co\\\/es\\\/wp-includes\\\/images\\\/media\\\/audio.png\",\"width\":48,\"height\":64}}]}<\/script>\n<\/div>\n\t\n<p class=\"p1\">El Distrito concluy\u00f3 el diagn\u00f3stico, acompa\u00f1amiento y seguimiento a 74 familias\u00a0en riesgo de afectar los derechos de sus integrantes menores de edad. Esta\u00a0acci\u00f3n fortalece a los grupos familiares y su entorno para que, por medio de\u00a0actividades de promoci\u00f3n y prevenci\u00f3n, sean espacios seguros para ni\u00f1as, ni\u00f1os\u00a0y adolescentes.<\/p>\n\n\t\t<style type=\"text\/css\">\n\t\t\t#gallery-1 {\n\t\t\t\tmargin: auto;\n\t\t\t}\n\t\t\t#gallery-1 .gallery-item {\n\t\t\t\tfloat: left;\n\t\t\t\tmargin-top: 10px;\n\t\t\t\ttext-align: center;\n\t\t\t\twidth: 50%;\n\t\t\t}\n\t\t\t#gallery-1 img {\n\t\t\t\tborder: 2px solid #cfcfcf;\n\t\t\t}\n\t\t\t#gallery-1 .gallery-caption {\n\t\t\t\tmargin-left: 0;\n\t\t\t}\n\t\t\t\/* see gallery_shortcode() in wp-includes\/media.php *\/\n\t\t<\/style>\n\t\t<div id='gallery-1' class='gallery galleryid-344195 gallery-columns-2 gallery-size-large'><dl class='gallery-item'>\n\t\t\t<dt class='gallery-icon landscape'>\n\t\t\t\t<a href='https:\/\/www.medellin.gov.co\/es\/sala-de-prensa\/noticias\/74-familias-de-medellin-se-fortalecen-para-ser-entornos-seguros-para-ninas-ninos-y-adolescentes\/familias-de-medellin-se-fortalecen-entornos-seguros-1\/'><img width=\"1024\" height=\"682\" src=\"https:\/\/www.medellin.gov.co\/es\/wp-content\/uploads\/2024\/09\/Familias-de-medellin-se-fortalecen-entornos-seguros-1-1024x682.jpg\" class=\"attachment-large size-large\" alt=\"74 familias de Medell\u00edn se fortalecen para ser entornos seguros para ni\u00f1as, ni\u00f1os y adolescentes\" loading=\"lazy\" aria-describedby=\"gallery-1-344197\" srcset=\"https:\/\/www.medellin.gov.co\/es\/wp-content\/uploads\/2024\/09\/Familias-de-medellin-se-fortalecen-entornos-seguros-1-1024x682.jpg 1024w, https:\/\/www.medellin.gov.co\/es\/wp-content\/uploads\/2024\/09\/Familias-de-medellin-se-fortalecen-entornos-seguros-1-300x200.jpg 300w, https:\/\/www.medellin.gov.co\/es\/wp-content\/uploads\/2024\/09\/Familias-de-medellin-se-fortalecen-entornos-seguros-1-150x100.jpg 150w, https:\/\/www.medellin.gov.co\/es\/wp-content\/uploads\/2024\/09\/Familias-de-medellin-se-fortalecen-entornos-seguros-1-768x511.jpg 768w, https:\/\/www.medellin.gov.co\/es\/wp-content\/uploads\/2024\/09\/Familias-de-medellin-se-fortalecen-entornos-seguros-1.jpg 1200w\" sizes=\"(max-width: 1024px) 100vw, 1024px\" \/><\/a>\n\t\t\t<\/dt>\n\t\t\t\t<dd class='wp-caption-text gallery-caption' id='gallery-1-344197'>\n\t\t\t\t74 familias de Medell\u00edn se fortalecen para ser entornos seguros para ni\u00f1as, ni\u00f1os y adolescentes &#8211; Foto alcaldia de Medell\u00edn\n\t\t\t\t<\/dd><\/dl><dl class='gallery-item'>\n\t\t\t<dt class='gallery-icon landscape'>\n\t\t\t\t<a href='https:\/\/www.medellin.gov.co\/es\/sala-de-prensa\/noticias\/74-familias-de-medellin-se-fortalecen-para-ser-entornos-seguros-para-ninas-ninos-y-adolescentes\/familias-de-medellin-se-fortalecen-entornos-seguros-6\/'><img width=\"1024\" height=\"681\" src=\"https:\/\/www.medellin.gov.co\/es\/wp-content\/uploads\/2024\/09\/Familias-de-medellin-se-fortalecen-entornos-seguros-6-1024x681.jpg\" class=\"attachment-large size-large\" alt=\"74 familias de Medell\u00edn se fortalecen para ser entornos seguros para ni\u00f1as, ni\u00f1os y adolescentes\" loading=\"lazy\" aria-describedby=\"gallery-1-344213\" srcset=\"https:\/\/www.medellin.gov.co\/es\/wp-content\/uploads\/2024\/09\/Familias-de-medellin-se-fortalecen-entornos-seguros-6-1024x681.jpg 1024w, https:\/\/www.medellin.gov.co\/es\/wp-content\/uploads\/2024\/09\/Familias-de-medellin-se-fortalecen-entornos-seguros-6-300x200.jpg 300w, https:\/\/www.medellin.gov.co\/es\/wp-content\/uploads\/2024\/09\/Familias-de-medellin-se-fortalecen-entornos-seguros-6-150x100.jpg 150w, https:\/\/www.medellin.gov.co\/es\/wp-content\/uploads\/2024\/09\/Familias-de-medellin-se-fortalecen-entornos-seguros-6-768x511.jpg 768w, https:\/\/www.medellin.gov.co\/es\/wp-content\/uploads\/2024\/09\/Familias-de-medellin-se-fortalecen-entornos-seguros-6.jpg 1200w\" sizes=\"(max-width: 1024px) 100vw, 1024px\" \/><\/a>\n\t\t\t<\/dt>\n\t\t\t\t<dd class='wp-caption-text gallery-caption' id='gallery-1-344213'>\n\t\t\t\t74 familias de Medell\u00edn se fortalecen para ser entornos seguros para ni\u00f1as, ni\u00f1os y adolescentes &#8211; Foto alcaldia de medell\u00edn\n\t\t\t\t<\/dd><\/dl><br style=\"clear: both\" \/>\n\t\t<\/div>\n\n<p class=\"p1\"><i>\u201cEstamos felices de compartir este espacio de reconocimiento frente a estos\u00a0<\/i><i>logros maravillosos que garantizar\u00e1n que no se repitan esas situaciones que en\u00a0<\/i><i>alg\u00fan momento generaron dificultades y riesgos\u201d<\/i>, asegur\u00f3 la directora t\u00e9cnica de\u00a0la Unidad de Ni\u00f1ez, Paola Giraldo.<\/p>\n<p class=\"p1\">Con cada hogar se defini\u00f3 un acompa\u00f1amiento a trav\u00e9s de visitas domiciliarias,\u00a0orientaci\u00f3n psicosocial, atenci\u00f3n psicoterap\u00e9utica, apropiaci\u00f3n de los espacios\u00a0p\u00fablicos, actividades l\u00fadicas y acceso a la oferta institucional, as\u00ed como\u00a0oportunidades de empleabilidad y emprendimiento. Con una duraci\u00f3n de hasta\u00a018 meses, los procesos ayudaron a 288 personas que transformaron sus vidas.<\/p>\n\n\t\t<style type=\"text\/css\">\n\t\t\t#gallery-2 {\n\t\t\t\tmargin: auto;\n\t\t\t}\n\t\t\t#gallery-2 .gallery-item {\n\t\t\t\tfloat: left;\n\t\t\t\tmargin-top: 10px;\n\t\t\t\ttext-align: center;\n\t\t\t\twidth: 50%;\n\t\t\t}\n\t\t\t#gallery-2 img {\n\t\t\t\tborder: 2px solid #cfcfcf;\n\t\t\t}\n\t\t\t#gallery-2 .gallery-caption {\n\t\t\t\tmargin-left: 0;\n\t\t\t}\n\t\t\t\/* see gallery_shortcode() in wp-includes\/media.php *\/\n\t\t<\/style>\n\t\t<div id='gallery-2' class='gallery galleryid-344195 gallery-columns-2 gallery-size-large'><dl class='gallery-item'>\n\t\t\t<dt class='gallery-icon landscape'>\n\t\t\t\t<a href='https:\/\/www.medellin.gov.co\/es\/sala-de-prensa\/noticias\/74-familias-de-medellin-se-fortalecen-para-ser-entornos-seguros-para-ninas-ninos-y-adolescentes\/familias-de-medellin-se-fortalecen-entornos-seguros-2\/'><img width=\"1024\" height=\"667\" src=\"https:\/\/www.medellin.gov.co\/es\/wp-content\/uploads\/2024\/09\/Familias-de-medellin-se-fortalecen-entornos-seguros-2-1024x667.jpg\" class=\"attachment-large size-large\" alt=\"74 familias de Medell\u00edn se fortalecen para ser entornos seguros para ni\u00f1as, ni\u00f1os y adolescentes\" loading=\"lazy\" aria-describedby=\"gallery-2-344200\" srcset=\"https:\/\/www.medellin.gov.co\/es\/wp-content\/uploads\/2024\/09\/Familias-de-medellin-se-fortalecen-entornos-seguros-2-1024x667.jpg 1024w, https:\/\/www.medellin.gov.co\/es\/wp-content\/uploads\/2024\/09\/Familias-de-medellin-se-fortalecen-entornos-seguros-2-300x196.jpg 300w, https:\/\/www.medellin.gov.co\/es\/wp-content\/uploads\/2024\/09\/Familias-de-medellin-se-fortalecen-entornos-seguros-2-150x98.jpg 150w, https:\/\/www.medellin.gov.co\/es\/wp-content\/uploads\/2024\/09\/Familias-de-medellin-se-fortalecen-entornos-seguros-2-768x500.jpg 768w, https:\/\/www.medellin.gov.co\/es\/wp-content\/uploads\/2024\/09\/Familias-de-medellin-se-fortalecen-entornos-seguros-2.jpg 1200w\" sizes=\"(max-width: 1024px) 100vw, 1024px\" \/><\/a>\n\t\t\t<\/dt>\n\t\t\t\t<dd class='wp-caption-text gallery-caption' id='gallery-2-344200'>\n\t\t\t\t74 familias de Medell\u00edn se fortalecen para ser entornos seguros para ni\u00f1as, ni\u00f1os y adolescentes &#8211; Foto alcaldia de Medell\u00edn\n\t\t\t\t<\/dd><\/dl><dl class='gallery-item'>\n\t\t\t<dt class='gallery-icon landscape'>\n\t\t\t\t<a href='https:\/\/www.medellin.gov.co\/es\/sala-de-prensa\/noticias\/74-familias-de-medellin-se-fortalecen-para-ser-entornos-seguros-para-ninas-ninos-y-adolescentes\/familias-de-medellin-se-fortalecen-entornos-seguros-8\/'><img width=\"1024\" height=\"666\" src=\"https:\/\/www.medellin.gov.co\/es\/wp-content\/uploads\/2024\/09\/Familias-de-medellin-se-fortalecen-entornos-seguros-8-1024x666.jpg\" class=\"attachment-large size-large\" alt=\"74 familias de Medell\u00edn se fortalecen para ser entornos seguros para ni\u00f1as, ni\u00f1os y adolescentes\" loading=\"lazy\" aria-describedby=\"gallery-2-344218\" srcset=\"https:\/\/www.medellin.gov.co\/es\/wp-content\/uploads\/2024\/09\/Familias-de-medellin-se-fortalecen-entornos-seguros-8-1024x666.jpg 1024w, https:\/\/www.medellin.gov.co\/es\/wp-content\/uploads\/2024\/09\/Familias-de-medellin-se-fortalecen-entornos-seguros-8-300x195.jpg 300w, https:\/\/www.medellin.gov.co\/es\/wp-content\/uploads\/2024\/09\/Familias-de-medellin-se-fortalecen-entornos-seguros-8-150x98.jpg 150w, https:\/\/www.medellin.gov.co\/es\/wp-content\/uploads\/2024\/09\/Familias-de-medellin-se-fortalecen-entornos-seguros-8-768x499.jpg 768w, https:\/\/www.medellin.gov.co\/es\/wp-content\/uploads\/2024\/09\/Familias-de-medellin-se-fortalecen-entornos-seguros-8.jpg 1200w\" sizes=\"(max-width: 1024px) 100vw, 1024px\" \/><\/a>\n\t\t\t<\/dt>\n\t\t\t\t<dd class='wp-caption-text gallery-caption' id='gallery-2-344218'>\n\t\t\t\t74 familias de Medell\u00edn se fortalecen para ser entornos seguros para ni\u00f1as, ni\u00f1os y adolescentes &#8211; Foto alcaldia de Medell\u00edn\n\t\t\t\t<\/dd><\/dl><br style=\"clear: both\" \/>\n\t\t<\/div>\n\n<p class=\"p1\"><i>\u201cCuando empec\u00e9, por todo era miedo. Psicol\u00f3gicamente estaba demasiado mal,\u00a0<\/i><i>no sab\u00eda afrontar las dificultades. Mi familia est\u00e1 fortalecida y tomamos\u00a0<\/i><i>decisiones con m\u00e1s fuerza, m\u00e1s \u00e1nimo. Ya no nos dejamos decaer\u201d, <\/i>dijo Sandra\u00a0Montoya, del barrio Buenos Aires.<\/p>\n<div id=\"attachment_344205\" style=\"width: 1210px\" class=\"wp-caption aligncenter\"><a href=\"https:\/\/www.medellin.gov.co\/es\/wp-content\/uploads\/2024\/09\/Familias-de-medellin-se-fortalecen-entornos-seguros-3.jpg\" target=\"_blank\" rel=\"noopener\"><img aria-describedby=\"caption-attachment-344205\" loading=\"lazy\" class=\"wp-image-344205 size-full\" title=\"74 familias de Medell\u00edn se fortalecen para ser entornos seguros para ni\u00f1as, ni\u00f1os y adolescentes\" src=\"https:\/\/www.medellin.gov.co\/es\/wp-content\/uploads\/2024\/09\/Familias-de-medellin-se-fortalecen-entornos-seguros-3.jpg\" alt=\"74 familias de Medell\u00edn se fortalecen para ser entornos seguros para ni\u00f1as, ni\u00f1os y adolescentes\" width=\"1200\" height=\"762\" srcset=\"https:\/\/www.medellin.gov.co\/es\/wp-content\/uploads\/2024\/09\/Familias-de-medellin-se-fortalecen-entornos-seguros-3.jpg 1200w, https:\/\/www.medellin.gov.co\/es\/wp-content\/uploads\/2024\/09\/Familias-de-medellin-se-fortalecen-entornos-seguros-3-300x191.jpg 300w, https:\/\/www.medellin.gov.co\/es\/wp-content\/uploads\/2024\/09\/Familias-de-medellin-se-fortalecen-entornos-seguros-3-1024x650.jpg 1024w, https:\/\/www.medellin.gov.co\/es\/wp-content\/uploads\/2024\/09\/Familias-de-medellin-se-fortalecen-entornos-seguros-3-150x95.jpg 150w, https:\/\/www.medellin.gov.co\/es\/wp-content\/uploads\/2024\/09\/Familias-de-medellin-se-fortalecen-entornos-seguros-3-768x488.jpg 768w\" sizes=\"(max-width: 1200px) 100vw, 1200px\" \/><\/a><p id=\"caption-attachment-344205\" class=\"wp-caption-text\">74 familias de Medell\u00edn se fortalecen para ser entornos seguros para ni\u00f1as, ni\u00f1os y adolescentes &#8211; Foto alcaldia de Medell\u00edn<\/p><\/div>\n<p class=\"p1\">Violencia intrafamiliar, vulneraci\u00f3n de derechos por comportamientos o\u00a0trastornos mentales, negligencia f\u00edsica, emocional y psicoafectiva fueron algunas\u00a0de las situaciones identificadas y mitigadas mediante herramientas de cuidado y\u00a0protecci\u00f3n, con el objetivo de que cada hogar se convierta en el primer entorno\u00a0seguro para ni\u00f1as, ni\u00f1os y adolescentes.<\/p>\n","protected":false},"excerpt":{"rendered":"<p>Estos grupos familiares aprendieron sobre crianza positiva, manejo de\u00a0emociones, resoluci\u00f3n de conflictos y erradicaci\u00f3n de las violencias, entre\u00a0otros temas. 288 beneficiarios recibieron atenci\u00f3n psicosocial domiciliaria. Violencia intrafamiliar, vulneraci\u00f3n de derechos por comportamientos o\u00a0trastornos mentales, negligencia &#8230;<\/p>\n","protected":false},"author":84,"featured_media":344211,"comment_status":"open","ping_status":"open","sticky":false,"template":"","format":"standard","meta":[],"categories":[706],"tags":[437,451,455],"formato_nota":[],"programas_tax":[],"acf":[],"_links":{"self":[{"href":"https:\/\/www.medellin.gov.co\/es\/wp-json\/wp\/v2\/posts\/344195"}],"collection":[{"href":"https:\/\/www.medellin.gov.co\/es\/wp-json\/wp\/v2\/posts"}],"about":[{"href":"https:\/\/www.medellin.gov.co\/es\/wp-json\/wp\/v2\/types\/post"}],"author":[{"embeddable":true,"href":"https:\/\/www.medellin.gov.co\/es\/wp-json\/wp\/v2\/users\/84"}],"replies":[{"embeddable":true,"href":"https:\/\/www.medellin.gov.co\/es\/wp-json\/wp\/v2\/comments?post=344195"}],"version-history":[{"count":1,"href":"https:\/\/www.medellin.gov.co\/es\/wp-json\/wp\/v2\/posts\/344195\/revisions"}],"predecessor-version":[{"id":344219,"href":"https:\/\/www.medellin.gov.co\/es\/wp-json\/wp\/v2\/posts\/344195\/revisions\/344219"}],"wp:featuredmedia":[{"embeddable":true,"href":"https:\/\/www.medellin.gov.co\/es\/wp-json\/wp\/v2\/media\/344211"}],"wp:attachment":[{"href":"https:\/\/www.medellin.gov.co\/es\/wp-json\/wp\/v2\/media?parent=344195"}],"wp:term":[{"taxonomy":"category","embeddable":true,"href":"https:\/\/www.medellin.gov.co\/es\/wp-json\/wp\/v2\/categories?post=344195"},{"taxonomy":"post_tag","embeddable":true,"href":"https:\/\/www.medellin.gov.co\/es\/wp-json\/wp\/v2\/tags?post=344195"},{"taxonomy":"formato_nota","embeddable":true,"href":"https:\/\/www.medellin.gov.co\/es\/wp-json\/wp\/v2\/formato_nota?post=344195"},{"taxonomy":"programas_tax","embeddable":true,"href":"https:\/\/www.medellin.gov.co\/es\/wp-json\/wp\/v2\/programas_tax?post=344195"}],"curies":[{"name":"wp","href":"https:\/\/api.w.org\/{rel}","templated":true}]}}