{"id":344393,"date":"2024-09-18T13:41:31","date_gmt":"2024-09-18T18:41:31","guid":{"rendered":"https:\/\/www.medellin.gov.co\/es\/?p=344393"},"modified":"2024-09-18T13:41:31","modified_gmt":"2024-09-18T18:41:31","slug":"fueron-capturados-cuatro-presuntos-integrantes-de-grupo-delincuencial-que-operaba-en-el-centro-oriente-de-medellin","status":"publish","type":"post","link":"https:\/\/www.medellin.gov.co\/es\/sala-de-prensa\/noticias\/fueron-capturados-cuatro-presuntos-integrantes-de-grupo-delincuencial-que-operaba-en-el-centro-oriente-de-medellin\/","title":{"rendered":"Fueron capturados cuatro presuntos integrantes de grupo delincuencial que operaba en el centro oriente de Medell\u00edn"},"content":{"rendered":"<div class=\"page\" title=\"Page 1\">\n<div class=\"section\">\n<div class=\"layoutArea\">\n<div class=\"column\">\n<ul>\n<li><strong>Su accionar criminal se enfocaba especialmente en los barrios Pablo Escobar, Catalun\u0303a y el sector La Caseta, en la comuna Buenos Aires.<\/strong><\/li>\n<li><strong>Las rentas criminales de la estructura se calculan en cerca de $500 millones semanales.<\/strong><\/li>\n<\/ul>\n<!--[if lt IE 9]><script>document.createElement('audio');<\/script><![endif]-->\n\t<div class=\"wp-playlist wp-audio-playlist wp-playlist-light\">\n\t\t\t<div class=\"wp-playlist-current-item\"><\/div>\n\t\t<audio controls=\"controls\" preload=\"none\" width=\"640\"\n\t\t\t><\/audio>\n\t<div class=\"wp-playlist-next\"><\/div>\n\t<div class=\"wp-playlist-prev\"><\/div>\n\t<noscript>\n\t<ol>\n\t\t<li><a href='https:\/\/www.medellin.gov.co\/es\/wp-content\/uploads\/2024\/09\/Capturados-integrantes-grupo-delincuencial-centro-oriente-01.mp3'>Palabras de Federico Guti\u00e9rrez Zuluaga, alcalde de Medell\u00edn (Intervenci\u00f3n 1)<\/a><\/li><li><a href='https:\/\/www.medellin.gov.co\/es\/wp-content\/uploads\/2024\/09\/Capturados-integrantes-grupo-delincuencial-centro-oriente-02.mp3'>Palabras de Federico Guti\u00e9rrez Zuluaga, alcalde de Medell\u00edn (Intervenci\u00f3n 2)<\/a><\/li><li><a href='https:\/\/www.medellin.gov.co\/es\/wp-content\/uploads\/2024\/09\/Capturados-integrantes-grupo-delincuencial-centro-oriente-03.mp3'>Palabras de Federico Guti\u00e9rrez Zuluaga, alcalde de Medell\u00edn (Intervenci\u00f3n 3)<\/a><\/li><li><a href='https:\/\/www.medellin.gov.co\/es\/wp-content\/uploads\/2024\/09\/Capturados-integrantes-grupo-delincuencial-centro-oriente-04.mp3'>Palabras de Federico Guti\u00e9rrez Zuluaga, alcalde de Medell\u00edn (Intervenci\u00f3n 4)<\/a><\/li><li><a href='https:\/\/www.medellin.gov.co\/es\/wp-content\/uploads\/2024\/09\/Capturados-integrantes-grupo-delincuencial-centro-oriente-05.mp3'>Palabras de Federico Guti\u00e9rrez Zuluaga, alcalde de Medell\u00edn (Intervenci\u00f3n 5)<\/a><\/li><li><a href='https:\/\/www.medellin.gov.co\/es\/wp-content\/uploads\/2024\/09\/Capturados-integrantes-grupo-delincuencial-centro-oriente-06.mp3'>Palabras de Federico Guti\u00e9rrez Zuluaga, alcalde de Medell\u00edn (Intervenci\u00f3n 6)<\/a><\/li><li><a href='https:\/\/www.medellin.gov.co\/es\/wp-content\/uploads\/2024\/09\/Capturados-integrantes-grupo-delincuencial-centro-oriente-07.mp3'>Palabras de Federico Guti\u00e9rrez Zuluaga, alcalde de Medell\u00edn (Intervenci\u00f3n 7)<\/a><\/li><li><a href='https:\/\/www.medellin.gov.co\/es\/wp-content\/uploads\/2024\/09\/Capturados-integrantes-grupo-delincuencial-centro-oriente-08.mp3'>Palabras de Federico Guti\u00e9rrez Zuluaga, alcalde de Medell\u00edn (Intervenci\u00f3n 8)<\/a><\/li><li><a href='https:\/\/www.medellin.gov.co\/es\/wp-content\/uploads\/2024\/09\/Capturados-integrantes-grupo-delincuencial-centro-oriente-09.mp3'>Palabras de Manuel Villa, secretario de Seguridad y Convivencia (Intervenci\u00f3n 1)<\/a><\/li><li><a href='https:\/\/www.medellin.gov.co\/es\/wp-content\/uploads\/2024\/09\/Capturados-integrantes-grupo-delincuencial-centro-oriente-10.mp3'>Palabras de Manuel Villa, secretario de Seguridad y Convivencia (Intervenci\u00f3n 2)<\/a><\/li><li><a href='https:\/\/www.medellin.gov.co\/es\/wp-content\/uploads\/2024\/09\/Capturados-integrantes-grupo-delincuencial-centro-oriente-11.mp3'>Palabras de Manuel Villa, secretario de Seguridad y Convivencia (Intervenci\u00f3n 3)<\/a><\/li>\t<\/ol>\n\t<\/noscript>\n\t<script type=\"application\/json\" class=\"wp-playlist-script\">{\"type\":\"audio\",\"tracklist\":true,\"tracknumbers\":true,\"images\":true,\"artists\":true,\"tracks\":[{\"src\":\"https:\\\/\\\/www.medellin.gov.co\\\/es\\\/wp-content\\\/uploads\\\/2024\\\/09\\\/Capturados-integrantes-grupo-delincuencial-centro-oriente-01.mp3\",\"type\":\"audio\\\/mpeg\",\"title\":\"Palabras de Federico Guti\\u00e9rrez Zuluaga, alcalde de Medell\\u00edn (Intervenci\\u00f3n 1)\",\"caption\":\"\",\"description\":\"\\u00abPalabras de Federico Guti\\u00e9rrez Zuluaga, alcalde de Medell\\u00edn (Intervenci\\u00f3n 1)\\u00bb.\",\"meta\":{\"length_formatted\":\"9:26\"},\"image\":{\"src\":\"https:\\\/\\\/www.medellin.gov.co\\\/es\\\/wp-includes\\\/images\\\/media\\\/audio.png\",\"width\":48,\"height\":64},\"thumb\":{\"src\":\"https:\\\/\\\/www.medellin.gov.co\\\/es\\\/wp-includes\\\/images\\\/media\\\/audio.png\",\"width\":48,\"height\":64}},{\"src\":\"https:\\\/\\\/www.medellin.gov.co\\\/es\\\/wp-content\\\/uploads\\\/2024\\\/09\\\/Capturados-integrantes-grupo-delincuencial-centro-oriente-02.mp3\",\"type\":\"audio\\\/mpeg\",\"title\":\"Palabras de Federico Guti\\u00e9rrez Zuluaga, alcalde de Medell\\u00edn (Intervenci\\u00f3n 2)\",\"caption\":\"\",\"description\":\"\\u00abPalabras de Federico Guti\\u00e9rrez Zuluaga, alcalde de Medell\\u00edn (Intervenci\\u00f3n 2)\\u00bb.\",\"meta\":{\"length_formatted\":\"1:50\"},\"image\":{\"src\":\"https:\\\/\\\/www.medellin.gov.co\\\/es\\\/wp-includes\\\/images\\\/media\\\/audio.png\",\"width\":48,\"height\":64},\"thumb\":{\"src\":\"https:\\\/\\\/www.medellin.gov.co\\\/es\\\/wp-includes\\\/images\\\/media\\\/audio.png\",\"width\":48,\"height\":64}},{\"src\":\"https:\\\/\\\/www.medellin.gov.co\\\/es\\\/wp-content\\\/uploads\\\/2024\\\/09\\\/Capturados-integrantes-grupo-delincuencial-centro-oriente-03.mp3\",\"type\":\"audio\\\/mpeg\",\"title\":\"Palabras de Federico Guti\\u00e9rrez Zuluaga, alcalde de Medell\\u00edn (Intervenci\\u00f3n 3)\",\"caption\":\"\",\"description\":\"\\u00abPalabras de Federico Guti\\u00e9rrez Zuluaga, alcalde de Medell\\u00edn (Intervenci\\u00f3n 3)\\u00bb.\",\"meta\":{\"length_formatted\":\"1:54\"},\"image\":{\"src\":\"https:\\\/\\\/www.medellin.gov.co\\\/es\\\/wp-includes\\\/images\\\/media\\\/audio.png\",\"width\":48,\"height\":64},\"thumb\":{\"src\":\"https:\\\/\\\/www.medellin.gov.co\\\/es\\\/wp-includes\\\/images\\\/media\\\/audio.png\",\"width\":48,\"height\":64}},{\"src\":\"https:\\\/\\\/www.medellin.gov.co\\\/es\\\/wp-content\\\/uploads\\\/2024\\\/09\\\/Capturados-integrantes-grupo-delincuencial-centro-oriente-04.mp3\",\"type\":\"audio\\\/mpeg\",\"title\":\"Palabras de Federico Guti\\u00e9rrez Zuluaga, alcalde de Medell\\u00edn (Intervenci\\u00f3n 4)\",\"caption\":\"\",\"description\":\"\\u00abPalabras de Federico Guti\\u00e9rrez Zuluaga, alcalde de Medell\\u00edn (Intervenci\\u00f3n 4)\\u00bb.\",\"meta\":{\"length_formatted\":\"2:37\"},\"image\":{\"src\":\"https:\\\/\\\/www.medellin.gov.co\\\/es\\\/wp-includes\\\/images\\\/media\\\/audio.png\",\"width\":48,\"height\":64},\"thumb\":{\"src\":\"https:\\\/\\\/www.medellin.gov.co\\\/es\\\/wp-includes\\\/images\\\/media\\\/audio.png\",\"width\":48,\"height\":64}},{\"src\":\"https:\\\/\\\/www.medellin.gov.co\\\/es\\\/wp-content\\\/uploads\\\/2024\\\/09\\\/Capturados-integrantes-grupo-delincuencial-centro-oriente-05.mp3\",\"type\":\"audio\\\/mpeg\",\"title\":\"Palabras de Federico Guti\\u00e9rrez Zuluaga, alcalde de Medell\\u00edn (Intervenci\\u00f3n 5)\",\"caption\":\"\",\"description\":\"\\u00abPalabras de Federico Guti\\u00e9rrez Zuluaga, alcalde de Medell\\u00edn (Intervenci\\u00f3n 5)\\u00bb.\",\"meta\":{\"length_formatted\":\"1:39\"},\"image\":{\"src\":\"https:\\\/\\\/www.medellin.gov.co\\\/es\\\/wp-includes\\\/images\\\/media\\\/audio.png\",\"width\":48,\"height\":64},\"thumb\":{\"src\":\"https:\\\/\\\/www.medellin.gov.co\\\/es\\\/wp-includes\\\/images\\\/media\\\/audio.png\",\"width\":48,\"height\":64}},{\"src\":\"https:\\\/\\\/www.medellin.gov.co\\\/es\\\/wp-content\\\/uploads\\\/2024\\\/09\\\/Capturados-integrantes-grupo-delincuencial-centro-oriente-06.mp3\",\"type\":\"audio\\\/mpeg\",\"title\":\"Palabras de Federico Guti\\u00e9rrez Zuluaga, alcalde de Medell\\u00edn (Intervenci\\u00f3n 6)\",\"caption\":\"\",\"description\":\"\\u00abPalabras de Federico Guti\\u00e9rrez Zuluaga, alcalde de Medell\\u00edn (Intervenci\\u00f3n 6)\\u00bb.\",\"meta\":{\"length_formatted\":\"3:52\"},\"image\":{\"src\":\"https:\\\/\\\/www.medellin.gov.co\\\/es\\\/wp-includes\\\/images\\\/media\\\/audio.png\",\"width\":48,\"height\":64},\"thumb\":{\"src\":\"https:\\\/\\\/www.medellin.gov.co\\\/es\\\/wp-includes\\\/images\\\/media\\\/audio.png\",\"width\":48,\"height\":64}},{\"src\":\"https:\\\/\\\/www.medellin.gov.co\\\/es\\\/wp-content\\\/uploads\\\/2024\\\/09\\\/Capturados-integrantes-grupo-delincuencial-centro-oriente-07.mp3\",\"type\":\"audio\\\/mpeg\",\"title\":\"Palabras de Federico Guti\\u00e9rrez Zuluaga, alcalde de Medell\\u00edn (Intervenci\\u00f3n 7)\",\"caption\":\"\",\"description\":\"\\u00abPalabras de Federico Guti\\u00e9rrez Zuluaga, alcalde de Medell\\u00edn (Intervenci\\u00f3n 7)\\u00bb.\",\"meta\":{\"length_formatted\":\"1:44\"},\"image\":{\"src\":\"https:\\\/\\\/www.medellin.gov.co\\\/es\\\/wp-includes\\\/images\\\/media\\\/audio.png\",\"width\":48,\"height\":64},\"thumb\":{\"src\":\"https:\\\/\\\/www.medellin.gov.co\\\/es\\\/wp-includes\\\/images\\\/media\\\/audio.png\",\"width\":48,\"height\":64}},{\"src\":\"https:\\\/\\\/www.medellin.gov.co\\\/es\\\/wp-content\\\/uploads\\\/2024\\\/09\\\/Capturados-integrantes-grupo-delincuencial-centro-oriente-08.mp3\",\"type\":\"audio\\\/mpeg\",\"title\":\"Palabras de Federico Guti\\u00e9rrez Zuluaga, alcalde de Medell\\u00edn (Intervenci\\u00f3n 8)\",\"caption\":\"\",\"description\":\"\\u00abPalabras de Federico Guti\\u00e9rrez Zuluaga, alcalde de Medell\\u00edn (Intervenci\\u00f3n 8)\\u00bb.\",\"meta\":{\"length_formatted\":\"2:16\"},\"image\":{\"src\":\"https:\\\/\\\/www.medellin.gov.co\\\/es\\\/wp-includes\\\/images\\\/media\\\/audio.png\",\"width\":48,\"height\":64},\"thumb\":{\"src\":\"https:\\\/\\\/www.medellin.gov.co\\\/es\\\/wp-includes\\\/images\\\/media\\\/audio.png\",\"width\":48,\"height\":64}},{\"src\":\"https:\\\/\\\/www.medellin.gov.co\\\/es\\\/wp-content\\\/uploads\\\/2024\\\/09\\\/Capturados-integrantes-grupo-delincuencial-centro-oriente-09.mp3\",\"type\":\"audio\\\/mpeg\",\"title\":\"Palabras de Manuel Villa, secretario de Seguridad y Convivencia (Intervenci\\u00f3n 1)\",\"caption\":\"\",\"description\":\"\\u00abPalabras de Manuel Villa, secretario de Seguridad y Convivencia (Intervenci\\u00f3n 1)\\u00bb.\",\"meta\":{\"length_formatted\":\"1:21\"},\"image\":{\"src\":\"https:\\\/\\\/www.medellin.gov.co\\\/es\\\/wp-includes\\\/images\\\/media\\\/audio.png\",\"width\":48,\"height\":64},\"thumb\":{\"src\":\"https:\\\/\\\/www.medellin.gov.co\\\/es\\\/wp-includes\\\/images\\\/media\\\/audio.png\",\"width\":48,\"height\":64}},{\"src\":\"https:\\\/\\\/www.medellin.gov.co\\\/es\\\/wp-content\\\/uploads\\\/2024\\\/09\\\/Capturados-integrantes-grupo-delincuencial-centro-oriente-10.mp3\",\"type\":\"audio\\\/mpeg\",\"title\":\"Palabras de Manuel Villa, secretario de Seguridad y Convivencia (Intervenci\\u00f3n 2)\",\"caption\":\"\",\"description\":\"\\u00abPalabras de Manuel Villa, secretario de Seguridad y Convivencia (Intervenci\\u00f3n 2)\\u00bb.\",\"meta\":{\"length_formatted\":\"0:33\"},\"image\":{\"src\":\"https:\\\/\\\/www.medellin.gov.co\\\/es\\\/wp-includes\\\/images\\\/media\\\/audio.png\",\"width\":48,\"height\":64},\"thumb\":{\"src\":\"https:\\\/\\\/www.medellin.gov.co\\\/es\\\/wp-includes\\\/images\\\/media\\\/audio.png\",\"width\":48,\"height\":64}},{\"src\":\"https:\\\/\\\/www.medellin.gov.co\\\/es\\\/wp-content\\\/uploads\\\/2024\\\/09\\\/Capturados-integrantes-grupo-delincuencial-centro-oriente-11.mp3\",\"type\":\"audio\\\/mpeg\",\"title\":\"Palabras de Manuel Villa, secretario de Seguridad y Convivencia (Intervenci\\u00f3n 3)\",\"caption\":\"\",\"description\":\"\\u00abPalabras de Manuel Villa, secretario de Seguridad y Convivencia (Intervenci\\u00f3n 3)\\u00bb.\",\"meta\":{\"length_formatted\":\"0:43\"},\"image\":{\"src\":\"https:\\\/\\\/www.medellin.gov.co\\\/es\\\/wp-includes\\\/images\\\/media\\\/audio.png\",\"width\":48,\"height\":64},\"thumb\":{\"src\":\"https:\\\/\\\/www.medellin.gov.co\\\/es\\\/wp-includes\\\/images\\\/media\\\/audio.png\",\"width\":48,\"height\":64}}]}<\/script>\n<\/div>\n\t\n<p>En una operacio\u0301n conjunta entre la Secretari\u0301a de Seguridad y Convivencia de Medelli\u0301n, la Polici\u0301a Nacional y la Fiscali\u0301a General de la Nacio\u0301n fueron capturados tres coordinadores y un presunto sicario pertenecientes al Grupo Delictivo Organizado (GDO) Caicedo que operaba en las comunas 8-Villa Hermosa y 9-Buenos Aires.<\/p>\n<p>Las detenciones se realizaron en sectores de difi\u0301cil acceso, luego de meses de labores de inteligencia y seguimiento. Estas personas son sen\u0303aladas por delitos como homicidio agravado, tentativa de homicidio, porte ilegal de armas, fuga de presos y concierto para delinquir.<\/p>\n<div id=\"attachment_344406\" style=\"width: 1210px\" class=\"wp-caption aligncenter\"><a href=\"https:\/\/www.medellin.gov.co\/es\/wp-content\/uploads\/2024\/09\/Capturados-integrantes-grupo-delincuencial-centro-oriente-2.jpg\" target=\"_blank\" rel=\"noopener\"><img aria-describedby=\"caption-attachment-344406\" loading=\"lazy\" class=\"wp-image-344406 size-full\" title=\"Fueron capturados cuatro presuntos integrantes de grupo delincuencial que operaba en el centro oriente de Medell\u00edn\" src=\"https:\/\/www.medellin.gov.co\/es\/wp-content\/uploads\/2024\/09\/Capturados-integrantes-grupo-delincuencial-centro-oriente-2.jpg\" alt=\"Fueron capturados cuatro presuntos integrantes de grupo delincuencial que operaba en el centro oriente de Medell\u00edn\" width=\"1200\" height=\"799\" srcset=\"https:\/\/www.medellin.gov.co\/es\/wp-content\/uploads\/2024\/09\/Capturados-integrantes-grupo-delincuencial-centro-oriente-2.jpg 1200w, https:\/\/www.medellin.gov.co\/es\/wp-content\/uploads\/2024\/09\/Capturados-integrantes-grupo-delincuencial-centro-oriente-2-300x200.jpg 300w, https:\/\/www.medellin.gov.co\/es\/wp-content\/uploads\/2024\/09\/Capturados-integrantes-grupo-delincuencial-centro-oriente-2-1024x682.jpg 1024w, https:\/\/www.medellin.gov.co\/es\/wp-content\/uploads\/2024\/09\/Capturados-integrantes-grupo-delincuencial-centro-oriente-2-150x100.jpg 150w, https:\/\/www.medellin.gov.co\/es\/wp-content\/uploads\/2024\/09\/Capturados-integrantes-grupo-delincuencial-centro-oriente-2-768x511.jpg 768w\" sizes=\"(max-width: 1200px) 100vw, 1200px\" \/><\/a><p id=\"caption-attachment-344406\" class=\"wp-caption-text\">Fueron capturados cuatro presuntos integrantes de grupo delincuencial que operaba en el centro oriente de Medell\u00edn &#8211; Foto alcaldia de Medell\u00edn<\/p><\/div>\n<p>\u201c<em>Estas personas capturadas podri\u0301an estar recibiendo alrededor de $500.000.000 semanales por fuentes ilegales. Se dan golpes no solo por las capturas, sino tambie\u0301n golpes financieros que pueden debilitar estas organizaciones criminales<\/em>\u201d, aseguro\u0301 el alcalde de Medelli\u0301n, Federico Gutie\u0301rrez.<\/p>\n<p>Gracias a la informacio\u0301n proporcionada por la ciudadani\u0301a, la Polici\u0301a desplego\u0301 por varios meses actividades judiciales y de inteligencia, logrando reunir pruebas que permitieron que un juez ordenara la captura de tres presuntos integrantes de la estructura criminal. Entre ellos esta\u0301n dos personas que coordinaban la venta de estupefacientes en la comuna 9-Buenos Aires; un tercer individuo esta\u0301 implicado en un homicidio el pasado 11 de marzo; y un cuarto sujeto era el encargado de la distribucio\u0301n de drogas en la comuna 8-Villa Hermosa.<\/p>\n<p>En el operativo, se incautaron 12.389 gramos de sustancias estupefacientes, una escopeta calibre 12 mili\u0301metros, 25 cartuchos, un arma trauma\u0301tica, cinco tele\u0301fonos mo\u0301viles, $6.600.000 en efectivo y 207 do\u0301lares. Este material sera\u0301 analizado para identificar posibles vi\u0301nculos con otros delitos.<\/p>\n<div id=\"attachment_344411\" style=\"width: 1210px\" class=\"wp-caption aligncenter\"><a href=\"https:\/\/www.medellin.gov.co\/es\/wp-content\/uploads\/2024\/09\/Capturados-integrantes-grupo-delincuencial-centro-oriente-3.jpg\" target=\"_blank\" rel=\"noopener\"><img aria-describedby=\"caption-attachment-344411\" loading=\"lazy\" class=\"wp-image-344411 size-full\" title=\"Fueron capturados cuatro presuntos integrantes de grupo delincuencial que operaba en el centro oriente de Medell\u00edn\" src=\"https:\/\/www.medellin.gov.co\/es\/wp-content\/uploads\/2024\/09\/Capturados-integrantes-grupo-delincuencial-centro-oriente-3.jpg\" alt=\"Fueron capturados cuatro presuntos integrantes de grupo delincuencial que operaba en el centro oriente de Medell\u00edn\" width=\"1200\" height=\"799\" srcset=\"https:\/\/www.medellin.gov.co\/es\/wp-content\/uploads\/2024\/09\/Capturados-integrantes-grupo-delincuencial-centro-oriente-3.jpg 1200w, https:\/\/www.medellin.gov.co\/es\/wp-content\/uploads\/2024\/09\/Capturados-integrantes-grupo-delincuencial-centro-oriente-3-300x200.jpg 300w, https:\/\/www.medellin.gov.co\/es\/wp-content\/uploads\/2024\/09\/Capturados-integrantes-grupo-delincuencial-centro-oriente-3-1024x682.jpg 1024w, https:\/\/www.medellin.gov.co\/es\/wp-content\/uploads\/2024\/09\/Capturados-integrantes-grupo-delincuencial-centro-oriente-3-150x100.jpg 150w, https:\/\/www.medellin.gov.co\/es\/wp-content\/uploads\/2024\/09\/Capturados-integrantes-grupo-delincuencial-centro-oriente-3-768x511.jpg 768w\" sizes=\"(max-width: 1200px) 100vw, 1200px\" \/><\/a><p id=\"caption-attachment-344411\" class=\"wp-caption-text\">Fueron capturados cuatro presuntos integrantes de grupo delincuencial que operaba en el centro oriente de Medell\u00edn &#8211; Foto alcaldia de Medell\u00edn<\/p><\/div>\n<div class=\"page\" title=\"Page 2\">\n<div class=\"section\">\n<div class=\"layoutArea\">\n<div class=\"column\">\n<p>\u201c<em>Gracias a estas operaciones, a la inteligencia de la Polici\u0301a, a ese trabajo articulado con la Fiscali\u0301a y todos los equipos, hoy tenemos una reduccio\u0301n del 26 % en los homicidios. Aunque sea la tasa de homicidios ma\u0301s baja en los u\u0301ltimos 40 an\u0303os, la u\u0301nica tasa aceptable es cero, porque se trata de la vida de las personas<\/em>\u201d, agrego\u0301 el mandatario.<\/p>\n<p>Los capturados, cuyas edades oscilan entre 29 y 44 an\u0303os, fueron presentados ante la Fiscali\u0301a y, tras las audiencias preliminares, un juez les impuso medida de aseguramiento en centro carcelario.<\/p>\n<\/div>\n<\/div>\n<\/div>\n<\/div>\n<\/div>\n<\/div>\n<\/div>\n<\/div>\n","protected":false},"excerpt":{"rendered":"<p>Su accionar criminal se enfocaba especialmente en los barrios Pablo Escobar, Catalun\u0303a y el sector La Caseta, en la comuna Buenos Aires. Las rentas criminales de la estructura se calculan en cerca de $500 millones &#8230;<\/p>\n","protected":false},"author":84,"featured_media":344403,"comment_status":"open","ping_status":"open","sticky":false,"template":"","format":"standard","meta":[],"categories":[21],"tags":[455,619],"formato_nota":[],"programas_tax":[],"acf":[],"_links":{"self":[{"href":"https:\/\/www.medellin.gov.co\/es\/wp-json\/wp\/v2\/posts\/344393"}],"collection":[{"href":"https:\/\/www.medellin.gov.co\/es\/wp-json\/wp\/v2\/posts"}],"about":[{"href":"https:\/\/www.medellin.gov.co\/es\/wp-json\/wp\/v2\/types\/post"}],"author":[{"embeddable":true,"href":"https:\/\/www.medellin.gov.co\/es\/wp-json\/wp\/v2\/users\/84"}],"replies":[{"embeddable":true,"href":"https:\/\/www.medellin.gov.co\/es\/wp-json\/wp\/v2\/comments?post=344393"}],"version-history":[{"count":1,"href":"https:\/\/www.medellin.gov.co\/es\/wp-json\/wp\/v2\/posts\/344393\/revisions"}],"predecessor-version":[{"id":344433,"href":"https:\/\/www.medellin.gov.co\/es\/wp-json\/wp\/v2\/posts\/344393\/revisions\/344433"}],"wp:featuredmedia":[{"embeddable":true,"href":"https:\/\/www.medellin.gov.co\/es\/wp-json\/wp\/v2\/media\/344403"}],"wp:attachment":[{"href":"https:\/\/www.medellin.gov.co\/es\/wp-json\/wp\/v2\/media?parent=344393"}],"wp:term":[{"taxonomy":"category","embeddable":true,"href":"https:\/\/www.medellin.gov.co\/es\/wp-json\/wp\/v2\/categories?post=344393"},{"taxonomy":"post_tag","embeddable":true,"href":"https:\/\/www.medellin.gov.co\/es\/wp-json\/wp\/v2\/tags?post=344393"},{"taxonomy":"formato_nota","embeddable":true,"href":"https:\/\/www.medellin.gov.co\/es\/wp-json\/wp\/v2\/formato_nota?post=344393"},{"taxonomy":"programas_tax","embeddable":true,"href":"https:\/\/www.medellin.gov.co\/es\/wp-json\/wp\/v2\/programas_tax?post=344393"}],"curies":[{"name":"wp","href":"https:\/\/api.w.org\/{rel}","templated":true}]}}