{"id":34492,"date":"2020-10-15T00:00:00","date_gmt":"2020-10-15T05:00:00","guid":{"rendered":"https:\/\/www.medellin.gov.co\/es\/saladeprensa\/noticias\/los-centros-de-atencion-a-victimas-retoman-la-atencion-presencial-a-los-ciudadanos-con-cita-previa\/"},"modified":"2022-03-27T22:32:17","modified_gmt":"2022-03-28T03:32:17","slug":"los-centros-de-atencion-a-victimas-retoman-la-atencion-presencial-a-los-ciudadanos-con-cita-previa","status":"publish","type":"post","link":"https:\/\/www.medellin.gov.co\/es\/sala-de-prensa\/noticias\/los-centros-de-atencion-a-victimas-retoman-la-atencion-presencial-a-los-ciudadanos-con-cita-previa\/","title":{"rendered":"Los Centros de Atenci\u00f3n a V\u00edctimas retoman la atenci\u00f3n presencial a los ciudadanos con cita previa"},"content":{"rendered":"<div class=\"wrap contenido\">\n<div class=\"noticia\">\n<div class=\"imagen\">\n<div class=\"divContImageNoticia\" style=\"background-image:url('\/irj\/go\/km\/docs\/galerias\/Imagenes\/Galer\u00eda d\u00eda a d\u00eda 2020\/500_400\/20201016-Atencion.jpg')\" rel=\"\/irj\/go\/km\/docs\/galerias\/Imagenes\/Galer\u00eda d\u00eda a d\u00eda 2020\/500_400\/20201016-Atencion.jpg\"><span style=\"display:none\"\/><\/div>\n<p>Centros de Atenci\u00f3n a V\u00edctimas.<\/p>\n<p>Foto Alcald\u00eda de Medelll\u00edn<\/p><\/div>\n<p class=\"fecha\"><span>2020-10-16<\/span><\/p>\n<p itemprop=\"name\">Los Centros de Atenci\u00f3n a V\u00edctimas retoman la atenci\u00f3n presencial a los ciudadanos con cita previa<\/p>\n<p>Por Alejandra G\u00f3mez<\/p>\n<div class=\"cuerpo\">\n<p><p>.: En la ciudad hay tres CAV: Parque Juanes de la Paz, Cauces de Oriente y Belencito.<br \/>.: En estos espacios, las v\u00edctimas del conflicto armado encuentran toda la oferta institucional para la garant\u00eda de sus derechos.<br \/>.: Durante la cuarentena, los CAV mantuvieron la atenci\u00f3n virtual y telef\u00f3nica.<\/p>\n<p><a target=\"_blank\" title=\"|| Audio || Palabras de la secretaria de Inclusi\u00f3n Social, Familia y Derechos Humanos, M\u00f3nica Alejandra G\u00f3mez\" href=\"\/irj\/go\/km\/docs\/pccdesign\/medellin\/Temas\/InclusionSocial\/Noticias\/Shared Content\/Documentos\/2020\/20201016-secretaria de inclusi\u00f3n - reapertura CAV.mp3\" rel=\"noopener\"><span style=\"color: #3366ff;\">|| Audio || Palabras de la secretaria de Inclusi\u00f3n Social, Familia y Derechos Humanos, M\u00f3nica Alejandra G\u00f3mez<\/span><\/a><\/p>\n<p>La Alcald\u00eda de Medell\u00edn reabre las puertas de los tres Centros de Atenci\u00f3n a V\u00edctimas (CAV) de la ciudad, que estuvieron cerrados durante la cuarentena obligatoria, con el fin de retomar la atenci\u00f3n presencial a los beneficiarios de estos espacios, quienes ahora podr\u00e1n acceder a la oferta de servicios con cita previa, para evitar aglomeraciones, disminuir los riesgos de contagio y garantizar una atenci\u00f3n m\u00e1s r\u00e1pida y efectiva.<\/p>\n<p>Los CAV mantuvieron la atenci\u00f3n virtual y telef\u00f3nica durante el aislamiento. En 2020, han sido atendidas 14.137 v\u00edctimas con la estrategia de gesti\u00f3n de derechos humanos y 2.503 con orientaci\u00f3n jur\u00eddica.<\/p>\n<p>Asimismo, se han desarrollado 15 acciones pedag\u00f3gicas externas y 165 internas referentes a la Ley 1448 de 2011 o Ley de V\u00edctimas, se han realizado 10 jornadas territoriales de atenci\u00f3n a v\u00edctimas y se mantiene el acompa\u00f1amiento a 70 familias en proceso de superaci\u00f3n de situaciones de vulnerabilidad, orientado a las garant\u00edas de no repetici\u00f3n.<\/p>\n<p><i>\u201cLos CAV son espacios muy importantes para nosotros, porque nos permiten, como institucionalidad, garantizar los derechos de las v\u00edctimas del conflicto armado de la ciudad, con quienes tenemos un compromiso muy grande y que nos aportan tanto en nuestra tarea de lograr una sociedad en paz, que le apuesta a la reconciliaci\u00f3n y a la no violencia\u201d,<\/i> manifest\u00f3 la secretaria de Inclusi\u00f3n Social, Familia y Derechos Humanos, M\u00f3nica Alejandra G\u00f3mez.<\/p>\n<p>En los CAV, las v\u00edctimas del conflicto armado residentes en Medell\u00edn encuentran toda la oferta institucional, no solo de la Administraci\u00f3n Municipal, sino tambi\u00e9n de otras entidades como la Unidad para la Atenci\u00f3n y Reparaci\u00f3n Integral a V\u00edctimas (Uariv), el Sena, la Superintendencia de Salud y Colpensiones BEPS.<\/p>\n<p>Para solicitar una cita y acceder a los servicios, los ciudadanos pueden comunicarse a la l\u00ednea 3855555 y marcar la extensi\u00f3n del CAV m\u00e1s cercano: 4192 para el de Parque Juanes de la Paz, 4188 y 4189 para el de Belencito y 9854 para el de Caunces de Oriente.<\/p>\n<\/p>\n<p><span style=\"display:none\"\/><\/div>\n<div class=\"compartir\">Compartir en: <a title=\"\" href=\"http:\/\/www.facebook.com\/share.php?u=\" class=\"btCompartirFacebook btCompartir\" target=\"_blank\" rel=\"noopener\"><a title=\"\" href=\"http:\/\/twitter.com\/home?status=Haz%20clic%20para%20ver%20esta%20noticia%20en%20\" class=\"btCompartirTwitter btCompartir\"\/><a title=\"\" href=\"whatsapp:\/\/send?text=Haz%20clic%20para%20ver%20esta%20noticia%20en%20\" class=\"btCompartirWa btCompartir\"\/><\/div>\n<\/div>\n<p><script>try{comprobarImagen();fixBtnRedes();hitsMedellin();}catch(e){}<\/script><\/div>\n","protected":false},"excerpt":{"rendered":"<p>Centros de Atenci\u00f3n a V\u00edctimas. Foto Alcald\u00eda de Medelll\u00edn 2020-10-16 Los Centros de Atenci\u00f3n a V\u00edctimas retoman la atenci\u00f3n presencial a los ciudadanos con cita previa Por Alejandra G\u00f3mez .: En la ciudad hay tres &#8230;<\/p>\n","protected":false},"author":1,"featured_media":58285,"comment_status":"open","ping_status":"open","sticky":false,"template":"","format":"standard","meta":[],"categories":[20],"tags":[451,453,455],"formato_nota":[],"programas_tax":[],"acf":[],"_links":{"self":[{"href":"https:\/\/www.medellin.gov.co\/es\/wp-json\/wp\/v2\/posts\/34492"}],"collection":[{"href":"https:\/\/www.medellin.gov.co\/es\/wp-json\/wp\/v2\/posts"}],"about":[{"href":"https:\/\/www.medellin.gov.co\/es\/wp-json\/wp\/v2\/types\/post"}],"author":[{"embeddable":true,"href":"https:\/\/www.medellin.gov.co\/es\/wp-json\/wp\/v2\/users\/1"}],"replies":[{"embeddable":true,"href":"https:\/\/www.medellin.gov.co\/es\/wp-json\/wp\/v2\/comments?post=34492"}],"version-history":[{"count":1,"href":"https:\/\/www.medellin.gov.co\/es\/wp-json\/wp\/v2\/posts\/34492\/revisions"}],"predecessor-version":[{"id":37519,"href":"https:\/\/www.medellin.gov.co\/es\/wp-json\/wp\/v2\/posts\/34492\/revisions\/37519"}],"wp:featuredmedia":[{"embeddable":true,"href":"https:\/\/www.medellin.gov.co\/es\/wp-json\/wp\/v2\/media\/58285"}],"wp:attachment":[{"href":"https:\/\/www.medellin.gov.co\/es\/wp-json\/wp\/v2\/media?parent=34492"}],"wp:term":[{"taxonomy":"category","embeddable":true,"href":"https:\/\/www.medellin.gov.co\/es\/wp-json\/wp\/v2\/categories?post=34492"},{"taxonomy":"post_tag","embeddable":true,"href":"https:\/\/www.medellin.gov.co\/es\/wp-json\/wp\/v2\/tags?post=34492"},{"taxonomy":"formato_nota","embeddable":true,"href":"https:\/\/www.medellin.gov.co\/es\/wp-json\/wp\/v2\/formato_nota?post=34492"},{"taxonomy":"programas_tax","embeddable":true,"href":"https:\/\/www.medellin.gov.co\/es\/wp-json\/wp\/v2\/programas_tax?post=34492"}],"curies":[{"name":"wp","href":"https:\/\/api.w.org\/{rel}","templated":true}]}}