{"id":34507,"date":"2020-02-10T00:00:00","date_gmt":"2020-02-10T05:00:00","guid":{"rendered":"https:\/\/www.medellin.gov.co\/es\/saladeprensa\/noticias\/la-alcaldia-de-medellin-esta-lista-para-construir-la-primera-etapa-del-metro-de-la-80\/"},"modified":"2022-03-27T22:32:33","modified_gmt":"2022-03-28T03:32:33","slug":"la-alcaldia-de-medellin-esta-lista-para-construir-la-primera-etapa-del-metro-de-la-80","status":"publish","type":"post","link":"https:\/\/www.medellin.gov.co\/es\/sala-de-prensa\/noticias\/la-alcaldia-de-medellin-esta-lista-para-construir-la-primera-etapa-del-metro-de-la-80\/","title":{"rendered":"La Alcald\u00eda de Medell\u00edn est\u00e1 lista para construir la primera etapa del Metro de La 80"},"content":{"rendered":"<div class=\"wrap contenido\">\n<div class=\"noticia\">\n<div class=\"imagen\">\n<div class=\"divContImageNoticia\" style=\"background-image:url('\/irj\/go\/km\/docs\/galerias\/Imagenes\/Galer\u00eda d\u00eda a d\u00eda 2020\/500_400\/20200210_Metro80_3.jpg')\" rel=\"\/irj\/go\/km\/docs\/galerias\/Imagenes\/Galer\u00eda d\u00eda a d\u00eda 2020\/500_400\/20200210_Metro80_3.jpg\"><span style=\"display:none\"\/><\/div>\n<p>La Alcald\u00eda de Medell\u00edn est\u00e1 lista para construir la primera etapa del Metro de La 80.<\/p>\n<p>Foto Alcald\u00eda de Medell\u00edn<\/p><\/div>\n<p class=\"fecha\"><span>2020-02-10<\/span><\/p>\n<p itemprop=\"name\">La Alcald\u00eda de Medell\u00edn est\u00e1 lista para construir la primera etapa del Metro de La 80<\/p>\n<p>Por Prensa Alcald\u00eda de Medell\u00edn<\/p>\n<div class=\"cuerpo\">\n<p><p>&#8211; La fase inicial tendr&aacute; una inversi&oacute;n de $1,3 billones.<br \/>&#8211; El Metro saldr&aacute; de Caribe hacia La Floresta.<br \/>&#8211; Comprende tramos a&eacute;reos y subterr&aacute;neos que conectar&aacute;n tambi&eacute;n Robledo y las instituciones universitarias de la zona.<br \/>&#8211; <a target=\"_blank\" href=\"\/irj\/go\/km\/docs\/\/galerias\/Audios\/Audios d\u00eda a d\u00eda 2020\/20200210_Metrodela80Alcalde_01.mp3\" title=\"Palabras del alcalde de Medell&iacute;n, Daniel Quintero Calle\" rel=\"noopener\"><span style=\"color: #3366ff;\">|| Audio || Palabras del alcalde de Medell&iacute;n, Daniel Quintero Calle<\/span><\/a><br \/>&#8211; <a target=\"_blank\" href=\"\/irj\/go\/km\/docs\/\/galerias\/Audios\/Audios d\u00eda a d\u00eda 2020\/20200210_Metrodela80GerenteMetro_01.mp3\" title=\"|| Audio || Palabras del gerente del Metro, Tom&aacute;s Elejalde\" rel=\"noopener\"><span style=\"color: #3366ff;\">|| Audio || Palabras del gerente del Metro, Tom&aacute;s Elejalde<\/span><\/a><br \/>&#8211; <a target=\"_blank\" href=\"\/irj\/go\/km\/docs\/\/galerias\/Audios\/Audios d\u00eda a d\u00eda 2020\/20200210_Metrodela80DirectorArea_01.mp3\" title=\"Palabras del gerente del &Aacute;rea Metropolitana del Valle de Aburr&aacute;, Juan David Palacio\" rel=\"noopener\"><span style=\"color: #3366ff;\">|| Audio || Palabras del gerente del &Aacute;rea Metropolitana del Valle de Aburr&aacute;, Juan David Palacio<\/span><\/a><\/p>\n<p>El alcalde de Medell&iacute;n, Daniel Quintero Calle, anunci&oacute; que todo est&aacute; listo para iniciar la construcci&oacute;n de la primera etapa del Metro de La 80, proyecto de movilidad que reducir&aacute; los tiempos de desplazamiento, incentivar&aacute; el transporte colectivo y masivo, tal y como lo propone Medell&iacute;n Futuro.<\/p>\n<div class=\"programas todosProgramas contAdicionalHome\">\n<ul class=\"categoriaPrincipal categoriaPrincipal1 col2 ulAjustada\">\n<li><a target=\"_blank\" href=\"\/irj\/go\/km\/docs\/galerias\/Imagenes\/Galer&iacute;a d&iacute;a a d&iacute;a 2020\/20200210_Metro80_2.jpeg\" title=\"La Alcald&iacute;a de Medell&iacute;n est&aacute; lista para construir la primera etapa del Metro de La 80\" rel=\"noopener\"><img src=\"\/irj\/go\/km\/docs\/galerias\/Imagenes\/Galer&iacute;a d&iacute;a a d&iacute;a 2020\/500_400\/20200210_Metro80_2.jpg\" alt=\"La Alcald&iacute;a de Medell&iacute;n est&aacute; lista para construir la primera etapa del Metro de La 80\" title=\"La Alcald&iacute;a de Medell&iacute;n est&aacute; lista para construir la primera etapa del Metro de La 80\"\/><\/a><\/li>\n<li><a target=\"_blank\" href=\"\/irj\/go\/km\/docs\/galerias\/Imagenes\/Galer&iacute;a d&iacute;a a d&iacute;a 2020\/20200210_Metro80_1.jpeg\" title=\"La Alcald&iacute;a de Medell&iacute;n est&aacute; lista para construir la primera etapa del Metro de La 80\" rel=\"noopener\"><img src=\"\/irj\/go\/km\/docs\/galerias\/Imagenes\/Galer&iacute;a d&iacute;a a d&iacute;a 2020\/500_400\/20200210_Metro80_1.jpg\" alt=\"La Alcald&iacute;a de Medell&iacute;n est&aacute; lista para construir la primera etapa del Metro de La 80\" title=\"La Alcald&iacute;a de Medell&iacute;n est&aacute; lista para construir la primera etapa del Metro de La 80\"\/><\/a><\/li>\n<\/ul><\/div>\n<p>La fase inicial requiere recursos por $1,3 billones de una inversi&oacute;n total de $2,7 billones.&nbsp;<\/p>\n<p>&ldquo;Por los mismos recursos que nos iba otorgar el Gobierno Nacional vamos a iniciar la primera etapa del Metro de La 80 y tambi&eacute;n la del Tren de Cercan&iacute;as&rdquo;, indic&oacute; el mandatario local.&nbsp;<\/p>\n<p>Con este medio de transporte se busca desestimular el uso del veh&iacute;culo particular para migrar a tecnolog&iacute;as m&aacute;s limpias y consolidar a Medell&iacute;n como una Ecociudad.&nbsp;<\/p>\n<p>El gerente del Metro, Tom&aacute;s Elejalde, dijo que las caracter&iacute;sticas del proyecto permiten aplicar a&nbsp; la cofinanciaci&oacute;n, hasta del 70 %,&nbsp; con la Naci&oacute;n.&nbsp;<\/p>\n<p>En principio, este sistema saldr&iacute;a de Caribe hacia La Floresta, con tramos a&eacute;reos y subterr&aacute;neos que conectar&aacute;n a Robledo con las instituciones universitarias de la zona. El proyecto cumple con todas las exigencias del Departamento Nacional de Planeaci&oacute;n.<\/p>\n<\/p>\n<p><span style=\"display:none\"\/><\/div>\n<div class=\"compartir\">Compartir en: <a title=\"\" href=\"http:\/\/www.facebook.com\/share.php?u=\" class=\"btCompartirFacebook btCompartir\" target=\"_blank\" rel=\"noopener\"><a title=\"\" href=\"http:\/\/twitter.com\/home?status=Haz%20clic%20para%20ver%20esta%20noticia%20en%20\" class=\"btCompartirTwitter btCompartir\"\/><a title=\"\" href=\"whatsapp:\/\/send?text=Haz%20clic%20para%20ver%20esta%20noticia%20en%20\" class=\"btCompartirWa btCompartir\"\/><\/div>\n<\/div>\n<p><script>try{comprobarImagen();fixBtnRedes();hitsMedellin();}catch(e){}<\/script><\/div>\n","protected":false},"excerpt":{"rendered":"<p>La Alcald\u00eda de Medell\u00edn est\u00e1 lista para construir la primera etapa del Metro de La 80. Foto Alcald\u00eda de Medell\u00edn 2020-02-10 La Alcald\u00eda de Medell\u00edn est\u00e1 lista para construir la primera etapa del Metro de &#8230;<\/p>\n","protected":false},"author":1,"featured_media":58301,"comment_status":"open","ping_status":"open","sticky":false,"template":"","format":"standard","meta":[],"categories":[26,11,14],"tags":[440,453,447],"formato_nota":[],"programas_tax":[],"acf":[],"_links":{"self":[{"href":"https:\/\/www.medellin.gov.co\/es\/wp-json\/wp\/v2\/posts\/34507"}],"collection":[{"href":"https:\/\/www.medellin.gov.co\/es\/wp-json\/wp\/v2\/posts"}],"about":[{"href":"https:\/\/www.medellin.gov.co\/es\/wp-json\/wp\/v2\/types\/post"}],"author":[{"embeddable":true,"href":"https:\/\/www.medellin.gov.co\/es\/wp-json\/wp\/v2\/users\/1"}],"replies":[{"embeddable":true,"href":"https:\/\/www.medellin.gov.co\/es\/wp-json\/wp\/v2\/comments?post=34507"}],"version-history":[{"count":1,"href":"https:\/\/www.medellin.gov.co\/es\/wp-json\/wp\/v2\/posts\/34507\/revisions"}],"predecessor-version":[{"id":37534,"href":"https:\/\/www.medellin.gov.co\/es\/wp-json\/wp\/v2\/posts\/34507\/revisions\/37534"}],"wp:featuredmedia":[{"embeddable":true,"href":"https:\/\/www.medellin.gov.co\/es\/wp-json\/wp\/v2\/media\/58301"}],"wp:attachment":[{"href":"https:\/\/www.medellin.gov.co\/es\/wp-json\/wp\/v2\/media?parent=34507"}],"wp:term":[{"taxonomy":"category","embeddable":true,"href":"https:\/\/www.medellin.gov.co\/es\/wp-json\/wp\/v2\/categories?post=34507"},{"taxonomy":"post_tag","embeddable":true,"href":"https:\/\/www.medellin.gov.co\/es\/wp-json\/wp\/v2\/tags?post=34507"},{"taxonomy":"formato_nota","embeddable":true,"href":"https:\/\/www.medellin.gov.co\/es\/wp-json\/wp\/v2\/formato_nota?post=34507"},{"taxonomy":"programas_tax","embeddable":true,"href":"https:\/\/www.medellin.gov.co\/es\/wp-json\/wp\/v2\/programas_tax?post=34507"}],"curies":[{"name":"wp","href":"https:\/\/api.w.org\/{rel}","templated":true}]}}