{"id":345986,"date":"2024-09-22T21:21:02","date_gmt":"2024-09-23T02:21:02","guid":{"rendered":"https:\/\/www.medellin.gov.co\/es\/?p=345986"},"modified":"2024-09-22T21:21:02","modified_gmt":"2024-09-23T02:21:02","slug":"el-equipo-medellin-se-quedo-con-el-tercer-lugar-en-los-xxii-juegos-nacionales-deportivos-de-servidores-publicos","status":"publish","type":"post","link":"https:\/\/www.medellin.gov.co\/es\/sala-de-prensa\/noticias\/el-equipo-medellin-se-quedo-con-el-tercer-lugar-en-los-xxii-juegos-nacionales-deportivos-de-servidores-publicos\/","title":{"rendered":"El Equipo Medell\u00edn se qued\u00f3 con el tercer lugar en los XXII Juegos Nacionales Deportivos de Servidores P\u00fablicos"},"content":{"rendered":"<p>El seleccionado del <a href=\"https:\/\/www.medellin.gov.co\/\" target=\"_blank\" rel=\"noopener\">Distrito de Medell\u00edn<\/a> ocup\u00f3 el tercer lugar de la tabla general de los <a href=\"https:\/\/www.medellin.gov.co\/juegosnacionales\" target=\"_blank\" rel=\"noopener\">XXII Juegos Nacionales Deportivos de Servidores P\u00fablicos<\/a>, detr\u00e1s de las delegaciones del <a href=\"https:\/\/www.valledelcauca.gov.co\/\" target=\"_blank\" rel=\"noopener\">Valle del Cauca<\/a>, que se qued\u00f3 con el sitial de honor, y <a href=\"https:\/\/www.cali.gov.co\/\" target=\"_blank\" rel=\"noopener\">Cali<\/a>, que ocup\u00f3 el segundo puesto. <a href=\"https:\/\/www.medellin.gov.co\/\" target=\"_blank\" rel=\"noopener\">Medell\u00edn<\/a> ven\u00eda de ser campe\u00f3n general en <a href=\"https:\/\/www.yopal-casanare.gov.co\/\" target=\"_blank\" rel=\"noopener\">Yopal<\/a> 2022, seguido de <a href=\"https:\/\/www.cali.gov.co\/\" target=\"_blank\" rel=\"noopener\">Cali<\/a> y <a href=\"https:\/\/antioquia.gov.co\/\" target=\"_blank\" rel=\"noopener\">Antioquia<\/a>.<\/p>\n<p>El Equipo Medell\u00edn, con sus 225 representantes en <a href=\"https:\/\/colombia.travel\/es\/barranquilla\" target=\"_blank\" rel=\"noopener\">Barranquilla<\/a>, dej\u00f3 en alto el nombre del <a href=\"https:\/\/www.medellin.gov.co\/\" target=\"_blank\" rel=\"noopener\">Distrito Especial de Ciencia, Tecnolog\u00eda e Innovaci\u00f3n<\/a> y mostraron ante toda Colombia la calidad de nuestros servidores, su compa\u00f1erismo, esp\u00edritu deportivo, cooperaci\u00f3n, \u00e9tica y juego limpio.<\/p>\n<div id=\"attachment_345993\" style=\"width: 1034px\" class=\"wp-caption alignnone\"><a href=\"https:\/\/www.medellin.gov.co\/es\/wp-content\/uploads\/2024\/09\/clausura_juegos_1.jpg\" target=\"_blank\" rel=\"noopener\"><img aria-describedby=\"caption-attachment-345993\" loading=\"lazy\" class=\"wp-image-345993 size-large\" src=\"https:\/\/www.medellin.gov.co\/es\/wp-content\/uploads\/2024\/09\/clausura_juegos_1-1024x680.jpg\" alt=\"\" width=\"1024\" height=\"680\" srcset=\"https:\/\/www.medellin.gov.co\/es\/wp-content\/uploads\/2024\/09\/clausura_juegos_1-1024x680.jpg 1024w, https:\/\/www.medellin.gov.co\/es\/wp-content\/uploads\/2024\/09\/clausura_juegos_1-300x199.jpg 300w, https:\/\/www.medellin.gov.co\/es\/wp-content\/uploads\/2024\/09\/clausura_juegos_1-150x100.jpg 150w, https:\/\/www.medellin.gov.co\/es\/wp-content\/uploads\/2024\/09\/clausura_juegos_1-768x510.jpg 768w, https:\/\/www.medellin.gov.co\/es\/wp-content\/uploads\/2024\/09\/clausura_juegos_1.jpg 1280w\" sizes=\"(max-width: 1024px) 100vw, 1024px\" \/><\/a><p id=\"caption-attachment-345993\" class=\"wp-caption-text\">Clausura XXII Juegos Nacionales Deportivos de Servidores P\u00fablicos<\/p><\/div>\n<p><em>\u201cNuestros deportistas deben seguir convencidos de que trabajan en la mejor entidad p\u00fablica del pa\u00eds, donde nos cuidamos, protegemos y trabajamos a diario para que nos retemos profesionalmente, pero tambi\u00e9n les demos esos espaldarazos desde lo humano. Este logro, y todo el apoyo que desde el Distrito les brindamos, tienen toda la importancia y nos sentimos orgullosos, pues desde que llegamos, nuestro enfoque siempre ha estado en propender por espacios donde el balance para los servidores exista y se sientan como en casa\u201d,<\/em> expres\u00f3 Natalia Ram\u00edrez \u00c1ngel, secretaria de <a href=\"https:\/\/www.medellin.gov.co\/es\/secretaria-de-gestion-humana\/\" target=\"_blank\" rel=\"noopener\">Gesti\u00f3n Humana y Servicio a la Ciudadan\u00eda de la Alcald\u00eda de Medell\u00edn<\/a>.<\/p>\n<div id=\"attachment_343232\" style=\"width: 1034px\" class=\"wp-caption alignnone\"><a href=\"https:\/\/www.medellin.gov.co\/es\/wp-content\/uploads\/2024\/09\/Inauguracion_Juegos_Nacionles-1a.jpg\" target=\"_blank\" rel=\"noopener\"><img aria-describedby=\"caption-attachment-343232\" loading=\"lazy\" class=\"wp-image-343232 size-large\" src=\"https:\/\/www.medellin.gov.co\/es\/wp-content\/uploads\/2024\/09\/Inauguracion_Juegos_Nacionles-1a-1024x682.jpg\" alt=\"Inauguraci\u00f3n Juegos Nacionales\" width=\"1024\" height=\"682\" srcset=\"https:\/\/www.medellin.gov.co\/es\/wp-content\/uploads\/2024\/09\/Inauguracion_Juegos_Nacionles-1a-1024x682.jpg 1024w, https:\/\/www.medellin.gov.co\/es\/wp-content\/uploads\/2024\/09\/Inauguracion_Juegos_Nacionles-1a-300x200.jpg 300w, https:\/\/www.medellin.gov.co\/es\/wp-content\/uploads\/2024\/09\/Inauguracion_Juegos_Nacionles-1a-150x100.jpg 150w, https:\/\/www.medellin.gov.co\/es\/wp-content\/uploads\/2024\/09\/Inauguracion_Juegos_Nacionles-1a-768x512.jpg 768w, https:\/\/www.medellin.gov.co\/es\/wp-content\/uploads\/2024\/09\/Inauguracion_Juegos_Nacionles-1a.jpg 1280w\" sizes=\"(max-width: 1024px) 100vw, 1024px\" \/><\/a><p id=\"caption-attachment-343232\" class=\"wp-caption-text\">Equipo Medell\u00edn en los XXII Juegos Nacionales Deportivos de Servidores P\u00fablicos<\/p><\/div>\n<p><strong>Nataci\u00f3n y atletismo aportaron la mayor cantidad de oros de la delegaci\u00f3n<\/strong><\/p>\n<p>Medell\u00edn compiti\u00f3 en las 21 modalidades deportivas en competencia, destac\u00e1ndose la participaci\u00f3n en nataci\u00f3n y atletismo, que fueron las disciplinas que m\u00e1s preseas doradas aportaron a la delegaci\u00f3n. La nataci\u00f3n consigui\u00f3 34 metales dorados, 26 de plata y 21 de bronce, contando masculino y femenino. Por su parte, el atletismo sum\u00f3, entre masculino y femenino, 28 oros, 15 platas y 10 bronces.<\/p>\n\n\t\t<style type=\"text\/css\">\n\t\t\t#gallery-1 {\n\t\t\t\tmargin: auto;\n\t\t\t}\n\t\t\t#gallery-1 .gallery-item {\n\t\t\t\tfloat: left;\n\t\t\t\tmargin-top: 10px;\n\t\t\t\ttext-align: center;\n\t\t\t\twidth: 50%;\n\t\t\t}\n\t\t\t#gallery-1 img {\n\t\t\t\tborder: 2px solid #cfcfcf;\n\t\t\t}\n\t\t\t#gallery-1 .gallery-caption {\n\t\t\t\tmargin-left: 0;\n\t\t\t}\n\t\t\t\/* see gallery_shortcode() in wp-includes\/media.php *\/\n\t\t<\/style>\n\t\t<div id='gallery-1' class='gallery galleryid-345986 gallery-columns-2 gallery-size-large'><dl class='gallery-item'>\n\t\t\t<dt class='gallery-icon landscape'>\n\t\t\t\t<a href='https:\/\/www.medellin.gov.co\/es\/seleccionado_atletismo\/'><img width=\"1024\" height=\"680\" src=\"https:\/\/www.medellin.gov.co\/es\/wp-content\/uploads\/2024\/09\/Seleccionado_Atletismo-1024x680.jpg\" class=\"attachment-large size-large\" alt=\"\" loading=\"lazy\" aria-describedby=\"gallery-1-345961\" srcset=\"https:\/\/www.medellin.gov.co\/es\/wp-content\/uploads\/2024\/09\/Seleccionado_Atletismo-1024x680.jpg 1024w, https:\/\/www.medellin.gov.co\/es\/wp-content\/uploads\/2024\/09\/Seleccionado_Atletismo-300x199.jpg 300w, https:\/\/www.medellin.gov.co\/es\/wp-content\/uploads\/2024\/09\/Seleccionado_Atletismo-150x100.jpg 150w, https:\/\/www.medellin.gov.co\/es\/wp-content\/uploads\/2024\/09\/Seleccionado_Atletismo-768x510.jpg 768w, https:\/\/www.medellin.gov.co\/es\/wp-content\/uploads\/2024\/09\/Seleccionado_Atletismo.jpg 1280w\" sizes=\"(max-width: 1024px) 100vw, 1024px\" \/><\/a>\n\t\t\t<\/dt>\n\t\t\t\t<dd class='wp-caption-text gallery-caption' id='gallery-1-345961'>\n\t\t\t\tSeleccionado de atletismo\n\t\t\t\t<\/dd><\/dl><dl class='gallery-item'>\n\t\t\t<dt class='gallery-icon landscape'>\n\t\t\t\t<a href='https:\/\/www.medellin.gov.co\/es\/sala-de-prensa\/noticias\/la-natacion-bana-de-oro-a-la-delegacion-del-distrito\/seleccionado_natacion-21\/'><img width=\"1024\" height=\"682\" src=\"https:\/\/www.medellin.gov.co\/es\/wp-content\/uploads\/2024\/09\/seleccionado_natacion-21-1024x682.jpg\" class=\"attachment-large size-large\" alt=\"\" loading=\"lazy\" aria-describedby=\"gallery-1-345657\" srcset=\"https:\/\/www.medellin.gov.co\/es\/wp-content\/uploads\/2024\/09\/seleccionado_natacion-21-1024x682.jpg 1024w, https:\/\/www.medellin.gov.co\/es\/wp-content\/uploads\/2024\/09\/seleccionado_natacion-21-300x200.jpg 300w, https:\/\/www.medellin.gov.co\/es\/wp-content\/uploads\/2024\/09\/seleccionado_natacion-21-150x100.jpg 150w, https:\/\/www.medellin.gov.co\/es\/wp-content\/uploads\/2024\/09\/seleccionado_natacion-21-768x512.jpg 768w, https:\/\/www.medellin.gov.co\/es\/wp-content\/uploads\/2024\/09\/seleccionado_natacion-21.jpg 1280w\" sizes=\"(max-width: 1024px) 100vw, 1024px\" \/><\/a>\n\t\t\t<\/dt>\n\t\t\t\t<dd class='wp-caption-text gallery-caption' id='gallery-1-345657'>\n\t\t\t\tSeleccionado de nataci\u00f3n\n\t\t\t\t<\/dd><\/dl><br style=\"clear: both\" \/>\n\t\t<\/div>\n\n<p><strong>En los deportes de conjunto, el fustal masculino se colg\u00f3 la de oro<\/strong><\/p>\n<p>Entre los deportes de conjunto, solo el f\u00fatbol de sal\u00f3n masculino logr\u00f3 coronarse campe\u00f3n ante el equipo de Norte de Santander, despu\u00e9s de que este t\u00edtulo le hab\u00eda sido esquivo por varias ediciones de los <a href=\"https:\/\/www.medellin.gov.co\/juegosnacionales\" target=\"_blank\" rel=\"noopener\">Juegos Nacionales<\/a>. Fue un intenso partido que finaliz\u00f3 5 a 5 en el tiempo reglamentario y que se decidi\u00f3 en los tiros desde el punto penal, donde el Distrito se llev\u00f3 la gloria. Por su parte, el equipo femenino de este deporte logr\u00f3 la medalla de plata al caer en la final por 6 a 4 ante Arauca.<\/p>\n<p><div class=\"iframe-container\"><iframe title=\"YouTube video player\" src=\"https:\/\/www.youtube.com\/embed\/bBgyXW571ZY?si=FrK4raZi1dhm6Rzo\" width=\"100%\" height=\"350\" frameborder=\"0\" allowfullscreen=\"allowfullscreen\"><span data-mce-type=\"bookmark\" style=\"display: inline-block; width: 0px; overflow: hidden; line-height: 0;\" class=\"mce_SELRES_start\">\ufeff<\/span><\/iframe><\/div><\/p>\n\n\t\t<style type=\"text\/css\">\n\t\t\t#gallery-2 {\n\t\t\t\tmargin: auto;\n\t\t\t}\n\t\t\t#gallery-2 .gallery-item {\n\t\t\t\tfloat: left;\n\t\t\t\tmargin-top: 10px;\n\t\t\t\ttext-align: center;\n\t\t\t\twidth: 50%;\n\t\t\t}\n\t\t\t#gallery-2 img {\n\t\t\t\tborder: 2px solid #cfcfcf;\n\t\t\t}\n\t\t\t#gallery-2 .gallery-caption {\n\t\t\t\tmargin-left: 0;\n\t\t\t}\n\t\t\t\/* see gallery_shortcode() in wp-includes\/media.php *\/\n\t\t<\/style>\n\t\t<div id='gallery-2' class='gallery galleryid-345986 gallery-columns-2 gallery-size-large'><dl class='gallery-item'>\n\t\t\t<dt class='gallery-icon landscape'>\n\t\t\t\t<a href='https:\/\/www.medellin.gov.co\/es\/sala-de-prensa\/noticias\/el-equipo-medellin-se-quedo-con-el-tercer-lugar-en-los-xxii-juegos-nacionales-deportivos-de-servidores-publicos\/futsal_masculino_1\/'><img width=\"1024\" height=\"680\" src=\"https:\/\/www.medellin.gov.co\/es\/wp-content\/uploads\/2024\/09\/futsal_masculino_1-1024x680.jpg\" class=\"attachment-large size-large\" alt=\"Seleccionado de f\u00fatbol de sal\u00f3n masculino\" loading=\"lazy\" aria-describedby=\"gallery-2-345991\" srcset=\"https:\/\/www.medellin.gov.co\/es\/wp-content\/uploads\/2024\/09\/futsal_masculino_1-1024x680.jpg 1024w, https:\/\/www.medellin.gov.co\/es\/wp-content\/uploads\/2024\/09\/futsal_masculino_1-300x199.jpg 300w, https:\/\/www.medellin.gov.co\/es\/wp-content\/uploads\/2024\/09\/futsal_masculino_1-150x100.jpg 150w, https:\/\/www.medellin.gov.co\/es\/wp-content\/uploads\/2024\/09\/futsal_masculino_1-768x510.jpg 768w, https:\/\/www.medellin.gov.co\/es\/wp-content\/uploads\/2024\/09\/futsal_masculino_1.jpg 1280w\" sizes=\"(max-width: 1024px) 100vw, 1024px\" \/><\/a>\n\t\t\t<\/dt>\n\t\t\t\t<dd class='wp-caption-text gallery-caption' id='gallery-2-345991'>\n\t\t\t\tSeleccionado de f\u00fatbol de sal\u00f3n masculino\n\t\t\t\t<\/dd><\/dl><dl class='gallery-item'>\n\t\t\t<dt class='gallery-icon landscape'>\n\t\t\t\t<a href='https:\/\/www.medellin.gov.co\/es\/sala-de-prensa\/noticias\/el-equipo-medellin-se-quedo-con-el-tercer-lugar-en-los-xxii-juegos-nacionales-deportivos-de-servidores-publicos\/futsal_femenino_1\/'><img width=\"1024\" height=\"680\" src=\"https:\/\/www.medellin.gov.co\/es\/wp-content\/uploads\/2024\/09\/futsal_femenino_1-1024x680.jpg\" class=\"attachment-large size-large\" alt=\"Seleccionado de f\u00fatbol de sal\u00f3n femenino\" loading=\"lazy\" aria-describedby=\"gallery-2-345990\" srcset=\"https:\/\/www.medellin.gov.co\/es\/wp-content\/uploads\/2024\/09\/futsal_femenino_1-1024x680.jpg 1024w, https:\/\/www.medellin.gov.co\/es\/wp-content\/uploads\/2024\/09\/futsal_femenino_1-300x199.jpg 300w, https:\/\/www.medellin.gov.co\/es\/wp-content\/uploads\/2024\/09\/futsal_femenino_1-150x100.jpg 150w, https:\/\/www.medellin.gov.co\/es\/wp-content\/uploads\/2024\/09\/futsal_femenino_1-768x510.jpg 768w, https:\/\/www.medellin.gov.co\/es\/wp-content\/uploads\/2024\/09\/futsal_femenino_1.jpg 1280w\" sizes=\"(max-width: 1024px) 100vw, 1024px\" \/><\/a>\n\t\t\t<\/dt>\n\t\t\t\t<dd class='wp-caption-text gallery-caption' id='gallery-2-345990'>\n\t\t\t\tSeleccionado de f\u00fatbol de sal\u00f3n femenino\n\t\t\t\t<\/dd><\/dl><br style=\"clear: both\" \/>\n\t\t<\/div>\n\n<p>Tanto el quinteto de baloncesto masculino como el femenino se colgaron la medalla de bronce en sus respectivas modalidades. El equipo masculino obtuvo el tercer lugar al vencer en el \u00faltimo juego por marcador de 48 a 43 a la <a href=\"https:\/\/www.valledelcauca.gov.co\/\" target=\"_blank\" rel=\"noopener\">Gobernaci\u00f3n del Valle del Cauca<\/a>. Las damas tambi\u00e9n se impusieron a <a href=\"https:\/\/colombia.travel\/es\/san-andres-isla\" target=\"_blank\" rel=\"noopener\">San Andr\u00e9s<\/a> en el partido por el tercer lugar, por 43 a 20.<\/p>\n\n\t\t<style type=\"text\/css\">\n\t\t\t#gallery-3 {\n\t\t\t\tmargin: auto;\n\t\t\t}\n\t\t\t#gallery-3 .gallery-item {\n\t\t\t\tfloat: left;\n\t\t\t\tmargin-top: 10px;\n\t\t\t\ttext-align: center;\n\t\t\t\twidth: 50%;\n\t\t\t}\n\t\t\t#gallery-3 img {\n\t\t\t\tborder: 2px solid #cfcfcf;\n\t\t\t}\n\t\t\t#gallery-3 .gallery-caption {\n\t\t\t\tmargin-left: 0;\n\t\t\t}\n\t\t\t\/* see gallery_shortcode() in wp-includes\/media.php *\/\n\t\t<\/style>\n\t\t<div id='gallery-3' class='gallery galleryid-345986 gallery-columns-2 gallery-size-large'><dl class='gallery-item'>\n\t\t\t<dt class='gallery-icon landscape'>\n\t\t\t\t<a href='https:\/\/www.medellin.gov.co\/es\/sala-de-prensa\/noticias\/adri-y-nana-una-dupla-ganadora\/seleccinado_baloncestpo\/'><img width=\"1024\" height=\"680\" src=\"https:\/\/www.medellin.gov.co\/es\/wp-content\/uploads\/2024\/09\/seleccinado_baloncestpo-1024x680.jpg\" class=\"attachment-large size-large\" alt=\"\" loading=\"lazy\" aria-describedby=\"gallery-3-344663\" srcset=\"https:\/\/www.medellin.gov.co\/es\/wp-content\/uploads\/2024\/09\/seleccinado_baloncestpo-1024x680.jpg 1024w, https:\/\/www.medellin.gov.co\/es\/wp-content\/uploads\/2024\/09\/seleccinado_baloncestpo-300x199.jpg 300w, https:\/\/www.medellin.gov.co\/es\/wp-content\/uploads\/2024\/09\/seleccinado_baloncestpo-150x100.jpg 150w, https:\/\/www.medellin.gov.co\/es\/wp-content\/uploads\/2024\/09\/seleccinado_baloncestpo-768x510.jpg 768w, https:\/\/www.medellin.gov.co\/es\/wp-content\/uploads\/2024\/09\/seleccinado_baloncestpo.jpg 1280w\" sizes=\"(max-width: 1024px) 100vw, 1024px\" \/><\/a>\n\t\t\t<\/dt>\n\t\t\t\t<dd class='wp-caption-text gallery-caption' id='gallery-3-344663'>\n\t\t\t\tSeleccionado de baloncesto\n\t\t\t\t<\/dd><\/dl><dl class='gallery-item'>\n\t\t\t<dt class='gallery-icon landscape'>\n\t\t\t\t<a href='https:\/\/www.medellin.gov.co\/es\/sala-de-prensa\/noticias\/la-alcaldia-me-ayudo-a-cumplir-el-sueno-de-mis-padres-regresar-al-camino-correcto-y-vivir-bien-carlos-gonzalez\/selcionado_baloncsto_masulino-10\/'><img width=\"1024\" height=\"682\" src=\"https:\/\/www.medellin.gov.co\/es\/wp-content\/uploads\/2024\/09\/Selcionado_baloncsto_masulino-10-1024x682.jpg\" class=\"attachment-large size-large\" alt=\"\" loading=\"lazy\" aria-describedby=\"gallery-3-344102\" srcset=\"https:\/\/www.medellin.gov.co\/es\/wp-content\/uploads\/2024\/09\/Selcionado_baloncsto_masulino-10-1024x682.jpg 1024w, https:\/\/www.medellin.gov.co\/es\/wp-content\/uploads\/2024\/09\/Selcionado_baloncsto_masulino-10-300x200.jpg 300w, https:\/\/www.medellin.gov.co\/es\/wp-content\/uploads\/2024\/09\/Selcionado_baloncsto_masulino-10-150x100.jpg 150w, https:\/\/www.medellin.gov.co\/es\/wp-content\/uploads\/2024\/09\/Selcionado_baloncsto_masulino-10-768x512.jpg 768w, https:\/\/www.medellin.gov.co\/es\/wp-content\/uploads\/2024\/09\/Selcionado_baloncsto_masulino-10.jpg 1280w\" sizes=\"(max-width: 1024px) 100vw, 1024px\" \/><\/a>\n\t\t\t<\/dt>\n\t\t\t\t<dd class='wp-caption-text gallery-caption' id='gallery-3-344102'>\n\t\t\t\tSeleccionado baloncesto masculino\n\t\t\t\t<\/dd><\/dl><br style=\"clear: both\" \/>\n\t\t<\/div>\n\n<p>&nbsp;<\/p>\n<p>El v\u00f3ley-playa femenino se colg\u00f3 la medalla de bronce al vencer a <a href=\"https:\/\/www.cali.gov.co\/\" target=\"_blank\" rel=\"noopener\">Cali<\/a>, por dos sets a uno, en el partido por el tercer puesto.<\/p>\n\n\t\t<style type=\"text\/css\">\n\t\t\t#gallery-4 {\n\t\t\t\tmargin: auto;\n\t\t\t}\n\t\t\t#gallery-4 .gallery-item {\n\t\t\t\tfloat: left;\n\t\t\t\tmargin-top: 10px;\n\t\t\t\ttext-align: center;\n\t\t\t\twidth: 50%;\n\t\t\t}\n\t\t\t#gallery-4 img {\n\t\t\t\tborder: 2px solid #cfcfcf;\n\t\t\t}\n\t\t\t#gallery-4 .gallery-caption {\n\t\t\t\tmargin-left: 0;\n\t\t\t}\n\t\t\t\/* see gallery_shortcode() in wp-includes\/media.php *\/\n\t\t<\/style>\n\t\t<div id='gallery-4' class='gallery galleryid-345986 gallery-columns-2 gallery-size-large'><dl class='gallery-item'>\n\t\t\t<dt class='gallery-icon landscape'>\n\t\t\t\t<a href='https:\/\/www.medellin.gov.co\/es\/seleccionado_volei-playa_2\/'><img width=\"1024\" height=\"680\" src=\"https:\/\/www.medellin.gov.co\/es\/wp-content\/uploads\/2024\/09\/Seleccionado_volei-playa_2-1024x680.jpg\" class=\"attachment-large size-large\" alt=\"Seleccionado de volei-playa femenino\" loading=\"lazy\" aria-describedby=\"gallery-4-345975\" srcset=\"https:\/\/www.medellin.gov.co\/es\/wp-content\/uploads\/2024\/09\/Seleccionado_volei-playa_2-1024x680.jpg 1024w, https:\/\/www.medellin.gov.co\/es\/wp-content\/uploads\/2024\/09\/Seleccionado_volei-playa_2-300x199.jpg 300w, https:\/\/www.medellin.gov.co\/es\/wp-content\/uploads\/2024\/09\/Seleccionado_volei-playa_2-150x100.jpg 150w, https:\/\/www.medellin.gov.co\/es\/wp-content\/uploads\/2024\/09\/Seleccionado_volei-playa_2-768x510.jpg 768w, https:\/\/www.medellin.gov.co\/es\/wp-content\/uploads\/2024\/09\/Seleccionado_volei-playa_2.jpg 1280w\" sizes=\"(max-width: 1024px) 100vw, 1024px\" \/><\/a>\n\t\t\t<\/dt>\n\t\t\t\t<dd class='wp-caption-text gallery-caption' id='gallery-4-345975'>\n\t\t\t\tSeleccionado de volei-playa femenino\n\t\t\t\t<\/dd><\/dl><dl class='gallery-item'>\n\t\t\t<dt class='gallery-icon landscape'>\n\t\t\t\t<a href='https:\/\/www.medellin.gov.co\/es\/seleccionado_volei-playa_1\/'><img width=\"1024\" height=\"680\" src=\"https:\/\/www.medellin.gov.co\/es\/wp-content\/uploads\/2024\/09\/Seleccionado_volei-playa_1-1024x680.jpg\" class=\"attachment-large size-large\" alt=\"Seleccionado de volei-playa femenino\" loading=\"lazy\" aria-describedby=\"gallery-4-345972\" srcset=\"https:\/\/www.medellin.gov.co\/es\/wp-content\/uploads\/2024\/09\/Seleccionado_volei-playa_1-1024x680.jpg 1024w, https:\/\/www.medellin.gov.co\/es\/wp-content\/uploads\/2024\/09\/Seleccionado_volei-playa_1-300x199.jpg 300w, https:\/\/www.medellin.gov.co\/es\/wp-content\/uploads\/2024\/09\/Seleccionado_volei-playa_1-150x100.jpg 150w, https:\/\/www.medellin.gov.co\/es\/wp-content\/uploads\/2024\/09\/Seleccionado_volei-playa_1-768x510.jpg 768w, https:\/\/www.medellin.gov.co\/es\/wp-content\/uploads\/2024\/09\/Seleccionado_volei-playa_1.jpg 1280w\" sizes=\"(max-width: 1024px) 100vw, 1024px\" \/><\/a>\n\t\t\t<\/dt>\n\t\t\t\t<dd class='wp-caption-text gallery-caption' id='gallery-4-345972'>\n\t\t\t\tSeleccionado de volei-playa femenino\n\t\t\t\t<\/dd><\/dl><br style=\"clear: both\" \/>\n\t\t<\/div>\n\n<p><em>\u201cEstos juegos nos dejan m\u00faltiples ense\u00f1anzas, como el trabajo en equipo, la preparaci\u00f3n, el componente m\u00e9dico, la direcci\u00f3n t\u00e9cnica, el compromiso de los servidores, pero tambi\u00e9n el c\u00f3mo prepararnos en relaci\u00f3n con las condiciones clim\u00e1ticas adversas. Le quedan a Medell\u00edn muchas medallas y el potencial en atletismo, nataci\u00f3n y ciclismo. De igual forma, un trabajo puntual con los deportes de conjunto, como f\u00fatbol, f\u00fatbol de sal\u00f3n, voleibol y baloncesto\u201d,<\/em> coment\u00f3 Carlos Alberto Yepes Peralta, presidente de la delegaci\u00f3n de la Administraci\u00f3n Distrital.<\/p>\n<p><strong>En los deportes individuales, el ciclismo tuvo una gran cosecha dorada<\/strong><\/p>\n<p>El equipo de ciclismo del <a href=\"https:\/\/www.medellin.gov.co\/\" target=\"_blank\" rel=\"noopener\">Distrito<\/a> tuvo una gran cosecha dorada al acumular nueve medallas de oro, nueve de plata y seis de bronce. La ciclista A\u00edda Duque Botero, en la categor\u00eda C, se convirti\u00f3 en la reina del ciclismo del <a href=\"https:\/\/www.medellin.gov.co\/\" target=\"_blank\" rel=\"noopener\">Distrito<\/a>, con tres metales dorados.<\/p>\n\n\t\t<style type=\"text\/css\">\n\t\t\t#gallery-5 {\n\t\t\t\tmargin: auto;\n\t\t\t}\n\t\t\t#gallery-5 .gallery-item {\n\t\t\t\tfloat: left;\n\t\t\t\tmargin-top: 10px;\n\t\t\t\ttext-align: center;\n\t\t\t\twidth: 50%;\n\t\t\t}\n\t\t\t#gallery-5 img {\n\t\t\t\tborder: 2px solid #cfcfcf;\n\t\t\t}\n\t\t\t#gallery-5 .gallery-caption {\n\t\t\t\tmargin-left: 0;\n\t\t\t}\n\t\t\t\/* see gallery_shortcode() in wp-includes\/media.php *\/\n\t\t<\/style>\n\t\t<div id='gallery-5' class='gallery galleryid-345986 gallery-columns-2 gallery-size-large'><dl class='gallery-item'>\n\t\t\t<dt class='gallery-icon landscape'>\n\t\t\t\t<a href='https:\/\/www.medellin.gov.co\/es\/sala-de-prensa\/noticias\/la-natacion-bana-de-oro-a-la-delegacion-del-distrito\/seleccinado_ciclismo_2\/'><img width=\"1024\" height=\"680\" src=\"https:\/\/www.medellin.gov.co\/es\/wp-content\/uploads\/2024\/09\/Seleccinado_ciclismo_2-1024x680.jpg\" class=\"attachment-large size-large\" alt=\"\" loading=\"lazy\" aria-describedby=\"gallery-5-345603\" srcset=\"https:\/\/www.medellin.gov.co\/es\/wp-content\/uploads\/2024\/09\/Seleccinado_ciclismo_2-1024x680.jpg 1024w, https:\/\/www.medellin.gov.co\/es\/wp-content\/uploads\/2024\/09\/Seleccinado_ciclismo_2-300x199.jpg 300w, https:\/\/www.medellin.gov.co\/es\/wp-content\/uploads\/2024\/09\/Seleccinado_ciclismo_2-150x100.jpg 150w, https:\/\/www.medellin.gov.co\/es\/wp-content\/uploads\/2024\/09\/Seleccinado_ciclismo_2-768x510.jpg 768w, https:\/\/www.medellin.gov.co\/es\/wp-content\/uploads\/2024\/09\/Seleccinado_ciclismo_2.jpg 1280w\" sizes=\"(max-width: 1024px) 100vw, 1024px\" \/><\/a>\n\t\t\t<\/dt>\n\t\t\t\t<dd class='wp-caption-text gallery-caption' id='gallery-5-345603'>\n\t\t\t\tSeleccionado de ciclismo\n\t\t\t\t<\/dd><\/dl><dl class='gallery-item'>\n\t\t\t<dt class='gallery-icon landscape'>\n\t\t\t\t<a href='https:\/\/www.medellin.gov.co\/es\/sala-de-prensa\/noticias\/la-natacion-bana-de-oro-a-la-delegacion-del-distrito\/seleccinado_ciclismo_1\/'><img width=\"1024\" height=\"680\" src=\"https:\/\/www.medellin.gov.co\/es\/wp-content\/uploads\/2024\/09\/Seleccinado_ciclismo_1-1024x680.jpg\" class=\"attachment-large size-large\" alt=\"\" loading=\"lazy\" aria-describedby=\"gallery-5-345601\" srcset=\"https:\/\/www.medellin.gov.co\/es\/wp-content\/uploads\/2024\/09\/Seleccinado_ciclismo_1-1024x680.jpg 1024w, https:\/\/www.medellin.gov.co\/es\/wp-content\/uploads\/2024\/09\/Seleccinado_ciclismo_1-300x199.jpg 300w, https:\/\/www.medellin.gov.co\/es\/wp-content\/uploads\/2024\/09\/Seleccinado_ciclismo_1-150x100.jpg 150w, https:\/\/www.medellin.gov.co\/es\/wp-content\/uploads\/2024\/09\/Seleccinado_ciclismo_1-768x510.jpg 768w, https:\/\/www.medellin.gov.co\/es\/wp-content\/uploads\/2024\/09\/Seleccinado_ciclismo_1.jpg 1280w\" sizes=\"(max-width: 1024px) 100vw, 1024px\" \/><\/a>\n\t\t\t<\/dt>\n\t\t\t\t<dd class='wp-caption-text gallery-caption' id='gallery-5-345601'>\n\t\t\t\tSeleccionado de ciclismo\n\t\t\t\t<\/dd><\/dl><br style=\"clear: both\" \/><dl class='gallery-item'>\n\t\t\t<dt class='gallery-icon landscape'>\n\t\t\t\t<a href='https:\/\/www.medellin.gov.co\/es\/sala-de-prensa\/noticias\/la-natacion-bana-de-oro-a-la-delegacion-del-distrito\/seleccinado_ciclismo_3\/'><img width=\"1024\" height=\"680\" src=\"https:\/\/www.medellin.gov.co\/es\/wp-content\/uploads\/2024\/09\/Seleccinado_ciclismo_3-1024x680.jpg\" class=\"attachment-large size-large\" alt=\"\" loading=\"lazy\" aria-describedby=\"gallery-5-345604\" srcset=\"https:\/\/www.medellin.gov.co\/es\/wp-content\/uploads\/2024\/09\/Seleccinado_ciclismo_3-1024x680.jpg 1024w, https:\/\/www.medellin.gov.co\/es\/wp-content\/uploads\/2024\/09\/Seleccinado_ciclismo_3-300x199.jpg 300w, https:\/\/www.medellin.gov.co\/es\/wp-content\/uploads\/2024\/09\/Seleccinado_ciclismo_3-150x100.jpg 150w, https:\/\/www.medellin.gov.co\/es\/wp-content\/uploads\/2024\/09\/Seleccinado_ciclismo_3-768x510.jpg 768w, https:\/\/www.medellin.gov.co\/es\/wp-content\/uploads\/2024\/09\/Seleccinado_ciclismo_3.jpg 1280w\" sizes=\"(max-width: 1024px) 100vw, 1024px\" \/><\/a>\n\t\t\t<\/dt>\n\t\t\t\t<dd class='wp-caption-text gallery-caption' id='gallery-5-345604'>\n\t\t\t\tSeleccionado de ciclismo\n\t\t\t\t<\/dd><\/dl><dl class='gallery-item'>\n\t\t\t<dt class='gallery-icon landscape'>\n\t\t\t\t<a href='https:\/\/www.medellin.gov.co\/es\/equipo_ciclismo_1\/'><img width=\"1024\" height=\"680\" src=\"https:\/\/www.medellin.gov.co\/es\/wp-content\/uploads\/2024\/09\/equipo_ciclismo_1-1024x680.jpg\" class=\"attachment-large size-large\" alt=\"\" loading=\"lazy\" aria-describedby=\"gallery-5-345297\" srcset=\"https:\/\/www.medellin.gov.co\/es\/wp-content\/uploads\/2024\/09\/equipo_ciclismo_1-1024x680.jpg 1024w, https:\/\/www.medellin.gov.co\/es\/wp-content\/uploads\/2024\/09\/equipo_ciclismo_1-300x199.jpg 300w, https:\/\/www.medellin.gov.co\/es\/wp-content\/uploads\/2024\/09\/equipo_ciclismo_1-150x100.jpg 150w, https:\/\/www.medellin.gov.co\/es\/wp-content\/uploads\/2024\/09\/equipo_ciclismo_1-768x510.jpg 768w, https:\/\/www.medellin.gov.co\/es\/wp-content\/uploads\/2024\/09\/equipo_ciclismo_1.jpg 1280w\" sizes=\"(max-width: 1024px) 100vw, 1024px\" \/><\/a>\n\t\t\t<\/dt>\n\t\t\t\t<dd class='wp-caption-text gallery-caption' id='gallery-5-345297'>\n\t\t\t\tSeleccionado de ciclismo\n\t\t\t\t<\/dd><\/dl><br style=\"clear: both\" \/>\n\t\t<\/div>\n\n<p>Los integrantes del equipo de bolos (masculino y femenino) acumularon para el <a href=\"https:\/\/www.medellin.gov.co\/\" target=\"_blank\" rel=\"noopener\">Distrito<\/a> dos oros en parejas mixtas y todo evento femenino, tres platas en ternas masculinas, parejas femenino e individual masculino, y cuatro bronces en equipos femenino y masculino, ternas femenino e individual femenino.<\/p>\n<div id=\"attachment_345263\" style=\"width: 1034px\" class=\"wp-caption alignnone\"><a href=\"https:\/\/www.medellin.gov.co\/es\/wp-content\/uploads\/2022\/08\/seleccionado_bolo-23.jpg\"><img aria-describedby=\"caption-attachment-345263\" loading=\"lazy\" class=\"size-large wp-image-345263\" src=\"https:\/\/www.medellin.gov.co\/es\/wp-content\/uploads\/2022\/08\/seleccionado_bolo-23-1024x682.jpg\" alt=\"\" width=\"1024\" height=\"682\" srcset=\"https:\/\/www.medellin.gov.co\/es\/wp-content\/uploads\/2022\/08\/seleccionado_bolo-23-1024x682.jpg 1024w, https:\/\/www.medellin.gov.co\/es\/wp-content\/uploads\/2022\/08\/seleccionado_bolo-23-300x200.jpg 300w, https:\/\/www.medellin.gov.co\/es\/wp-content\/uploads\/2022\/08\/seleccionado_bolo-23-150x100.jpg 150w, https:\/\/www.medellin.gov.co\/es\/wp-content\/uploads\/2022\/08\/seleccionado_bolo-23-768x512.jpg 768w, https:\/\/www.medellin.gov.co\/es\/wp-content\/uploads\/2022\/08\/seleccionado_bolo-23.jpg 1280w\" sizes=\"(max-width: 1024px) 100vw, 1024px\" \/><\/a><p id=\"caption-attachment-345263\" class=\"wp-caption-text\">Seleccionado de bolo<\/p><\/div>\n<p>El tenis de campo le entreg\u00f3 a la delegaci\u00f3n del <a href=\"https:\/\/www.medellin.gov.co\/\" target=\"_blank\" rel=\"noopener\">Distrito<\/a> dos platas: femenino individual y dobles femeninos, y dos bronces: dobles mixtos y dobles masculinos.<\/p>\n<div id=\"attachment_345939\" style=\"width: 1034px\" class=\"wp-caption alignnone\"><a href=\"https:\/\/www.medellin.gov.co\/es\/wp-content\/uploads\/2024\/09\/Seleccionado_tenis_campo-5.jpg\" target=\"_blank\" rel=\"noopener\"><img aria-describedby=\"caption-attachment-345939\" loading=\"lazy\" class=\"wp-image-345939 size-large\" src=\"https:\/\/www.medellin.gov.co\/es\/wp-content\/uploads\/2024\/09\/Seleccionado_tenis_campo-5-1024x682.jpg\" alt=\"\" width=\"1024\" height=\"682\" srcset=\"https:\/\/www.medellin.gov.co\/es\/wp-content\/uploads\/2024\/09\/Seleccionado_tenis_campo-5-1024x682.jpg 1024w, https:\/\/www.medellin.gov.co\/es\/wp-content\/uploads\/2024\/09\/Seleccionado_tenis_campo-5-300x200.jpg 300w, https:\/\/www.medellin.gov.co\/es\/wp-content\/uploads\/2024\/09\/Seleccionado_tenis_campo-5-150x100.jpg 150w, https:\/\/www.medellin.gov.co\/es\/wp-content\/uploads\/2024\/09\/Seleccionado_tenis_campo-5-768x512.jpg 768w, https:\/\/www.medellin.gov.co\/es\/wp-content\/uploads\/2024\/09\/Seleccionado_tenis_campo-5.jpg 1280w\" sizes=\"(max-width: 1024px) 100vw, 1024px\" \/><\/a><p id=\"caption-attachment-345939\" class=\"wp-caption-text\">Seleccionado de tenis de campo<\/p><\/div>\n<p>El equipo del billar conquist\u00f3 una medalla de bronce. Mientras que el seleccionado masculino de tejo ocup\u00f3 el tercer lugar entre las 16 selecciones participantes, mientras que el equipo femenino de minitejo ocup\u00f3 el cuarto puesto entre 22 selecciones.<\/p>\n<div id=\"attachment_345287\" style=\"width: 1034px\" class=\"wp-caption alignnone\"><a href=\"https:\/\/www.medellin.gov.co\/es\/wp-content\/uploads\/2022\/08\/Seleccionado_minitejo-4.jpg\" target=\"_blank\" rel=\"noopener\"><img aria-describedby=\"caption-attachment-345287\" loading=\"lazy\" class=\"wp-image-345287 size-large\" src=\"https:\/\/www.medellin.gov.co\/es\/wp-content\/uploads\/2022\/08\/Seleccionado_minitejo-4-1024x682.jpg\" alt=\"\" width=\"1024\" height=\"682\" srcset=\"https:\/\/www.medellin.gov.co\/es\/wp-content\/uploads\/2022\/08\/Seleccionado_minitejo-4-1024x682.jpg 1024w, https:\/\/www.medellin.gov.co\/es\/wp-content\/uploads\/2022\/08\/Seleccionado_minitejo-4-300x200.jpg 300w, https:\/\/www.medellin.gov.co\/es\/wp-content\/uploads\/2022\/08\/Seleccionado_minitejo-4-150x100.jpg 150w, https:\/\/www.medellin.gov.co\/es\/wp-content\/uploads\/2022\/08\/Seleccionado_minitejo-4-768x512.jpg 768w, https:\/\/www.medellin.gov.co\/es\/wp-content\/uploads\/2022\/08\/Seleccionado_minitejo-4.jpg 1280w\" sizes=\"(max-width: 1024px) 100vw, 1024px\" \/><\/a><p id=\"caption-attachment-345287\" class=\"wp-caption-text\">Seleccionado de minitejo<\/p><\/div>\n<p>El tenis de mesa cosech\u00f3 dos medallas de bronce en dobles, femenino y masculino. Las duplas estuvieron conformadas por Aura In\u00e9s Valencia, de la <a href=\"https:\/\/www.medellin.gov.co\/es\/secretaria-de-comunicaciones\/\" target=\"_blank\" rel=\"noopener\">Secretar\u00eda de Comunicaciones<\/a>, y Jaqueline Mar\u00edn, de la <a href=\"https:\/\/www.medellin.gov.co\/es\/secretaria-de-inclusion-social-y-familia\/\" target=\"_blank\" rel=\"noopener\">Secretar\u00eda de Inclusi\u00f3n Social y Familia<\/a>, y Hernando Antonio Acosta, de la <a href=\"https:\/\/www.medellin.gov.co\/es\/secretaria-de-hacienda\/\" target=\"_blank\" rel=\"noopener\">Secretar\u00eda de Hacienda<\/a>, y V\u00edctor Restrepo, de <a href=\"https:\/\/www.epm.com.co\/content\/epm\/clientesyusuarios.html\" target=\"_blank\" rel=\"noopener\">EPM<\/a>.<\/p>\n<div id=\"attachment_343930\" style=\"width: 1034px\" class=\"wp-caption alignnone\"><a href=\"https:\/\/www.medellin.gov.co\/es\/wp-content\/uploads\/2024\/09\/Seleccionado-tenis-de-mesa-3.jpg\" target=\"_blank\" rel=\"noopener\"><img aria-describedby=\"caption-attachment-343930\" loading=\"lazy\" class=\"wp-image-343930 size-large\" src=\"https:\/\/www.medellin.gov.co\/es\/wp-content\/uploads\/2024\/09\/Seleccionado-tenis-de-mesa-3-1024x682.jpg\" alt=\"\" width=\"1024\" height=\"682\" srcset=\"https:\/\/www.medellin.gov.co\/es\/wp-content\/uploads\/2024\/09\/Seleccionado-tenis-de-mesa-3-1024x682.jpg 1024w, https:\/\/www.medellin.gov.co\/es\/wp-content\/uploads\/2024\/09\/Seleccionado-tenis-de-mesa-3-300x200.jpg 300w, https:\/\/www.medellin.gov.co\/es\/wp-content\/uploads\/2024\/09\/Seleccionado-tenis-de-mesa-3-150x100.jpg 150w, https:\/\/www.medellin.gov.co\/es\/wp-content\/uploads\/2024\/09\/Seleccionado-tenis-de-mesa-3-768x512.jpg 768w, https:\/\/www.medellin.gov.co\/es\/wp-content\/uploads\/2024\/09\/Seleccionado-tenis-de-mesa-3.jpg 1280w\" sizes=\"(max-width: 1024px) 100vw, 1024px\" \/><\/a><p id=\"caption-attachment-343930\" class=\"wp-caption-text\">Seleccionado de tenis de mesa<\/p><\/div>\n<p>El ajedrez a\u00fan sigue a la espera de los resultados finales, debido a unas inconsistencias en los resultados entregados y sus posteriores reclamaciones.<\/p>\n\n\t\t<style type=\"text\/css\">\n\t\t\t#gallery-6 {\n\t\t\t\tmargin: auto;\n\t\t\t}\n\t\t\t#gallery-6 .gallery-item {\n\t\t\t\tfloat: left;\n\t\t\t\tmargin-top: 10px;\n\t\t\t\ttext-align: center;\n\t\t\t\twidth: 50%;\n\t\t\t}\n\t\t\t#gallery-6 img {\n\t\t\t\tborder: 2px solid #cfcfcf;\n\t\t\t}\n\t\t\t#gallery-6 .gallery-caption {\n\t\t\t\tmargin-left: 0;\n\t\t\t}\n\t\t\t\/* see gallery_shortcode() in wp-includes\/media.php *\/\n\t\t<\/style>\n\t\t<div id='gallery-6' class='gallery galleryid-345986 gallery-columns-2 gallery-size-large'><dl class='gallery-item'>\n\t\t\t<dt class='gallery-icon landscape'>\n\t\t\t\t<a href='https:\/\/www.medellin.gov.co\/es\/sala-de-prensa\/noticias\/adri-y-nana-una-dupla-ganadora\/seleccionado_billar_1\/'><img width=\"1024\" height=\"680\" src=\"https:\/\/www.medellin.gov.co\/es\/wp-content\/uploads\/2024\/09\/seleccionado_billar_1-1024x680.jpg\" class=\"attachment-large size-large\" alt=\"\" loading=\"lazy\" aria-describedby=\"gallery-6-344719\" srcset=\"https:\/\/www.medellin.gov.co\/es\/wp-content\/uploads\/2024\/09\/seleccionado_billar_1-1024x680.jpg 1024w, https:\/\/www.medellin.gov.co\/es\/wp-content\/uploads\/2024\/09\/seleccionado_billar_1-300x199.jpg 300w, https:\/\/www.medellin.gov.co\/es\/wp-content\/uploads\/2024\/09\/seleccionado_billar_1-150x100.jpg 150w, https:\/\/www.medellin.gov.co\/es\/wp-content\/uploads\/2024\/09\/seleccionado_billar_1-768x510.jpg 768w, https:\/\/www.medellin.gov.co\/es\/wp-content\/uploads\/2024\/09\/seleccionado_billar_1.jpg 1280w\" sizes=\"(max-width: 1024px) 100vw, 1024px\" \/><\/a>\n\t\t\t<\/dt>\n\t\t\t\t<dd class='wp-caption-text gallery-caption' id='gallery-6-344719'>\n\t\t\t\tSeleccionado de ajedrez\n\t\t\t\t<\/dd><\/dl><dl class='gallery-item'>\n\t\t\t<dt class='gallery-icon landscape'>\n\t\t\t\t<a href='https:\/\/www.medellin.gov.co\/es\/sala-de-prensa\/noticias\/adri-y-nana-una-dupla-ganadora\/seleccionado_billar_2\/'><img width=\"1024\" height=\"680\" src=\"https:\/\/www.medellin.gov.co\/es\/wp-content\/uploads\/2024\/09\/seleccionado_billar_2-1024x680.jpg\" class=\"attachment-large size-large\" alt=\"\" loading=\"lazy\" aria-describedby=\"gallery-6-344721\" srcset=\"https:\/\/www.medellin.gov.co\/es\/wp-content\/uploads\/2024\/09\/seleccionado_billar_2-1024x680.jpg 1024w, https:\/\/www.medellin.gov.co\/es\/wp-content\/uploads\/2024\/09\/seleccionado_billar_2-300x199.jpg 300w, https:\/\/www.medellin.gov.co\/es\/wp-content\/uploads\/2024\/09\/seleccionado_billar_2-150x100.jpg 150w, https:\/\/www.medellin.gov.co\/es\/wp-content\/uploads\/2024\/09\/seleccionado_billar_2-768x510.jpg 768w, https:\/\/www.medellin.gov.co\/es\/wp-content\/uploads\/2024\/09\/seleccionado_billar_2.jpg 1280w\" sizes=\"(max-width: 1024px) 100vw, 1024px\" \/><\/a>\n\t\t\t<\/dt>\n\t\t\t\t<dd class='wp-caption-text gallery-caption' id='gallery-6-344721'>\n\t\t\t\tSeleccionado de ajedrez\n\t\t\t\t<\/dd><\/dl><br style=\"clear: both\" \/>\n\t\t<\/div>\n\n<p><em>\u201cLa conducta de los deportistas fue destacable, se jug\u00f3 limpio y se represent\u00f3 al <a href=\"https:\/\/www.medellin.gov.co\/\" target=\"_blank\" rel=\"noopener\">Distrito<\/a> con mucha altura. Todos ven\u00edamos con la conciencia y ganas de ganar y, creo, se hizo hasta lo imposible. Este proceso nos deja de experiencia que debemos prepararnos cada vez m\u00e1s, encontrar nuestros puntos d\u00e9biles y fortalecer nuestras ventajas competitivas. Es necesario seguir fortaleciendo los seleccionados, empezar a prepararnos desde ya y comenzar diferentes procesos de renovaci\u00f3n con miras a los pr\u00f3ximos juegos\u201d,<\/em> concluy\u00f3 Carlos Alberto Yepes.<\/p>\n","protected":false},"excerpt":{"rendered":"<p>El seleccionado del Distrito de Medell\u00edn ocup\u00f3 el tercer lugar de la tabla general de los XXII Juegos Nacionales Deportivos de Servidores P\u00fablicos, detr\u00e1s de las delegaciones del Valle del Cauca, que se qued\u00f3 con &#8230;<\/p>\n","protected":false},"author":17,"featured_media":345992,"comment_status":"open","ping_status":"open","sticky":false,"template":"","format":"standard","meta":[],"categories":[1],"tags":[689,428],"formato_nota":[],"programas_tax":[],"acf":[],"_links":{"self":[{"href":"https:\/\/www.medellin.gov.co\/es\/wp-json\/wp\/v2\/posts\/345986"}],"collection":[{"href":"https:\/\/www.medellin.gov.co\/es\/wp-json\/wp\/v2\/posts"}],"about":[{"href":"https:\/\/www.medellin.gov.co\/es\/wp-json\/wp\/v2\/types\/post"}],"author":[{"embeddable":true,"href":"https:\/\/www.medellin.gov.co\/es\/wp-json\/wp\/v2\/users\/17"}],"replies":[{"embeddable":true,"href":"https:\/\/www.medellin.gov.co\/es\/wp-json\/wp\/v2\/comments?post=345986"}],"version-history":[{"count":8,"href":"https:\/\/www.medellin.gov.co\/es\/wp-json\/wp\/v2\/posts\/345986\/revisions"}],"predecessor-version":[{"id":346042,"href":"https:\/\/www.medellin.gov.co\/es\/wp-json\/wp\/v2\/posts\/345986\/revisions\/346042"}],"wp:featuredmedia":[{"embeddable":true,"href":"https:\/\/www.medellin.gov.co\/es\/wp-json\/wp\/v2\/media\/345992"}],"wp:attachment":[{"href":"https:\/\/www.medellin.gov.co\/es\/wp-json\/wp\/v2\/media?parent=345986"}],"wp:term":[{"taxonomy":"category","embeddable":true,"href":"https:\/\/www.medellin.gov.co\/es\/wp-json\/wp\/v2\/categories?post=345986"},{"taxonomy":"post_tag","embeddable":true,"href":"https:\/\/www.medellin.gov.co\/es\/wp-json\/wp\/v2\/tags?post=345986"},{"taxonomy":"formato_nota","embeddable":true,"href":"https:\/\/www.medellin.gov.co\/es\/wp-json\/wp\/v2\/formato_nota?post=345986"},{"taxonomy":"programas_tax","embeddable":true,"href":"https:\/\/www.medellin.gov.co\/es\/wp-json\/wp\/v2\/programas_tax?post=345986"}],"curies":[{"name":"wp","href":"https:\/\/api.w.org\/{rel}","templated":true}]}}