{"id":34611,"date":"2020-09-02T00:00:00","date_gmt":"2020-09-02T05:00:00","guid":{"rendered":"https:\/\/www.medellin.gov.co\/es\/saladeprensa\/noticias\/200-jovenes-de-medellin-se-capacitaran-en-voluntariado\/"},"modified":"2022-03-27T22:34:20","modified_gmt":"2022-03-28T03:34:20","slug":"200-jovenes-de-medellin-se-capacitaran-en-voluntariado","status":"publish","type":"post","link":"https:\/\/www.medellin.gov.co\/es\/sala-de-prensa\/noticias\/200-jovenes-de-medellin-se-capacitaran-en-voluntariado\/","title":{"rendered":"200 j\u00f3venes de Medell\u00edn se capacitar\u00e1n en voluntariado"},"content":{"rendered":"<div class=\"wrap contenido\">\n<div class=\"noticia\">\n<div class=\"imagen\">\n<div class=\"divContImageNoticia\" style=\"background-image:url('\/irj\/go\/km\/docs\/galerias\/Imagenes\/Galer\u00eda d\u00eda a d\u00eda 2020\/500_400\/20200902-Imagen Voluntariado Joven.jpg')\" rel=\"\/irj\/go\/km\/docs\/galerias\/Imagenes\/Galer\u00eda d\u00eda a d\u00eda 2020\/500_400\/20200902-Imagen Voluntariado Joven.jpg\"><span style=\"display:none\"\/><\/div>\n<p>Voluntariado Joven.<\/p>\n<p>Foto Alcald\u00eda de Medell\u00edn<\/p><\/div>\n<p class=\"fecha\"><span>2020-09-02<\/span><\/p>\n<p itemprop=\"name\">200 j\u00f3venes de Medell\u00edn se capacitar\u00e1n en voluntariado<\/p>\n<p>Por Carolina Valle Garc\u00eda<\/p>\n<div class=\"cuerpo\">\n<p><p>.: En el proceso, se elegir&aacute;n iniciativas que recibir&aacute;n un incentivo para su realizaci&oacute;n.<br \/>.: La articulaci&oacute;n con diferentes organizaciones sociales es otro de los componentes de la convocatoria.<\/p>\n<p><strong><a title=\"|| Audio || Palabras del secretario de la Juventud, Alejandro Matta\" target=\"_blank\" href=\"\/irj\/go\/km\/docs\/\/galerias\/Audios\/Audios d&iacute;a a d&iacute;a 2020\/2020902-Voluntariado-Joven.mp3\" rel=\"noopener\"><span style=\"color: #3366ff;\">|| Audio || Palabras del secretario de la Juventud, Alejandro Matta<\/span><\/a><\/strong><\/p>\n<p>Est&aacute; abierta la convocatoria de Voluntariado Joven, proyecto de la Secretar&iacute;a de la Juventud de Medell&iacute;n, en alianza con la Corporaci&oacute;n Con-Vivamos, que permitir&aacute; acceder a un proceso formativo, incentivos econ&oacute;micos para el fortalecimiento de iniciativas solidarias y espacios de articulaci&oacute;n con diferentes organizaciones.<\/p>\n<p>En el componente formativo, que ser&aacute; virtual, las juventudes podr&aacute;n aprender sobre nociones, tendencias y espacios vivos de voluntariado, acciones en los territorios para la transformaci&oacute;n social desde el cuidado del otro y el autocuidado y oportunidades para desarrollar iniciativas.<\/p>\n<p>Diferentes propuestas ser&aacute;n elegidas para recibir un incentivo que permita su fortalecimiento y desarrollo, especialmente, aquellas que est&eacute;n enfocadas en apoyar a comunidades afectadas o hacer pedagog&iacute;a frente a la contingencia por el coronavirus.<\/p>\n<p>&ldquo;El voluntariado es una de las actividades que m&aacute;s representa la solidaridad, ha permitido durante muchos a&ntilde;os hacer tejido social. Por eso, dentro del Voluntariado Joven de la Secretar&iacute;a de la Juventud estamos en un proceso formativo y una convocatoria para que todos los j&oacute;venes que deseen inscribirse participen a trav&eacute;s de nuestro portal Medell&iacute;n Joven&rdquo;, manifest&oacute; el secretario de la Juventud, Alejandro Matta.<\/p>\n<p>Las organizaciones o colectivos que deseen postularse deben acreditar, por parte de al menos dos de sus integrantes, la participaci&oacute;n en las sesiones de formaci&oacute;n, que iniciar&aacute;n el pr&oacute;ximo 12 de septiembre.<\/p>\n<p>En el proyecto pueden participar personas entre 14 y 28 a&ntilde;os que residan en alguna de las comunas o corregimientos de Medell&iacute;n.<\/p>\n<p>Esta es una invitaci&oacute;n abierta que busca promover la organizaci&oacute;n y la participaci&oacute;n juvenil desde las ideas y acciones voluntarias.<\/p>\n<p>Las inscripciones pueden realizarse en www.medellinjoven.com hasta el pr&oacute;ximo 6 de septiembre o en el correo <strong><a target=\"_blank\" title=\"voluntariadojoven@medellinjoven.com\" href=\"mailto:voluntariadojoven@medellinjoven.com\" rel=\"noopener\"><span style=\"color: #3366ff;\">voluntariadojoven@medellinjoven.com<\/span><\/a><\/strong><\/p>\n<\/p>\n<p><span style=\"display:none\"\/><\/div>\n<div class=\"compartir\">Compartir en: <a title=\"\" href=\"http:\/\/www.facebook.com\/share.php?u=\" class=\"btCompartirFacebook btCompartir\" target=\"_blank\" rel=\"noopener\"><a title=\"\" href=\"http:\/\/twitter.com\/home?status=Haz%20clic%20para%20ver%20esta%20noticia%20en%20\" class=\"btCompartirTwitter btCompartir\"\/><a title=\"\" href=\"whatsapp:\/\/send?text=Haz%20clic%20para%20ver%20esta%20noticia%20en%20\" class=\"btCompartirWa btCompartir\"\/><\/div>\n<\/div>\n<p><script>try{comprobarImagen();fixBtnRedes();hitsMedellin();}catch(e){}<\/script><\/div>\n","protected":false},"excerpt":{"rendered":"<p>Voluntariado Joven. Foto Alcald\u00eda de Medell\u00edn 2020-09-02 200 j\u00f3venes de Medell\u00edn se capacitar\u00e1n en voluntariado Por Carolina Valle Garc\u00eda .: En el proceso, se elegir&aacute;n iniciativas que recibir&aacute;n un incentivo para su realizaci&oacute;n..: La articulaci&oacute;n &#8230;<\/p>\n","protected":false},"author":1,"featured_media":58406,"comment_status":"open","ping_status":"open","sticky":false,"template":"","format":"standard","meta":[],"categories":[12],"tags":[431,450],"formato_nota":[],"programas_tax":[],"acf":[],"_links":{"self":[{"href":"https:\/\/www.medellin.gov.co\/es\/wp-json\/wp\/v2\/posts\/34611"}],"collection":[{"href":"https:\/\/www.medellin.gov.co\/es\/wp-json\/wp\/v2\/posts"}],"about":[{"href":"https:\/\/www.medellin.gov.co\/es\/wp-json\/wp\/v2\/types\/post"}],"author":[{"embeddable":true,"href":"https:\/\/www.medellin.gov.co\/es\/wp-json\/wp\/v2\/users\/1"}],"replies":[{"embeddable":true,"href":"https:\/\/www.medellin.gov.co\/es\/wp-json\/wp\/v2\/comments?post=34611"}],"version-history":[{"count":1,"href":"https:\/\/www.medellin.gov.co\/es\/wp-json\/wp\/v2\/posts\/34611\/revisions"}],"predecessor-version":[{"id":37638,"href":"https:\/\/www.medellin.gov.co\/es\/wp-json\/wp\/v2\/posts\/34611\/revisions\/37638"}],"wp:featuredmedia":[{"embeddable":true,"href":"https:\/\/www.medellin.gov.co\/es\/wp-json\/wp\/v2\/media\/58406"}],"wp:attachment":[{"href":"https:\/\/www.medellin.gov.co\/es\/wp-json\/wp\/v2\/media?parent=34611"}],"wp:term":[{"taxonomy":"category","embeddable":true,"href":"https:\/\/www.medellin.gov.co\/es\/wp-json\/wp\/v2\/categories?post=34611"},{"taxonomy":"post_tag","embeddable":true,"href":"https:\/\/www.medellin.gov.co\/es\/wp-json\/wp\/v2\/tags?post=34611"},{"taxonomy":"formato_nota","embeddable":true,"href":"https:\/\/www.medellin.gov.co\/es\/wp-json\/wp\/v2\/formato_nota?post=34611"},{"taxonomy":"programas_tax","embeddable":true,"href":"https:\/\/www.medellin.gov.co\/es\/wp-json\/wp\/v2\/programas_tax?post=34611"}],"curies":[{"name":"wp","href":"https:\/\/api.w.org\/{rel}","templated":true}]}}